{"id":980,"date":"2025-03-20T20:37:59","date_gmt":"2025-03-20T20:37:59","guid":{"rendered":"https:\/\/letrashipnoticas.org\/?p=980"},"modified":"2025-03-20T21:15:01","modified_gmt":"2025-03-20T21:15:01","slug":"980","status":"publish","type":"post","link":"https:\/\/letrashipnoticas.org\/?p=980","title":{"rendered":"Maya: La Fuerza Del Universo (Cap. VIII Plat\u00f3n)"},"content":{"rendered":"\n<p class=\"wp-block-paragraph\"><strong><em>Apunte diario sobre letras hipn\u00f3ticas<\/em><\/strong><\/p>\n\n\n\n<p class=\"wp-block-paragraph\"><em>por Arturo David V\u00e1squez Urdiales<\/em><\/p>\n\n\n\n<p class=\"wp-block-paragraph\">.<\/p>\n\n\n\n<h1 class=\"wp-block-heading\"><strong>Maya: La Fuerza Del Universo<\/strong><\/h1>\n\n\n\n<h2 class=\"wp-block-heading\"><em>Cap\u00edtulo VIII: Maya y Plat\u00f3n, la Filosof\u00eda de la Luz y la Verdad<\/em><\/h2>\n\n\n\n<h4 class=\"wp-block-heading\">.<\/h4>\n\n\n\n<h3 class=\"wp-block-heading\"><em>I: Atenas y el Nacimiento de la Academia<\/em><\/h3>\n\n\n\n<p class=\"wp-block-paragraph\">Las columnas de m\u00e1rmol blanco se alzaban en perfecta simetr\u00eda bajo el sol del \u00c1tica. El aroma del laurel y los olivos se mezclaba con el eco de las voces de los aprendices, que debat\u00edan con fervor sobre la naturaleza de la justicia, el alma y la verdad. Era Atenas, cuna de la raz\u00f3n y hogar de los m\u00e1s grandes pensadores de la humanidad.<\/p>\n\n\n\n<p class=\"wp-block-paragraph\">En el coraz\u00f3n de la ciudad, entre los jardines de la Academia, caminaba un hombre de mirada intensa y barba rizada, vestido con una t\u00fanica de lino. <strong>Era Plat\u00f3n, el disc\u00edpulo de S\u00f3crates, el arquitecto de las ideas, el buscador de la verdad eterna.<\/strong><\/p>\n\n\n\n<p class=\"wp-block-paragraph\">Desde el amanecer, su jornada se llenaba de di\u00e1logos con sus disc\u00edpulos. Caminaba entre los jardines, donde discut\u00edan sobre la naturaleza del alma, el destino de los hombres y la forma ideal del gobierno. Su mente era una maquinaria de pensamiento, siempre en busca de aquello que era perfecto, inmutable y eterno.<\/p>\n\n\n\n<p class=\"wp-block-paragraph\">Pero esa noche, cuando el crep\u00fasculo cubr\u00eda los templos y los faroles iluminaban las columnas de la ciudad, <strong>Plat\u00f3n tuvo un encuentro que cambiar\u00eda para siempre su forma de comprender el mundo.<\/strong><\/p>\n\n\n\n<p class=\"wp-block-paragraph\">.<\/p>\n\n\n\n<h3 class=\"wp-block-heading\"><em>II: El Encuentro con Maya<\/em><\/h3>\n\n\n\n<p class=\"wp-block-paragraph\">El fil\u00f3sofo estaba sentado junto a una fuente en la Academia, sumergido en la contemplaci\u00f3n del agua y sus reflejos. Hab\u00eda hablado ese d\u00eda sobre la Teor\u00eda de las Ideas, sobre c\u00f3mo el mundo material era solo una sombra de una realidad superior, perfecta e inmutable.<\/p>\n\n\n\n<figure class=\"wp-block-image alignwide size-full\"><img loading=\"lazy\" decoding=\"async\" width=\"1024\" height=\"1024\" src=\"https:\/\/letrashipnoticas.org\/wp-content\/uploads\/2025\/03\/file-1iZzHvwdQPTWJUzR4nA1nR.webp\" alt=\"\" class=\"wp-image-982\" srcset=\"https:\/\/letrashipnoticas.org\/wp-content\/uploads\/2025\/03\/file-1iZzHvwdQPTWJUzR4nA1nR.webp 1024w, https:\/\/letrashipnoticas.org\/wp-content\/uploads\/2025\/03\/file-1iZzHvwdQPTWJUzR4nA1nR-300x300.webp 300w, https:\/\/letrashipnoticas.org\/wp-content\/uploads\/2025\/03\/file-1iZzHvwdQPTWJUzR4nA1nR-150x150.webp 150w, https:\/\/letrashipnoticas.org\/wp-content\/uploads\/2025\/03\/file-1iZzHvwdQPTWJUzR4nA1nR-768x768.webp 768w, https:\/\/letrashipnoticas.org\/wp-content\/uploads\/2025\/03\/file-1iZzHvwdQPTWJUzR4nA1nR-420x420.webp 420w, https:\/\/letrashipnoticas.org\/wp-content\/uploads\/2025\/03\/file-1iZzHvwdQPTWJUzR4nA1nR-696x696.webp 696w\" sizes=\"auto, (max-width: 1024px) 100vw, 1024px\" \/><\/figure>\n\n\n\n<p class=\"wp-block-paragraph\">Un leve zumbido lo sac\u00f3 de su ensimismamiento. Mir\u00f3 a su alrededor y vio, sobre la piedra junto a \u00e9l, un escarabajo dorado.<\/p>\n\n\n\n<p class=\"wp-block-paragraph\">\u2014Un peque\u00f1o insecto en la fuente de la sabidur\u00eda \u2014susurr\u00f3 con una sonrisa.<\/p>\n\n\n\n<p class=\"wp-block-paragraph\">El escarabajo se movi\u00f3 levemente y Plat\u00f3n sinti\u00f3 algo extra\u00f1o: <strong>una presencia, una vibraci\u00f3n en el aire, un conocimiento que se insinuaba en su mente sin necesidad de palabras.<\/strong><\/p>\n\n\n\n<p class=\"wp-block-paragraph\">\u2014Plat\u00f3n de Atenas \u2014dijo el escarabajo con voz profunda, pero sin mover su boca\u2014. He venido a hablar contigo.<\/p>\n\n\n\n<p class=\"wp-block-paragraph\">El fil\u00f3sofo no se sorprendi\u00f3. <strong>Hab\u00eda comprendido que la realidad no era solo lo visible, que el conocimiento verdadero estaba m\u00e1s all\u00e1 de la percepci\u00f3n.<\/strong><\/p>\n\n\n\n<p class=\"wp-block-paragraph\">\u2014\u00bfQui\u00e9n eres? \u2014pregunt\u00f3 con serenidad.<\/p>\n\n\n\n<p class=\"wp-block-paragraph\">El escarabajo comenz\u00f3 a crecer. Su forma se expandi\u00f3 hasta adoptar la estatura de un hombre alto, su caparaz\u00f3n de obsidiana y oro reflejando la luz de las antorchas.<\/p>\n\n\n\n<p class=\"wp-block-paragraph\">\u2014Soy Maya, guardiana de la verdad y del equilibrio. He visto civilizaciones nacer y caer, y he venido a ense\u00f1arte lo que la historia ha olvidado.<\/p>\n\n\n\n<p class=\"wp-block-paragraph\">Plat\u00f3n sinti\u00f3 un escalofr\u00edo recorrer su espalda. <strong>Sab\u00eda que esta noche no era como cualquier otra.<\/strong><\/p>\n\n\n\n<p class=\"wp-block-paragraph\">.<\/p>\n\n\n\n<h3 class=\"wp-block-heading\"><em>III: El Di\u00e1logo de la Luz y la Raz\u00f3n<\/em><\/h3>\n\n\n\n<p class=\"wp-block-paragraph\">\u2014Dime, viajero del tiempo \u2014dijo Plat\u00f3n, con la mirada fija en Maya\u2014, si eres guardiana del equilibrio, \u00bfpor qu\u00e9 la humanidad cae en la ignorancia y la oscuridad?<\/p>\n\n\n\n<p class=\"wp-block-paragraph\">Maya contempl\u00f3 el cielo estrellado antes de responder.<\/p>\n\n\n\n<p class=\"wp-block-paragraph\">\u2014Porque el conocimiento es como la luz, Plat\u00f3n. No puede forzarse sobre los hombres. Deben buscarlo por s\u00ed mismos. La verdad es eterna, pero solo unos pocos son capaces de verla.<\/p>\n\n\n\n<p class=\"wp-block-paragraph\">Plat\u00f3n asinti\u00f3 lentamente.<\/p>\n\n\n\n<p class=\"wp-block-paragraph\">\u2014Siempre he pensado que el mundo en que vivimos es una sombra de un mundo m\u00e1s real, que los sentidos nos enga\u00f1an y que solo la raz\u00f3n nos permite vislumbrar lo verdadero.<\/p>\n\n\n\n<p class=\"wp-block-paragraph\">Maya sonri\u00f3 con la profundidad de una entidad que ha visto m\u00e1s all\u00e1 del tiempo.<\/p>\n\n\n\n<p class=\"wp-block-paragraph\">\u2014Eres m\u00e1s sabio de lo que crees, fil\u00f3sofo. La materia no es m\u00e1s que un reflejo del esp\u00edritu. Aquello que llamas <strong>Ideas<\/strong> son los ecos del orden c\u00f3smico, las leyes inmutables que rigen no solo a los hombres, sino a los dioses y al universo entero.<\/p>\n\n\n\n<p class=\"wp-block-paragraph\">\u2014Entonces mi teor\u00eda es cierta \u2014susurr\u00f3 Plat\u00f3n\u2014. Hay un mundo m\u00e1s alto, perfecto, donde todo lo que existe aqu\u00ed es apenas una sombra de su verdadera esencia.<\/p>\n\n\n\n<p class=\"wp-block-paragraph\">Maya extendi\u00f3 una de sus patas y toc\u00f3 la superficie del agua en la fuente. Las ondas se expandieron en c\u00edrculos perfectos.<\/p>\n\n\n\n<p class=\"wp-block-paragraph\">\u2014Como el reflejo de un estanque \u2014dijo\u2014. Tu mundo es el agua que se mueve con el viento, mientras que la verdadera realidad est\u00e1 m\u00e1s all\u00e1 de la superficie.<\/p>\n\n\n\n<p class=\"wp-block-paragraph\">Plat\u00f3n sinti\u00f3 que su mente se expand\u00eda, como si el velo de la existencia se rasgara ante \u00e9l.<\/p>\n\n\n\n<p class=\"wp-block-paragraph\">\u2014Dime entonces, \u00bfc\u00f3mo puedo hacer que mis disc\u00edpulos comprendan esto? \u00bfC\u00f3mo puedo guiar a la humanidad hacia la verdad?<\/p>\n\n\n\n<p class=\"wp-block-paragraph\">\u2014Pregunt\u00e1ndoles \u2014respondi\u00f3 Maya\u2014. Haciendo que ellos mismos encuentren las respuestas en su interior. El conocimiento que se impone es un yugo, pero el conocimiento que se descubre por s\u00ed mismo es una liberaci\u00f3n. <strong>La verdad debe ser iluminada, no entregada como dogma.<\/strong><\/p>\n\n\n\n<p class=\"wp-block-paragraph\">Plat\u00f3n inclin\u00f3 la cabeza, comprendiendo la ense\u00f1anza.<\/p>\n\n\n\n<p class=\"wp-block-paragraph\">\u2014As\u00ed es como ense\u00f1aba S\u00f3crates\u2026 preguntando, guiando, dejando que la raz\u00f3n naciera dentro de cada uno.<\/p>\n\n\n\n<p class=\"wp-block-paragraph\">Maya asinti\u00f3.<\/p>\n\n\n\n<p class=\"wp-block-paragraph\">\u2014El camino de la sabidur\u00eda es el del di\u00e1logo, el de la exploraci\u00f3n. Sigue ese camino, Plat\u00f3n, y tus palabras resonar\u00e1n a trav\u00e9s de los siglos.<\/p>\n\n\n\n<p class=\"wp-block-paragraph\">El fil\u00f3sofo guard\u00f3 silencio por un largo momento.<\/p>\n\n\n\n<p class=\"wp-block-paragraph\">\u2014Maya, si he de escribir sobre ti, si he de dejar constancia de este conocimiento, \u00bfc\u00f3mo puedo hacerlo sin que el mundo me tome por loco?<\/p>\n\n\n\n<p class=\"wp-block-paragraph\">Maya ri\u00f3 suavemente.<\/p>\n\n\n\n<p class=\"wp-block-paragraph\">\u2014No debes escribir sobre m\u00ed, Plat\u00f3n. Escribe sobre la verdad. Escribe sobre la justicia, sobre el bien, sobre la armon\u00eda del alma con el universo. <strong>Mi existencia no es lo importante, sino lo que has comprendido.<\/strong><\/p>\n\n\n\n<p class=\"wp-block-paragraph\">Plat\u00f3n cerr\u00f3 los ojos. <strong>Entendi\u00f3 que deb\u00eda dejar un legado, pero no con historias de seres m\u00edsticos, sino con ideas que perdurar\u00edan m\u00e1s all\u00e1 de su tiempo.<\/strong><\/p>\n\n\n\n<p class=\"wp-block-paragraph\">\u2014Entonces, escribir\u00e9 sobre la Ciudad Ideal, sobre el mundo de las Ideas, sobre la inmortalidad del alma \u2014dijo finalmente\u2014. Har\u00e9 que los hombres busquen la verdad por s\u00ed mismos.<\/p>\n\n\n\n<p class=\"wp-block-paragraph\">Maya comenz\u00f3 a encogerse hasta volver a la forma de un peque\u00f1o escarabajo dorado.<\/p>\n\n\n\n<p class=\"wp-block-paragraph\">\u2014Y as\u00ed lo har\u00e1s \u2014susurr\u00f3\u2014. Y la luz de la raz\u00f3n nunca se extinguir\u00e1.<\/p>\n\n\n\n<p class=\"wp-block-paragraph\">Plat\u00f3n vio c\u00f3mo el escarabajo desaparec\u00eda en la noche. Sinti\u00f3 en su interior una claridad que nunca antes hab\u00eda experimentado. <strong>Hab\u00eda renacido.<\/strong><\/p>\n\n\n\n<p class=\"wp-block-paragraph\">A la ma\u00f1ana siguiente, cuando entr\u00f3 en la Academia, sus disc\u00edpulos notaron algo distinto en su mirada. Ese d\u00eda, comenz\u00f3 a escribir el primero de sus di\u00e1logos.<\/p>\n\n\n\n<p class=\"wp-block-paragraph\"><strong>Las palabras de Maya vivir\u00edan en la filosof\u00eda de Plat\u00f3n, en los pensamientos de Arist\u00f3teles, en la ense\u00f1anza de S\u00f3crates.<\/strong><\/p>\n\n\n\n<p class=\"wp-block-paragraph\">La luz de la verdad hab\u00eda encontrado un nuevo guardi\u00e1n.<\/p>\n","protected":false},"excerpt":{"rendered":"<p>Apunte diario sobre letras hipn\u00f3ticas por Arturo David V\u00e1squez Urdiales . Maya: La Fuerza Del Universo Cap\u00edtulo VIII: Maya y Plat\u00f3n, la Filosof\u00eda de la Luz y la Verdad . I: Atenas y el Nacimiento de la Academia Las columnas de m\u00e1rmol blanco se alzaban en perfecta simetr\u00eda bajo el sol del \u00c1tica. El aroma [&hellip;]<\/p>\n","protected":false},"author":1,"featured_media":982,"comment_status":"open","ping_status":"open","sticky":false,"template":"","format":"standard","meta":{"om_disable_all_campaigns":false,"_monsterinsights_skip_tracking":false,"footnotes":""},"categories":[1],"tags":[],"class_list":["post-980","post","type-post","status-publish","format-standard","has-post-thumbnail","category-general"],"aioseo_notices":[],"aioseo_head":"\n\t\t<!-- All in One SEO 5.0.0.1 - aioseo.com -->\n\t<meta name=\"description\" content=\"Apunte diario sobre letras hipn\u00f3ticas por Arturo David V\u00e1squez Urdiales . Maya: La Fuerza Del Universo Cap\u00edtulo VIII: Maya y Plat\u00f3n, la Filosof\u00eda de la Luz y la Verdad . I: Atenas y el Nacimiento de la Academia Las columnas de m\u00e1rmol blanco se alzaban en perfecta simetr\u00eda bajo el sol del \u00c1tica. El aroma\" \/>\n\t<meta name=\"robots\" content=\"max-image-preview:large\" \/>\n\t<meta name=\"author\" content=\"Dr. Arturo David V\u00e1squez Urdiales\"\/>\n\t<meta name=\"google-site-verification\" content=\"w1V7bRCSYMeOZjzLwWS_W8_n8jd94Z38sletBUa-LV0\" \/>\n\t<link rel=\"canonical\" href=\"https:\/\/letrashipnoticas.org\/?p=980\" \/>\n\t<meta name=\"generator\" content=\"All in One SEO (AIOSEO) 5.0.0.1\" \/>\n\t\t<meta property=\"og:locale\" content=\"es_MX\" \/>\n\t\t<meta property=\"og:site_name\" content=\"Letras Hiptn\u00f3ticas - &quot;Descubre Apunte diario sobre letras hipn\u00f3ticas, un viaje literario envolvente que despierta el alma. Reflexiones profundas, historias cautivadoras y un estilo \u00fanico que hipnotiza en cada palabra.&quot; Apunte diario sobre letras hipn\u00f3ticas por Arturo David V\u00e1squez Urdiales . Maya: La Fuerza Del Universo Cap\u00edtulo VIII: Maya y Plat\u00f3n, la Filosof\u00eda de la Luz y la Verdad . I: Atenas y el Nacimiento de la Academia Las columnas de m\u00e1rmol blanco se alzaban en perfecta simetr\u00eda bajo el sol del \u00c1tica. El aroma\" \/>\n\t\t<meta property=\"og:type\" content=\"article\" \/>\n\t\t<meta property=\"og:title\" content=\"Maya: La Fuerza Del Universo (Cap. VIII Plat\u00f3n) - Letras Hiptn\u00f3ticas\" \/>\n\t\t<meta property=\"og:description\" content=\"Apunte diario sobre letras hipn\u00f3ticas por Arturo David V\u00e1squez Urdiales . Maya: La Fuerza Del Universo Cap\u00edtulo VIII: Maya y Plat\u00f3n, la Filosof\u00eda de la Luz y la Verdad . I: Atenas y el Nacimiento de la Academia Las columnas de m\u00e1rmol blanco se alzaban en perfecta simetr\u00eda bajo el sol del \u00c1tica. El aroma\" \/>\n\t\t<meta property=\"og:url\" content=\"https:\/\/letrashipnoticas.org\/?p=980\" \/>\n\t\t<meta property=\"og:image\" content=\"https:\/\/letrashipnoticas.org\/wp-content\/uploads\/2025\/03\/file-1iZzHvwdQPTWJUzR4nA1nR.webp\" \/>\n\t\t<meta property=\"og:image:secure_url\" content=\"https:\/\/letrashipnoticas.org\/wp-content\/uploads\/2025\/03\/file-1iZzHvwdQPTWJUzR4nA1nR.webp\" \/>\n\t\t<meta property=\"og:image:width\" content=\"1024\" \/>\n\t\t<meta property=\"og:image:height\" content=\"1024\" \/>\n\t\t<meta property=\"article:published_time\" content=\"2025-03-20T20:37:59+00:00\" \/>\n\t\t<meta property=\"article:modified_time\" content=\"2025-03-20T21:15:01+00:00\" \/>\n\t\t<meta name=\"twitter:card\" content=\"summary_large_image\" \/>\n\t\t<meta name=\"twitter:title\" content=\"Maya: La Fuerza Del Universo (Cap. VIII Plat\u00f3n) - Letras Hiptn\u00f3ticas\" \/>\n\t\t<meta name=\"twitter:description\" content=\"Apunte diario sobre letras hipn\u00f3ticas por Arturo David V\u00e1squez Urdiales . Maya: La Fuerza Del Universo Cap\u00edtulo VIII: Maya y Plat\u00f3n, la Filosof\u00eda de la Luz y la Verdad . I: Atenas y el Nacimiento de la Academia Las columnas de m\u00e1rmol blanco se alzaban en perfecta simetr\u00eda bajo el sol del \u00c1tica. El aroma\" \/>\n\t\t<meta name=\"twitter:image\" content=\"https:\/\/letrashipnoticas.org\/wp-content\/uploads\/2025\/03\/file-1iZzHvwdQPTWJUzR4nA1nR.webp\" \/>\n\t\t<script type=\"application\/ld+json\" class=\"aioseo-schema\">\n\t\t\t{\"@context\":\"https:\\\/\\\/schema.org\",\"@graph\":[{\"@type\":\"BlogPosting\",\"@id\":\"https:\\\/\\\/letrashipnoticas.org\\\/?p=980#blogposting\",\"name\":\"Maya: La Fuerza Del Universo (Cap. VIII Plat\\u00f3n) - Letras Hiptn\\u00f3ticas\",\"headline\":\"Maya: La Fuerza Del Universo (Cap. VIII Plat\\u00f3n)\",\"author\":{\"@id\":\"https:\\\/\\\/letrashipnoticas.org\\\/?author=1#author\"},\"publisher\":{\"@id\":\"https:\\\/\\\/letrashipnoticas.org\\\/#organization\"},\"image\":{\"@type\":\"ImageObject\",\"url\":\"https:\\\/\\\/letrashipnoticas.org\\\/wp-content\\\/uploads\\\/2025\\\/03\\\/file-1iZzHvwdQPTWJUzR4nA1nR.webp\",\"width\":1024,\"height\":1024},\"datePublished\":\"2025-03-20T20:37:59+00:00\",\"dateModified\":\"2025-03-20T21:15:01+00:00\",\"inLanguage\":\"es-MX\",\"mainEntityOfPage\":{\"@id\":\"https:\\\/\\\/letrashipnoticas.org\\\/?p=980#webpage\"},\"isPartOf\":{\"@id\":\"https:\\\/\\\/letrashipnoticas.org\\\/?p=980#webpage\"},\"articleSection\":\"Las Letras Hipn\\u00f3ticas de hoy\"},{\"@type\":\"BreadcrumbList\",\"@id\":\"https:\\\/\\\/letrashipnoticas.org\\\/?p=980#breadcrumblist\",\"itemListElement\":[{\"@type\":\"ListItem\",\"@id\":\"https:\\\/\\\/letrashipnoticas.org#listItem\",\"position\":1,\"name\":\"Inicio\",\"item\":\"https:\\\/\\\/letrashipnoticas.org\",\"nextItem\":{\"@type\":\"ListItem\",\"@id\":\"https:\\\/\\\/letrashipnoticas.org\\\/?cat=1#listItem\",\"name\":\"Las Letras Hipn\\u00f3ticas de hoy\"}},{\"@type\":\"ListItem\",\"@id\":\"https:\\\/\\\/letrashipnoticas.org\\\/?cat=1#listItem\",\"position\":2,\"name\":\"Las Letras Hipn\\u00f3ticas de hoy\",\"item\":\"https:\\\/\\\/letrashipnoticas.org\\\/?cat=1\",\"nextItem\":{\"@type\":\"ListItem\",\"@id\":\"https:\\\/\\\/letrashipnoticas.org\\\/?p=980#listItem\",\"name\":\"Maya: La Fuerza Del Universo (Cap. VIII Plat\\u00f3n)\"},\"previousItem\":{\"@type\":\"ListItem\",\"@id\":\"https:\\\/\\\/letrashipnoticas.org#listItem\",\"name\":\"Inicio\"}},{\"@type\":\"ListItem\",\"@id\":\"https:\\\/\\\/letrashipnoticas.org\\\/?p=980#listItem\",\"position\":3,\"name\":\"Maya: La Fuerza Del Universo (Cap. VIII Plat\\u00f3n)\",\"previousItem\":{\"@type\":\"ListItem\",\"@id\":\"https:\\\/\\\/letrashipnoticas.org\\\/?cat=1#listItem\",\"name\":\"Las Letras Hipn\\u00f3ticas de hoy\"}}]},{\"@type\":\"Organization\",\"@id\":\"https:\\\/\\\/letrashipnoticas.org\\\/#organization\",\"name\":\"Letras Hiptn\\u00f3ticas\",\"description\":\"\\\"Descubre Apunte diario sobre letras hipn\\u00f3ticas, un viaje literario envolvente que despierta el alma. Reflexiones profundas, historias cautivadoras y un estilo \\u00fanico que hipnotiza en cada palabra.\\\"\",\"url\":\"https:\\\/\\\/letrashipnoticas.org\\\/\",\"logo\":{\"@type\":\"ImageObject\",\"url\":\"https:\\\/\\\/letrashipnoticas.org\\\/wp-content\\\/uploads\\\/2024\\\/09\\\/LogoRetinaPNG.png\",\"@id\":\"https:\\\/\\\/letrashipnoticas.org\\\/?p=980\\\/#organizationLogo\",\"width\":544,\"height\":180},\"image\":{\"@id\":\"https:\\\/\\\/letrashipnoticas.org\\\/?p=980\\\/#organizationLogo\"}},{\"@type\":\"Person\",\"@id\":\"https:\\\/\\\/letrashipnoticas.org\\\/?author=1#author\",\"url\":\"https:\\\/\\\/letrashipnoticas.org\\\/?author=1\",\"name\":\"Dr. Arturo David V\\u00e1squez Urdiales\",\"image\":{\"@type\":\"ImageObject\",\"@id\":\"https:\\\/\\\/letrashipnoticas.org\\\/?p=980#authorImage\",\"url\":\"https:\\\/\\\/secure.gravatar.com\\\/avatar\\\/1bbc04a2da05a8a25045693b6f4473cec684496aa6385880380b702aa43009f8?s=96&d=mm&r=g\",\"width\":96,\"height\":96,\"caption\":\"Dr. Arturo David V\\u00e1squez Urdiales\"}},{\"@type\":\"WebPage\",\"@id\":\"https:\\\/\\\/letrashipnoticas.org\\\/?p=980#webpage\",\"url\":\"https:\\\/\\\/letrashipnoticas.org\\\/?p=980\",\"name\":\"Maya: La Fuerza Del Universo (Cap. VIII Plat\\u00f3n) - Letras Hiptn\\u00f3ticas\",\"description\":\"Apunte diario sobre letras hipn\\u00f3ticas por Arturo David V\\u00e1squez Urdiales . Maya: La Fuerza Del Universo Cap\\u00edtulo VIII: Maya y Plat\\u00f3n, la Filosof\\u00eda de la Luz y la Verdad . I: Atenas y el Nacimiento de la Academia Las columnas de m\\u00e1rmol blanco se alzaban en perfecta simetr\\u00eda bajo el sol del \\u00c1tica. El aroma\",\"inLanguage\":\"es-MX\",\"isPartOf\":{\"@id\":\"https:\\\/\\\/letrashipnoticas.org\\\/#website\"},\"breadcrumb\":{\"@id\":\"https:\\\/\\\/letrashipnoticas.org\\\/?p=980#breadcrumblist\"},\"author\":{\"@id\":\"https:\\\/\\\/letrashipnoticas.org\\\/?author=1#author\"},\"creator\":{\"@id\":\"https:\\\/\\\/letrashipnoticas.org\\\/?author=1#author\"},\"image\":{\"@type\":\"ImageObject\",\"url\":\"https:\\\/\\\/letrashipnoticas.org\\\/wp-content\\\/uploads\\\/2025\\\/03\\\/file-1iZzHvwdQPTWJUzR4nA1nR.webp\",\"@id\":\"https:\\\/\\\/letrashipnoticas.org\\\/?p=980\\\/#mainImage\",\"width\":1024,\"height\":1024},\"primaryImageOfPage\":{\"@id\":\"https:\\\/\\\/letrashipnoticas.org\\\/?p=980#mainImage\"},\"datePublished\":\"2025-03-20T20:37:59+00:00\",\"dateModified\":\"2025-03-20T21:15:01+00:00\"},{\"@type\":\"WebSite\",\"@id\":\"https:\\\/\\\/letrashipnoticas.org\\\/#website\",\"url\":\"https:\\\/\\\/letrashipnoticas.org\\\/\",\"name\":\"Letras Hiptn\\u00f3ticas\",\"description\":\"\\\"Descubre Apunte diario sobre letras hipn\\u00f3ticas, un viaje literario envolvente que despierta el alma. Reflexiones profundas, historias cautivadoras y un estilo \\u00fanico que hipnotiza en cada palabra.\\\"\",\"inLanguage\":\"es-MX\",\"publisher\":{\"@id\":\"https:\\\/\\\/letrashipnoticas.org\\\/#organization\"}}]}\n\t\t<\/script>\n\t\t<!-- All in One SEO -->\n\n","aioseo_head_json":{"title":"Maya: La Fuerza Del Universo (Cap. VIII Plat\u00f3n) - Letras Hiptn\u00f3ticas","description":"Apunte diario sobre letras hipn\u00f3ticas por Arturo David V\u00e1squez Urdiales . Maya: La Fuerza Del Universo Cap\u00edtulo VIII: Maya y Plat\u00f3n, la Filosof\u00eda de la Luz y la Verdad . I: Atenas y el Nacimiento de la Academia Las columnas de m\u00e1rmol blanco se alzaban en perfecta simetr\u00eda bajo el sol del \u00c1tica. El aroma","canonical_url":"https:\/\/letrashipnoticas.org\/?p=980","robots":"max-image-preview:large","keywords":"","webmasterTools":{"google-site-verification":"w1V7bRCSYMeOZjzLwWS_W8_n8jd94Z38sletBUa-LV0","miscellaneous":""},"schema":{"@context":"https:\/\/schema.org","@graph":[{"@type":"BlogPosting","@id":"https:\/\/letrashipnoticas.org\/?p=980#blogposting","name":"Maya: La Fuerza Del Universo (Cap. VIII Plat\u00f3n) - Letras Hiptn\u00f3ticas","headline":"Maya: La Fuerza Del Universo (Cap. VIII Plat\u00f3n)","author":{"@id":"https:\/\/letrashipnoticas.org\/?author=1#author"},"publisher":{"@id":"https:\/\/letrashipnoticas.org\/#organization"},"image":{"@type":"ImageObject","url":"https:\/\/letrashipnoticas.org\/wp-content\/uploads\/2025\/03\/file-1iZzHvwdQPTWJUzR4nA1nR.webp","width":1024,"height":1024},"datePublished":"2025-03-20T20:37:59+00:00","dateModified":"2025-03-20T21:15:01+00:00","inLanguage":"es-MX","mainEntityOfPage":{"@id":"https:\/\/letrashipnoticas.org\/?p=980#webpage"},"isPartOf":{"@id":"https:\/\/letrashipnoticas.org\/?p=980#webpage"},"articleSection":"Las Letras Hipn\u00f3ticas de hoy"},{"@type":"BreadcrumbList","@id":"https:\/\/letrashipnoticas.org\/?p=980#breadcrumblist","itemListElement":[{"@type":"ListItem","@id":"https:\/\/letrashipnoticas.org#listItem","position":1,"name":"Inicio","item":"https:\/\/letrashipnoticas.org","nextItem":{"@type":"ListItem","@id":"https:\/\/letrashipnoticas.org\/?cat=1#listItem","name":"Las Letras Hipn\u00f3ticas de hoy"}},{"@type":"ListItem","@id":"https:\/\/letrashipnoticas.org\/?cat=1#listItem","position":2,"name":"Las Letras Hipn\u00f3ticas de hoy","item":"https:\/\/letrashipnoticas.org\/?cat=1","nextItem":{"@type":"ListItem","@id":"https:\/\/letrashipnoticas.org\/?p=980#listItem","name":"Maya: La Fuerza Del Universo (Cap. VIII Plat\u00f3n)"},"previousItem":{"@type":"ListItem","@id":"https:\/\/letrashipnoticas.org#listItem","name":"Inicio"}},{"@type":"ListItem","@id":"https:\/\/letrashipnoticas.org\/?p=980#listItem","position":3,"name":"Maya: La Fuerza Del Universo (Cap. VIII Plat\u00f3n)","previousItem":{"@type":"ListItem","@id":"https:\/\/letrashipnoticas.org\/?cat=1#listItem","name":"Las Letras Hipn\u00f3ticas de hoy"}}]},{"@type":"Organization","@id":"https:\/\/letrashipnoticas.org\/#organization","name":"Letras Hiptn\u00f3ticas","description":"\"Descubre Apunte diario sobre letras hipn\u00f3ticas, un viaje literario envolvente que despierta el alma. Reflexiones profundas, historias cautivadoras y un estilo \u00fanico que hipnotiza en cada palabra.\"","url":"https:\/\/letrashipnoticas.org\/","logo":{"@type":"ImageObject","url":"https:\/\/letrashipnoticas.org\/wp-content\/uploads\/2024\/09\/LogoRetinaPNG.png","@id":"https:\/\/letrashipnoticas.org\/?p=980\/#organizationLogo","width":544,"height":180},"image":{"@id":"https:\/\/letrashipnoticas.org\/?p=980\/#organizationLogo"}},{"@type":"Person","@id":"https:\/\/letrashipnoticas.org\/?author=1#author","url":"https:\/\/letrashipnoticas.org\/?author=1","name":"Dr. Arturo David V\u00e1squez Urdiales","image":{"@type":"ImageObject","@id":"https:\/\/letrashipnoticas.org\/?p=980#authorImage","url":"https:\/\/secure.gravatar.com\/avatar\/1bbc04a2da05a8a25045693b6f4473cec684496aa6385880380b702aa43009f8?s=96&d=mm&r=g","width":96,"height":96,"caption":"Dr. Arturo David V\u00e1squez Urdiales"}},{"@type":"WebPage","@id":"https:\/\/letrashipnoticas.org\/?p=980#webpage","url":"https:\/\/letrashipnoticas.org\/?p=980","name":"Maya: La Fuerza Del Universo (Cap. VIII Plat\u00f3n) - Letras Hiptn\u00f3ticas","description":"Apunte diario sobre letras hipn\u00f3ticas por Arturo David V\u00e1squez Urdiales . Maya: La Fuerza Del Universo Cap\u00edtulo VIII: Maya y Plat\u00f3n, la Filosof\u00eda de la Luz y la Verdad . I: Atenas y el Nacimiento de la Academia Las columnas de m\u00e1rmol blanco se alzaban en perfecta simetr\u00eda bajo el sol del \u00c1tica. El aroma","inLanguage":"es-MX","isPartOf":{"@id":"https:\/\/letrashipnoticas.org\/#website"},"breadcrumb":{"@id":"https:\/\/letrashipnoticas.org\/?p=980#breadcrumblist"},"author":{"@id":"https:\/\/letrashipnoticas.org\/?author=1#author"},"creator":{"@id":"https:\/\/letrashipnoticas.org\/?author=1#author"},"image":{"@type":"ImageObject","url":"https:\/\/letrashipnoticas.org\/wp-content\/uploads\/2025\/03\/file-1iZzHvwdQPTWJUzR4nA1nR.webp","@id":"https:\/\/letrashipnoticas.org\/?p=980\/#mainImage","width":1024,"height":1024},"primaryImageOfPage":{"@id":"https:\/\/letrashipnoticas.org\/?p=980#mainImage"},"datePublished":"2025-03-20T20:37:59+00:00","dateModified":"2025-03-20T21:15:01+00:00"},{"@type":"WebSite","@id":"https:\/\/letrashipnoticas.org\/#website","url":"https:\/\/letrashipnoticas.org\/","name":"Letras Hiptn\u00f3ticas","description":"\"Descubre Apunte diario sobre letras hipn\u00f3ticas, un viaje literario envolvente que despierta el alma. Reflexiones profundas, historias cautivadoras y un estilo \u00fanico que hipnotiza en cada palabra.\"","inLanguage":"es-MX","publisher":{"@id":"https:\/\/letrashipnoticas.org\/#organization"}}]},"og:locale":"es_MX","og:site_name":"Letras Hiptn\u00f3ticas - &quot;Descubre Apunte diario sobre letras hipn\u00f3ticas, un viaje literario envolvente que despierta el alma. Reflexiones profundas, historias cautivadoras y un estilo \u00fanico que hipnotiza en cada palabra.&quot; Apunte diario sobre letras hipn\u00f3ticas por Arturo David V\u00e1squez Urdiales . Maya: La Fuerza Del Universo Cap\u00edtulo VIII: Maya y Plat\u00f3n, la Filosof\u00eda de la Luz y la Verdad . I: Atenas y el Nacimiento de la Academia Las columnas de m\u00e1rmol blanco se alzaban en perfecta simetr\u00eda bajo el sol del \u00c1tica. El aroma","og:type":"article","og:title":"Maya: La Fuerza Del Universo (Cap. VIII Plat\u00f3n) - Letras Hiptn\u00f3ticas","og:description":"Apunte diario sobre letras hipn\u00f3ticas por Arturo David V\u00e1squez Urdiales . Maya: La Fuerza Del Universo Cap\u00edtulo VIII: Maya y Plat\u00f3n, la Filosof\u00eda de la Luz y la Verdad . I: Atenas y el Nacimiento de la Academia Las columnas de m\u00e1rmol blanco se alzaban en perfecta simetr\u00eda bajo el sol del \u00c1tica. El aroma","og:url":"https:\/\/letrashipnoticas.org\/?p=980","og:image":"https:\/\/letrashipnoticas.org\/wp-content\/uploads\/2025\/03\/file-1iZzHvwdQPTWJUzR4nA1nR.webp","og:image:secure_url":"https:\/\/letrashipnoticas.org\/wp-content\/uploads\/2025\/03\/file-1iZzHvwdQPTWJUzR4nA1nR.webp","og:image:width":1024,"og:image:height":1024,"article:published_time":"2025-03-20T20:37:59+00:00","article:modified_time":"2025-03-20T21:15:01+00:00","twitter:card":"summary_large_image","twitter:title":"Maya: La Fuerza Del Universo (Cap. VIII Plat\u00f3n) - Letras Hiptn\u00f3ticas","twitter:description":"Apunte diario sobre letras hipn\u00f3ticas por Arturo David V\u00e1squez Urdiales . Maya: La Fuerza Del Universo Cap\u00edtulo VIII: Maya y Plat\u00f3n, la Filosof\u00eda de la Luz y la Verdad . I: Atenas y el Nacimiento de la Academia Las columnas de m\u00e1rmol blanco se alzaban en perfecta simetr\u00eda bajo el sol del \u00c1tica. El aroma","twitter:image":"https:\/\/letrashipnoticas.org\/wp-content\/uploads\/2025\/03\/file-1iZzHvwdQPTWJUzR4nA1nR.webp"},"aioseo_meta_data":{"post_id":"980","title":null,"description":null,"keywords":null,"keyphrases":{"focus":{"keyphrase":"","score":0,"analysis":{"keyphraseInTitle":{"score":0,"maxScore":9,"error":1}}},"additional":[]},"primary_term":null,"canonical_url":null,"og_title":null,"og_description":null,"og_object_type":"default","og_image_type":"default","og_image_url":null,"og_image_width":null,"og_image_height":null,"og_image_custom_url":null,"og_image_custom_fields":null,"og_video":"","og_custom_url":null,"og_article_section":null,"og_article_tags":null,"twitter_use_og":false,"twitter_card":"default","twitter_image_type":"default","twitter_image_url":null,"twitter_image_custom_url":null,"twitter_image_custom_fields":null,"twitter_title":null,"twitter_description":null,"schema":{"blockGraphs":[],"customGraphs":[],"default":{"data":{"Article":[],"Course":[],"Dataset":[],"FAQPage":[],"Movie":[],"Person":[],"Product":[],"ProductReview":[],"Car":[],"Recipe":[],"Service":[],"SoftwareApplication":[],"WebPage":[]},"graphName":"BlogPosting","isEnabled":true},"graphs":[]},"schema_type":"default","schema_type_options":null,"pillar_content":false,"robots_default":true,"robots_noindex":false,"robots_noarchive":false,"robots_nosnippet":false,"robots_nofollow":false,"robots_noimageindex":false,"robots_noodp":false,"robots_notranslate":false,"robots_max_snippet":"-1","robots_max_videopreview":"-1","robots_max_imagepreview":"large","priority":null,"frequency":"default","local_seo":null,"breadcrumb_settings":null,"limit_modified_date":false,"ai":null,"created":"2025-03-20 20:38:04","updated":"2025-08-08 17:38:52","focus_keyword":null,"additional_keywords":null,"truseo_locale":null,"seo_analyzer_scan_date":null},"aioseo_breadcrumb":"<div class=\"aioseo-breadcrumbs\"><span class=\"aioseo-breadcrumb\">\n\t\t\t<a href=\"https:\/\/letrashipnoticas.org\" title=\"Inicio\">Inicio<\/a>\n\t\t<\/span><span class=\"aioseo-breadcrumb-separator\">&raquo;<\/span><span class=\"aioseo-breadcrumb\">\n\t\t\t<a href=\"https:\/\/letrashipnoticas.org\/?cat=1\" title=\"Las Letras Hipn\u00f3ticas de hoy\">Las Letras Hipn\u00f3ticas de hoy<\/a>\n\t\t<\/span><span class=\"aioseo-breadcrumb-separator\">&raquo;<\/span><span class=\"aioseo-breadcrumb\">\n\t\t\tMaya: La Fuerza Del Universo (Cap. VIII Plat\u00f3n)\n\t\t<\/span><\/div>","aioseo_breadcrumb_json":[{"label":"Inicio","link":"https:\/\/letrashipnoticas.org"},{"label":"Las Letras Hipn\u00f3ticas de hoy","link":"https:\/\/letrashipnoticas.org\/?cat=1"},{"label":"Maya: La Fuerza Del Universo (Cap. VIII Plat\u00f3n)","link":"https:\/\/letrashipnoticas.org\/?p=980"}],"_links":{"self":[{"href":"https:\/\/letrashipnoticas.org\/index.php?rest_route=\/wp\/v2\/posts\/980","targetHints":{"allow":["GET"]}}],"collection":[{"href":"https:\/\/letrashipnoticas.org\/index.php?rest_route=\/wp\/v2\/posts"}],"about":[{"href":"https:\/\/letrashipnoticas.org\/index.php?rest_route=\/wp\/v2\/types\/post"}],"author":[{"embeddable":true,"href":"https:\/\/letrashipnoticas.org\/index.php?rest_route=\/wp\/v2\/users\/1"}],"replies":[{"embeddable":true,"href":"https:\/\/letrashipnoticas.org\/index.php?rest_route=%2Fwp%2Fv2%2Fcomments&post=980"}],"version-history":[{"count":3,"href":"https:\/\/letrashipnoticas.org\/index.php?rest_route=\/wp\/v2\/posts\/980\/revisions"}],"predecessor-version":[{"id":990,"href":"https:\/\/letrashipnoticas.org\/index.php?rest_route=\/wp\/v2\/posts\/980\/revisions\/990"}],"wp:featuredmedia":[{"embeddable":true,"href":"https:\/\/letrashipnoticas.org\/index.php?rest_route=\/wp\/v2\/media\/982"}],"wp:attachment":[{"href":"https:\/\/letrashipnoticas.org\/index.php?rest_route=%2Fwp%2Fv2%2Fmedia&parent=980"}],"wp:term":[{"taxonomy":"category","embeddable":true,"href":"https:\/\/letrashipnoticas.org\/index.php?rest_route=%2Fwp%2Fv2%2Fcategories&post=980"},{"taxonomy":"post_tag","embeddable":true,"href":"https:\/\/letrashipnoticas.org\/index.php?rest_route=%2Fwp%2Fv2%2Ftags&post=980"}],"curies":[{"name":"wp","href":"https:\/\/api.w.org\/{rel}","templated":true}]}}