{"id":703,"date":"2025-01-30T21:00:29","date_gmt":"2025-01-30T21:00:29","guid":{"rendered":"https:\/\/letrashipnoticas.org\/?p=703"},"modified":"2025-02-17T20:00:20","modified_gmt":"2025-02-17T20:00:20","slug":"miguel-miramon-el-nino-heroe-olvidado","status":"publish","type":"post","link":"https:\/\/letrashipnoticas.org\/?p=703","title":{"rendered":"Miguel Miram\u00f3n, el ni\u00f1o h\u00e9roe olvidado"},"content":{"rendered":"\n<p class=\"wp-block-paragraph\">Miguel Miram\u00f3n, el odiado Miguel Miram\u00f3n, el ni\u00f1o h\u00e9roe olvidado, el joven macabeo fusilado junto a Maximiliano de Habsburgo<\/p>\n\n\n\n<p class=\"wp-block-paragraph\">En la historia de M\u00e9xico existen h\u00e9roes y tiranos, traidores y valientes, buenos y malos<\/p>\n\n\n\n<p class=\"wp-block-paragraph\">La historia de M\u00e9xico no da lugar a medias tintas<\/p>\n\n\n\n<p class=\"wp-block-paragraph\">Tampoco se nos ense\u00f1a a estudiar la verdad y sobre todo, la verdad del enemigo, y menos a hacernos comprender la diferencia o no entre enemigo o no.<\/p>\n\n\n\n<p class=\"wp-block-paragraph\">Suponer que los humanos o son malos, mal\u00edsimos, o buenos, buen\u00edsimos, es un grave error de apreciaci\u00f3n y no nos permite ver la verdad<\/p>\n\n\n\n<p class=\"wp-block-paragraph\">Miguel Miram\u00f3n es el nombre de un personaje controvertido, Presidente de M\u00e9xico a los 26 a\u00f1os, en ocasiones no aparece siquiera en la lista de presidentes de M\u00e9xico<\/p>\n\n\n\n<p class=\"wp-block-paragraph\">No se trata de su defensa, sino de indagar el filo de la verdad, en una guerra se gana o se pierde, pero no el que la pierde es del todo el villano, el perverso, el m\u00e1s malo de todos, tambi\u00e9n ha lugar a la reflexi\u00f3n para valorar los hechos y para aprender del pasado, para actuar en el presente, ya que la historia se repite, una y otra vez<\/p>\n\n\n\n<p class=\"wp-block-paragraph\">EL BUENO, EL MALO Y EL FEO<\/p>\n\n\n\n<p class=\"wp-block-paragraph\"><em>Miguel Miram\u00f3n es odiado en la historia de M\u00e9xico debido a su liderazgo conservador<\/em><\/p>\n\n\n\n<p class=\"wp-block-paragraph\">Durante la Guerra de Reforma y su apoyo al Segundo Imperio Mexicano encabezado por Maximiliano de Habsburgo. Fue visto como un opositor de las reformas liberales, un colaborador de un gobierno extranjero y un s\u00edmbolo de la resistencia conservadora, lo que gener\u00f3 profundo rechazo entre los liberales mexicanos.<\/p>\n\n\n\n<p class=\"wp-block-paragraph\">Ejecuci\u00f3n ejemplar<\/p>\n\n\n\n<p class=\"wp-block-paragraph\">La cruel ejecuci\u00f3n de Miguel Miram\u00f3n, junto con Maximiliano de Habsburgo y Tom\u00e1s Mej\u00eda, se debi\u00f3 en gran medida a la feroz hostilidad de las fuerzas republicanas mexicanas hacia aquellos que apoyaron el Segundo Imperio Mexicano. Miram\u00f3n, como l\u00edder conservador y presidente durante el imperio, era considerado un enemigo de la Rep\u00fablica y un traidor a la causa liberal. La brutalidad de su ejecuci\u00f3n refleja la intensidad de los conflictos pol\u00edticos y la venganza de quienes lo ve\u00edan como una amenaza a la Rep\u00fablica.<\/p>\n\n\n\n<p class=\"wp-block-paragraph\"><em>Cap\u00edtulo 1: La Juventud y el Surgimiento de un L\u00edder<\/em><\/p>\n\n\n\n<p class=\"wp-block-paragraph\">Miguel Gregorio de la Luz Aten\u00f3genes Miram\u00f3n y T\u00e1relo naci\u00f3 el 29 de septiembre de 1832, en la Ciudad de M\u00e9xico. Su vida comenz\u00f3 con un destino incierto, pero desde temprana edad, mostr\u00f3 una valent\u00eda que lo llevar\u00eda a convertirse en una figura destacada de la historia de M\u00e9xico. A los 15 a\u00f1os, siendo un cadete, estuvo al borde de la muerte defendiendo el Castillo de Chapultepec durante el ataque estadounidense en 1847. Su sobrevivencia le otorg\u00f3 el t\u00edtulo de \u00abS\u00e9ptimo Ni\u00f1o H\u00e9roe\u00bb, aunque su destino le ten\u00eda preparada otra prueba.\u00a0<\/p>\n\n\n\n<p class=\"wp-block-paragraph\"><em>Cap\u00edtulo 2: El Ascenso y la Ca\u00edda de un General<\/em><\/p>\n\n\n\n<p class=\"wp-block-paragraph\">\u00a0Miguel Miram\u00f3n\u00a0\u00a0se convirti\u00f3 en una figura din\u00e1mica y controvertida del siglo XIX mexicano. Ascendi\u00f3 al rango de general a los 24 a\u00f1os y se convirti\u00f3 en presidente de M\u00e9xico a los 26. Durante la Guerra de Reforma, lider\u00f3 al ej\u00e9rcito Conservador y se hizo famoso como \u00abel joven Macabeo\u00bb.<\/p>\n\n\n\n<p class=\"wp-block-paragraph\">\u00a0Sin embargo, fue derrotado por Benito Ju\u00e1rez y se exili\u00f3 en Europa por un tiempo. Su regreso a M\u00e9xico lo llev\u00f3 a unirse a la causa despu\u00e9s perdida del Emperador Maximiliano.\u00a0<\/p>\n\n\n\n<p class=\"wp-block-paragraph\"><em>Cap\u00edtulo 3: Amor, Tragedia y Fusilamiento<\/em><\/p>\n\n\n\n<p class=\"wp-block-paragraph\">La vida de Miram\u00f3n tambi\u00e9n estuvo marcada por el amor. Se cas\u00f3 con *Concepci\u00f3n Lombardo Gil de Partearroyo en 1858, y juntos tuvieron seis hijos.<\/p>\n\n\n\n<p class=\"wp-block-paragraph\">Sin embargo, su historia de amor estaba destinada a terminar en tragedia. El 19 de junio de 1867, Miguel Miram\u00f3n, Maximiliano de Habsburgo y Tom\u00e1s Mej\u00eda fueron fusilados en el Cerro de las Campanas en Quer\u00e9taro. Miram\u00f3n, de 35 a\u00f1os, fue enterrado en el Pante\u00f3n de San Fernando, pero posteriormente, por solicitud de su esposa Concepci\u00f3n, sus restos fueron trasladados a una capilla de la Catedral de Puebla.\u00a0<\/p>\n\n\n\n<p class=\"wp-block-paragraph\">El Legado de Miguel Miram\u00f3n*<\/p>\n\n\n\n<p class=\"wp-block-paragraph\">\u00a0Miguel Miram\u00f3n, un joven que sobrevivi\u00f3 a la adversidad en Chapultepec, se convirti\u00f3 en un l\u00edder militar y pol\u00edtico en una \u00e9poca tumultuosa de la historia de M\u00e9xico. Su amor apasionado por Concepci\u00f3n y su tr\u00e1gico final en el Cerro de las Campanas dejaron una huella imborrable en la historia de M\u00e9xico.<\/p>\n\n\n\n<p class=\"wp-block-paragraph\">\u00a0Su legado es un recordatorio de la complejidad de los acontecimientos hist\u00f3ricos y el poder del amor en tiempos de guerra.\u00a0<\/p>\n\n\n\n<p class=\"wp-block-paragraph\"><em>Batallas<\/em><\/p>\n\n\n\n<p class=\"wp-block-paragraph\">El general Miguel Miram\u00f3n combati\u00f3 en varias batallas durante su carrera militar, principalmente durante la Guerra de Reforma en M\u00e9xico. Algunas de las batallas en las que particip\u00f3 incluyen:<\/p>\n\n\n\n<ol class=\"wp-block-list\">\n<li><em>Batalla de Mezcala<\/em>: En 1855, Miram\u00f3n particip\u00f3 en esta batalla en contra de las fuerzas liberales del Plan de Ayutla, lideradas por Juan \u00c1lvarez. Fue una derrota para las fuerzas conservadoras.<\/li>\n\n\n\n<li><em>Batalla de Xochipala<\/em>: Otra batalla de la Guerra de Reforma en 1855, donde Miram\u00f3n combati\u00f3 en contra de las fuerzas liberales.<\/li>\n\n\n\n<li><em>Batalla del Ca\u00f1\u00f3n del Zopilote<\/em>: Esta batalla tuvo lugar en 1855, y Miram\u00f3n nuevamente se enfrent\u00f3 a las fuerzas liberales en el contexto de la Guerra de Reforma.<\/li>\n\n\n\n<li><em>Batalla de Tepemajalco<\/em>: En esta batalla, que tuvo lugar en 1856, Miram\u00f3n tuvo una destacada actuaci\u00f3n en el bando conservador.<\/li>\n<\/ol>\n\n\n\n<p class=\"wp-block-paragraph\">_Es importante destacar que Miguel Miram\u00f3n estaba alineado con el Partido Conservador y, por lo tanto, luch\u00f3 principalmente contra las fuerzas liberales lideradas por Generales de Don Benito Ju\u00e1rez. Su papel en estas batallas se enmarca en el contexto de la lucha pol\u00edtica y militar que caracteriz\u00f3 el periodo de la Guerra de Reforma en M\u00e9xico.<\/p>\n\n\n\n<p class=\"wp-block-paragraph\"><em>El joven Macabeo<\/em><\/p>\n\n\n\n<p class=\"wp-block-paragraph\">A Miguel Miram\u00f3n se le apodaba \u00abel joven Macabeo\u00bb debido a su destacada participaci\u00f3n en la Guerra de Reforma en M\u00e9xico y su liderazgo militar en el bando conservador. *El t\u00e9rmino \u00abMacabeo\u00bb hace referencia a los guerreros jud\u00edos de la antig\u00fcedad que lucharon por la independencia de su pueblo contra la opresi\u00f3n extranjera.<\/p>\n\n\n\n<p class=\"wp-block-paragraph\">El apodo resaltaba la juventud de Miram\u00f3n, ya que alcanz\u00f3 el rango de general a una edad temprana y asumi\u00f3 importantes responsabilidades militares y pol\u00edticas. Su liderazgo y valent\u00eda en la batalla fueron comparados con la determinaci\u00f3n y el esp\u00edritu de lucha de los guerreros Macabeos. En esencia, el apodo destacaba su papel como un joven l\u00edder militar en una \u00e9poca tumultuosa de la historia de M\u00e9xico.<\/p>\n\n\n\n<p class=\"wp-block-paragraph\"><em>La Presidencia y los Logros<\/em><\/p>\n\n\n\n<p class=\"wp-block-paragraph\">Miguel Miram\u00f3n asumi\u00f3 la presidencia de M\u00e9xico en dos ocasiones durante un periodo conocido como el Segundo Imperio Mexicano:<\/p>\n\n\n\n<ol class=\"wp-block-list\">\n<li><em>Primera Presidencia<\/em>: Miram\u00f3n asumi\u00f3 la presidencia de M\u00e9xico el 24 de diciembre de 1859 y gobern\u00f3 hasta el 2 de enero de 1860. Sin embargo, su presidencia en este momento fue breve y estuvo marcada por la inestabilidad pol\u00edtica.<\/li>\n\n\n\n<li><em>Segunda Presidencia<\/em>: Su segundo mandato presidencial comenz\u00f3 el 24 de junio de 1863 y termin\u00f3 abruptamente el 15 de julio de 1863 cuando, en medio grandes agitaciones pol\u00edticas que dieron lugar al Segundo Imperio Mexicano, imperio que cedi\u00f3 la presidencia a favor del emperador Maximiliano de Habsburgo, en cap\u00edtulos posteriores. En este periodo, Maximiliano era el monarca reinante, y Miram\u00f3n ocupaba la calidad de general en su forma de l\u00edder militar y pol\u00edtico conservador.<\/li>\n<\/ol>\n\n\n\n<p class=\"wp-block-paragraph\">Es importante se\u00f1alar que el periodo de Miram\u00f3n como presidente estuvo marcado por la Guerra de Reforma y la lucha pol\u00edtica entre liberales y conservadores en M\u00e9xico. Algunos de los logros m\u00e1s destacados durante su presidencia incluyen:<\/p>\n\n\n\n<ul class=\"wp-block-list\">\n<li>La oposici\u00f3n a la promulgaci\u00f3n y vigencia de la Constituci\u00f3n de 1857, que fue una constituci\u00f3n liberal que buscaba limitar el poder de la Iglesia y establecer principios de igualdad y libertad.<\/li>\n\n\n\n<li>La consolidaci\u00f3n de las fuerzas conservadoras en el gobierno y la oposici\u00f3n a las reformas liberales de Benito Ju\u00e1rez.<\/li>\n\n\n\n<li>La defensa de la Ciudad de M\u00e9xico contra las fuerzas liberales durante la Guerra de Reforma, lo que le vali\u00f3 reconocimiento como l\u00edder militar, de su bando.<\/li>\n<\/ul>\n\n\n\n<p class=\"wp-block-paragraph\">Sin embargo, su gobierno fue interrumpido en varias ocasiones debido a la inestabilidad pol\u00edtica y las luchas internas en M\u00e9xico.<\/p>\n\n\n\n<p class=\"wp-block-paragraph\">Finalmente, su presidencia se vio eclipsada a posteriori por la llegada de Maximiliano de Habsburgo al poder como emperador, y Miram\u00f3n cedi\u00f3 su figura y personalidad en favor del imperio, lo que a la posteridad le costar\u00eda la vida.<\/p>\n\n\n\n<p class=\"wp-block-paragraph\">Su papel en la historia de M\u00e9xico est\u00e1 estrechamente relacionado con la Guerra de Reforma y el per\u00edodo del Segundo Imperio Mexicano.<\/p>\n\n\n\n<p class=\"wp-block-paragraph\">Miram\u00f3n, Odiado y odioso:<\/p>\n\n\n\n<p class=\"wp-block-paragraph\">Miguel Miram\u00f3n es generalmente visto de manera negativa en la historia oficial de M\u00e9xico debido a su papel como l\u00edder del Partido Conservador durante un per\u00edodo de luchas pol\u00edticas y conflictos armados en el pa\u00eds. Algunas de las razones por las que Miram\u00f3n es criticado y a menudo visto con desd\u00e9n en la historia de M\u00e9xico incluyen:<\/p>\n\n\n\n<ol class=\"wp-block-list\">\n<li><em>Oposici\u00f3n a las Reformas Liberales<\/em>: Miram\u00f3n lider\u00f3 a los conservadores, que se opon\u00edan a las reformas liberales promovidas por Benito Ju\u00e1rez y otros l\u00edderes liberales. Estas reformas inclu\u00edan la secularizaci\u00f3n de la Iglesia, la eliminaci\u00f3n de los fueros eclesi\u00e1sticos y militares, y la implementaci\u00f3n de leyes que buscaban limitar el poder de la Iglesia y los grupos conservadores.<\/li>\n\n\n\n<li><em>Participaci\u00f3n en Conflictos Armados<\/em>: Durante la Guerra de Reforma y otros conflictos armados en M\u00e9xico, Miram\u00f3n estuvo involucrado en enfrentamientos violentos contra las fuerzas liberales. Esto result\u00f3 en p\u00e9rdidas humanas y sufrimiento para muchas personas.<\/li>\n\n\n\n<li><em>El Segundo Imperio Mexicano<\/em>: Miram\u00f3n colabor\u00f3 con el emperador Maximiliano de Habsburgo durante el Segundo Imperio Mexicano, un periodo en el que M\u00e9xico fue gobernado por un monarca extranjero impuesto por las potencias europeas. Esta \u00e9poca es vista como una invasi\u00f3n extranjera y una afrenta a la soberan\u00eda mexicana.<\/li>\n\n\n\n<li><em>Percepci\u00f3n de Traici\u00f3n<\/em>: Miram\u00f3n es percibido por algunos como un traidor a la causa liberal de M\u00e9xico debido a su cambio de lealtad hacia el imperio de Maximiliano.<\/li>\n<\/ol>\n\n\n\n<p class=\"wp-block-paragraph\">Es importante destacar que la percepci\u00f3n de Miram\u00f3n puede variar seg\u00fan la perspectiva pol\u00edtica e hist\u00f3rica.<\/p>\n\n\n\n<p class=\"wp-block-paragraph\">Mientras que algunos lo ven como un traidor y un l\u00edder conservador que se opon\u00eda a las reformas liberales, otros pueden verlo como un defensor de valores conservadores y tradicionales en un momento de cambio tumultuoso en M\u00e9xico. Su papel en la historia de M\u00e9xico es complejo y sigue siendo objeto de debate y controversia en la narrativa hist\u00f3rica del pa\u00eds.<\/p>\n\n\n\n<p class=\"wp-block-paragraph\"><em>Su esposa, una gran mujer. Una gran mexicana.<\/em><\/p>\n\n\n\n<p class=\"wp-block-paragraph\">\u00abP\u00e9guese mi lengua a mi boca si llegara a olvidarte\u00bb.<\/p>\n\n\n\n<p class=\"wp-block-paragraph\">Conchita Lombardo<\/p>\n\n\n\n<p class=\"wp-block-paragraph\">C\u00f3mo siempre, las que se llevan la peor parte, o no le abren al bulto, son las mujeres de los h\u00e9roes y antih\u00e9roes mexicanos, tenemos de todo, desde soldaderas, hasta generalas y emperatrices, y a casi todas les fue a lo mexicano y terminaron cargando la cruz de la guerra y en un gran sentido, las desgracias de la guerra.<\/p>\n\n\n\n<p class=\"wp-block-paragraph\">Do\u00f1a Conchita Lombardo no es la excepci\u00f3n, a diferencia de Carlota de Habsburgo, a Conchita si le fusilaron al marido, ac\u00e1 unas letras de est\u00e1 gran mujer:<\/p>\n\n\n\n<p class=\"wp-block-paragraph\">Concepci\u00f3n Lombardo Gil de Partearroyo, la esposa de Miguel Miram\u00f3n, es una figura notable en la historia de M\u00e9xico.<\/p>\n\n\n\n<p class=\"wp-block-paragraph\">A pesar de vivir en tiempos turbulentos y enfrentar circunstancias dif\u00edciles debido a la participaci\u00f3n de su esposo en la pol\u00edtica y los conflictos armados, Concepci\u00f3n Lombardo demostr\u00f3 dignidad, honor y fortaleza. Aqu\u00ed hay algunos aspectos destacados de su vida:<\/p>\n\n\n\n<ol class=\"wp-block-list\">\n<li><em>Matrimonio con Miram\u00f3n<\/em>: Concepci\u00f3n Lombardo se cas\u00f3 con Miguel Miram\u00f3n en 1858, cuando \u00e9l ten\u00eda 27 a\u00f1os y ella 18. Su uni\u00f3n fue el resultado de un romance apasionado que comenz\u00f3 cuando Miguel era capit\u00e1n y Concepci\u00f3n le pregunt\u00f3 si se casar\u00eda con ella cuando ascendiera a general. Esta historia de amor en medio de la guerra a\u00f1ade un toque \u00fanico a su relaci\u00f3n.<\/li>\n\n\n\n<li><em>Apoyo a su Esposo<\/em>: A lo largo de su matrimonio, Concepci\u00f3n fue un apoyo constante para Miguel Miram\u00f3n en sus actividades pol\u00edticas y militares. Aunque su esposo ten\u00eda opiniones conservadoras que lo enfrentaban a las fuerzas liberales, ella permaneci\u00f3 a su lado, mostrando lealtad y solidaridad.<\/li>\n\n\n\n<li><em>Dolor por su P\u00e9rdida<\/em>: La vida de Concepci\u00f3n Lombardo estuvo marcada por la tristeza y la p\u00e9rdida. Despu\u00e9s del fusilamiento de su esposo en el Cerro de las Campanas en 1867, Concepci\u00f3n qued\u00f3 viuda a una edad temprana. Su historia de amor y el sacrificio de su esposo en la lucha pol\u00edtica y militar dejaron una profunda impresi\u00f3n en su vida.<\/li>\n\n\n\n<li><em>Cuidado del Coraz\u00f3n de Miram\u00f3n<\/em>: Tras la muerte de Miguel Miram\u00f3n, Concepci\u00f3n Lombardo decidi\u00f3 que el coraz\u00f3n de su esposo fuera retirado y preservado en una urna. Aunque esta acci\u00f3n puede parecer inusual, refleja su profundo amor y su deseo de mantener un v\u00ednculo con su esposo incluso despu\u00e9s de su muerte.<\/li>\n\n\n\n<li><em>Promesa de Lealtad Eterna<\/em>: _Concepci\u00f3n Lombardo hizo una promesa conmovedora de amor eterno a su esposo en su lecho de muerte: \u00abP\u00e9guese mi lengua a mi boca si llegara a olvidarte\u00bb.<\/li>\n<\/ol>\n\n\n\n<p class=\"wp-block-paragraph\">Esta declaraci\u00f3n resalta la intensidad de su amor y su dedicaci\u00f3n a la memoria de Miguel Miram\u00f3n.<\/p>\n\n\n\n<p class=\"wp-block-paragraph\">La historia de Concepci\u00f3n Lombardo Gil de Partearroyo _es una historia de amor, lealtad y sacrificio en medio de un periodo tumultuoso de la historia de M\u00e9xico. Su vida ejemplifica la fortaleza y la dignidad en tiempos dif\u00edciles, y su compromiso con la memoria de su esposo es un testimonio de su amor duradero.<\/p>\n\n\n\n<p class=\"wp-block-paragraph\">Miram\u00f3n, el ni\u00f1o h\u00e9roe olvidado<\/p>\n\n\n\n<p class=\"wp-block-paragraph\">La historia de Miguel Miram\u00f3n, conocido como el _\u00bbS\u00e9ptimo Ni\u00f1o H\u00e9roe\u00bb en M\u00e9xico, es a menudo eclipsada por la fama de los otros Ni\u00f1os H\u00e9roes que defendieron el Castillo de Chapultepec durante la Guerra M\u00e9xico-Estados Unidos en 1847. Sin embargo, su historia es digna de atenci\u00f3n y reflexi\u00f3n.<\/p>\n\n\n\n<p class=\"wp-block-paragraph\">Miram\u00f3n era uno de los j\u00f3venes cadetes que defendieron valientemente el Castillo de Chapultepec durante el asedio estadounidense. A pesar de su juventud, demostr\u00f3 coraje y determinaci\u00f3n en la batalla, donde las fuerzas mexicanas enfrentaron una desventaja abrumadora.<\/p>\n\n\n\n<p class=\"wp-block-paragraph\">El t\u00edtulo de \u00abS\u00e9ptimo Ni\u00f1o H\u00e9roe\u00bb proviene del hecho de que Miguel Miram\u00f3n, junto con otros seis cadetes, fueron los \u00faltimos en rendirse durante la defensa del castillo.<\/p>\n\n\n\n<p class=\"wp-block-paragraph\">Se dice que se negaron a abandonar su posici\u00f3n y prefirieron luchar hasta la muerte antes que rendirse ante las fuerzas estadounidenses.<\/p>\n\n\n\n<p class=\"wp-block-paragraph\">A pesar de su valent\u00eda, la historia de Miram\u00f3n como Ni\u00f1o H\u00e9roe se ve a menudo opacada por otros acontecimientos hist\u00f3ricos en su vida posterior. Despu\u00e9s de sobrevivir al asedio de Chapultepec, Miram\u00f3n se convirti\u00f3 en una figura pol\u00edtica y militar influyente durante la Guerra de Reforma y m\u00e1s tarde asumi\u00f3 la presidencia de M\u00e9xico en dos ocasiones, pero su papel en esos eventos posteriores ha sido objeto de controversia y cr\u00edticas.<\/p>\n\n\n\n<p class=\"wp-block-paragraph\">Aunque Miguel Miram\u00f3n es menos conocido que otros Ni\u00f1os H\u00e9roes, su participaci\u00f3n en la defensa de Chapultepec sigue siendo un ejemplo de valor y sacrificio en la historia de M\u00e9xico. Su historia es un recordatorio de que la historia est\u00e1 llena de matices y que hay muchas figuras que han contribuido al legado de M\u00e9xico de maneras diversas, independientemente de la controversia que pueda rodear sus acciones posteriores en la vida.<\/p>\n\n\n\n<p class=\"wp-block-paragraph\"><em>Cr\u00f3nica Hipn\u00f3tica: El Di\u00e1logo Final entre Dos Destinos Sellados<\/em><\/p>\n\n\n\n<p class=\"wp-block-paragraph\">Dos condenados a muerte, la guada\u00f1a se paseaba ya por las calles de Quer\u00e9taro:<\/p>\n\n\n\n<p class=\"wp-block-paragraph\">La ma\u00f1ana del 19 de junio de 1867, en el sombr\u00edo Cerro de las Campanas en Quer\u00e9taro, el destino se teji\u00f3 con hilos de conversaci\u00f3n, iron\u00eda y resignaci\u00f3n.<\/p>\n\n\n\n<p class=\"wp-block-paragraph\">Dos hombres, Miguel Miram\u00f3n y Maximiliano de Habsburgo, se encontraban all\u00ed, condenados a enfrentar el implacable veredicto de la historia.<\/p>\n\n\n\n<p class=\"wp-block-paragraph\">Bajo un cielo plomizo, donde el eco del tambor de la guerra a\u00fan retumbaba en los corazones, estos dos l\u00edderes, uno mexicano y otro europeo, compartieron un instante de humanidad en medio de la tragedia.<\/p>\n\n\n\n<p class=\"wp-block-paragraph\">El ambiente parec\u00eda llenarse de un silencio misterioso mientras sus miradas se cruzaban.<\/p>\n\n\n\n<p class=\"wp-block-paragraph\">Fue Miram\u00f3n quien rompi\u00f3 la tensi\u00f3n con un susurro cargado de iron\u00eda y humor negro.<\/p>\n\n\n\n<p class=\"wp-block-paragraph\">-\u00abEmperador, yo estoy aqu\u00ed por no hacerle caso a mi mujer\u00bb-, confes\u00f3, como si la risa y la paradoja fueran la \u00fanica forma de enfrentar la implacable guada\u00f1a que pend\u00eda sobre sus cabezas.<\/p>\n\n\n\n<p class=\"wp-block-paragraph\">Maximiliano, por su parte, respondi\u00f3 con una sonrisa melanc\u00f3lica:,\u00a0<\/p>\n\n\n\n<p class=\"wp-block-paragraph\">-\u00abYo estoy aqu\u00ed precisamente por hacerle caso a mi mujer\u00bb-.\u00a0<\/p>\n\n\n\n<p class=\"wp-block-paragraph\">Ambos hombres de guerra se carcajearon ante la iron\u00eda de su situaci\u00f3n, seguramente fue la \u00faltima carcajada de un cruel destino compartido<\/p>\n\n\n\n<p class=\"wp-block-paragraph\">Sus palabras resonaron en el aire, tejiendo una telara\u00f1a de significado que se desplegaba en el instante previo a la tragedia.<\/p>\n\n\n\n<p class=\"wp-block-paragraph\">Ambos hombres hab\u00edan sido guiados por las influencias femeninas en sus vidas.<\/p>\n\n\n\n<p class=\"wp-block-paragraph\">Miram\u00f3n, por su apasionada relaci\u00f3n con Concepci\u00f3n Lombardo, hab\u00eda seguido un camino que lo llev\u00f3 al liderazgo conservador y, finalmente, a aquel cerro fat\u00eddico.<\/p>\n\n\n\n<p class=\"wp-block-paragraph\">M\u00e1s a \u00faltima hora, Conchita le sugiri\u00f3 a Miguel que abandonar\u00e1 la guerra y huyesen a otro lugar, salvando la vida.<\/p>\n\n\n\n<p class=\"wp-block-paragraph\"><\/p>\n\n\n\n<p class=\"wp-block-paragraph\">Maximiliano, en cambio, hab\u00eda aceptado la corona de M\u00e9xico impulsado por su esposa, Carlota, y se encontraba ahora en un rinc\u00f3n remoto de un imperio desmoronado, esperando la hora en que tronaran los fusiles cegando su vida, precisamente por hacerle caso a su mujer<\/p>\n\n\n\n<p class=\"wp-block-paragraph\">Las risas, cargadas de un amargo reconocimiento a las complejidades del destino y las influencias que moldearon sus vidas, se disiparon en el aire. Horas despu\u00e9s, ambos hombres enfrentaron la descarga de fusiles, sus destinos sellados por las decisiones que hab\u00edan tomado y las fuerzas que los hab\u00edan llevado hasta all\u00ed.<\/p>\n\n\n\n<p class=\"wp-block-paragraph\">El Cerro de las Campanas, testigo mudo de este di\u00e1logo fugaz pero profundo, guard\u00f3 sus secretos mientras el sol se ocultaba detr\u00e1s de las nubes grises. Dos hombres, dos destinos entrelazados por la historia, se despidieron con un \u00faltimo suspiro, y sus nombres quedaron grabados en las p\u00e1ginas hipn\u00f3ticas y crueles de la narrativa mexicana.<\/p>\n\n\n\n<p class=\"wp-block-paragraph\"><\/p>\n","protected":false},"excerpt":{"rendered":"<p>Miguel Miram\u00f3n, el odiado Miguel Miram\u00f3n, el ni\u00f1o h\u00e9roe olvidado, el joven macabeo fusilado junto a Maximiliano de Habsburgo En la historia de M\u00e9xico existen h\u00e9roes y tiranos, traidores y valientes, buenos y malos La historia de M\u00e9xico no da lugar a medias tintas Tampoco se nos ense\u00f1a a estudiar la verdad y sobre todo, [&hellip;]<\/p>\n","protected":false},"author":1,"featured_media":704,"comment_status":"open","ping_status":"open","sticky":false,"template":"","format":"standard","meta":{"om_disable_all_campaigns":false,"_monsterinsights_skip_tracking":false,"footnotes":""},"categories":[1],"tags":[],"class_list":["post-703","post","type-post","status-publish","format-standard","has-post-thumbnail","category-general"],"aioseo_notices":[],"aioseo_head":"\n\t\t<!-- All in One SEO 5.0.0.1 - aioseo.com -->\n\t<meta name=\"description\" content=\"Miguel Miram\u00f3n, el odiado Miguel Miram\u00f3n, el ni\u00f1o h\u00e9roe olvidado, el joven macabeo fusilado junto a Maximiliano de Habsburgo En la historia de M\u00e9xico existen h\u00e9roes y tiranos, traidores y valientes, buenos y malos La historia de M\u00e9xico no da lugar a medias tintas Tampoco se nos ense\u00f1a a estudiar la verdad y sobre todo,\" \/>\n\t<meta name=\"robots\" content=\"max-image-preview:large\" \/>\n\t<meta name=\"author\" content=\"Dr. Arturo David V\u00e1squez Urdiales\"\/>\n\t<meta name=\"google-site-verification\" content=\"w1V7bRCSYMeOZjzLwWS_W8_n8jd94Z38sletBUa-LV0\" \/>\n\t<link rel=\"canonical\" href=\"https:\/\/letrashipnoticas.org\/?p=703\" \/>\n\t<meta name=\"generator\" content=\"All in One SEO (AIOSEO) 5.0.0.1\" \/>\n\t\t<meta property=\"og:locale\" content=\"es_MX\" \/>\n\t\t<meta property=\"og:site_name\" content=\"Letras Hiptn\u00f3ticas - &quot;Descubre Apunte diario sobre letras hipn\u00f3ticas, un viaje literario envolvente que despierta el alma. Reflexiones profundas, historias cautivadoras y un estilo \u00fanico que hipnotiza en cada palabra.&quot; Miguel Miram\u00f3n, el odiado Miguel Miram\u00f3n, el ni\u00f1o h\u00e9roe olvidado, el joven macabeo fusilado junto a Maximiliano de Habsburgo En la historia de M\u00e9xico existen h\u00e9roes y tiranos, traidores y valientes, buenos y malos La historia de M\u00e9xico no da lugar a medias tintas Tampoco se nos ense\u00f1a a estudiar la verdad y sobre todo,\" \/>\n\t\t<meta property=\"og:type\" content=\"article\" \/>\n\t\t<meta property=\"og:title\" content=\"Miguel Miram\u00f3n, el ni\u00f1o h\u00e9roe olvidado - Letras Hiptn\u00f3ticas\" \/>\n\t\t<meta property=\"og:description\" content=\"Miguel Miram\u00f3n, el odiado Miguel Miram\u00f3n, el ni\u00f1o h\u00e9roe olvidado, el joven macabeo fusilado junto a Maximiliano de Habsburgo En la historia de M\u00e9xico existen h\u00e9roes y tiranos, traidores y valientes, buenos y malos La historia de M\u00e9xico no da lugar a medias tintas Tampoco se nos ense\u00f1a a estudiar la verdad y sobre todo,\" \/>\n\t\t<meta property=\"og:url\" content=\"https:\/\/letrashipnoticas.org\/?p=703\" \/>\n\t\t<meta property=\"og:image\" content=\"https:\/\/letrashipnoticas.org\/wp-content\/uploads\/2025\/01\/33.jpg\" \/>\n\t\t<meta property=\"og:image:secure_url\" content=\"https:\/\/letrashipnoticas.org\/wp-content\/uploads\/2025\/01\/33.jpg\" \/>\n\t\t<meta property=\"og:image:width\" content=\"1160\" \/>\n\t\t<meta property=\"og:image:height\" content=\"700\" \/>\n\t\t<meta property=\"article:published_time\" content=\"2025-01-30T21:00:29+00:00\" \/>\n\t\t<meta property=\"article:modified_time\" content=\"2025-02-17T20:00:20+00:00\" \/>\n\t\t<meta name=\"twitter:card\" content=\"summary_large_image\" \/>\n\t\t<meta name=\"twitter:title\" content=\"Miguel Miram\u00f3n, el ni\u00f1o h\u00e9roe olvidado - Letras Hiptn\u00f3ticas\" \/>\n\t\t<meta name=\"twitter:description\" content=\"Miguel Miram\u00f3n, el odiado Miguel Miram\u00f3n, el ni\u00f1o h\u00e9roe olvidado, el joven macabeo fusilado junto a Maximiliano de Habsburgo En la historia de M\u00e9xico existen h\u00e9roes y tiranos, traidores y valientes, buenos y malos La historia de M\u00e9xico no da lugar a medias tintas Tampoco se nos ense\u00f1a a estudiar la verdad y sobre todo,\" \/>\n\t\t<meta name=\"twitter:image\" content=\"https:\/\/letrashipnoticas.org\/wp-content\/uploads\/2025\/01\/33.jpg\" \/>\n\t\t<script type=\"application\/ld+json\" class=\"aioseo-schema\">\n\t\t\t{\"@context\":\"https:\\\/\\\/schema.org\",\"@graph\":[{\"@type\":\"BlogPosting\",\"@id\":\"https:\\\/\\\/letrashipnoticas.org\\\/?p=703#blogposting\",\"name\":\"Miguel Miram\\u00f3n, el ni\\u00f1o h\\u00e9roe olvidado - Letras Hiptn\\u00f3ticas\",\"headline\":\"Miguel Miram\\u00f3n, el ni\\u00f1o h\\u00e9roe olvidado\",\"author\":{\"@id\":\"https:\\\/\\\/letrashipnoticas.org\\\/?author=1#author\"},\"publisher\":{\"@id\":\"https:\\\/\\\/letrashipnoticas.org\\\/#organization\"},\"image\":{\"@type\":\"ImageObject\",\"url\":\"https:\\\/\\\/letrashipnoticas.org\\\/wp-content\\\/uploads\\\/2025\\\/01\\\/33.jpg\",\"width\":1160,\"height\":700},\"datePublished\":\"2025-01-30T21:00:29+00:00\",\"dateModified\":\"2025-02-17T20:00:20+00:00\",\"inLanguage\":\"es-MX\",\"mainEntityOfPage\":{\"@id\":\"https:\\\/\\\/letrashipnoticas.org\\\/?p=703#webpage\"},\"isPartOf\":{\"@id\":\"https:\\\/\\\/letrashipnoticas.org\\\/?p=703#webpage\"},\"articleSection\":\"Las Letras Hipn\\u00f3ticas de hoy\"},{\"@type\":\"BreadcrumbList\",\"@id\":\"https:\\\/\\\/letrashipnoticas.org\\\/?p=703#breadcrumblist\",\"itemListElement\":[{\"@type\":\"ListItem\",\"@id\":\"https:\\\/\\\/letrashipnoticas.org#listItem\",\"position\":1,\"name\":\"Inicio\",\"item\":\"https:\\\/\\\/letrashipnoticas.org\",\"nextItem\":{\"@type\":\"ListItem\",\"@id\":\"https:\\\/\\\/letrashipnoticas.org\\\/?cat=1#listItem\",\"name\":\"Las Letras Hipn\\u00f3ticas de hoy\"}},{\"@type\":\"ListItem\",\"@id\":\"https:\\\/\\\/letrashipnoticas.org\\\/?cat=1#listItem\",\"position\":2,\"name\":\"Las Letras Hipn\\u00f3ticas de hoy\",\"item\":\"https:\\\/\\\/letrashipnoticas.org\\\/?cat=1\",\"nextItem\":{\"@type\":\"ListItem\",\"@id\":\"https:\\\/\\\/letrashipnoticas.org\\\/?p=703#listItem\",\"name\":\"Miguel Miram\\u00f3n, el ni\\u00f1o h\\u00e9roe olvidado\"},\"previousItem\":{\"@type\":\"ListItem\",\"@id\":\"https:\\\/\\\/letrashipnoticas.org#listItem\",\"name\":\"Inicio\"}},{\"@type\":\"ListItem\",\"@id\":\"https:\\\/\\\/letrashipnoticas.org\\\/?p=703#listItem\",\"position\":3,\"name\":\"Miguel Miram\\u00f3n, el ni\\u00f1o h\\u00e9roe olvidado\",\"previousItem\":{\"@type\":\"ListItem\",\"@id\":\"https:\\\/\\\/letrashipnoticas.org\\\/?cat=1#listItem\",\"name\":\"Las Letras Hipn\\u00f3ticas de hoy\"}}]},{\"@type\":\"Organization\",\"@id\":\"https:\\\/\\\/letrashipnoticas.org\\\/#organization\",\"name\":\"Letras Hiptn\\u00f3ticas\",\"description\":\"\\\"Descubre Apunte diario sobre letras hipn\\u00f3ticas, un viaje literario envolvente que despierta el alma. Reflexiones profundas, historias cautivadoras y un estilo \\u00fanico que hipnotiza en cada palabra.\\\"\",\"url\":\"https:\\\/\\\/letrashipnoticas.org\\\/\",\"logo\":{\"@type\":\"ImageObject\",\"url\":\"https:\\\/\\\/letrashipnoticas.org\\\/wp-content\\\/uploads\\\/2024\\\/09\\\/LogoRetinaPNG.png\",\"@id\":\"https:\\\/\\\/letrashipnoticas.org\\\/?p=703\\\/#organizationLogo\",\"width\":544,\"height\":180},\"image\":{\"@id\":\"https:\\\/\\\/letrashipnoticas.org\\\/?p=703\\\/#organizationLogo\"}},{\"@type\":\"Person\",\"@id\":\"https:\\\/\\\/letrashipnoticas.org\\\/?author=1#author\",\"url\":\"https:\\\/\\\/letrashipnoticas.org\\\/?author=1\",\"name\":\"Dr. Arturo David V\\u00e1squez Urdiales\",\"image\":{\"@type\":\"ImageObject\",\"@id\":\"https:\\\/\\\/letrashipnoticas.org\\\/?p=703#authorImage\",\"url\":\"https:\\\/\\\/secure.gravatar.com\\\/avatar\\\/1bbc04a2da05a8a25045693b6f4473cec684496aa6385880380b702aa43009f8?s=96&d=mm&r=g\",\"width\":96,\"height\":96,\"caption\":\"Dr. Arturo David V\\u00e1squez Urdiales\"}},{\"@type\":\"WebPage\",\"@id\":\"https:\\\/\\\/letrashipnoticas.org\\\/?p=703#webpage\",\"url\":\"https:\\\/\\\/letrashipnoticas.org\\\/?p=703\",\"name\":\"Miguel Miram\\u00f3n, el ni\\u00f1o h\\u00e9roe olvidado - Letras Hiptn\\u00f3ticas\",\"description\":\"Miguel Miram\\u00f3n, el odiado Miguel Miram\\u00f3n, el ni\\u00f1o h\\u00e9roe olvidado, el joven macabeo fusilado junto a Maximiliano de Habsburgo En la historia de M\\u00e9xico existen h\\u00e9roes y tiranos, traidores y valientes, buenos y malos La historia de M\\u00e9xico no da lugar a medias tintas Tampoco se nos ense\\u00f1a a estudiar la verdad y sobre todo,\",\"inLanguage\":\"es-MX\",\"isPartOf\":{\"@id\":\"https:\\\/\\\/letrashipnoticas.org\\\/#website\"},\"breadcrumb\":{\"@id\":\"https:\\\/\\\/letrashipnoticas.org\\\/?p=703#breadcrumblist\"},\"author\":{\"@id\":\"https:\\\/\\\/letrashipnoticas.org\\\/?author=1#author\"},\"creator\":{\"@id\":\"https:\\\/\\\/letrashipnoticas.org\\\/?author=1#author\"},\"image\":{\"@type\":\"ImageObject\",\"url\":\"https:\\\/\\\/letrashipnoticas.org\\\/wp-content\\\/uploads\\\/2025\\\/01\\\/33.jpg\",\"@id\":\"https:\\\/\\\/letrashipnoticas.org\\\/?p=703\\\/#mainImage\",\"width\":1160,\"height\":700},\"primaryImageOfPage\":{\"@id\":\"https:\\\/\\\/letrashipnoticas.org\\\/?p=703#mainImage\"},\"datePublished\":\"2025-01-30T21:00:29+00:00\",\"dateModified\":\"2025-02-17T20:00:20+00:00\"},{\"@type\":\"WebSite\",\"@id\":\"https:\\\/\\\/letrashipnoticas.org\\\/#website\",\"url\":\"https:\\\/\\\/letrashipnoticas.org\\\/\",\"name\":\"Letras Hiptn\\u00f3ticas\",\"description\":\"\\\"Descubre Apunte diario sobre letras hipn\\u00f3ticas, un viaje literario envolvente que despierta el alma. Reflexiones profundas, historias cautivadoras y un estilo \\u00fanico que hipnotiza en cada palabra.\\\"\",\"inLanguage\":\"es-MX\",\"publisher\":{\"@id\":\"https:\\\/\\\/letrashipnoticas.org\\\/#organization\"}}]}\n\t\t<\/script>\n\t\t<!-- All in One SEO -->\n\n","aioseo_head_json":{"title":"Miguel Miram\u00f3n, el ni\u00f1o h\u00e9roe olvidado - Letras Hiptn\u00f3ticas","description":"Miguel Miram\u00f3n, el odiado Miguel Miram\u00f3n, el ni\u00f1o h\u00e9roe olvidado, el joven macabeo fusilado junto a Maximiliano de Habsburgo En la historia de M\u00e9xico existen h\u00e9roes y tiranos, traidores y valientes, buenos y malos La historia de M\u00e9xico no da lugar a medias tintas Tampoco se nos ense\u00f1a a estudiar la verdad y sobre todo,","canonical_url":"https:\/\/letrashipnoticas.org\/?p=703","robots":"max-image-preview:large","keywords":"","webmasterTools":{"google-site-verification":"w1V7bRCSYMeOZjzLwWS_W8_n8jd94Z38sletBUa-LV0","miscellaneous":""},"schema":{"@context":"https:\/\/schema.org","@graph":[{"@type":"BlogPosting","@id":"https:\/\/letrashipnoticas.org\/?p=703#blogposting","name":"Miguel Miram\u00f3n, el ni\u00f1o h\u00e9roe olvidado - Letras Hiptn\u00f3ticas","headline":"Miguel Miram\u00f3n, el ni\u00f1o h\u00e9roe olvidado","author":{"@id":"https:\/\/letrashipnoticas.org\/?author=1#author"},"publisher":{"@id":"https:\/\/letrashipnoticas.org\/#organization"},"image":{"@type":"ImageObject","url":"https:\/\/letrashipnoticas.org\/wp-content\/uploads\/2025\/01\/33.jpg","width":1160,"height":700},"datePublished":"2025-01-30T21:00:29+00:00","dateModified":"2025-02-17T20:00:20+00:00","inLanguage":"es-MX","mainEntityOfPage":{"@id":"https:\/\/letrashipnoticas.org\/?p=703#webpage"},"isPartOf":{"@id":"https:\/\/letrashipnoticas.org\/?p=703#webpage"},"articleSection":"Las Letras Hipn\u00f3ticas de hoy"},{"@type":"BreadcrumbList","@id":"https:\/\/letrashipnoticas.org\/?p=703#breadcrumblist","itemListElement":[{"@type":"ListItem","@id":"https:\/\/letrashipnoticas.org#listItem","position":1,"name":"Inicio","item":"https:\/\/letrashipnoticas.org","nextItem":{"@type":"ListItem","@id":"https:\/\/letrashipnoticas.org\/?cat=1#listItem","name":"Las Letras Hipn\u00f3ticas de hoy"}},{"@type":"ListItem","@id":"https:\/\/letrashipnoticas.org\/?cat=1#listItem","position":2,"name":"Las Letras Hipn\u00f3ticas de hoy","item":"https:\/\/letrashipnoticas.org\/?cat=1","nextItem":{"@type":"ListItem","@id":"https:\/\/letrashipnoticas.org\/?p=703#listItem","name":"Miguel Miram\u00f3n, el ni\u00f1o h\u00e9roe olvidado"},"previousItem":{"@type":"ListItem","@id":"https:\/\/letrashipnoticas.org#listItem","name":"Inicio"}},{"@type":"ListItem","@id":"https:\/\/letrashipnoticas.org\/?p=703#listItem","position":3,"name":"Miguel Miram\u00f3n, el ni\u00f1o h\u00e9roe olvidado","previousItem":{"@type":"ListItem","@id":"https:\/\/letrashipnoticas.org\/?cat=1#listItem","name":"Las Letras Hipn\u00f3ticas de hoy"}}]},{"@type":"Organization","@id":"https:\/\/letrashipnoticas.org\/#organization","name":"Letras Hiptn\u00f3ticas","description":"\"Descubre Apunte diario sobre letras hipn\u00f3ticas, un viaje literario envolvente que despierta el alma. Reflexiones profundas, historias cautivadoras y un estilo \u00fanico que hipnotiza en cada palabra.\"","url":"https:\/\/letrashipnoticas.org\/","logo":{"@type":"ImageObject","url":"https:\/\/letrashipnoticas.org\/wp-content\/uploads\/2024\/09\/LogoRetinaPNG.png","@id":"https:\/\/letrashipnoticas.org\/?p=703\/#organizationLogo","width":544,"height":180},"image":{"@id":"https:\/\/letrashipnoticas.org\/?p=703\/#organizationLogo"}},{"@type":"Person","@id":"https:\/\/letrashipnoticas.org\/?author=1#author","url":"https:\/\/letrashipnoticas.org\/?author=1","name":"Dr. Arturo David V\u00e1squez Urdiales","image":{"@type":"ImageObject","@id":"https:\/\/letrashipnoticas.org\/?p=703#authorImage","url":"https:\/\/secure.gravatar.com\/avatar\/1bbc04a2da05a8a25045693b6f4473cec684496aa6385880380b702aa43009f8?s=96&d=mm&r=g","width":96,"height":96,"caption":"Dr. Arturo David V\u00e1squez Urdiales"}},{"@type":"WebPage","@id":"https:\/\/letrashipnoticas.org\/?p=703#webpage","url":"https:\/\/letrashipnoticas.org\/?p=703","name":"Miguel Miram\u00f3n, el ni\u00f1o h\u00e9roe olvidado - Letras Hiptn\u00f3ticas","description":"Miguel Miram\u00f3n, el odiado Miguel Miram\u00f3n, el ni\u00f1o h\u00e9roe olvidado, el joven macabeo fusilado junto a Maximiliano de Habsburgo En la historia de M\u00e9xico existen h\u00e9roes y tiranos, traidores y valientes, buenos y malos La historia de M\u00e9xico no da lugar a medias tintas Tampoco se nos ense\u00f1a a estudiar la verdad y sobre todo,","inLanguage":"es-MX","isPartOf":{"@id":"https:\/\/letrashipnoticas.org\/#website"},"breadcrumb":{"@id":"https:\/\/letrashipnoticas.org\/?p=703#breadcrumblist"},"author":{"@id":"https:\/\/letrashipnoticas.org\/?author=1#author"},"creator":{"@id":"https:\/\/letrashipnoticas.org\/?author=1#author"},"image":{"@type":"ImageObject","url":"https:\/\/letrashipnoticas.org\/wp-content\/uploads\/2025\/01\/33.jpg","@id":"https:\/\/letrashipnoticas.org\/?p=703\/#mainImage","width":1160,"height":700},"primaryImageOfPage":{"@id":"https:\/\/letrashipnoticas.org\/?p=703#mainImage"},"datePublished":"2025-01-30T21:00:29+00:00","dateModified":"2025-02-17T20:00:20+00:00"},{"@type":"WebSite","@id":"https:\/\/letrashipnoticas.org\/#website","url":"https:\/\/letrashipnoticas.org\/","name":"Letras Hiptn\u00f3ticas","description":"\"Descubre Apunte diario sobre letras hipn\u00f3ticas, un viaje literario envolvente que despierta el alma. Reflexiones profundas, historias cautivadoras y un estilo \u00fanico que hipnotiza en cada palabra.\"","inLanguage":"es-MX","publisher":{"@id":"https:\/\/letrashipnoticas.org\/#organization"}}]},"og:locale":"es_MX","og:site_name":"Letras Hiptn\u00f3ticas - &quot;Descubre Apunte diario sobre letras hipn\u00f3ticas, un viaje literario envolvente que despierta el alma. Reflexiones profundas, historias cautivadoras y un estilo \u00fanico que hipnotiza en cada palabra.&quot; Miguel Miram\u00f3n, el odiado Miguel Miram\u00f3n, el ni\u00f1o h\u00e9roe olvidado, el joven macabeo fusilado junto a Maximiliano de Habsburgo En la historia de M\u00e9xico existen h\u00e9roes y tiranos, traidores y valientes, buenos y malos La historia de M\u00e9xico no da lugar a medias tintas Tampoco se nos ense\u00f1a a estudiar la verdad y sobre todo,","og:type":"article","og:title":"Miguel Miram\u00f3n, el ni\u00f1o h\u00e9roe olvidado - Letras Hiptn\u00f3ticas","og:description":"Miguel Miram\u00f3n, el odiado Miguel Miram\u00f3n, el ni\u00f1o h\u00e9roe olvidado, el joven macabeo fusilado junto a Maximiliano de Habsburgo En la historia de M\u00e9xico existen h\u00e9roes y tiranos, traidores y valientes, buenos y malos La historia de M\u00e9xico no da lugar a medias tintas Tampoco se nos ense\u00f1a a estudiar la verdad y sobre todo,","og:url":"https:\/\/letrashipnoticas.org\/?p=703","og:image":"https:\/\/letrashipnoticas.org\/wp-content\/uploads\/2025\/01\/33.jpg","og:image:secure_url":"https:\/\/letrashipnoticas.org\/wp-content\/uploads\/2025\/01\/33.jpg","og:image:width":1160,"og:image:height":700,"article:published_time":"2025-01-30T21:00:29+00:00","article:modified_time":"2025-02-17T20:00:20+00:00","twitter:card":"summary_large_image","twitter:title":"Miguel Miram\u00f3n, el ni\u00f1o h\u00e9roe olvidado - Letras Hiptn\u00f3ticas","twitter:description":"Miguel Miram\u00f3n, el odiado Miguel Miram\u00f3n, el ni\u00f1o h\u00e9roe olvidado, el joven macabeo fusilado junto a Maximiliano de Habsburgo En la historia de M\u00e9xico existen h\u00e9roes y tiranos, traidores y valientes, buenos y malos La historia de M\u00e9xico no da lugar a medias tintas Tampoco se nos ense\u00f1a a estudiar la verdad y sobre todo,","twitter:image":"https:\/\/letrashipnoticas.org\/wp-content\/uploads\/2025\/01\/33.jpg"},"aioseo_meta_data":{"post_id":"703","title":null,"description":null,"keywords":null,"keyphrases":{"focus":{"keyphrase":"","score":0,"analysis":{"keyphraseInTitle":{"score":0,"maxScore":9,"error":1}}},"additional":[]},"primary_term":null,"canonical_url":null,"og_title":null,"og_description":null,"og_object_type":"default","og_image_type":"default","og_image_url":null,"og_image_width":null,"og_image_height":null,"og_image_custom_url":null,"og_image_custom_fields":null,"og_video":"","og_custom_url":null,"og_article_section":null,"og_article_tags":null,"twitter_use_og":false,"twitter_card":"default","twitter_image_type":"default","twitter_image_url":null,"twitter_image_custom_url":null,"twitter_image_custom_fields":null,"twitter_title":null,"twitter_description":null,"schema":{"blockGraphs":[],"customGraphs":[],"default":{"data":{"Article":[],"Course":[],"Dataset":[],"FAQPage":[],"Movie":[],"Person":[],"Product":[],"ProductReview":[],"Car":[],"Recipe":[],"Service":[],"SoftwareApplication":[],"WebPage":[]},"graphName":"BlogPosting","isEnabled":true},"graphs":[]},"schema_type":"default","schema_type_options":null,"pillar_content":false,"robots_default":true,"robots_noindex":false,"robots_noarchive":false,"robots_nosnippet":false,"robots_nofollow":false,"robots_noimageindex":false,"robots_noodp":false,"robots_notranslate":false,"robots_max_snippet":"-1","robots_max_videopreview":"-1","robots_max_imagepreview":"large","priority":null,"frequency":"default","local_seo":null,"breadcrumb_settings":null,"limit_modified_date":false,"ai":null,"created":"2025-01-30 21:00:37","updated":"2025-08-08 17:30:21","focus_keyword":null,"additional_keywords":null,"truseo_locale":null,"seo_analyzer_scan_date":null},"aioseo_breadcrumb":"<div class=\"aioseo-breadcrumbs\"><span class=\"aioseo-breadcrumb\">\n\t\t\t<a href=\"https:\/\/letrashipnoticas.org\" title=\"Inicio\">Inicio<\/a>\n\t\t<\/span><span class=\"aioseo-breadcrumb-separator\">&raquo;<\/span><span class=\"aioseo-breadcrumb\">\n\t\t\t<a href=\"https:\/\/letrashipnoticas.org\/?cat=1\" title=\"Las Letras Hipn\u00f3ticas de hoy\">Las Letras Hipn\u00f3ticas de hoy<\/a>\n\t\t<\/span><span class=\"aioseo-breadcrumb-separator\">&raquo;<\/span><span class=\"aioseo-breadcrumb\">\n\t\t\tMiguel Miram\u00f3n, el ni\u00f1o h\u00e9roe olvidado\n\t\t<\/span><\/div>","aioseo_breadcrumb_json":[{"label":"Inicio","link":"https:\/\/letrashipnoticas.org"},{"label":"Las Letras Hipn\u00f3ticas de hoy","link":"https:\/\/letrashipnoticas.org\/?cat=1"},{"label":"Miguel Miram\u00f3n, el ni\u00f1o h\u00e9roe olvidado","link":"https:\/\/letrashipnoticas.org\/?p=703"}],"_links":{"self":[{"href":"https:\/\/letrashipnoticas.org\/index.php?rest_route=\/wp\/v2\/posts\/703","targetHints":{"allow":["GET"]}}],"collection":[{"href":"https:\/\/letrashipnoticas.org\/index.php?rest_route=\/wp\/v2\/posts"}],"about":[{"href":"https:\/\/letrashipnoticas.org\/index.php?rest_route=\/wp\/v2\/types\/post"}],"author":[{"embeddable":true,"href":"https:\/\/letrashipnoticas.org\/index.php?rest_route=\/wp\/v2\/users\/1"}],"replies":[{"embeddable":true,"href":"https:\/\/letrashipnoticas.org\/index.php?rest_route=%2Fwp%2Fv2%2Fcomments&post=703"}],"version-history":[{"count":1,"href":"https:\/\/letrashipnoticas.org\/index.php?rest_route=\/wp\/v2\/posts\/703\/revisions"}],"predecessor-version":[{"id":705,"href":"https:\/\/letrashipnoticas.org\/index.php?rest_route=\/wp\/v2\/posts\/703\/revisions\/705"}],"wp:featuredmedia":[{"embeddable":true,"href":"https:\/\/letrashipnoticas.org\/index.php?rest_route=\/wp\/v2\/media\/704"}],"wp:attachment":[{"href":"https:\/\/letrashipnoticas.org\/index.php?rest_route=%2Fwp%2Fv2%2Fmedia&parent=703"}],"wp:term":[{"taxonomy":"category","embeddable":true,"href":"https:\/\/letrashipnoticas.org\/index.php?rest_route=%2Fwp%2Fv2%2Fcategories&post=703"},{"taxonomy":"post_tag","embeddable":true,"href":"https:\/\/letrashipnoticas.org\/index.php?rest_route=%2Fwp%2Fv2%2Ftags&post=703"}],"curies":[{"name":"wp","href":"https:\/\/api.w.org\/{rel}","templated":true}]}}