{"id":683,"date":"2025-01-28T20:39:42","date_gmt":"2025-01-28T20:39:42","guid":{"rendered":"https:\/\/letrashipnoticas.org\/?p=683"},"modified":"2025-02-18T17:09:37","modified_gmt":"2025-02-18T17:09:37","slug":"el-cristo-de-san-juan-de-la-cruz-de-salvador-dali","status":"publish","type":"post","link":"https:\/\/letrashipnoticas.org\/?p=683","title":{"rendered":"El Cristo de San Juan de la Cruz de Salvador Dal\u00ed"},"content":{"rendered":"\n<p class=\"wp-block-paragraph\">Cuando era chavito, mi padre recort\u00f3 un cromo de un calendario, all\u00e1 por 1973 o 74, que llam\u00f3 mucho mi atenci\u00f3n de ni\u00f1o, a\u00f1os enteros colg\u00f3 de un clavo en su despacho enmarcado en un sencillo cristal que preserv\u00f3 su belleza.<\/p>\n\n\n\n<p class=\"wp-block-paragraph\">Mi padre se fu\u00e9 ( Nahum V\u00e1squez Escamilla 1930-2006, Minas, Sola,-Oaxaca, Oaxaca) y no supe m\u00e1s de ese cromo que me ha impactado siempre por su gran belleza, ahora mismo lo estoy mirando con los ojos del alma y la a\u00f1oranza del doctrino que ve a un Jes\u00fas desde arriba, sin sangre, sin rostro y hermoso, en una singular perspectiva, siempre perfecto.Siempre Jes\u00fas-Dios<\/p>\n\n\n\n<p class=\"wp-block-paragraph\">En alguno de mis tantos pasos por el mundo lo volv\u00ed a encontrar, resguardado apenas y su belleza me cautiv\u00f3 de nuevo. Recurr\u00ed a saber, siempre saber y llegu\u00e9 a dos personajes que han llenado el incansable esp\u00edritu de la humanidad, hermanados por la grandeza, el misticismo y la belleza, sin poder ser m\u00e1s diferentes:<\/p>\n\n\n\n<p class=\"wp-block-paragraph\">San Juan de la Cruz y Eugenio Salvador Dal\u00ed.:<\/p>\n\n\n\n<p class=\"wp-block-paragraph\">El HIPN\u00d3TICO CRISTO DE SAN JUAN DE LA CRUZ POR SALVADOR DAL\u00cd.<\/p>\n\n\n\n<p class=\"wp-block-paragraph\">\u00abTodos estamos locos\u2026pero no es usted el loco que soy yo, porque en mi locura mando yo\u00bb<\/p>\n\n\n\n<p class=\"wp-block-paragraph\">(advu)<\/p>\n\n\n\n<p class=\"wp-block-paragraph\">Parte 1:<\/p>\n\n\n\n<p class=\"wp-block-paragraph\">Salvador Dal\u00ed, influido por el misticismo de San Juan de la Cruz, cre\u00f3 \u00abEl Cristo de San Juan de la Cruz\u00bb, una pintura \u00fanica en perspectiva y t\u00e9cnica. La imagen muestra a Jes\u00fas crucificado, su cabeza como punto focal, mirando hacia abajo. Inspirado por un sue\u00f1o hipn\u00f3tica y dibujo m\u00edstico, Dal\u00ed pint\u00f3 al Cristo sin las heridas tradicionales, flotando cerca de la cruz, rodeado por un paisaje sereno de Port Lligat.<\/p>\n\n\n\n<p class=\"wp-block-paragraph\">Parte 2:<br>La elecci\u00f3n de modelos y elementos en la pintura revela la originalidad de Dal\u00ed. Us\u00f3 a Russ Saunders y posiblemente a Diego Schmiedl como modelos para el Cristo y pescadores famosos para la parte inferior. La controversia rode\u00f3 su adquisici\u00f3n por los museos de Glasgow, aunque esta relaci\u00f3n permiti\u00f3 una amistad con Dal\u00ed.<\/p>\n\n\n\n<p class=\"wp-block-paragraph\">El acto vand\u00e1lico en 1961 result\u00f3 en da\u00f1os que pudieron ser restaurados, y la obra sigue siendo un \u00edcono.<\/p>\n\n\n\n<p class=\"wp-block-paragraph\">Parte 3:<\/p>\n\n\n\n<p class=\"wp-block-paragraph\">Dal\u00ed describi\u00f3 su visi\u00f3n en un art\u00edculo, explicando su inspiraci\u00f3n y c\u00f3mo un segundo sue\u00f1o hipn\u00f3tica modific\u00f3 su enfoque, buscando representar la belleza metaf\u00edsica del *Cristo-Dios. La perspectiva desde arriba aporta drama, con las nubes m\u00edsticas iluminadas por el resplandor de la cruz y Cristo.<\/p>\n\n\n\n<p class=\"wp-block-paragraph\">Aunque diferente de las representaciones cl\u00e1sicas, el cuadro logra transmitir un sentido de humanidad y humildad en la Crucifixi\u00f3n, lo que contribuye a su originalidad y espectacularidad.<\/p>\n\n\n\n<p class=\"wp-block-paragraph\">Escalera<\/p>\n\n\n\n<p class=\"wp-block-paragraph\">La historia detr\u00e1s de \u00abEl Cristo de San Juan de la Cruz\u00bb de Salvador Dal\u00ed es un fascinante recorrido a trav\u00e9s de su proceso creativo, su influencia m\u00edstica y su posterior impacto en el mundo del arte.<\/p>\n\n\n\n<p class=\"wp-block-paragraph\">En la d\u00e9cada de 1950, Dal\u00ed recurri\u00f3 al tema de la crucifixi\u00f3n en varias ocasiones, y una de las representaciones m\u00e1s ic\u00f3nicas naci\u00f3 de su inter\u00e9s por las teor\u00edas del arquitecto del siglo XVI, Juan de Herrera.<\/p>\n\n\n\n<p class=\"wp-block-paragraph\">Bas\u00e1ndose en la perspectiva c\u00fabica de Herrera, Dal\u00ed ide\u00f3 una visi\u00f3n \u00fanica y enigm\u00e1tica de la crucifixi\u00f3n.<\/p>\n\n\n\n<p class=\"wp-block-paragraph\">En sus escritos y declaraciones, Dal\u00ed mencion\u00f3 haberse inspirado en un dibujo del m\u00edstico San Juan de la Cruz y en un sue\u00f1o donde vio un c\u00edrculo dentro de un tri\u00e1ngulo, que representaba el n\u00facleo del \u00e1tomo. Esta inspiraci\u00f3n m\u00edstica se combin\u00f3 con su propia perspicacia t\u00e9cnica para dar vida a la obra.<\/p>\n\n\n\n<p class=\"wp-block-paragraph\">La perspectiva es uno de los aspectos m\u00e1s distintivos de la pintura.<\/p>\n\n\n\n<p class=\"wp-block-paragraph\">Dal\u00ed eligi\u00f3 representar a Jes\u00fas crucificado desde arriba, mirando hacia abajo. Esto crea un efecto visual poderoso, con la cabeza de Cristo como punto central, rodeado por un paisaje sereno. La composici\u00f3n \u00fanica, combinada con la elecci\u00f3n de no mostrar las heridas tradicionales y la inclusi\u00f3n de modelos famosos, contribuy\u00f3 a la singularidad de la obra.<\/p>\n\n\n\n<p class=\"wp-block-paragraph\">La trascendencia de \u00abEl Cristo de San Juan de la Cruz\u00bb radica en su capacidad para generar discusiones y reflexiones profundas.<\/p>\n\n\n\n<p class=\"wp-block-paragraph\">Dal\u00ed se alej\u00f3 de las representaciones convencionales de la crucifixi\u00f3n y busc\u00f3 transmitir la belleza metaf\u00edsica de Cristo-Dios.<\/p>\n\n\n\n<p class=\"wp-block-paragraph\">Esta interpretaci\u00f3n \u00fanica desafi\u00f3 las normas art\u00edsticas establecidas y provoc\u00f3 tanto admiraci\u00f3n como controversia.<\/p>\n\n\n\n<p class=\"wp-block-paragraph\">La pintura fue adquirida por los museos de Glasgow en 1952, marcando un punto de inflexi\u00f3n en la relaci\u00f3n entre Dal\u00ed y la ciudad.<\/p>\n\n\n\n<p class=\"wp-block-paragraph\">A pesar de ser objeto de controversia y de un acto vand\u00e1lico en 1961, donde sufri\u00f3 da\u00f1os que posteriormente fueron reparados, la pintura ha dejado una huella duradera en la historia del arte.<\/p>\n\n\n\n<p class=\"wp-block-paragraph\">La manera en que Dal\u00ed combin\u00f3 su profunda inspiraci\u00f3n m\u00edstica con su genialidad t\u00e9cnica result\u00f3 en una obra maestra que sigue siendo objeto de admiraci\u00f3n y estudio hasta el d\u00eda de hoy.<\/p>\n\n\n\n<p class=\"wp-block-paragraph\">\u00abEl Cristo de San Juan de la Cruz\u00bb es un ejemplo vivo de la capacidad del arte para trascender lo convencional y provocar la reflexi\u00f3n sobre lo divino y lo humano.<\/p>\n\n\n\n<p class=\"wp-block-paragraph\">Dal\u00ed<\/p>\n\n\n\n<p class=\"wp-block-paragraph\">El Genio Loco<\/p>\n\n\n\n<p class=\"wp-block-paragraph\">Salvador Dal\u00ed<br>Eugenio Salvador Dal\u00ed<br>(1904-1989) fue un pintor, escultor, escritor y artista multidisciplinario espa\u00f1ol conocido por ser uno de los m\u00e1ximos exponentes del surrealismo. Su obra es ic\u00f3nica por su estilo \u00fanico y su habilidad para combinar lo real y lo fant\u00e1stico en una forma altamente distintiva.<\/p>\n\n\n\n<p class=\"wp-block-paragraph\">Dal\u00ed fue un maestro de la t\u00e9cnica y cre\u00f3 im\u00e1genes que desafiaban la l\u00f3gica y exploraban el subconsciente.<\/p>\n\n\n\n<p class=\"wp-block-paragraph\">En relaci\u00f3n con \u00abEl Cristo de San Juan de la Cruz\u00bb, Dal\u00ed cre\u00f3 esta pintura en 1951 y es considerada una de sus obras m\u00e1s controvertidas y notables.<\/p>\n\n\n\n<p class=\"wp-block-paragraph\">La perspectiva \u00fanica en la que representa a Cristo crucificado, mirando desde arriba hacia abajo, y la ausencia de las heridas y la sangre tradicionales, hicieron que la obra se destacara.<\/p>\n\n\n\n<p class=\"wp-block-paragraph\">A trav\u00e9s de esta reinterpretaci\u00f3n, Dal\u00ed busc\u00f3 transmitir la belleza metaf\u00edsica del Cristo-Dios y desafiar las representaciones convencionales de la crucifixi\u00f3n.<\/p>\n\n\n\n<p class=\"wp-block-paragraph\">La trascendencia de \u00abEl Cristo de San Juan de la Cruz\u00bb radica en su capacidad para fusionar la espiritualidad y la innovaci\u00f3n art\u00edstica.<\/p>\n\n\n\n<p class=\"wp-block-paragraph\">Dal\u00ed logr\u00f3 crear una obra que provoc\u00f3 discusiones y debates sobre su interpretaci\u00f3n y significado, adem\u00e1s de demostrar su habilidad t\u00e9cnica \u00fanica.<\/p>\n\n\n\n<p class=\"wp-block-paragraph\">Esta pintura en particular tambi\u00e9n jug\u00f3 un papel importante en la relaci\u00f3n de Dal\u00ed con Escocia, ya que fue adquirida por los museos de Glasgow en 1952.<\/p>\n\n\n\n<p class=\"wp-block-paragraph\">A lo largo de su carrera, Dal\u00ed produjo una vasta cantidad de obras surrealistas que exploraban temas como el subconsciente, el sue\u00f1o y lo irracional.<\/p>\n\n\n\n<p class=\"wp-block-paragraph\">Su influencia en la historia del arte es innegable, y su estilo \u00fanico y su enfoque creativo siguen siendo estudiados y admirados por artistas y amantes del arte en todo el mundo. \u00abEl Cristo de San Juan de la Cruz\u00bb se mantiene como una joya en la corona de su legado art\u00edstico, y su trascendencia radica en c\u00f3mo desafi\u00f3 las normas y abri\u00f3 nuevas perspectivas en la representaci\u00f3n de lo divino a trav\u00e9s del arte.<\/p>\n\n\n\n<p class=\"wp-block-paragraph\">El Gigante<\/p>\n\n\n\n<p class=\"wp-block-paragraph\">San Juan de la Cruz<\/p>\n\n\n\n<p class=\"wp-block-paragraph\">San Juan de la Cruz (1542-1591) fue un m\u00edstico y poeta espa\u00f1ol que desempe\u00f1\u00f3 un papel fundamental en la tradici\u00f3n m\u00edstica y espiritual de la Iglesia Cat\u00f3lica.<\/p>\n\n\n\n<p class=\"wp-block-paragraph\">Su legado se basa en su profundo compromiso con la contemplaci\u00f3n, la b\u00fasqueda de la uni\u00f3n con Dios y su capacidad para expresar estas experiencias a trav\u00e9s de la poes\u00eda y la escritura.<\/p>\n\n\n\n<p class=\"wp-block-paragraph\">La m\u00edstica de San Juan de la Cruz se centra en la \u00abnoche oscura del alma\u00bb, un concepto que \u00e9l desarroll\u00f3 en sus escritos y que se refiere a un estado de purificaci\u00f3n espiritual en el que el alma experimenta un sentimiento de aridez, oscuridad y desolaci\u00f3n mientras se esfuerza por alcanzar la uni\u00f3n \u00edntima con Dios.<\/p>\n\n\n\n<p class=\"wp-block-paragraph\">Este proceso se considera un camino hacia la divinidad y la perfecci\u00f3n, en el que el individuo se despoja de sus deseos ego\u00edstas y se abre a la gracia divina.<\/p>\n\n\n\n<p class=\"wp-block-paragraph\">Una de sus obras m\u00e1s influyentes es \u00abLa noche oscura\u00bb, donde describe este proceso de purificaci\u00f3n y la b\u00fasqueda de la uni\u00f3n con Dios.<\/p>\n\n\n\n<p class=\"wp-block-paragraph\">San Juan de la Cruz tambi\u00e9n escribi\u00f3 \u00abC\u00e1ntico espiritual\u00bb y \u00abLlama de amor viva\u00bb, entre otras obras, en las que utiliza un lenguaje po\u00e9tico y aleg\u00f3rico para expresar sus profundas experiencias m\u00edsticas y su relaci\u00f3n con lo divino.<\/p>\n\n\n\n<p class=\"wp-block-paragraph\">La trascendencia de San Juan de la Cruz radica en su capacidad para capturar la experiencia m\u00edstica en palabras y su influencia en la espiritualidad cristiana. Sus escritos han tenido un impacto duradero en la literatura espiritual y en la forma en que las personas abordan su relaci\u00f3n con Dios. Su enfoque en la b\u00fasqueda de la uni\u00f3n \u00edntima con lo divino, a pesar de las dificultades y desaf\u00edos, reson\u00f3 no solo en su \u00e9poca, sino tambi\u00e9n en generaciones posteriores de buscadores espirituales.<\/p>\n\n\n\n<p class=\"wp-block-paragraph\">San Juan de la Cruz es considerado uno de los m\u00e1s grandes m\u00edsticos y poetas de la historia, y su legado sigue inspirando a aquellos que buscan una conexi\u00f3n m\u00e1s profunda con lo trascendental.<\/p>\n\n\n\n<p class=\"wp-block-paragraph\">Sus ense\u00f1anzas sobre la importancia de la purificaci\u00f3n espiritual, la contemplaci\u00f3n y la entrega a Dios han influido en la espiritualidad cat\u00f3lica y en otras tradiciones religiosas, y su poes\u00eda sigue siendo le\u00edda y apreciada por su belleza y profundidad espiritual.<\/p>\n\n\n\n<p class=\"wp-block-paragraph\">Con admiraci\u00f3n a dos seres humanos tan dis\u00edmbolos c\u00f3mo Dal\u00ed y San Juan de la Cruz:<\/p>\n\n\n\n<p class=\"wp-block-paragraph\">Arturo.<\/p>\n","protected":false},"excerpt":{"rendered":"<p>Cuando era chavito, mi padre recort\u00f3 un cromo de un calendario, all\u00e1 por 1973 o 74, que llam\u00f3 mucho mi atenci\u00f3n de ni\u00f1o, a\u00f1os enteros colg\u00f3 de un clavo en su despacho enmarcado en un sencillo cristal que preserv\u00f3 su belleza. Mi padre se fu\u00e9 ( Nahum V\u00e1squez Escamilla 1930-2006, Minas, Sola,-Oaxaca, Oaxaca) y no [&hellip;]<\/p>\n","protected":false},"author":1,"featured_media":684,"comment_status":"open","ping_status":"open","sticky":false,"template":"","format":"standard","meta":{"om_disable_all_campaigns":false,"_monsterinsights_skip_tracking":false,"footnotes":""},"categories":[1],"tags":[],"class_list":["post-683","post","type-post","status-publish","format-standard","has-post-thumbnail","category-general"],"aioseo_notices":[],"aioseo_head":"\n\t\t<!-- All in One SEO 5.0.0.1 - aioseo.com -->\n\t<meta name=\"description\" content=\"Cuando era chavito, mi padre recort\u00f3 un cromo de un calendario, all\u00e1 por 1973 o 74, que llam\u00f3 mucho mi atenci\u00f3n de ni\u00f1o, a\u00f1os enteros colg\u00f3 de un clavo en su despacho enmarcado en un sencillo cristal que preserv\u00f3 su belleza. Mi padre se fu\u00e9 ( Nahum V\u00e1squez Escamilla 1930-2006, Minas, Sola,-Oaxaca, Oaxaca) y no\" \/>\n\t<meta name=\"robots\" content=\"max-image-preview:large\" \/>\n\t<meta name=\"author\" content=\"Dr. Arturo David V\u00e1squez Urdiales\"\/>\n\t<meta name=\"google-site-verification\" content=\"w1V7bRCSYMeOZjzLwWS_W8_n8jd94Z38sletBUa-LV0\" \/>\n\t<link rel=\"canonical\" href=\"https:\/\/letrashipnoticas.org\/?p=683\" \/>\n\t<meta name=\"generator\" content=\"All in One SEO (AIOSEO) 5.0.0.1\" \/>\n\t\t<meta property=\"og:locale\" content=\"es_MX\" \/>\n\t\t<meta property=\"og:site_name\" content=\"Letras Hiptn\u00f3ticas - &quot;Descubre Apunte diario sobre letras hipn\u00f3ticas, un viaje literario envolvente que despierta el alma. Reflexiones profundas, historias cautivadoras y un estilo \u00fanico que hipnotiza en cada palabra.&quot; Cuando era chavito, mi padre recort\u00f3 un cromo de un calendario, all\u00e1 por 1973 o 74, que llam\u00f3 mucho mi atenci\u00f3n de ni\u00f1o, a\u00f1os enteros colg\u00f3 de un clavo en su despacho enmarcado en un sencillo cristal que preserv\u00f3 su belleza. Mi padre se fu\u00e9 ( Nahum V\u00e1squez Escamilla 1930-2006, Minas, Sola,-Oaxaca, Oaxaca) y no\" \/>\n\t\t<meta property=\"og:type\" content=\"article\" \/>\n\t\t<meta property=\"og:title\" content=\"El Cristo de San Juan de la Cruz de Salvador Dal\u00ed - Letras Hiptn\u00f3ticas\" \/>\n\t\t<meta property=\"og:description\" content=\"Cuando era chavito, mi padre recort\u00f3 un cromo de un calendario, all\u00e1 por 1973 o 74, que llam\u00f3 mucho mi atenci\u00f3n de ni\u00f1o, a\u00f1os enteros colg\u00f3 de un clavo en su despacho enmarcado en un sencillo cristal que preserv\u00f3 su belleza. Mi padre se fu\u00e9 ( Nahum V\u00e1squez Escamilla 1930-2006, Minas, Sola,-Oaxaca, Oaxaca) y no\" \/>\n\t\t<meta property=\"og:url\" content=\"https:\/\/letrashipnoticas.org\/?p=683\" \/>\n\t\t<meta property=\"og:image\" content=\"https:\/\/letrashipnoticas.org\/wp-content\/uploads\/2025\/01\/28.jpg\" \/>\n\t\t<meta property=\"og:image:secure_url\" content=\"https:\/\/letrashipnoticas.org\/wp-content\/uploads\/2025\/01\/28.jpg\" \/>\n\t\t<meta property=\"og:image:width\" content=\"1160\" \/>\n\t\t<meta property=\"og:image:height\" content=\"700\" \/>\n\t\t<meta property=\"article:published_time\" content=\"2025-01-28T20:39:42+00:00\" \/>\n\t\t<meta property=\"article:modified_time\" content=\"2025-02-18T17:09:37+00:00\" \/>\n\t\t<meta name=\"twitter:card\" content=\"summary_large_image\" \/>\n\t\t<meta name=\"twitter:title\" content=\"El Cristo de San Juan de la Cruz de Salvador Dal\u00ed - Letras Hiptn\u00f3ticas\" \/>\n\t\t<meta name=\"twitter:description\" content=\"Cuando era chavito, mi padre recort\u00f3 un cromo de un calendario, all\u00e1 por 1973 o 74, que llam\u00f3 mucho mi atenci\u00f3n de ni\u00f1o, a\u00f1os enteros colg\u00f3 de un clavo en su despacho enmarcado en un sencillo cristal que preserv\u00f3 su belleza. Mi padre se fu\u00e9 ( Nahum V\u00e1squez Escamilla 1930-2006, Minas, Sola,-Oaxaca, Oaxaca) y no\" \/>\n\t\t<meta name=\"twitter:image\" content=\"https:\/\/letrashipnoticas.org\/wp-content\/uploads\/2025\/01\/28.jpg\" \/>\n\t\t<script type=\"application\/ld+json\" class=\"aioseo-schema\">\n\t\t\t{\"@context\":\"https:\\\/\\\/schema.org\",\"@graph\":[{\"@type\":\"BlogPosting\",\"@id\":\"https:\\\/\\\/letrashipnoticas.org\\\/?p=683#blogposting\",\"name\":\"El Cristo de San Juan de la Cruz de Salvador Dal\\u00ed - Letras Hiptn\\u00f3ticas\",\"headline\":\"El Cristo de San Juan de la Cruz de Salvador Dal\\u00ed\",\"author\":{\"@id\":\"https:\\\/\\\/letrashipnoticas.org\\\/?author=1#author\"},\"publisher\":{\"@id\":\"https:\\\/\\\/letrashipnoticas.org\\\/#organization\"},\"image\":{\"@type\":\"ImageObject\",\"url\":\"https:\\\/\\\/letrashipnoticas.org\\\/wp-content\\\/uploads\\\/2025\\\/01\\\/28.jpg\",\"width\":1160,\"height\":700},\"datePublished\":\"2025-01-28T20:39:42+00:00\",\"dateModified\":\"2025-02-18T17:09:37+00:00\",\"inLanguage\":\"es-MX\",\"mainEntityOfPage\":{\"@id\":\"https:\\\/\\\/letrashipnoticas.org\\\/?p=683#webpage\"},\"isPartOf\":{\"@id\":\"https:\\\/\\\/letrashipnoticas.org\\\/?p=683#webpage\"},\"articleSection\":\"Las Letras Hipn\\u00f3ticas de hoy\"},{\"@type\":\"BreadcrumbList\",\"@id\":\"https:\\\/\\\/letrashipnoticas.org\\\/?p=683#breadcrumblist\",\"itemListElement\":[{\"@type\":\"ListItem\",\"@id\":\"https:\\\/\\\/letrashipnoticas.org#listItem\",\"position\":1,\"name\":\"Inicio\",\"item\":\"https:\\\/\\\/letrashipnoticas.org\",\"nextItem\":{\"@type\":\"ListItem\",\"@id\":\"https:\\\/\\\/letrashipnoticas.org\\\/?cat=1#listItem\",\"name\":\"Las Letras Hipn\\u00f3ticas de hoy\"}},{\"@type\":\"ListItem\",\"@id\":\"https:\\\/\\\/letrashipnoticas.org\\\/?cat=1#listItem\",\"position\":2,\"name\":\"Las Letras Hipn\\u00f3ticas de hoy\",\"item\":\"https:\\\/\\\/letrashipnoticas.org\\\/?cat=1\",\"nextItem\":{\"@type\":\"ListItem\",\"@id\":\"https:\\\/\\\/letrashipnoticas.org\\\/?p=683#listItem\",\"name\":\"El Cristo de San Juan de la Cruz de Salvador Dal\\u00ed\"},\"previousItem\":{\"@type\":\"ListItem\",\"@id\":\"https:\\\/\\\/letrashipnoticas.org#listItem\",\"name\":\"Inicio\"}},{\"@type\":\"ListItem\",\"@id\":\"https:\\\/\\\/letrashipnoticas.org\\\/?p=683#listItem\",\"position\":3,\"name\":\"El Cristo de San Juan de la Cruz de Salvador Dal\\u00ed\",\"previousItem\":{\"@type\":\"ListItem\",\"@id\":\"https:\\\/\\\/letrashipnoticas.org\\\/?cat=1#listItem\",\"name\":\"Las Letras Hipn\\u00f3ticas de hoy\"}}]},{\"@type\":\"Organization\",\"@id\":\"https:\\\/\\\/letrashipnoticas.org\\\/#organization\",\"name\":\"Letras Hiptn\\u00f3ticas\",\"description\":\"\\\"Descubre Apunte diario sobre letras hipn\\u00f3ticas, un viaje literario envolvente que despierta el alma. Reflexiones profundas, historias cautivadoras y un estilo \\u00fanico que hipnotiza en cada palabra.\\\"\",\"url\":\"https:\\\/\\\/letrashipnoticas.org\\\/\",\"logo\":{\"@type\":\"ImageObject\",\"url\":\"https:\\\/\\\/letrashipnoticas.org\\\/wp-content\\\/uploads\\\/2024\\\/09\\\/LogoRetinaPNG.png\",\"@id\":\"https:\\\/\\\/letrashipnoticas.org\\\/?p=683\\\/#organizationLogo\",\"width\":544,\"height\":180},\"image\":{\"@id\":\"https:\\\/\\\/letrashipnoticas.org\\\/?p=683\\\/#organizationLogo\"}},{\"@type\":\"Person\",\"@id\":\"https:\\\/\\\/letrashipnoticas.org\\\/?author=1#author\",\"url\":\"https:\\\/\\\/letrashipnoticas.org\\\/?author=1\",\"name\":\"Dr. Arturo David V\\u00e1squez Urdiales\",\"image\":{\"@type\":\"ImageObject\",\"@id\":\"https:\\\/\\\/letrashipnoticas.org\\\/?p=683#authorImage\",\"url\":\"https:\\\/\\\/secure.gravatar.com\\\/avatar\\\/1bbc04a2da05a8a25045693b6f4473cec684496aa6385880380b702aa43009f8?s=96&d=mm&r=g\",\"width\":96,\"height\":96,\"caption\":\"Dr. Arturo David V\\u00e1squez Urdiales\"}},{\"@type\":\"WebPage\",\"@id\":\"https:\\\/\\\/letrashipnoticas.org\\\/?p=683#webpage\",\"url\":\"https:\\\/\\\/letrashipnoticas.org\\\/?p=683\",\"name\":\"El Cristo de San Juan de la Cruz de Salvador Dal\\u00ed - Letras Hiptn\\u00f3ticas\",\"description\":\"Cuando era chavito, mi padre recort\\u00f3 un cromo de un calendario, all\\u00e1 por 1973 o 74, que llam\\u00f3 mucho mi atenci\\u00f3n de ni\\u00f1o, a\\u00f1os enteros colg\\u00f3 de un clavo en su despacho enmarcado en un sencillo cristal que preserv\\u00f3 su belleza. Mi padre se fu\\u00e9 ( Nahum V\\u00e1squez Escamilla 1930-2006, Minas, Sola,-Oaxaca, Oaxaca) y no\",\"inLanguage\":\"es-MX\",\"isPartOf\":{\"@id\":\"https:\\\/\\\/letrashipnoticas.org\\\/#website\"},\"breadcrumb\":{\"@id\":\"https:\\\/\\\/letrashipnoticas.org\\\/?p=683#breadcrumblist\"},\"author\":{\"@id\":\"https:\\\/\\\/letrashipnoticas.org\\\/?author=1#author\"},\"creator\":{\"@id\":\"https:\\\/\\\/letrashipnoticas.org\\\/?author=1#author\"},\"image\":{\"@type\":\"ImageObject\",\"url\":\"https:\\\/\\\/letrashipnoticas.org\\\/wp-content\\\/uploads\\\/2025\\\/01\\\/28.jpg\",\"@id\":\"https:\\\/\\\/letrashipnoticas.org\\\/?p=683\\\/#mainImage\",\"width\":1160,\"height\":700},\"primaryImageOfPage\":{\"@id\":\"https:\\\/\\\/letrashipnoticas.org\\\/?p=683#mainImage\"},\"datePublished\":\"2025-01-28T20:39:42+00:00\",\"dateModified\":\"2025-02-18T17:09:37+00:00\"},{\"@type\":\"WebSite\",\"@id\":\"https:\\\/\\\/letrashipnoticas.org\\\/#website\",\"url\":\"https:\\\/\\\/letrashipnoticas.org\\\/\",\"name\":\"Letras Hiptn\\u00f3ticas\",\"description\":\"\\\"Descubre Apunte diario sobre letras hipn\\u00f3ticas, un viaje literario envolvente que despierta el alma. Reflexiones profundas, historias cautivadoras y un estilo \\u00fanico que hipnotiza en cada palabra.\\\"\",\"inLanguage\":\"es-MX\",\"publisher\":{\"@id\":\"https:\\\/\\\/letrashipnoticas.org\\\/#organization\"}}]}\n\t\t<\/script>\n\t\t<!-- All in One SEO -->\n\n","aioseo_head_json":{"title":"El Cristo de San Juan de la Cruz de Salvador Dal\u00ed - Letras Hiptn\u00f3ticas","description":"Cuando era chavito, mi padre recort\u00f3 un cromo de un calendario, all\u00e1 por 1973 o 74, que llam\u00f3 mucho mi atenci\u00f3n de ni\u00f1o, a\u00f1os enteros colg\u00f3 de un clavo en su despacho enmarcado en un sencillo cristal que preserv\u00f3 su belleza. Mi padre se fu\u00e9 ( Nahum V\u00e1squez Escamilla 1930-2006, Minas, Sola,-Oaxaca, Oaxaca) y no","canonical_url":"https:\/\/letrashipnoticas.org\/?p=683","robots":"max-image-preview:large","keywords":"","webmasterTools":{"google-site-verification":"w1V7bRCSYMeOZjzLwWS_W8_n8jd94Z38sletBUa-LV0","miscellaneous":""},"schema":{"@context":"https:\/\/schema.org","@graph":[{"@type":"BlogPosting","@id":"https:\/\/letrashipnoticas.org\/?p=683#blogposting","name":"El Cristo de San Juan de la Cruz de Salvador Dal\u00ed - Letras Hiptn\u00f3ticas","headline":"El Cristo de San Juan de la Cruz de Salvador Dal\u00ed","author":{"@id":"https:\/\/letrashipnoticas.org\/?author=1#author"},"publisher":{"@id":"https:\/\/letrashipnoticas.org\/#organization"},"image":{"@type":"ImageObject","url":"https:\/\/letrashipnoticas.org\/wp-content\/uploads\/2025\/01\/28.jpg","width":1160,"height":700},"datePublished":"2025-01-28T20:39:42+00:00","dateModified":"2025-02-18T17:09:37+00:00","inLanguage":"es-MX","mainEntityOfPage":{"@id":"https:\/\/letrashipnoticas.org\/?p=683#webpage"},"isPartOf":{"@id":"https:\/\/letrashipnoticas.org\/?p=683#webpage"},"articleSection":"Las Letras Hipn\u00f3ticas de hoy"},{"@type":"BreadcrumbList","@id":"https:\/\/letrashipnoticas.org\/?p=683#breadcrumblist","itemListElement":[{"@type":"ListItem","@id":"https:\/\/letrashipnoticas.org#listItem","position":1,"name":"Inicio","item":"https:\/\/letrashipnoticas.org","nextItem":{"@type":"ListItem","@id":"https:\/\/letrashipnoticas.org\/?cat=1#listItem","name":"Las Letras Hipn\u00f3ticas de hoy"}},{"@type":"ListItem","@id":"https:\/\/letrashipnoticas.org\/?cat=1#listItem","position":2,"name":"Las Letras Hipn\u00f3ticas de hoy","item":"https:\/\/letrashipnoticas.org\/?cat=1","nextItem":{"@type":"ListItem","@id":"https:\/\/letrashipnoticas.org\/?p=683#listItem","name":"El Cristo de San Juan de la Cruz de Salvador Dal\u00ed"},"previousItem":{"@type":"ListItem","@id":"https:\/\/letrashipnoticas.org#listItem","name":"Inicio"}},{"@type":"ListItem","@id":"https:\/\/letrashipnoticas.org\/?p=683#listItem","position":3,"name":"El Cristo de San Juan de la Cruz de Salvador Dal\u00ed","previousItem":{"@type":"ListItem","@id":"https:\/\/letrashipnoticas.org\/?cat=1#listItem","name":"Las Letras Hipn\u00f3ticas de hoy"}}]},{"@type":"Organization","@id":"https:\/\/letrashipnoticas.org\/#organization","name":"Letras Hiptn\u00f3ticas","description":"\"Descubre Apunte diario sobre letras hipn\u00f3ticas, un viaje literario envolvente que despierta el alma. Reflexiones profundas, historias cautivadoras y un estilo \u00fanico que hipnotiza en cada palabra.\"","url":"https:\/\/letrashipnoticas.org\/","logo":{"@type":"ImageObject","url":"https:\/\/letrashipnoticas.org\/wp-content\/uploads\/2024\/09\/LogoRetinaPNG.png","@id":"https:\/\/letrashipnoticas.org\/?p=683\/#organizationLogo","width":544,"height":180},"image":{"@id":"https:\/\/letrashipnoticas.org\/?p=683\/#organizationLogo"}},{"@type":"Person","@id":"https:\/\/letrashipnoticas.org\/?author=1#author","url":"https:\/\/letrashipnoticas.org\/?author=1","name":"Dr. Arturo David V\u00e1squez Urdiales","image":{"@type":"ImageObject","@id":"https:\/\/letrashipnoticas.org\/?p=683#authorImage","url":"https:\/\/secure.gravatar.com\/avatar\/1bbc04a2da05a8a25045693b6f4473cec684496aa6385880380b702aa43009f8?s=96&d=mm&r=g","width":96,"height":96,"caption":"Dr. Arturo David V\u00e1squez Urdiales"}},{"@type":"WebPage","@id":"https:\/\/letrashipnoticas.org\/?p=683#webpage","url":"https:\/\/letrashipnoticas.org\/?p=683","name":"El Cristo de San Juan de la Cruz de Salvador Dal\u00ed - Letras Hiptn\u00f3ticas","description":"Cuando era chavito, mi padre recort\u00f3 un cromo de un calendario, all\u00e1 por 1973 o 74, que llam\u00f3 mucho mi atenci\u00f3n de ni\u00f1o, a\u00f1os enteros colg\u00f3 de un clavo en su despacho enmarcado en un sencillo cristal que preserv\u00f3 su belleza. Mi padre se fu\u00e9 ( Nahum V\u00e1squez Escamilla 1930-2006, Minas, Sola,-Oaxaca, Oaxaca) y no","inLanguage":"es-MX","isPartOf":{"@id":"https:\/\/letrashipnoticas.org\/#website"},"breadcrumb":{"@id":"https:\/\/letrashipnoticas.org\/?p=683#breadcrumblist"},"author":{"@id":"https:\/\/letrashipnoticas.org\/?author=1#author"},"creator":{"@id":"https:\/\/letrashipnoticas.org\/?author=1#author"},"image":{"@type":"ImageObject","url":"https:\/\/letrashipnoticas.org\/wp-content\/uploads\/2025\/01\/28.jpg","@id":"https:\/\/letrashipnoticas.org\/?p=683\/#mainImage","width":1160,"height":700},"primaryImageOfPage":{"@id":"https:\/\/letrashipnoticas.org\/?p=683#mainImage"},"datePublished":"2025-01-28T20:39:42+00:00","dateModified":"2025-02-18T17:09:37+00:00"},{"@type":"WebSite","@id":"https:\/\/letrashipnoticas.org\/#website","url":"https:\/\/letrashipnoticas.org\/","name":"Letras Hiptn\u00f3ticas","description":"\"Descubre Apunte diario sobre letras hipn\u00f3ticas, un viaje literario envolvente que despierta el alma. Reflexiones profundas, historias cautivadoras y un estilo \u00fanico que hipnotiza en cada palabra.\"","inLanguage":"es-MX","publisher":{"@id":"https:\/\/letrashipnoticas.org\/#organization"}}]},"og:locale":"es_MX","og:site_name":"Letras Hiptn\u00f3ticas - &quot;Descubre Apunte diario sobre letras hipn\u00f3ticas, un viaje literario envolvente que despierta el alma. Reflexiones profundas, historias cautivadoras y un estilo \u00fanico que hipnotiza en cada palabra.&quot; Cuando era chavito, mi padre recort\u00f3 un cromo de un calendario, all\u00e1 por 1973 o 74, que llam\u00f3 mucho mi atenci\u00f3n de ni\u00f1o, a\u00f1os enteros colg\u00f3 de un clavo en su despacho enmarcado en un sencillo cristal que preserv\u00f3 su belleza. Mi padre se fu\u00e9 ( Nahum V\u00e1squez Escamilla 1930-2006, Minas, Sola,-Oaxaca, Oaxaca) y no","og:type":"article","og:title":"El Cristo de San Juan de la Cruz de Salvador Dal\u00ed - Letras Hiptn\u00f3ticas","og:description":"Cuando era chavito, mi padre recort\u00f3 un cromo de un calendario, all\u00e1 por 1973 o 74, que llam\u00f3 mucho mi atenci\u00f3n de ni\u00f1o, a\u00f1os enteros colg\u00f3 de un clavo en su despacho enmarcado en un sencillo cristal que preserv\u00f3 su belleza. Mi padre se fu\u00e9 ( Nahum V\u00e1squez Escamilla 1930-2006, Minas, Sola,-Oaxaca, Oaxaca) y no","og:url":"https:\/\/letrashipnoticas.org\/?p=683","og:image":"https:\/\/letrashipnoticas.org\/wp-content\/uploads\/2025\/01\/28.jpg","og:image:secure_url":"https:\/\/letrashipnoticas.org\/wp-content\/uploads\/2025\/01\/28.jpg","og:image:width":1160,"og:image:height":700,"article:published_time":"2025-01-28T20:39:42+00:00","article:modified_time":"2025-02-18T17:09:37+00:00","twitter:card":"summary_large_image","twitter:title":"El Cristo de San Juan de la Cruz de Salvador Dal\u00ed - Letras Hiptn\u00f3ticas","twitter:description":"Cuando era chavito, mi padre recort\u00f3 un cromo de un calendario, all\u00e1 por 1973 o 74, que llam\u00f3 mucho mi atenci\u00f3n de ni\u00f1o, a\u00f1os enteros colg\u00f3 de un clavo en su despacho enmarcado en un sencillo cristal que preserv\u00f3 su belleza. Mi padre se fu\u00e9 ( Nahum V\u00e1squez Escamilla 1930-2006, Minas, Sola,-Oaxaca, Oaxaca) y no","twitter:image":"https:\/\/letrashipnoticas.org\/wp-content\/uploads\/2025\/01\/28.jpg"},"aioseo_meta_data":{"post_id":"683","title":null,"description":null,"keywords":null,"keyphrases":{"focus":{"keyphrase":"","score":0,"analysis":{"keyphraseInTitle":{"score":0,"maxScore":9,"error":1}}},"additional":[]},"primary_term":null,"canonical_url":null,"og_title":null,"og_description":null,"og_object_type":"default","og_image_type":"default","og_image_url":null,"og_image_width":null,"og_image_height":null,"og_image_custom_url":null,"og_image_custom_fields":null,"og_video":"","og_custom_url":null,"og_article_section":null,"og_article_tags":null,"twitter_use_og":false,"twitter_card":"default","twitter_image_type":"default","twitter_image_url":null,"twitter_image_custom_url":null,"twitter_image_custom_fields":null,"twitter_title":null,"twitter_description":null,"schema":{"blockGraphs":[],"customGraphs":[],"default":{"data":{"Article":[],"Course":[],"Dataset":[],"FAQPage":[],"Movie":[],"Person":[],"Product":[],"ProductReview":[],"Car":[],"Recipe":[],"Service":[],"SoftwareApplication":[],"WebPage":[]},"graphName":"BlogPosting","isEnabled":true},"graphs":[]},"schema_type":"default","schema_type_options":null,"pillar_content":false,"robots_default":true,"robots_noindex":false,"robots_noarchive":false,"robots_nosnippet":false,"robots_nofollow":false,"robots_noimageindex":false,"robots_noodp":false,"robots_notranslate":false,"robots_max_snippet":"-1","robots_max_videopreview":"-1","robots_max_imagepreview":"large","priority":null,"frequency":"default","local_seo":null,"breadcrumb_settings":null,"limit_modified_date":false,"ai":null,"created":"2025-01-28 20:39:46","updated":"2025-08-08 17:30:21","focus_keyword":null,"additional_keywords":null,"truseo_locale":null,"seo_analyzer_scan_date":null},"aioseo_breadcrumb":"<div class=\"aioseo-breadcrumbs\"><span class=\"aioseo-breadcrumb\">\n\t\t\t<a href=\"https:\/\/letrashipnoticas.org\" title=\"Inicio\">Inicio<\/a>\n\t\t<\/span><span class=\"aioseo-breadcrumb-separator\">&raquo;<\/span><span class=\"aioseo-breadcrumb\">\n\t\t\t<a href=\"https:\/\/letrashipnoticas.org\/?cat=1\" title=\"Las Letras Hipn\u00f3ticas de hoy\">Las Letras Hipn\u00f3ticas de hoy<\/a>\n\t\t<\/span><span class=\"aioseo-breadcrumb-separator\">&raquo;<\/span><span class=\"aioseo-breadcrumb\">\n\t\t\tEl Cristo de San Juan de la Cruz de Salvador Dal\u00ed\n\t\t<\/span><\/div>","aioseo_breadcrumb_json":[{"label":"Inicio","link":"https:\/\/letrashipnoticas.org"},{"label":"Las Letras Hipn\u00f3ticas de hoy","link":"https:\/\/letrashipnoticas.org\/?cat=1"},{"label":"El Cristo de San Juan de la Cruz de Salvador Dal\u00ed","link":"https:\/\/letrashipnoticas.org\/?p=683"}],"_links":{"self":[{"href":"https:\/\/letrashipnoticas.org\/index.php?rest_route=\/wp\/v2\/posts\/683","targetHints":{"allow":["GET"]}}],"collection":[{"href":"https:\/\/letrashipnoticas.org\/index.php?rest_route=\/wp\/v2\/posts"}],"about":[{"href":"https:\/\/letrashipnoticas.org\/index.php?rest_route=\/wp\/v2\/types\/post"}],"author":[{"embeddable":true,"href":"https:\/\/letrashipnoticas.org\/index.php?rest_route=\/wp\/v2\/users\/1"}],"replies":[{"embeddable":true,"href":"https:\/\/letrashipnoticas.org\/index.php?rest_route=%2Fwp%2Fv2%2Fcomments&post=683"}],"version-history":[{"count":1,"href":"https:\/\/letrashipnoticas.org\/index.php?rest_route=\/wp\/v2\/posts\/683\/revisions"}],"predecessor-version":[{"id":685,"href":"https:\/\/letrashipnoticas.org\/index.php?rest_route=\/wp\/v2\/posts\/683\/revisions\/685"}],"wp:featuredmedia":[{"embeddable":true,"href":"https:\/\/letrashipnoticas.org\/index.php?rest_route=\/wp\/v2\/media\/684"}],"wp:attachment":[{"href":"https:\/\/letrashipnoticas.org\/index.php?rest_route=%2Fwp%2Fv2%2Fmedia&parent=683"}],"wp:term":[{"taxonomy":"category","embeddable":true,"href":"https:\/\/letrashipnoticas.org\/index.php?rest_route=%2Fwp%2Fv2%2Fcategories&post=683"},{"taxonomy":"post_tag","embeddable":true,"href":"https:\/\/letrashipnoticas.org\/index.php?rest_route=%2Fwp%2Fv2%2Ftags&post=683"}],"curies":[{"name":"wp","href":"https:\/\/api.w.org\/{rel}","templated":true}]}}