{"id":602,"date":"2025-01-18T16:00:40","date_gmt":"2025-01-18T16:00:40","guid":{"rendered":"https:\/\/letrashipnoticas.org\/?p=602"},"modified":"2025-02-18T17:45:55","modified_gmt":"2025-02-18T17:45:55","slug":"de-lefebvre-a-los-cristeros-la-cruz-el-fusil-y-la-extrema-derecha-en-mexico","status":"publish","type":"post","link":"https:\/\/letrashipnoticas.org\/?p=602","title":{"rendered":"De  Lefebvre a los cristeros: la cruz, el fusil y la extrema derecha en M\u00e9xico"},"content":{"rendered":"\n<p class=\"wp-block-paragraph\"><em>Arturo V\u00e1squez Urdiales<\/em><\/p>\n\n\n\n<p class=\"wp-block-paragraph\">18 de enero de 2025<\/p>\n\n\n\n<p class=\"wp-block-paragraph\"><em>Vamos a hablar de derechas y de izquierda<\/em>s:<\/p>\n\n\n\n<hr class=\"wp-block-separator has-alpha-channel-opacity\"\/>\n\n\n\n<p class=\"wp-block-paragraph\">Mucho hemos hablado de la derecha y la extrema derecha, pero en realidad no la conocemos<\/p>\n\n\n\n<p class=\"wp-block-paragraph\">Cuando hablamos de la derecha y la extrema derecha, solemos reducirlas a un conjunto de posturas pol\u00edticas o a un \u201cacento\u201d ideol\u00f3gico. Sin embargo, estas categor\u00edas tienen ra\u00edces profundas en la historia, la cultura y la religi\u00f3n. Este texto busca abrir una ventana hacia uno de los movimientos conservadores m\u00e1s emblem\u00e1ticos del siglo XX: el de Monse\u00f1or Marcel Lefebvre, un baluarte del tradicionalismo cat\u00f3lico, y a partir de ah\u00ed explorar el verdadero rostro de la derecha y su influencia global. Cerramos con una cr\u00edtica a la supuesta derecha mexicana, contrastando su posici\u00f3n con movimientos aut\u00e9nticos como el cristero.<\/p>\n\n\n\n<hr class=\"wp-block-separator has-alpha-channel-opacity\"\/>\n\n\n\n<p class=\"wp-block-paragraph\"><em>El movimiento conservador de Monse\u00f1or Marcel Lefebvre<\/em><\/p>\n\n\n\n<p class=\"wp-block-paragraph\">Marcel Lefebvre, nacido en 1905 en Francia, fue un f\u00e9rreo defensor de la tradici\u00f3n cat\u00f3lica en una \u00e9poca de cambios tumultuosos para la Iglesia. Formado en los valores de una Europa profundamente cristiana, Lefebvre rechaz\u00f3 las reformas introducidas por el Concilio Vaticano II (1962-1965), que abogaban por una mayor apertura al mundo moderno. Lefebvre ve\u00eda en estas reformas una capitulaci\u00f3n ante el secularismo y una desviaci\u00f3n de la pureza doctrinal.<\/p>\n\n\n\n<p class=\"wp-block-paragraph\">En 1970, fund\u00f3 la Fraternidad Sacerdotal San P\u00edo X (FSSPX), destinada a preservar la misa tridentina y resistir los cambios lit\u00fargicos y teol\u00f3gicos. Pero su acto m\u00e1s controvertido lleg\u00f3 en 1988, cuando consagr\u00f3 cuatro obispos sin autorizaci\u00f3n del Vaticano, desafiando directamente al Papa Juan Pablo II. Este acto lo llev\u00f3 a ser excomulgado y lo convirti\u00f3 en un s\u00edmbolo de resistencia para los sectores m\u00e1s conservadores de la Iglesia. Lefebvre no era solo un defensor del rito tradicional; su visi\u00f3n inclu\u00eda una fuerte cr\u00edtica al liberalismo, la masoner\u00eda y la modernidad, posicion\u00e1ndose en una trinchera espiritual que muchos asocian con la extrema derecha religiosa.<\/p>\n\n\n\n<p class=\"wp-block-paragraph\">En Lefebvre podemos observar un fen\u00f3meno que trasciende la religi\u00f3n: la defensa de una identidad cultural y espiritual frente a lo que se percibe como una erosi\u00f3n de valores tradicionales. Este movimiento conservador, aunque minoritario, ha tenido un impacto duradero, especialmente en Europa, donde la FSSPX sigue ganando adeptos.<\/p>\n\n\n\n<p class=\"wp-block-paragraph\"><em>&#8220;Adieu, Monsieur Lefebvre, ces catholiques ne vous veulent pas.&#8221;<\/em><\/p>\n\n\n\n<p class=\"wp-block-paragraph\">&#8212; <em>&#8220;Fusiles y banderas: la lucha por los extremos&#8221;<\/em><\/p>\n\n\n\n<p class=\"wp-block-paragraph\"><em>La verdadera derecha y su influencia global<\/em>.<\/p>\n\n\n\n<p class=\"wp-block-paragraph\">La derecha, como corriente pol\u00edtica, no es monol\u00edtica. Sus manifestaciones var\u00edan seg\u00fan el contexto hist\u00f3rico y cultural. Desde los mon\u00e1rquicos franceses que resistieron la Revoluci\u00f3n Francesa hasta los movimientos neoliberales del siglo XXI, la derecha ha evolucionado en respuesta a las amenazas percibidas contra el orden establecido.<\/p>\n\n\n\n<p class=\"wp-block-paragraph\">La extrema derecha, por su parte, es un fen\u00f3meno m\u00e1s radical. Se define por su oposici\u00f3n al liberalismo, su \u00e9nfasis en la tradici\u00f3n y su tendencia a recurrir al autoritarismo como medio para preservar valores percibidos como absolutos. En el siglo XX, esta tendencia se manifest\u00f3 en reg\u00edmenes como el franquismo en Espa\u00f1a, el salazarismo en Portugal y el fascismo italiano. Aunque cada uno ten\u00eda matices propios, compart\u00edan una devoci\u00f3n por la religi\u00f3n como eje de la vida p\u00fablica, una desconfianza hacia la democracia liberal y una pol\u00edtica econ\u00f3mica corporativista.<\/p>\n\n\n\n<figure class=\"wp-block-image alignwide size-large\"><img loading=\"lazy\" decoding=\"async\" width=\"1024\" height=\"507\" src=\"https:\/\/letrashipnoticas.org\/wp-content\/uploads\/2025\/01\/IMG-20250118-WA0003-1024x507.jpg\" alt=\"\" class=\"wp-image-604\" srcset=\"https:\/\/letrashipnoticas.org\/wp-content\/uploads\/2025\/01\/IMG-20250118-WA0003-1024x507.jpg 1024w, https:\/\/letrashipnoticas.org\/wp-content\/uploads\/2025\/01\/IMG-20250118-WA0003-300x149.jpg 300w, https:\/\/letrashipnoticas.org\/wp-content\/uploads\/2025\/01\/IMG-20250118-WA0003-768x380.jpg 768w, https:\/\/letrashipnoticas.org\/wp-content\/uploads\/2025\/01\/IMG-20250118-WA0003-848x420.jpg 848w, https:\/\/letrashipnoticas.org\/wp-content\/uploads\/2025\/01\/IMG-20250118-WA0003-150x74.jpg 150w, https:\/\/letrashipnoticas.org\/wp-content\/uploads\/2025\/01\/IMG-20250118-WA0003-696x345.jpg 696w, https:\/\/letrashipnoticas.org\/wp-content\/uploads\/2025\/01\/IMG-20250118-WA0003-1068x529.jpg 1068w, https:\/\/letrashipnoticas.org\/wp-content\/uploads\/2025\/01\/IMG-20250118-WA0003-324x160.jpg 324w, https:\/\/letrashipnoticas.org\/wp-content\/uploads\/2025\/01\/IMG-20250118-WA0003.jpg 1080w\" sizes=\"auto, (max-width: 1024px) 100vw, 1024px\" \/><\/figure>\n\n\n\n<p class=\"wp-block-paragraph\">A nivel global, movimientos de derecha han moldeado la pol\u00edtica, desde el conservadurismo anglosaj\u00f3n hasta los partidos populistas europeos contempor\u00e1neos. En el siglo XXI, la derecha se ha reinventado en forma de movimientos nacionalistas que combinan cr\u00edticas al globalismo con un retorno a valores tradicionales, como el caso de Viktor Orb\u00e1n en Hungr\u00eda o el crecimiento de partidos como Vox en Espa\u00f1a.<\/p>\n\n\n\n<hr class=\"wp-block-separator has-alpha-channel-opacity\"\/>\n\n\n\n<p class=\"wp-block-paragraph\">La supuesta derecha mexicana: una cr\u00edtica<\/p>\n\n\n\n<p class=\"wp-block-paragraph\">En M\u00e9xico, hablar de derecha suele evocar partidos pol\u00edticos como el PAN o figuras que abogan por valores conservadores. Sin embargo, estos movimientos distan mucho de lo que hist\u00f3ricamente se ha entendido como derecha o extrema derecha.<\/p>\n\n\n\n<p class=\"wp-block-paragraph\">El PAN, por ejemplo, nacido en 1939, se fund\u00f3 en principios de democracia cristiana inspirados en la doctrina social de la Iglesia. Aunque defiende valores como la familia y la libertad econ\u00f3mica, su postura ha sido m\u00e1s liberal que conservadora en muchos aspectos. Incluso en sus momentos m\u00e1s ideol\u00f3gicos, el PAN no ha sido un defensor radical de la tradici\u00f3n ni un baluarte contra el liberalismo cultural.<\/p>\n\n\n\n<p class=\"wp-block-paragraph\">Para encontrar un verdadero movimiento de derecha en M\u00e9xico, debemos mirar al movimiento cristero de las d\u00e9cadas de 1920 y 1930. Este levantamiento armado, surgido como respuesta a la persecuci\u00f3n religiosa del gobierno de Plutarco El\u00edas Calles, fue un aut\u00e9ntico ejemplo de resistencia conservadora. Los cristeros no solo luchaban por la libertad de culto, sino por la preservaci\u00f3n de una cosmovisi\u00f3n cat\u00f3lica que permeaba todos los aspectos de la vida. Su lema, \u201c\u00a1Viva Cristo Rey!\u201d, encapsulaba su rechazo al secularismo impuesto por el Estado.<\/p>\n\n\n\n<figure class=\"wp-block-image alignwide size-full\"><img loading=\"lazy\" decoding=\"async\" width=\"884\" height=\"497\" src=\"https:\/\/letrashipnoticas.org\/wp-content\/uploads\/2025\/01\/IMG-20250118-WA0002.jpg\" alt=\"\" class=\"wp-image-603\" srcset=\"https:\/\/letrashipnoticas.org\/wp-content\/uploads\/2025\/01\/IMG-20250118-WA0002.jpg 884w, https:\/\/letrashipnoticas.org\/wp-content\/uploads\/2025\/01\/IMG-20250118-WA0002-300x169.jpg 300w, https:\/\/letrashipnoticas.org\/wp-content\/uploads\/2025\/01\/IMG-20250118-WA0002-768x432.jpg 768w, https:\/\/letrashipnoticas.org\/wp-content\/uploads\/2025\/01\/IMG-20250118-WA0002-747x420.jpg 747w, https:\/\/letrashipnoticas.org\/wp-content\/uploads\/2025\/01\/IMG-20250118-WA0002-150x84.jpg 150w, https:\/\/letrashipnoticas.org\/wp-content\/uploads\/2025\/01\/IMG-20250118-WA0002-696x391.jpg 696w\" sizes=\"auto, (max-width: 884px) 100vw, 884px\" \/><\/figure>\n\n\n\n<p class=\"wp-block-paragraph\">Comparar este movimiento con los actuales partidos pol\u00edticos que se autodenominan de derecha revela un abismo ideol\u00f3gico. Si bien los cristeros defend\u00edan una causa trascendental, los partidos modernos parecen m\u00e1s preocupados por cuestiones electorales que por principios inamovibles.<\/p>\n\n\n\n<hr class=\"wp-block-separator has-alpha-channel-opacity\"\/>\n\n\n\n<p class=\"wp-block-paragraph\"><em>Colusi\u00f3n: \u00a1Viva Cristo Rey!<\/em><\/p>\n\n\n\n<p class=\"wp-block-paragraph\">La derecha, y especialmente la extrema derecha, no es solo una postura pol\u00edtica; es una cosmovisi\u00f3n que defiende valores eternos frente a las corrientes ef\u00edmeras de la modernidad. Desde Marcel Lefebvre y su lucha por el catolicismo tradicional, pasando por los movimientos internacionales de derecha, hasta el heroico grito de los cristeros, observamos una constante: la resistencia frente a lo que se percibe como una erosi\u00f3n de principios fundamentales.<\/p>\n\n\n\n<p class=\"wp-block-paragraph\">En M\u00e9xico, es hora de reconocer que nuestra \u201cderecha\u201d contempor\u00e1nea es apenas una sombra de lo que alguna vez fue un movimiento lleno de convicci\u00f3n y sacrificio. Mientras recordemos la valent\u00eda de aquellos que gritaron \u201c\u00a1Viva Cristo Rey!\u201d, podremos aspirar a una renovaci\u00f3n aut\u00e9ntica de nuestra identidad y valores.<\/p>\n\n\n\n<p class=\"wp-block-paragraph\"><em>&#8220;Balas, fe y utop\u00edas: cristeros y guerrilleros en el espejo&#8221;<\/em>.<\/p>\n\n\n\n<p class=\"wp-block-paragraph\">&#8212; <em>LA GUERRILLA DE AMBOS LADOS<\/em>.<\/p>\n\n\n\n<p class=\"wp-block-paragraph\">Los cristeros y los guerrilleros de los 60 y 70, aunque opuestos en sus ideolog\u00edas, compartieron un mismo lenguaje: el del fusil en mano. Ambos lucharon desde la clandestinidad, enfrentaron al Estado y buscaron transformar la realidad seg\u00fan sus convicciones. Sin embargo, su esp\u00edritu guerrillero difiere en el origen y el destino de sus luchas.<\/p>\n\n\n\n<p class=\"wp-block-paragraph\">Los cristeros tomaron las armas como una reacci\u00f3n visceral y defensiva, impulsados por una fe que consideraban amenazada en su esencia. Su guerrilla fue una respuesta existencial, una lucha por conservar lo eterno. Por otro lado, los guerrilleros de izquierda buscaron la revoluci\u00f3n social, un cambio estructural que destruyera el viejo orden. Su lucha fue ofensiva, dirigida hacia la utop\u00eda del porvenir.<\/p>\n\n\n\n<p class=\"wp-block-paragraph\">\u00bfQui\u00e9n m\u00e1s guerrillero? Ambos lo fueron en su entrega y su combate. Pero los cristeros, al luchar por lo que consideraban sagrado e inmutable, encarnaron una resistencia que no aspiraba a transformar el mundo, sino a protegerlo. Los guerrilleros de izquierda, m\u00e1s modernos y dial\u00e9cticos, eran insurgentes del futuro, no defensores del pasado.<\/p>\n\n\n\n<p class=\"wp-block-paragraph\">En el fondo, ambos dejaron claro que la guerrilla es m\u00e1s que t\u00e1ctica: es la encarnaci\u00f3n de un ideal que arde, ya sea por la cruz o por la bandera roja.<\/p>\n\n\n\n<p class=\"wp-block-paragraph\"><em>Seguiremos con estos sesudos an\u00e1lisis.<\/em><\/p>\n\n\n\n<p class=\"wp-block-paragraph\"><em>Urdiales Zuazubiskar fundaci\u00f3n de letras hipn\u00f3ticas AC \u00a9 \u00ae<\/em><\/p>\n\n\n\n<p class=\"wp-block-paragraph\"><em>Estimados 3 lectores, les invitamos a compartir esta columna y desarrollar un mundo mejor llenitito de buenos lectores agradezco mucho sus atenciones.<\/em><\/p>\n","protected":false},"excerpt":{"rendered":"<p>Arturo V\u00e1squez Urdiales 18 de enero de 2025 Vamos a hablar de derechas y de izquierdas: Mucho hemos hablado de la derecha y la extrema derecha, pero en realidad no la conocemos Cuando hablamos de la derecha y la extrema derecha, solemos reducirlas a un conjunto de posturas pol\u00edticas o a un \u201cacento\u201d ideol\u00f3gico. Sin [&hellip;]<\/p>\n","protected":false},"author":1,"featured_media":604,"comment_status":"open","ping_status":"open","sticky":false,"template":"","format":"standard","meta":{"om_disable_all_campaigns":false,"_monsterinsights_skip_tracking":false,"footnotes":""},"categories":[1],"tags":[],"class_list":["post-602","post","type-post","status-publish","format-standard","has-post-thumbnail","category-general"],"aioseo_notices":[],"aioseo_head":"\n\t\t<!-- All in One SEO 5.0.0.1 - aioseo.com -->\n\t<meta name=\"description\" content=\"Arturo V\u00e1squez Urdiales 18 de enero de 2025 Vamos a hablar de derechas y de izquierdas: Mucho hemos hablado de la derecha y la extrema derecha, pero en realidad no la conocemos Cuando hablamos de la derecha y la extrema derecha, solemos reducirlas a un conjunto de posturas pol\u00edticas o a un \u201cacento\u201d ideol\u00f3gico. Sin\" \/>\n\t<meta name=\"robots\" content=\"max-image-preview:large\" \/>\n\t<meta name=\"author\" content=\"Dr. Arturo David V\u00e1squez Urdiales\"\/>\n\t<meta name=\"google-site-verification\" content=\"w1V7bRCSYMeOZjzLwWS_W8_n8jd94Z38sletBUa-LV0\" \/>\n\t<link rel=\"canonical\" href=\"https:\/\/letrashipnoticas.org\/?p=602\" \/>\n\t<meta name=\"generator\" content=\"All in One SEO (AIOSEO) 5.0.0.1\" \/>\n\t\t<meta property=\"og:locale\" content=\"es_MX\" \/>\n\t\t<meta property=\"og:site_name\" content=\"Letras Hiptn\u00f3ticas - &quot;Descubre Apunte diario sobre letras hipn\u00f3ticas, un viaje literario envolvente que despierta el alma. Reflexiones profundas, historias cautivadoras y un estilo \u00fanico que hipnotiza en cada palabra.&quot; Arturo V\u00e1squez Urdiales 18 de enero de 2025 Vamos a hablar de derechas y de izquierdas: Mucho hemos hablado de la derecha y la extrema derecha, pero en realidad no la conocemos Cuando hablamos de la derecha y la extrema derecha, solemos reducirlas a un conjunto de posturas pol\u00edticas o a un \u201cacento\u201d ideol\u00f3gico. Sin\" \/>\n\t\t<meta property=\"og:type\" content=\"article\" \/>\n\t\t<meta property=\"og:title\" content=\"De Lefebvre a los cristeros: la cruz, el fusil y la extrema derecha en M\u00e9xico - Letras Hiptn\u00f3ticas\" \/>\n\t\t<meta property=\"og:description\" content=\"Arturo V\u00e1squez Urdiales 18 de enero de 2025 Vamos a hablar de derechas y de izquierdas: Mucho hemos hablado de la derecha y la extrema derecha, pero en realidad no la conocemos Cuando hablamos de la derecha y la extrema derecha, solemos reducirlas a un conjunto de posturas pol\u00edticas o a un \u201cacento\u201d ideol\u00f3gico. Sin\" \/>\n\t\t<meta property=\"og:url\" content=\"https:\/\/letrashipnoticas.org\/?p=602\" \/>\n\t\t<meta property=\"og:image\" content=\"https:\/\/letrashipnoticas.org\/wp-content\/uploads\/2025\/01\/IMG-20250118-WA0003.jpg\" \/>\n\t\t<meta property=\"og:image:secure_url\" content=\"https:\/\/letrashipnoticas.org\/wp-content\/uploads\/2025\/01\/IMG-20250118-WA0003.jpg\" \/>\n\t\t<meta property=\"og:image:width\" content=\"1080\" \/>\n\t\t<meta property=\"og:image:height\" content=\"535\" \/>\n\t\t<meta property=\"article:published_time\" content=\"2025-01-18T16:00:40+00:00\" \/>\n\t\t<meta property=\"article:modified_time\" content=\"2025-02-18T17:45:55+00:00\" \/>\n\t\t<meta name=\"twitter:card\" content=\"summary_large_image\" \/>\n\t\t<meta name=\"twitter:title\" content=\"De Lefebvre a los cristeros: la cruz, el fusil y la extrema derecha en M\u00e9xico - Letras Hiptn\u00f3ticas\" \/>\n\t\t<meta name=\"twitter:description\" content=\"Arturo V\u00e1squez Urdiales 18 de enero de 2025 Vamos a hablar de derechas y de izquierdas: Mucho hemos hablado de la derecha y la extrema derecha, pero en realidad no la conocemos Cuando hablamos de la derecha y la extrema derecha, solemos reducirlas a un conjunto de posturas pol\u00edticas o a un \u201cacento\u201d ideol\u00f3gico. Sin\" \/>\n\t\t<meta name=\"twitter:image\" content=\"https:\/\/letrashipnoticas.org\/wp-content\/uploads\/2025\/01\/IMG-20250118-WA0003.jpg\" \/>\n\t\t<script type=\"application\/ld+json\" class=\"aioseo-schema\">\n\t\t\t{\"@context\":\"https:\\\/\\\/schema.org\",\"@graph\":[{\"@type\":\"BlogPosting\",\"@id\":\"https:\\\/\\\/letrashipnoticas.org\\\/?p=602#blogposting\",\"name\":\"De Lefebvre a los cristeros: la cruz, el fusil y la extrema derecha en M\\u00e9xico - Letras Hiptn\\u00f3ticas\",\"headline\":\"De  Lefebvre a los cristeros: la cruz, el fusil y la extrema derecha en M\\u00e9xico\",\"author\":{\"@id\":\"https:\\\/\\\/letrashipnoticas.org\\\/?author=1#author\"},\"publisher\":{\"@id\":\"https:\\\/\\\/letrashipnoticas.org\\\/#organization\"},\"image\":{\"@type\":\"ImageObject\",\"url\":\"https:\\\/\\\/letrashipnoticas.org\\\/wp-content\\\/uploads\\\/2025\\\/01\\\/IMG-20250118-WA0003.jpg\",\"width\":1080,\"height\":535},\"datePublished\":\"2025-01-18T16:00:40+00:00\",\"dateModified\":\"2025-02-18T17:45:55+00:00\",\"inLanguage\":\"es-MX\",\"mainEntityOfPage\":{\"@id\":\"https:\\\/\\\/letrashipnoticas.org\\\/?p=602#webpage\"},\"isPartOf\":{\"@id\":\"https:\\\/\\\/letrashipnoticas.org\\\/?p=602#webpage\"},\"articleSection\":\"Las Letras Hipn\\u00f3ticas de hoy\"},{\"@type\":\"BreadcrumbList\",\"@id\":\"https:\\\/\\\/letrashipnoticas.org\\\/?p=602#breadcrumblist\",\"itemListElement\":[{\"@type\":\"ListItem\",\"@id\":\"https:\\\/\\\/letrashipnoticas.org#listItem\",\"position\":1,\"name\":\"Inicio\",\"item\":\"https:\\\/\\\/letrashipnoticas.org\",\"nextItem\":{\"@type\":\"ListItem\",\"@id\":\"https:\\\/\\\/letrashipnoticas.org\\\/?cat=1#listItem\",\"name\":\"Las Letras Hipn\\u00f3ticas de hoy\"}},{\"@type\":\"ListItem\",\"@id\":\"https:\\\/\\\/letrashipnoticas.org\\\/?cat=1#listItem\",\"position\":2,\"name\":\"Las Letras Hipn\\u00f3ticas de hoy\",\"item\":\"https:\\\/\\\/letrashipnoticas.org\\\/?cat=1\",\"nextItem\":{\"@type\":\"ListItem\",\"@id\":\"https:\\\/\\\/letrashipnoticas.org\\\/?p=602#listItem\",\"name\":\"De  Lefebvre a los cristeros: la cruz, el fusil y la extrema derecha en M\\u00e9xico\"},\"previousItem\":{\"@type\":\"ListItem\",\"@id\":\"https:\\\/\\\/letrashipnoticas.org#listItem\",\"name\":\"Inicio\"}},{\"@type\":\"ListItem\",\"@id\":\"https:\\\/\\\/letrashipnoticas.org\\\/?p=602#listItem\",\"position\":3,\"name\":\"De  Lefebvre a los cristeros: la cruz, el fusil y la extrema derecha en M\\u00e9xico\",\"previousItem\":{\"@type\":\"ListItem\",\"@id\":\"https:\\\/\\\/letrashipnoticas.org\\\/?cat=1#listItem\",\"name\":\"Las Letras Hipn\\u00f3ticas de hoy\"}}]},{\"@type\":\"Organization\",\"@id\":\"https:\\\/\\\/letrashipnoticas.org\\\/#organization\",\"name\":\"Letras Hiptn\\u00f3ticas\",\"description\":\"\\\"Descubre Apunte diario sobre letras hipn\\u00f3ticas, un viaje literario envolvente que despierta el alma. Reflexiones profundas, historias cautivadoras y un estilo \\u00fanico que hipnotiza en cada palabra.\\\"\",\"url\":\"https:\\\/\\\/letrashipnoticas.org\\\/\",\"logo\":{\"@type\":\"ImageObject\",\"url\":\"https:\\\/\\\/letrashipnoticas.org\\\/wp-content\\\/uploads\\\/2024\\\/09\\\/LogoRetinaPNG.png\",\"@id\":\"https:\\\/\\\/letrashipnoticas.org\\\/?p=602\\\/#organizationLogo\",\"width\":544,\"height\":180},\"image\":{\"@id\":\"https:\\\/\\\/letrashipnoticas.org\\\/?p=602\\\/#organizationLogo\"}},{\"@type\":\"Person\",\"@id\":\"https:\\\/\\\/letrashipnoticas.org\\\/?author=1#author\",\"url\":\"https:\\\/\\\/letrashipnoticas.org\\\/?author=1\",\"name\":\"Dr. Arturo David V\\u00e1squez Urdiales\",\"image\":{\"@type\":\"ImageObject\",\"@id\":\"https:\\\/\\\/letrashipnoticas.org\\\/?p=602#authorImage\",\"url\":\"https:\\\/\\\/secure.gravatar.com\\\/avatar\\\/1bbc04a2da05a8a25045693b6f4473cec684496aa6385880380b702aa43009f8?s=96&d=mm&r=g\",\"width\":96,\"height\":96,\"caption\":\"Dr. Arturo David V\\u00e1squez Urdiales\"}},{\"@type\":\"WebPage\",\"@id\":\"https:\\\/\\\/letrashipnoticas.org\\\/?p=602#webpage\",\"url\":\"https:\\\/\\\/letrashipnoticas.org\\\/?p=602\",\"name\":\"De Lefebvre a los cristeros: la cruz, el fusil y la extrema derecha en M\\u00e9xico - Letras Hiptn\\u00f3ticas\",\"description\":\"Arturo V\\u00e1squez Urdiales 18 de enero de 2025 Vamos a hablar de derechas y de izquierdas: Mucho hemos hablado de la derecha y la extrema derecha, pero en realidad no la conocemos Cuando hablamos de la derecha y la extrema derecha, solemos reducirlas a un conjunto de posturas pol\\u00edticas o a un \\u201cacento\\u201d ideol\\u00f3gico. Sin\",\"inLanguage\":\"es-MX\",\"isPartOf\":{\"@id\":\"https:\\\/\\\/letrashipnoticas.org\\\/#website\"},\"breadcrumb\":{\"@id\":\"https:\\\/\\\/letrashipnoticas.org\\\/?p=602#breadcrumblist\"},\"author\":{\"@id\":\"https:\\\/\\\/letrashipnoticas.org\\\/?author=1#author\"},\"creator\":{\"@id\":\"https:\\\/\\\/letrashipnoticas.org\\\/?author=1#author\"},\"image\":{\"@type\":\"ImageObject\",\"url\":\"https:\\\/\\\/letrashipnoticas.org\\\/wp-content\\\/uploads\\\/2025\\\/01\\\/IMG-20250118-WA0003.jpg\",\"@id\":\"https:\\\/\\\/letrashipnoticas.org\\\/?p=602\\\/#mainImage\",\"width\":1080,\"height\":535},\"primaryImageOfPage\":{\"@id\":\"https:\\\/\\\/letrashipnoticas.org\\\/?p=602#mainImage\"},\"datePublished\":\"2025-01-18T16:00:40+00:00\",\"dateModified\":\"2025-02-18T17:45:55+00:00\"},{\"@type\":\"WebSite\",\"@id\":\"https:\\\/\\\/letrashipnoticas.org\\\/#website\",\"url\":\"https:\\\/\\\/letrashipnoticas.org\\\/\",\"name\":\"Letras Hiptn\\u00f3ticas\",\"description\":\"\\\"Descubre Apunte diario sobre letras hipn\\u00f3ticas, un viaje literario envolvente que despierta el alma. Reflexiones profundas, historias cautivadoras y un estilo \\u00fanico que hipnotiza en cada palabra.\\\"\",\"inLanguage\":\"es-MX\",\"publisher\":{\"@id\":\"https:\\\/\\\/letrashipnoticas.org\\\/#organization\"}}]}\n\t\t<\/script>\n\t\t<!-- All in One SEO -->\n\n","aioseo_head_json":{"title":"De Lefebvre a los cristeros: la cruz, el fusil y la extrema derecha en M\u00e9xico - Letras Hiptn\u00f3ticas","description":"Arturo V\u00e1squez Urdiales 18 de enero de 2025 Vamos a hablar de derechas y de izquierdas: Mucho hemos hablado de la derecha y la extrema derecha, pero en realidad no la conocemos Cuando hablamos de la derecha y la extrema derecha, solemos reducirlas a un conjunto de posturas pol\u00edticas o a un \u201cacento\u201d ideol\u00f3gico. Sin","canonical_url":"https:\/\/letrashipnoticas.org\/?p=602","robots":"max-image-preview:large","keywords":"","webmasterTools":{"google-site-verification":"w1V7bRCSYMeOZjzLwWS_W8_n8jd94Z38sletBUa-LV0","miscellaneous":""},"schema":{"@context":"https:\/\/schema.org","@graph":[{"@type":"BlogPosting","@id":"https:\/\/letrashipnoticas.org\/?p=602#blogposting","name":"De Lefebvre a los cristeros: la cruz, el fusil y la extrema derecha en M\u00e9xico - Letras Hiptn\u00f3ticas","headline":"De  Lefebvre a los cristeros: la cruz, el fusil y la extrema derecha en M\u00e9xico","author":{"@id":"https:\/\/letrashipnoticas.org\/?author=1#author"},"publisher":{"@id":"https:\/\/letrashipnoticas.org\/#organization"},"image":{"@type":"ImageObject","url":"https:\/\/letrashipnoticas.org\/wp-content\/uploads\/2025\/01\/IMG-20250118-WA0003.jpg","width":1080,"height":535},"datePublished":"2025-01-18T16:00:40+00:00","dateModified":"2025-02-18T17:45:55+00:00","inLanguage":"es-MX","mainEntityOfPage":{"@id":"https:\/\/letrashipnoticas.org\/?p=602#webpage"},"isPartOf":{"@id":"https:\/\/letrashipnoticas.org\/?p=602#webpage"},"articleSection":"Las Letras Hipn\u00f3ticas de hoy"},{"@type":"BreadcrumbList","@id":"https:\/\/letrashipnoticas.org\/?p=602#breadcrumblist","itemListElement":[{"@type":"ListItem","@id":"https:\/\/letrashipnoticas.org#listItem","position":1,"name":"Inicio","item":"https:\/\/letrashipnoticas.org","nextItem":{"@type":"ListItem","@id":"https:\/\/letrashipnoticas.org\/?cat=1#listItem","name":"Las Letras Hipn\u00f3ticas de hoy"}},{"@type":"ListItem","@id":"https:\/\/letrashipnoticas.org\/?cat=1#listItem","position":2,"name":"Las Letras Hipn\u00f3ticas de hoy","item":"https:\/\/letrashipnoticas.org\/?cat=1","nextItem":{"@type":"ListItem","@id":"https:\/\/letrashipnoticas.org\/?p=602#listItem","name":"De  Lefebvre a los cristeros: la cruz, el fusil y la extrema derecha en M\u00e9xico"},"previousItem":{"@type":"ListItem","@id":"https:\/\/letrashipnoticas.org#listItem","name":"Inicio"}},{"@type":"ListItem","@id":"https:\/\/letrashipnoticas.org\/?p=602#listItem","position":3,"name":"De  Lefebvre a los cristeros: la cruz, el fusil y la extrema derecha en M\u00e9xico","previousItem":{"@type":"ListItem","@id":"https:\/\/letrashipnoticas.org\/?cat=1#listItem","name":"Las Letras Hipn\u00f3ticas de hoy"}}]},{"@type":"Organization","@id":"https:\/\/letrashipnoticas.org\/#organization","name":"Letras Hiptn\u00f3ticas","description":"\"Descubre Apunte diario sobre letras hipn\u00f3ticas, un viaje literario envolvente que despierta el alma. Reflexiones profundas, historias cautivadoras y un estilo \u00fanico que hipnotiza en cada palabra.\"","url":"https:\/\/letrashipnoticas.org\/","logo":{"@type":"ImageObject","url":"https:\/\/letrashipnoticas.org\/wp-content\/uploads\/2024\/09\/LogoRetinaPNG.png","@id":"https:\/\/letrashipnoticas.org\/?p=602\/#organizationLogo","width":544,"height":180},"image":{"@id":"https:\/\/letrashipnoticas.org\/?p=602\/#organizationLogo"}},{"@type":"Person","@id":"https:\/\/letrashipnoticas.org\/?author=1#author","url":"https:\/\/letrashipnoticas.org\/?author=1","name":"Dr. Arturo David V\u00e1squez Urdiales","image":{"@type":"ImageObject","@id":"https:\/\/letrashipnoticas.org\/?p=602#authorImage","url":"https:\/\/secure.gravatar.com\/avatar\/1bbc04a2da05a8a25045693b6f4473cec684496aa6385880380b702aa43009f8?s=96&d=mm&r=g","width":96,"height":96,"caption":"Dr. Arturo David V\u00e1squez Urdiales"}},{"@type":"WebPage","@id":"https:\/\/letrashipnoticas.org\/?p=602#webpage","url":"https:\/\/letrashipnoticas.org\/?p=602","name":"De Lefebvre a los cristeros: la cruz, el fusil y la extrema derecha en M\u00e9xico - Letras Hiptn\u00f3ticas","description":"Arturo V\u00e1squez Urdiales 18 de enero de 2025 Vamos a hablar de derechas y de izquierdas: Mucho hemos hablado de la derecha y la extrema derecha, pero en realidad no la conocemos Cuando hablamos de la derecha y la extrema derecha, solemos reducirlas a un conjunto de posturas pol\u00edticas o a un \u201cacento\u201d ideol\u00f3gico. Sin","inLanguage":"es-MX","isPartOf":{"@id":"https:\/\/letrashipnoticas.org\/#website"},"breadcrumb":{"@id":"https:\/\/letrashipnoticas.org\/?p=602#breadcrumblist"},"author":{"@id":"https:\/\/letrashipnoticas.org\/?author=1#author"},"creator":{"@id":"https:\/\/letrashipnoticas.org\/?author=1#author"},"image":{"@type":"ImageObject","url":"https:\/\/letrashipnoticas.org\/wp-content\/uploads\/2025\/01\/IMG-20250118-WA0003.jpg","@id":"https:\/\/letrashipnoticas.org\/?p=602\/#mainImage","width":1080,"height":535},"primaryImageOfPage":{"@id":"https:\/\/letrashipnoticas.org\/?p=602#mainImage"},"datePublished":"2025-01-18T16:00:40+00:00","dateModified":"2025-02-18T17:45:55+00:00"},{"@type":"WebSite","@id":"https:\/\/letrashipnoticas.org\/#website","url":"https:\/\/letrashipnoticas.org\/","name":"Letras Hiptn\u00f3ticas","description":"\"Descubre Apunte diario sobre letras hipn\u00f3ticas, un viaje literario envolvente que despierta el alma. Reflexiones profundas, historias cautivadoras y un estilo \u00fanico que hipnotiza en cada palabra.\"","inLanguage":"es-MX","publisher":{"@id":"https:\/\/letrashipnoticas.org\/#organization"}}]},"og:locale":"es_MX","og:site_name":"Letras Hiptn\u00f3ticas - &quot;Descubre Apunte diario sobre letras hipn\u00f3ticas, un viaje literario envolvente que despierta el alma. Reflexiones profundas, historias cautivadoras y un estilo \u00fanico que hipnotiza en cada palabra.&quot; Arturo V\u00e1squez Urdiales 18 de enero de 2025 Vamos a hablar de derechas y de izquierdas: Mucho hemos hablado de la derecha y la extrema derecha, pero en realidad no la conocemos Cuando hablamos de la derecha y la extrema derecha, solemos reducirlas a un conjunto de posturas pol\u00edticas o a un \u201cacento\u201d ideol\u00f3gico. Sin","og:type":"article","og:title":"De Lefebvre a los cristeros: la cruz, el fusil y la extrema derecha en M\u00e9xico - Letras Hiptn\u00f3ticas","og:description":"Arturo V\u00e1squez Urdiales 18 de enero de 2025 Vamos a hablar de derechas y de izquierdas: Mucho hemos hablado de la derecha y la extrema derecha, pero en realidad no la conocemos Cuando hablamos de la derecha y la extrema derecha, solemos reducirlas a un conjunto de posturas pol\u00edticas o a un \u201cacento\u201d ideol\u00f3gico. Sin","og:url":"https:\/\/letrashipnoticas.org\/?p=602","og:image":"https:\/\/letrashipnoticas.org\/wp-content\/uploads\/2025\/01\/IMG-20250118-WA0003.jpg","og:image:secure_url":"https:\/\/letrashipnoticas.org\/wp-content\/uploads\/2025\/01\/IMG-20250118-WA0003.jpg","og:image:width":1080,"og:image:height":535,"article:published_time":"2025-01-18T16:00:40+00:00","article:modified_time":"2025-02-18T17:45:55+00:00","twitter:card":"summary_large_image","twitter:title":"De Lefebvre a los cristeros: la cruz, el fusil y la extrema derecha en M\u00e9xico - Letras Hiptn\u00f3ticas","twitter:description":"Arturo V\u00e1squez Urdiales 18 de enero de 2025 Vamos a hablar de derechas y de izquierdas: Mucho hemos hablado de la derecha y la extrema derecha, pero en realidad no la conocemos Cuando hablamos de la derecha y la extrema derecha, solemos reducirlas a un conjunto de posturas pol\u00edticas o a un \u201cacento\u201d ideol\u00f3gico. Sin","twitter:image":"https:\/\/letrashipnoticas.org\/wp-content\/uploads\/2025\/01\/IMG-20250118-WA0003.jpg"},"aioseo_meta_data":{"post_id":"602","title":null,"description":null,"keywords":null,"keyphrases":{"focus":{"keyphrase":"","score":0,"analysis":{"keyphraseInTitle":{"score":0,"maxScore":9,"error":1}}},"additional":[]},"primary_term":null,"canonical_url":null,"og_title":null,"og_description":null,"og_object_type":"default","og_image_type":"default","og_image_url":null,"og_image_width":null,"og_image_height":null,"og_image_custom_url":null,"og_image_custom_fields":null,"og_video":"","og_custom_url":null,"og_article_section":null,"og_article_tags":null,"twitter_use_og":false,"twitter_card":"default","twitter_image_type":"default","twitter_image_url":null,"twitter_image_custom_url":null,"twitter_image_custom_fields":null,"twitter_title":null,"twitter_description":null,"schema":{"blockGraphs":[],"customGraphs":[],"default":{"data":{"Article":[],"Course":[],"Dataset":[],"FAQPage":[],"Movie":[],"Person":[],"Product":[],"ProductReview":[],"Car":[],"Recipe":[],"Service":[],"SoftwareApplication":[],"WebPage":[]},"graphName":"BlogPosting","isEnabled":true},"graphs":[]},"schema_type":"default","schema_type_options":null,"pillar_content":false,"robots_default":true,"robots_noindex":false,"robots_noarchive":false,"robots_nosnippet":false,"robots_nofollow":false,"robots_noimageindex":false,"robots_noodp":false,"robots_notranslate":false,"robots_max_snippet":"-1","robots_max_videopreview":"-1","robots_max_imagepreview":"large","priority":null,"frequency":"default","local_seo":null,"breadcrumb_settings":null,"limit_modified_date":false,"ai":null,"created":"2025-01-18 16:00:52","updated":"2025-08-08 17:24:37","focus_keyword":null,"additional_keywords":null,"truseo_locale":null,"seo_analyzer_scan_date":null},"aioseo_breadcrumb":"<div class=\"aioseo-breadcrumbs\"><span class=\"aioseo-breadcrumb\">\n\t\t\t<a href=\"https:\/\/letrashipnoticas.org\" title=\"Inicio\">Inicio<\/a>\n\t\t<\/span><span class=\"aioseo-breadcrumb-separator\">&raquo;<\/span><span class=\"aioseo-breadcrumb\">\n\t\t\t<a href=\"https:\/\/letrashipnoticas.org\/?cat=1\" title=\"Las Letras Hipn\u00f3ticas de hoy\">Las Letras Hipn\u00f3ticas de hoy<\/a>\n\t\t<\/span><span class=\"aioseo-breadcrumb-separator\">&raquo;<\/span><span class=\"aioseo-breadcrumb\">\n\t\t\tDe  Lefebvre a los cristeros: la cruz, el fusil y la extrema derecha en M\u00e9xico\n\t\t<\/span><\/div>","aioseo_breadcrumb_json":[{"label":"Inicio","link":"https:\/\/letrashipnoticas.org"},{"label":"Las Letras Hipn\u00f3ticas de hoy","link":"https:\/\/letrashipnoticas.org\/?cat=1"},{"label":"De  Lefebvre a los cristeros: la cruz, el fusil y la extrema derecha en M\u00e9xico","link":"https:\/\/letrashipnoticas.org\/?p=602"}],"_links":{"self":[{"href":"https:\/\/letrashipnoticas.org\/index.php?rest_route=\/wp\/v2\/posts\/602","targetHints":{"allow":["GET"]}}],"collection":[{"href":"https:\/\/letrashipnoticas.org\/index.php?rest_route=\/wp\/v2\/posts"}],"about":[{"href":"https:\/\/letrashipnoticas.org\/index.php?rest_route=\/wp\/v2\/types\/post"}],"author":[{"embeddable":true,"href":"https:\/\/letrashipnoticas.org\/index.php?rest_route=\/wp\/v2\/users\/1"}],"replies":[{"embeddable":true,"href":"https:\/\/letrashipnoticas.org\/index.php?rest_route=%2Fwp%2Fv2%2Fcomments&post=602"}],"version-history":[{"count":1,"href":"https:\/\/letrashipnoticas.org\/index.php?rest_route=\/wp\/v2\/posts\/602\/revisions"}],"predecessor-version":[{"id":606,"href":"https:\/\/letrashipnoticas.org\/index.php?rest_route=\/wp\/v2\/posts\/602\/revisions\/606"}],"wp:featuredmedia":[{"embeddable":true,"href":"https:\/\/letrashipnoticas.org\/index.php?rest_route=\/wp\/v2\/media\/604"}],"wp:attachment":[{"href":"https:\/\/letrashipnoticas.org\/index.php?rest_route=%2Fwp%2Fv2%2Fmedia&parent=602"}],"wp:term":[{"taxonomy":"category","embeddable":true,"href":"https:\/\/letrashipnoticas.org\/index.php?rest_route=%2Fwp%2Fv2%2Fcategories&post=602"},{"taxonomy":"post_tag","embeddable":true,"href":"https:\/\/letrashipnoticas.org\/index.php?rest_route=%2Fwp%2Fv2%2Ftags&post=602"}],"curies":[{"name":"wp","href":"https:\/\/api.w.org\/{rel}","templated":true}]}}