{"id":564,"date":"2025-01-15T19:58:36","date_gmt":"2025-01-15T19:58:36","guid":{"rendered":"https:\/\/letrashipnoticas.org\/?p=564"},"modified":"2025-02-18T18:13:40","modified_gmt":"2025-02-18T18:13:40","slug":"el-incognito-destino-del-cadaver-de-maximiliano-de-habsburgo","status":"publish","type":"post","link":"https:\/\/letrashipnoticas.org\/?p=564","title":{"rendered":"El inc\u00f3gnito destino del cad\u00e1ver de Maximiliano de Habsburgo"},"content":{"rendered":"\n<p class=\"wp-block-paragraph\">Maximiliano de Habsburgo no fue en realidad fusilado en el cerro de las campanas de Quer\u00e9taro, sino, por el contrario, muri\u00f3 a la edad de 104 a\u00f1os en el San Salvador, Salvador.<\/p>\n\n\n\n<p class=\"wp-block-paragraph\">Fecha del fusilamiento: 19 de junio de 1867<\/p>\n\n\n\n<p class=\"wp-block-paragraph\">Hoy conmemoramos un hecho hist\u00f3rico que marc\u00f3 un punto crucial en la historia de M\u00e9xico: la ejecuci\u00f3n del Archiduque Fernando Maximiliano Jos\u00e9 de Austria en el cerro de las Campanas. Sin embargo, las \u00faltimas investigaciones y hallazgos han arrojado nuevas perspectivas sobre los eventos que rodearon la vida y la muerte de este personaje enigm\u00e1tico. En esta columna, exploraremos los detalles que han surgido a lo largo de los a\u00f1os y evaluaremos la teor\u00eda que plantea que Maximiliano, en realidad, no perdi\u00f3 la vida en aquel fat\u00eddico d\u00eda.<\/p>\n\n\n\n<p class=\"wp-block-paragraph\">En el a\u00f1o 1867, Benito Ju\u00e1rez, l\u00edder del gobierno mexicano y tambi\u00e9n mas\u00f3n al igual que el archiduque, public\u00f3 un edicto en el que afirmaba que Maximiliano hab\u00eda sido \u00abhecho justo por las armas\u00bb. No obstante, pronto surgir\u00eda un misterio que despertar\u00eda el inter\u00e9s de aquellos dedicados a investigar la historia: en El Salvador apareci\u00f3 un hombre llamado Justo Armas, cultivado, elegante y de esmerada educaci\u00f3n, que guardaba un asombroso parecido con el emperador de M\u00e9xico.<\/p>\n\n\n\n<p class=\"wp-block-paragraph\">Justo Armas se convirti\u00f3 en una figura apreciada dentro de la alta sociedad salvadore\u00f1a y siempre evit\u00f3 discutir su pasado. Se presentaba a s\u00ed mismo como el \u00fanico superviviente de un gran naufragio y no revelaba detalles sobre su identidad anterior. Durante quince a\u00f1os, el investigador Rolando Deneke ha recopilado numerosas pruebas que respaldan la teor\u00eda de que Justo Armas y Maximiliano de Austria eran la misma persona.<\/p>\n\n\n\n<p class=\"wp-block-paragraph\">Hay que poner mucho cuidado con los simbolismos, esto es, el simbolismo relacionado con que Justo Armas se presentaba como sobreviviente de un naufragio. En la misma \u00e9poca los familiares de Maximiliano mandaron a pintar un cuadro metaf\u00f3rico, en donde daban a conocer la ca\u00edda del imperio y pintando a Maximiliano como el \u00fanico sobreviviente de ese naufragio, esta coincidencia tiene mucho que ver con la expresi\u00f3n por mas de 60 a\u00f1os de Justo Armas, en el sentido de que era sobreviviente de un lamentable naufragio.<\/p>\n\n\n\n<p class=\"wp-block-paragraph\">Deneke ha descubierto documentaci\u00f3n que demuestra que Justo Armas ya estaba establecido en San Salvador en 1870. Desde entonces y hasta su muerte en 1936, Armas asesor\u00f3 a todos los presidentes de El Salvador y desempe\u00f1\u00f3 un papel importante en el protocolo de la canciller\u00eda y en la organizaci\u00f3n de banquetes diplom\u00e1ticos. Sin embargo, lo m\u00e1s sorprendente es que Armas manten\u00eda una peculiar costumbre: recorr\u00eda las calles de San Salvador elegantemente vestido pero descalzo. Se cree que esto se debe a una promesa que hizo a la Virgen Mar\u00eda despu\u00e9s de verse amenazado por un grave peligro de muerte.<\/p>\n\n\n\n<p class=\"wp-block-paragraph\">Pero \u00bfpor qu\u00e9 Benito Ju\u00e1rez, quien jur\u00f3 acabar con los invasores extranjeros en M\u00e9xico, decidi\u00f3 perdonar la vida al archiduque y organizar un simulacro de su muerte? Seg\u00fan Deneke, la respuesta podr\u00eda residir en la fraternidad mas\u00f3nica que compart\u00edan Ju\u00e1rez y Maximiliano. Como hermanos masones, Ju\u00e1rez pudo haber considerado que no pod\u00eda matar a un miembro de la misma orden. En lugar de eso, opt\u00f3 por fingir la ejecuci\u00f3n y proporcionar a Maximiliano un salvoconducto para vivir en El Salvador, donde pasar\u00eda m\u00e1s de 60 a\u00f1os bajo el nombre de Justo Armas.<\/p>\n\n\n\n<p class=\"wp-block-paragraph\">Aunque la teor\u00eda de Deneke puede pare caer sorprendente y controvertida, no se puede negar que ha despertado un gran inter\u00e9s en el \u00e1mbito acad\u00e9mico e hist\u00f3rico. Si bien es cierto que la versi\u00f3n oficial sostiene que Maximiliano fue fusilado en el cerro de las Campanas, los indicios y testimonios recopilados por Deneke ofrecen una nueva perspectiva que desaf\u00eda esta narrativa.<\/p>\n\n\n\n<p class=\"wp-block-paragraph\">El historiador argumenta que el perd\u00f3n de Ju\u00e1rez y el supuesto escape de Maximiliano a El Salvador podr\u00edan haber sido resultado de acuerdos pol\u00edticos y diplom\u00e1ticos entre las potencias internacionales involucradas en aquel momento. La intenci\u00f3n podr\u00eda haber sido evitar una crisis diplom\u00e1tica y permitir que Maximiliano viviera el resto de sus d\u00edas en el anonimato, en un pa\u00eds donde podr\u00eda mantenerse alejado de los conflictos y las tensiones pol\u00edticas de M\u00e9xico. Hay otra raz\u00f3n, la misma nobleza del Ju\u00e1rez Mas\u00f3n, no el Ju\u00e1rez Presidente, quien perdon\u00f3 al hombre, pero fusil\u00f3 al Emperador Invasor.<\/p>\n\n\n\n<p class=\"wp-block-paragraph\">Si esta teor\u00eda resulta ser cierta, estar\u00edamos frente a uno de los enigmas m\u00e1s intrigantes de la historia mexicana. Justo Armas, el hombre que vivi\u00f3 una vida destacada en El Salvador, habr\u00eda sido el \u00faltimo emperador de M\u00e9xico en una encarnaci\u00f3n diferente. Las letras hipn\u00f3ticas de esta historia radican en la habilidad de Maximiliano para reinventarse y adaptarse a una nueva realidad, ocultando su verdadera identidad bajo el nombre de Justo Armas.<\/p>\n\n\n\n<p class=\"wp-block-paragraph\">No obstante, es importante destacar que esta teor\u00eda a\u00fan se encuentra en debate y no cuenta con un consenso definitivo entre los historiadores. Muchos expertos sostienen que los testimonios y pruebas presentadas por Deneke son insuficientes o carentes de sustento s\u00f3lido. La versi\u00f3n oficial de la ejecuci\u00f3n de Maximiliano en el cerro de las Campanas sigue siendo ampliamente aceptada y respaldada por evidencias hist\u00f3rica.<\/p>\n\n\n\n<p class=\"wp-block-paragraph\">A medida que avanza la investigaci\u00f3n y se descubren nuevos detalles, es posible que en un futuro cercano podamos obtener una visi\u00f3n m\u00e1s clara y definitiva sobre la verdadera identidad de Justo Armas y su posible conexi\u00f3n con Maximiliano de Austria. Mientras tanto, este enigma hist\u00f3rico seguir\u00e1 alimentando la curiosidad y la fascinaci\u00f3n de aquellos interesados en desentra\u00f1ar los misterios del pasado.<\/p>\n\n\n\n<p class=\"wp-block-paragraph\">Despu\u00e9s de su supuesta huida de M\u00e9xico, Justo Armas se estableci\u00f3 en El Salvador, donde llev\u00f3 una vida aparentemente tranquila y exitosa. Seg\u00fan los relatos recopilados, se dedic\u00f3 al comercio y adquiri\u00f3 una gran reputaci\u00f3n como empresario y fil\u00e1ntropo. Adem\u00e1s, se destac\u00f3 por su afici\u00f3n a coleccionar objetos de valor hist\u00f3rico, entre ellos una valiosa vajilla de porcelana que se convirti\u00f3 en una pieza emblem\u00e1tica de su hogar, la que alquilaba y que coincidentemente era la vajilla del emperador Maximiliano, y nadie se explica como apareci\u00f3 esta basta vajilla en el Salvador de los 1880.<\/p>\n\n\n\n<p class=\"wp-block-paragraph\">La vajilla de Justo Armas era conocida por su belleza y exquisitez, y se rumoreaba que hab\u00eda sido parte del ajuar de la corte imperial mexicana. (De hecho ten\u00eda el sello imperial mexicano y por otra parte el \u00e1guila bic\u00e9fala austriaca) Seg\u00fan los relatos, Armas sol\u00eda alquilar la vajilla para eventos sociales y reuniones importantes, convirti\u00e9ndola en una fuente adicional de ingresos para \u00e9l.<\/p>\n\n\n\n<p class=\"wp-block-paragraph\">Sin embargo, la autenticidad de la vajilla y su conexi\u00f3n con Maximiliano de Austria siguen siendo objeto de debate y especulaci\u00f3n. A pesar de los rumores y las historias relacionadas con ella, hasta el momento no se han presentado pruebas concluyentes que respalden su origen y su relaci\u00f3n directa con la figura de Maximiliano.<\/p>\n\n\n\n<p class=\"wp-block-paragraph\">Por otro lado, es importante observar las pruebas de ADN que se realizaron a los restos de Justo Armas, compar\u00e1ndolos con los del emperador Francisco Jos\u00e9 I de Austria, hermano de Maximiliano. Las pruebas son consistentes para aquellas de un hermano, pero como son tomadas de restos \u00f3seos, se ha especulado que no dan resultados al cien por ciento, por que Don Justo pudo -afirman- haber sido de la familia imperial, aseveran, pero no hermano de padre y madre del Emperador Francisco Jos\u00e9, una especie de medio hermano que apareci\u00f3 en el Salvador como por espontaneidad, requiri\u00e9ndose pruebas de ADN tomadas de dos seres vivos, lo que visto desde el punto de vista mas humano, resulta absurdo, uno tiene y casi 100 a\u00f1os de muerto y el otro, en 1936 tendr\u00e1 100 a\u00f1os de muerto<\/p>\n\n\n\n<p class=\"wp-block-paragraph\">No obstante, si estas pruebas de ADN se han llevado a cabo desde entonces y han revelado una conexi\u00f3n gen\u00e9tica entre Justo Armas y Francisco Jos\u00e9 I de Austria, esto podr\u00eda ser un importante avance en la investigaci\u00f3n. Confirmar\u00eda una relaci\u00f3n de parentesco entre los dos y aportar\u00eda m\u00e1s respaldo a la teor\u00eda de que Justo Armas era, de hecho, Maximiliano de Austria en su segunda identidad*.<\/p>\n\n\n\n<p class=\"wp-block-paragraph\">Es importante tener en cuenta que los an\u00e1lisis de ADN son una herramienta valiosa en la investigaci\u00f3n hist\u00f3rica y pueden proporcionar datos cient\u00edficos que respalden o refuten teor\u00edas. Sin embargo, tambi\u00e9n es esencial abordar estos resultados con cautela y considerar otros aspectos hist\u00f3ricos, documentales y contextuales para obtener una imagen completa y precisa de los eventos y personajes en cuesti\u00f3n.<\/p>\n\n\n\n<p class=\"wp-block-paragraph\">En \u00faltima instancia, el enigma de Justo Armas y su posible conexi\u00f3n con Maximiliano de Austria contin\u00faa intrigando a los historiadores y a aquellos interesados en la historia de M\u00e9xico y el imperio austroh\u00fangaro. A medida que se desarrollen nuevas investigaciones y se descubran m\u00e1s evidencias, es posible que se arroje luz sobre estos aspectos y se llegue a una conclusi\u00f3n m\u00e1s definitiva sobre la verdadera identidad y el destino de Justo Armas.<\/p>\n\n\n\n<p class=\"wp-block-paragraph\">LA HISTORIA Y SU CONTEXTO<\/p>\n\n\n\n<p class=\"wp-block-paragraph\">Para comprender los acontecimientos hist\u00f3ricos que llevaron a Maximiliano de Habsburgo a Quer\u00e9taro y a Benito Ju\u00e1rez a tomar la ciudad, es necesario remontarnos al contexto de la Segunda Intervenci\u00f3n Francesa en M\u00e9xico y la creaci\u00f3n del Segundo Imperio Mexicano.<\/p>\n\n\n\n<p class=\"wp-block-paragraph\">En 1862, aprovechando el caos pol\u00edtico y la suspensi\u00f3n de pagos por parte de M\u00e9xico a sus acreedores europeos, Francia, encabezada por Napole\u00f3n III, decidi\u00f3 enviar tropas a M\u00e9xico con el objetivo de establecer un imperio favorable a sus intereses en el continente americano. Maximiliano de Habsburgo, archiduque de Austria, fue invitado por los franceses para convertirse en el emperador de M\u00e9xico.<\/p>\n\n\n\n<p class=\"wp-block-paragraph\">Maximiliano y su esposa Carlota arribaron a M\u00e9xico en 1864 y se instalaron en la Ciudad de M\u00e9xico, desde donde intentaron consolidar su gobierno. Sin embargo, el control del territorio mexicano segu\u00eda siendo disputado, y el presidente Benito Ju\u00e1rez lideraba la resistencia republicana desde el norte del pa\u00eds.<\/p>\n\n\n\n<p class=\"wp-block-paragraph\">Quer\u00e9taro se convirti\u00f3 en un punto estrat\u00e9gico en esta lucha. En 1867, Maximiliano decidi\u00f3 trasladar su cuartel general a Quer\u00e9taro, buscando consolidar su dominio en el centro de M\u00e9xico y protegerse de los avances republicanos. Por su parte, Ju\u00e1rez vio en Quer\u00e9taro una oportunidad para debilitar al Segundo Imperio y plane\u00f3 un asedio a la ciudad.<\/p>\n\n\n\n<p class=\"wp-block-paragraph\">El sitio de Quer\u00e9taro comenz\u00f3 en marzo de 1867, cuando las fuerzas republicanas rodearon la ciudad y cortaron sus l\u00edneas de suministro. Despu\u00e9s de meses de resistencia, las tropas imperiales se vieron debilitadas y agotadas. Finalmente, el 15 de mayo de 1867, las tropas republicanas, lideradas por el general Mariano Escobedo, tomaron por asalto la ciudad, poniendo fin al Segundo Imperio Mexicano.<\/p>\n\n\n\n<p class=\"wp-block-paragraph\">Tras la captura de Maximiliano, se inici\u00f3 un juicio en el que se le acusaba de diversos delitos, entre ellos traici\u00f3n a la Rep\u00fablica. Durante el proceso legal, el abogado Mariano Riva Palacio, padre del general republicano Vicente Riva Palacio, defendi\u00f3 a Maximiliano. Riva Palacio present\u00f3 argumentos en defensa del ex-emperador, argumentando que hab\u00eda sido enga\u00f1ado y manipulado por los franceses y que no hab\u00eda actuado con malicia.<\/p>\n\n\n\n<p class=\"wp-block-paragraph\">A pesar de la defensa de Riva Palacio, el tribunal lo declar\u00f3 culpable y sentenci\u00f3 a Maximiliano a la pena de muerte. El 19 de junio de 1867, Maximiliano fue fusilado junto con sus generales Tom\u00e1s Mej\u00eda y Miguel Miram\u00f3n en el Cerro de las Campanas, en Quer\u00e9taro.<\/p>\n\n\n\n<p class=\"wp-block-paragraph\">Tras la ejecuci\u00f3n de Maximiliano, el general Mariano Escobedo recibi\u00f3 la espada del ex-emperador como un s\u00edmbolo de rendici\u00f3n y victoria. Esta espada se convirti\u00f3 en un emblema hist\u00f3rico y en un recordatorio de la ca\u00edda del Segundo Imperio y la restauraci\u00f3n de la Rep\u00fablica en M\u00e9xico.<\/p>\n\n\n\n<p class=\"wp-block-paragraph\">Estos acontecimientos marcaron un hito importante en la historia de M\u00e9xico<\/p>\n\n\n\n<p class=\"wp-block-paragraph\">Con Afecto<\/p>\n\n\n\n<p class=\"wp-block-paragraph\">Arturo<\/p>\n","protected":false},"excerpt":{"rendered":"<p>Maximiliano de Habsburgo no fue en realidad fusilado en el cerro de las campanas de Quer\u00e9taro, sino, por el contrario, muri\u00f3 a la edad de 104 a\u00f1os en el San Salvador, Salvador. Fecha del fusilamiento: 19 de junio de 1867 Hoy conmemoramos un hecho hist\u00f3rico que marc\u00f3 un punto crucial en la historia de M\u00e9xico: [&hellip;]<\/p>\n","protected":false},"author":1,"featured_media":565,"comment_status":"open","ping_status":"open","sticky":false,"template":"","format":"standard","meta":{"om_disable_all_campaigns":false,"_monsterinsights_skip_tracking":false,"footnotes":""},"categories":[1],"tags":[],"class_list":["post-564","post","type-post","status-publish","format-standard","has-post-thumbnail","category-general"],"aioseo_notices":[],"aioseo_head":"\n\t\t<!-- All in One SEO 5.0.0.1 - aioseo.com -->\n\t<meta name=\"description\" content=\"Maximiliano de Habsburgo no fue en realidad fusilado en el cerro de las campanas de Quer\u00e9taro, sino, por el contrario, muri\u00f3 a la edad de 104 a\u00f1os en el San Salvador, Salvador. Fecha del fusilamiento: 19 de junio de 1867 Hoy conmemoramos un hecho hist\u00f3rico que marc\u00f3 un punto crucial en la historia de M\u00e9xico:\" \/>\n\t<meta name=\"robots\" content=\"max-image-preview:large\" \/>\n\t<meta name=\"author\" content=\"Dr. Arturo David V\u00e1squez Urdiales\"\/>\n\t<meta name=\"google-site-verification\" content=\"w1V7bRCSYMeOZjzLwWS_W8_n8jd94Z38sletBUa-LV0\" \/>\n\t<link rel=\"canonical\" href=\"https:\/\/letrashipnoticas.org\/?p=564\" \/>\n\t<meta name=\"generator\" content=\"All in One SEO (AIOSEO) 5.0.0.1\" \/>\n\t\t<meta property=\"og:locale\" content=\"es_MX\" \/>\n\t\t<meta property=\"og:site_name\" content=\"Letras Hiptn\u00f3ticas - &quot;Descubre Apunte diario sobre letras hipn\u00f3ticas, un viaje literario envolvente que despierta el alma. Reflexiones profundas, historias cautivadoras y un estilo \u00fanico que hipnotiza en cada palabra.&quot; Maximiliano de Habsburgo no fue en realidad fusilado en el cerro de las campanas de Quer\u00e9taro, sino, por el contrario, muri\u00f3 a la edad de 104 a\u00f1os en el San Salvador, Salvador. Fecha del fusilamiento: 19 de junio de 1867 Hoy conmemoramos un hecho hist\u00f3rico que marc\u00f3 un punto crucial en la historia de M\u00e9xico:\" \/>\n\t\t<meta property=\"og:type\" content=\"article\" \/>\n\t\t<meta property=\"og:title\" content=\"El inc\u00f3gnito destino del cad\u00e1ver de Maximiliano de Habsburgo - Letras Hiptn\u00f3ticas\" \/>\n\t\t<meta property=\"og:description\" content=\"Maximiliano de Habsburgo no fue en realidad fusilado en el cerro de las campanas de Quer\u00e9taro, sino, por el contrario, muri\u00f3 a la edad de 104 a\u00f1os en el San Salvador, Salvador. Fecha del fusilamiento: 19 de junio de 1867 Hoy conmemoramos un hecho hist\u00f3rico que marc\u00f3 un punto crucial en la historia de M\u00e9xico:\" \/>\n\t\t<meta property=\"og:url\" content=\"https:\/\/letrashipnoticas.org\/?p=564\" \/>\n\t\t<meta property=\"og:image\" content=\"https:\/\/letrashipnoticas.org\/wp-content\/uploads\/2025\/01\/5.jpg\" \/>\n\t\t<meta property=\"og:image:secure_url\" content=\"https:\/\/letrashipnoticas.org\/wp-content\/uploads\/2025\/01\/5.jpg\" \/>\n\t\t<meta property=\"og:image:width\" content=\"1160\" \/>\n\t\t<meta property=\"og:image:height\" content=\"700\" \/>\n\t\t<meta property=\"article:published_time\" content=\"2025-01-15T19:58:36+00:00\" \/>\n\t\t<meta property=\"article:modified_time\" content=\"2025-02-18T18:13:40+00:00\" \/>\n\t\t<meta name=\"twitter:card\" content=\"summary_large_image\" \/>\n\t\t<meta name=\"twitter:title\" content=\"El inc\u00f3gnito destino del cad\u00e1ver de Maximiliano de Habsburgo - Letras Hiptn\u00f3ticas\" \/>\n\t\t<meta name=\"twitter:description\" content=\"Maximiliano de Habsburgo no fue en realidad fusilado en el cerro de las campanas de Quer\u00e9taro, sino, por el contrario, muri\u00f3 a la edad de 104 a\u00f1os en el San Salvador, Salvador. Fecha del fusilamiento: 19 de junio de 1867 Hoy conmemoramos un hecho hist\u00f3rico que marc\u00f3 un punto crucial en la historia de M\u00e9xico:\" \/>\n\t\t<meta name=\"twitter:image\" content=\"https:\/\/letrashipnoticas.org\/wp-content\/uploads\/2025\/01\/5.jpg\" \/>\n\t\t<script type=\"application\/ld+json\" class=\"aioseo-schema\">\n\t\t\t{\"@context\":\"https:\\\/\\\/schema.org\",\"@graph\":[{\"@type\":\"BlogPosting\",\"@id\":\"https:\\\/\\\/letrashipnoticas.org\\\/?p=564#blogposting\",\"name\":\"El inc\\u00f3gnito destino del cad\\u00e1ver de Maximiliano de Habsburgo - Letras Hiptn\\u00f3ticas\",\"headline\":\"El inc\\u00f3gnito destino del cad\\u00e1ver de Maximiliano de Habsburgo\",\"author\":{\"@id\":\"https:\\\/\\\/letrashipnoticas.org\\\/?author=1#author\"},\"publisher\":{\"@id\":\"https:\\\/\\\/letrashipnoticas.org\\\/#organization\"},\"image\":{\"@type\":\"ImageObject\",\"url\":\"https:\\\/\\\/letrashipnoticas.org\\\/wp-content\\\/uploads\\\/2025\\\/01\\\/5.jpg\",\"width\":1160,\"height\":700},\"datePublished\":\"2025-01-15T19:58:36+00:00\",\"dateModified\":\"2025-02-18T18:13:40+00:00\",\"inLanguage\":\"es-MX\",\"mainEntityOfPage\":{\"@id\":\"https:\\\/\\\/letrashipnoticas.org\\\/?p=564#webpage\"},\"isPartOf\":{\"@id\":\"https:\\\/\\\/letrashipnoticas.org\\\/?p=564#webpage\"},\"articleSection\":\"Las Letras Hipn\\u00f3ticas de hoy\"},{\"@type\":\"BreadcrumbList\",\"@id\":\"https:\\\/\\\/letrashipnoticas.org\\\/?p=564#breadcrumblist\",\"itemListElement\":[{\"@type\":\"ListItem\",\"@id\":\"https:\\\/\\\/letrashipnoticas.org#listItem\",\"position\":1,\"name\":\"Inicio\",\"item\":\"https:\\\/\\\/letrashipnoticas.org\",\"nextItem\":{\"@type\":\"ListItem\",\"@id\":\"https:\\\/\\\/letrashipnoticas.org\\\/?cat=1#listItem\",\"name\":\"Las Letras Hipn\\u00f3ticas de hoy\"}},{\"@type\":\"ListItem\",\"@id\":\"https:\\\/\\\/letrashipnoticas.org\\\/?cat=1#listItem\",\"position\":2,\"name\":\"Las Letras Hipn\\u00f3ticas de hoy\",\"item\":\"https:\\\/\\\/letrashipnoticas.org\\\/?cat=1\",\"nextItem\":{\"@type\":\"ListItem\",\"@id\":\"https:\\\/\\\/letrashipnoticas.org\\\/?p=564#listItem\",\"name\":\"El inc\\u00f3gnito destino del cad\\u00e1ver de Maximiliano de Habsburgo\"},\"previousItem\":{\"@type\":\"ListItem\",\"@id\":\"https:\\\/\\\/letrashipnoticas.org#listItem\",\"name\":\"Inicio\"}},{\"@type\":\"ListItem\",\"@id\":\"https:\\\/\\\/letrashipnoticas.org\\\/?p=564#listItem\",\"position\":3,\"name\":\"El inc\\u00f3gnito destino del cad\\u00e1ver de Maximiliano de Habsburgo\",\"previousItem\":{\"@type\":\"ListItem\",\"@id\":\"https:\\\/\\\/letrashipnoticas.org\\\/?cat=1#listItem\",\"name\":\"Las Letras Hipn\\u00f3ticas de hoy\"}}]},{\"@type\":\"Organization\",\"@id\":\"https:\\\/\\\/letrashipnoticas.org\\\/#organization\",\"name\":\"Letras Hiptn\\u00f3ticas\",\"description\":\"\\\"Descubre Apunte diario sobre letras hipn\\u00f3ticas, un viaje literario envolvente que despierta el alma. Reflexiones profundas, historias cautivadoras y un estilo \\u00fanico que hipnotiza en cada palabra.\\\"\",\"url\":\"https:\\\/\\\/letrashipnoticas.org\\\/\",\"logo\":{\"@type\":\"ImageObject\",\"url\":\"https:\\\/\\\/letrashipnoticas.org\\\/wp-content\\\/uploads\\\/2024\\\/09\\\/LogoRetinaPNG.png\",\"@id\":\"https:\\\/\\\/letrashipnoticas.org\\\/?p=564\\\/#organizationLogo\",\"width\":544,\"height\":180},\"image\":{\"@id\":\"https:\\\/\\\/letrashipnoticas.org\\\/?p=564\\\/#organizationLogo\"}},{\"@type\":\"Person\",\"@id\":\"https:\\\/\\\/letrashipnoticas.org\\\/?author=1#author\",\"url\":\"https:\\\/\\\/letrashipnoticas.org\\\/?author=1\",\"name\":\"Dr. Arturo David V\\u00e1squez Urdiales\",\"image\":{\"@type\":\"ImageObject\",\"@id\":\"https:\\\/\\\/letrashipnoticas.org\\\/?p=564#authorImage\",\"url\":\"https:\\\/\\\/secure.gravatar.com\\\/avatar\\\/1bbc04a2da05a8a25045693b6f4473cec684496aa6385880380b702aa43009f8?s=96&d=mm&r=g\",\"width\":96,\"height\":96,\"caption\":\"Dr. Arturo David V\\u00e1squez Urdiales\"}},{\"@type\":\"WebPage\",\"@id\":\"https:\\\/\\\/letrashipnoticas.org\\\/?p=564#webpage\",\"url\":\"https:\\\/\\\/letrashipnoticas.org\\\/?p=564\",\"name\":\"El inc\\u00f3gnito destino del cad\\u00e1ver de Maximiliano de Habsburgo - Letras Hiptn\\u00f3ticas\",\"description\":\"Maximiliano de Habsburgo no fue en realidad fusilado en el cerro de las campanas de Quer\\u00e9taro, sino, por el contrario, muri\\u00f3 a la edad de 104 a\\u00f1os en el San Salvador, Salvador. Fecha del fusilamiento: 19 de junio de 1867 Hoy conmemoramos un hecho hist\\u00f3rico que marc\\u00f3 un punto crucial en la historia de M\\u00e9xico:\",\"inLanguage\":\"es-MX\",\"isPartOf\":{\"@id\":\"https:\\\/\\\/letrashipnoticas.org\\\/#website\"},\"breadcrumb\":{\"@id\":\"https:\\\/\\\/letrashipnoticas.org\\\/?p=564#breadcrumblist\"},\"author\":{\"@id\":\"https:\\\/\\\/letrashipnoticas.org\\\/?author=1#author\"},\"creator\":{\"@id\":\"https:\\\/\\\/letrashipnoticas.org\\\/?author=1#author\"},\"image\":{\"@type\":\"ImageObject\",\"url\":\"https:\\\/\\\/letrashipnoticas.org\\\/wp-content\\\/uploads\\\/2025\\\/01\\\/5.jpg\",\"@id\":\"https:\\\/\\\/letrashipnoticas.org\\\/?p=564\\\/#mainImage\",\"width\":1160,\"height\":700},\"primaryImageOfPage\":{\"@id\":\"https:\\\/\\\/letrashipnoticas.org\\\/?p=564#mainImage\"},\"datePublished\":\"2025-01-15T19:58:36+00:00\",\"dateModified\":\"2025-02-18T18:13:40+00:00\"},{\"@type\":\"WebSite\",\"@id\":\"https:\\\/\\\/letrashipnoticas.org\\\/#website\",\"url\":\"https:\\\/\\\/letrashipnoticas.org\\\/\",\"name\":\"Letras Hiptn\\u00f3ticas\",\"description\":\"\\\"Descubre Apunte diario sobre letras hipn\\u00f3ticas, un viaje literario envolvente que despierta el alma. Reflexiones profundas, historias cautivadoras y un estilo \\u00fanico que hipnotiza en cada palabra.\\\"\",\"inLanguage\":\"es-MX\",\"publisher\":{\"@id\":\"https:\\\/\\\/letrashipnoticas.org\\\/#organization\"}}]}\n\t\t<\/script>\n\t\t<!-- All in One SEO -->\n\n","aioseo_head_json":{"title":"El inc\u00f3gnito destino del cad\u00e1ver de Maximiliano de Habsburgo - Letras Hiptn\u00f3ticas","description":"Maximiliano de Habsburgo no fue en realidad fusilado en el cerro de las campanas de Quer\u00e9taro, sino, por el contrario, muri\u00f3 a la edad de 104 a\u00f1os en el San Salvador, Salvador. Fecha del fusilamiento: 19 de junio de 1867 Hoy conmemoramos un hecho hist\u00f3rico que marc\u00f3 un punto crucial en la historia de M\u00e9xico:","canonical_url":"https:\/\/letrashipnoticas.org\/?p=564","robots":"max-image-preview:large","keywords":"","webmasterTools":{"google-site-verification":"w1V7bRCSYMeOZjzLwWS_W8_n8jd94Z38sletBUa-LV0","miscellaneous":""},"schema":{"@context":"https:\/\/schema.org","@graph":[{"@type":"BlogPosting","@id":"https:\/\/letrashipnoticas.org\/?p=564#blogposting","name":"El inc\u00f3gnito destino del cad\u00e1ver de Maximiliano de Habsburgo - Letras Hiptn\u00f3ticas","headline":"El inc\u00f3gnito destino del cad\u00e1ver de Maximiliano de Habsburgo","author":{"@id":"https:\/\/letrashipnoticas.org\/?author=1#author"},"publisher":{"@id":"https:\/\/letrashipnoticas.org\/#organization"},"image":{"@type":"ImageObject","url":"https:\/\/letrashipnoticas.org\/wp-content\/uploads\/2025\/01\/5.jpg","width":1160,"height":700},"datePublished":"2025-01-15T19:58:36+00:00","dateModified":"2025-02-18T18:13:40+00:00","inLanguage":"es-MX","mainEntityOfPage":{"@id":"https:\/\/letrashipnoticas.org\/?p=564#webpage"},"isPartOf":{"@id":"https:\/\/letrashipnoticas.org\/?p=564#webpage"},"articleSection":"Las Letras Hipn\u00f3ticas de hoy"},{"@type":"BreadcrumbList","@id":"https:\/\/letrashipnoticas.org\/?p=564#breadcrumblist","itemListElement":[{"@type":"ListItem","@id":"https:\/\/letrashipnoticas.org#listItem","position":1,"name":"Inicio","item":"https:\/\/letrashipnoticas.org","nextItem":{"@type":"ListItem","@id":"https:\/\/letrashipnoticas.org\/?cat=1#listItem","name":"Las Letras Hipn\u00f3ticas de hoy"}},{"@type":"ListItem","@id":"https:\/\/letrashipnoticas.org\/?cat=1#listItem","position":2,"name":"Las Letras Hipn\u00f3ticas de hoy","item":"https:\/\/letrashipnoticas.org\/?cat=1","nextItem":{"@type":"ListItem","@id":"https:\/\/letrashipnoticas.org\/?p=564#listItem","name":"El inc\u00f3gnito destino del cad\u00e1ver de Maximiliano de Habsburgo"},"previousItem":{"@type":"ListItem","@id":"https:\/\/letrashipnoticas.org#listItem","name":"Inicio"}},{"@type":"ListItem","@id":"https:\/\/letrashipnoticas.org\/?p=564#listItem","position":3,"name":"El inc\u00f3gnito destino del cad\u00e1ver de Maximiliano de Habsburgo","previousItem":{"@type":"ListItem","@id":"https:\/\/letrashipnoticas.org\/?cat=1#listItem","name":"Las Letras Hipn\u00f3ticas de hoy"}}]},{"@type":"Organization","@id":"https:\/\/letrashipnoticas.org\/#organization","name":"Letras Hiptn\u00f3ticas","description":"\"Descubre Apunte diario sobre letras hipn\u00f3ticas, un viaje literario envolvente que despierta el alma. Reflexiones profundas, historias cautivadoras y un estilo \u00fanico que hipnotiza en cada palabra.\"","url":"https:\/\/letrashipnoticas.org\/","logo":{"@type":"ImageObject","url":"https:\/\/letrashipnoticas.org\/wp-content\/uploads\/2024\/09\/LogoRetinaPNG.png","@id":"https:\/\/letrashipnoticas.org\/?p=564\/#organizationLogo","width":544,"height":180},"image":{"@id":"https:\/\/letrashipnoticas.org\/?p=564\/#organizationLogo"}},{"@type":"Person","@id":"https:\/\/letrashipnoticas.org\/?author=1#author","url":"https:\/\/letrashipnoticas.org\/?author=1","name":"Dr. Arturo David V\u00e1squez Urdiales","image":{"@type":"ImageObject","@id":"https:\/\/letrashipnoticas.org\/?p=564#authorImage","url":"https:\/\/secure.gravatar.com\/avatar\/1bbc04a2da05a8a25045693b6f4473cec684496aa6385880380b702aa43009f8?s=96&d=mm&r=g","width":96,"height":96,"caption":"Dr. Arturo David V\u00e1squez Urdiales"}},{"@type":"WebPage","@id":"https:\/\/letrashipnoticas.org\/?p=564#webpage","url":"https:\/\/letrashipnoticas.org\/?p=564","name":"El inc\u00f3gnito destino del cad\u00e1ver de Maximiliano de Habsburgo - Letras Hiptn\u00f3ticas","description":"Maximiliano de Habsburgo no fue en realidad fusilado en el cerro de las campanas de Quer\u00e9taro, sino, por el contrario, muri\u00f3 a la edad de 104 a\u00f1os en el San Salvador, Salvador. Fecha del fusilamiento: 19 de junio de 1867 Hoy conmemoramos un hecho hist\u00f3rico que marc\u00f3 un punto crucial en la historia de M\u00e9xico:","inLanguage":"es-MX","isPartOf":{"@id":"https:\/\/letrashipnoticas.org\/#website"},"breadcrumb":{"@id":"https:\/\/letrashipnoticas.org\/?p=564#breadcrumblist"},"author":{"@id":"https:\/\/letrashipnoticas.org\/?author=1#author"},"creator":{"@id":"https:\/\/letrashipnoticas.org\/?author=1#author"},"image":{"@type":"ImageObject","url":"https:\/\/letrashipnoticas.org\/wp-content\/uploads\/2025\/01\/5.jpg","@id":"https:\/\/letrashipnoticas.org\/?p=564\/#mainImage","width":1160,"height":700},"primaryImageOfPage":{"@id":"https:\/\/letrashipnoticas.org\/?p=564#mainImage"},"datePublished":"2025-01-15T19:58:36+00:00","dateModified":"2025-02-18T18:13:40+00:00"},{"@type":"WebSite","@id":"https:\/\/letrashipnoticas.org\/#website","url":"https:\/\/letrashipnoticas.org\/","name":"Letras Hiptn\u00f3ticas","description":"\"Descubre Apunte diario sobre letras hipn\u00f3ticas, un viaje literario envolvente que despierta el alma. Reflexiones profundas, historias cautivadoras y un estilo \u00fanico que hipnotiza en cada palabra.\"","inLanguage":"es-MX","publisher":{"@id":"https:\/\/letrashipnoticas.org\/#organization"}}]},"og:locale":"es_MX","og:site_name":"Letras Hiptn\u00f3ticas - &quot;Descubre Apunte diario sobre letras hipn\u00f3ticas, un viaje literario envolvente que despierta el alma. Reflexiones profundas, historias cautivadoras y un estilo \u00fanico que hipnotiza en cada palabra.&quot; Maximiliano de Habsburgo no fue en realidad fusilado en el cerro de las campanas de Quer\u00e9taro, sino, por el contrario, muri\u00f3 a la edad de 104 a\u00f1os en el San Salvador, Salvador. Fecha del fusilamiento: 19 de junio de 1867 Hoy conmemoramos un hecho hist\u00f3rico que marc\u00f3 un punto crucial en la historia de M\u00e9xico:","og:type":"article","og:title":"El inc\u00f3gnito destino del cad\u00e1ver de Maximiliano de Habsburgo - Letras Hiptn\u00f3ticas","og:description":"Maximiliano de Habsburgo no fue en realidad fusilado en el cerro de las campanas de Quer\u00e9taro, sino, por el contrario, muri\u00f3 a la edad de 104 a\u00f1os en el San Salvador, Salvador. Fecha del fusilamiento: 19 de junio de 1867 Hoy conmemoramos un hecho hist\u00f3rico que marc\u00f3 un punto crucial en la historia de M\u00e9xico:","og:url":"https:\/\/letrashipnoticas.org\/?p=564","og:image":"https:\/\/letrashipnoticas.org\/wp-content\/uploads\/2025\/01\/5.jpg","og:image:secure_url":"https:\/\/letrashipnoticas.org\/wp-content\/uploads\/2025\/01\/5.jpg","og:image:width":1160,"og:image:height":700,"article:published_time":"2025-01-15T19:58:36+00:00","article:modified_time":"2025-02-18T18:13:40+00:00","twitter:card":"summary_large_image","twitter:title":"El inc\u00f3gnito destino del cad\u00e1ver de Maximiliano de Habsburgo - Letras Hiptn\u00f3ticas","twitter:description":"Maximiliano de Habsburgo no fue en realidad fusilado en el cerro de las campanas de Quer\u00e9taro, sino, por el contrario, muri\u00f3 a la edad de 104 a\u00f1os en el San Salvador, Salvador. Fecha del fusilamiento: 19 de junio de 1867 Hoy conmemoramos un hecho hist\u00f3rico que marc\u00f3 un punto crucial en la historia de M\u00e9xico:","twitter:image":"https:\/\/letrashipnoticas.org\/wp-content\/uploads\/2025\/01\/5.jpg"},"aioseo_meta_data":{"post_id":"564","title":null,"description":null,"keywords":null,"keyphrases":{"focus":{"keyphrase":"","score":0,"analysis":{"keyphraseInTitle":{"score":0,"maxScore":9,"error":1}}},"additional":[]},"primary_term":null,"canonical_url":null,"og_title":null,"og_description":null,"og_object_type":"default","og_image_type":"default","og_image_url":null,"og_image_width":null,"og_image_height":null,"og_image_custom_url":null,"og_image_custom_fields":null,"og_video":"","og_custom_url":null,"og_article_section":null,"og_article_tags":null,"twitter_use_og":false,"twitter_card":"default","twitter_image_type":"default","twitter_image_url":null,"twitter_image_custom_url":null,"twitter_image_custom_fields":null,"twitter_title":null,"twitter_description":null,"schema":{"blockGraphs":[],"customGraphs":[],"default":{"data":{"Article":[],"Course":[],"Dataset":[],"FAQPage":[],"Movie":[],"Person":[],"Product":[],"ProductReview":[],"Car":[],"Recipe":[],"Service":[],"SoftwareApplication":[],"WebPage":[]},"graphName":"BlogPosting","isEnabled":true},"graphs":[]},"schema_type":"default","schema_type_options":null,"pillar_content":false,"robots_default":true,"robots_noindex":false,"robots_noarchive":false,"robots_nosnippet":false,"robots_nofollow":false,"robots_noimageindex":false,"robots_noodp":false,"robots_notranslate":false,"robots_max_snippet":"-1","robots_max_videopreview":"-1","robots_max_imagepreview":"large","priority":null,"frequency":"default","local_seo":null,"breadcrumb_settings":null,"limit_modified_date":false,"ai":null,"created":"2025-01-15 19:58:40","updated":"2025-08-08 04:58:50","focus_keyword":null,"additional_keywords":null,"truseo_locale":null,"seo_analyzer_scan_date":null},"aioseo_breadcrumb":"<div class=\"aioseo-breadcrumbs\"><span class=\"aioseo-breadcrumb\">\n\t\t\t<a href=\"https:\/\/letrashipnoticas.org\" title=\"Inicio\">Inicio<\/a>\n\t\t<\/span><span class=\"aioseo-breadcrumb-separator\">&raquo;<\/span><span class=\"aioseo-breadcrumb\">\n\t\t\t<a href=\"https:\/\/letrashipnoticas.org\/?cat=1\" title=\"Las Letras Hipn\u00f3ticas de hoy\">Las Letras Hipn\u00f3ticas de hoy<\/a>\n\t\t<\/span><span class=\"aioseo-breadcrumb-separator\">&raquo;<\/span><span class=\"aioseo-breadcrumb\">\n\t\t\tEl inc\u00f3gnito destino del cad\u00e1ver de Maximiliano de Habsburgo\n\t\t<\/span><\/div>","aioseo_breadcrumb_json":[{"label":"Inicio","link":"https:\/\/letrashipnoticas.org"},{"label":"Las Letras Hipn\u00f3ticas de hoy","link":"https:\/\/letrashipnoticas.org\/?cat=1"},{"label":"El inc\u00f3gnito destino del cad\u00e1ver de Maximiliano de Habsburgo","link":"https:\/\/letrashipnoticas.org\/?p=564"}],"_links":{"self":[{"href":"https:\/\/letrashipnoticas.org\/index.php?rest_route=\/wp\/v2\/posts\/564","targetHints":{"allow":["GET"]}}],"collection":[{"href":"https:\/\/letrashipnoticas.org\/index.php?rest_route=\/wp\/v2\/posts"}],"about":[{"href":"https:\/\/letrashipnoticas.org\/index.php?rest_route=\/wp\/v2\/types\/post"}],"author":[{"embeddable":true,"href":"https:\/\/letrashipnoticas.org\/index.php?rest_route=\/wp\/v2\/users\/1"}],"replies":[{"embeddable":true,"href":"https:\/\/letrashipnoticas.org\/index.php?rest_route=%2Fwp%2Fv2%2Fcomments&post=564"}],"version-history":[{"count":1,"href":"https:\/\/letrashipnoticas.org\/index.php?rest_route=\/wp\/v2\/posts\/564\/revisions"}],"predecessor-version":[{"id":566,"href":"https:\/\/letrashipnoticas.org\/index.php?rest_route=\/wp\/v2\/posts\/564\/revisions\/566"}],"wp:featuredmedia":[{"embeddable":true,"href":"https:\/\/letrashipnoticas.org\/index.php?rest_route=\/wp\/v2\/media\/565"}],"wp:attachment":[{"href":"https:\/\/letrashipnoticas.org\/index.php?rest_route=%2Fwp%2Fv2%2Fmedia&parent=564"}],"wp:term":[{"taxonomy":"category","embeddable":true,"href":"https:\/\/letrashipnoticas.org\/index.php?rest_route=%2Fwp%2Fv2%2Fcategories&post=564"},{"taxonomy":"post_tag","embeddable":true,"href":"https:\/\/letrashipnoticas.org\/index.php?rest_route=%2Fwp%2Fv2%2Ftags&post=564"}],"curies":[{"name":"wp","href":"https:\/\/api.w.org\/{rel}","templated":true}]}}