{"id":4498,"date":"2026-09-02T01:45:13","date_gmt":"2026-09-02T01:45:13","guid":{"rendered":"https:\/\/letrashipnoticas.org\/?p=4498"},"modified":"2026-09-02T01:46:07","modified_gmt":"2026-09-02T01:46:07","slug":"septiembre","status":"publish","type":"post","link":"https:\/\/letrashipnoticas.org\/?p=4498","title":{"rendered":"SEPTIEMBRE."},"content":{"rendered":"\n<p class=\"wp-block-paragraph\"><em>Apunte diario sobre Letras Hipn\u00f3ticas<\/em><\/p>\n\n\n\n<p class=\"wp-block-paragraph\"><em>Semillas de girasol \ud83c\udf3b del espa\u00f1ol en castellano.<\/em><\/p>\n\n\n\n<p class=\"wp-block-paragraph\"><em>El vertiginoso trayecto de la e\u00f1e.<\/em><\/p>\n\n\n\n<p class=\"wp-block-paragraph\"><em>El s\u00e9ptimo que se volvi\u00f3 noveno.<\/em><\/p>\n\n\n\n<p class=\"wp-block-paragraph\"><em>Por Arturo David V\u00e1squez Urdiales.<\/em><\/p>\n\n\n\n<p class=\"wp-block-paragraph\"><em>Hoy, el Duende Urdiales \u2014notario, escribano, escritor y caminante entra\u00f1able del vertiginoso sendero de la \u00d1\u2014 hace un alto.<\/em><\/p>\n\n\n\n<p class=\"wp-block-paragraph\"><em>No un alto definitivo.<\/em><\/p>\n\n\n\n<p class=\"wp-block-paragraph\"><em>Los duendes no saben detenerse del todo.<\/em><\/p>\n\n\n\n<p class=\"wp-block-paragraph\"><em>Apoya acaso el bast\u00f3n junto al camino, acomoda el sombrero, mira hacia atr\u00e1s los ocho meses recorridos y descubre que, casi sin avisar, ha comenzado septiembre.<\/em><\/p>\n\n\n\n<figure class=\"wp-block-image size-large\"><img loading=\"lazy\" decoding=\"async\" width=\"1024\" height=\"683\" src=\"https:\/\/letrashipnoticas.org\/wp-content\/uploads\/2026\/09\/1002016728-1024x683.jpg\" alt=\"\" class=\"wp-image-4501\" srcset=\"https:\/\/letrashipnoticas.org\/wp-content\/uploads\/2026\/09\/1002016728-1024x683.jpg 1024w, https:\/\/letrashipnoticas.org\/wp-content\/uploads\/2026\/09\/1002016728-300x200-1.jpg 300w, https:\/\/letrashipnoticas.org\/wp-content\/uploads\/2026\/09\/1002016728-150x100.jpg 150w, https:\/\/letrashipnoticas.org\/wp-content\/uploads\/2026\/09\/1002016728-768x512.jpg 768w, https:\/\/letrashipnoticas.org\/wp-content\/uploads\/2026\/09\/1002016728-324x216.jpg 324w, https:\/\/letrashipnoticas.org\/wp-content\/uploads\/2026\/09\/1002016728-696x464.jpg 696w, https:\/\/letrashipnoticas.org\/wp-content\/uploads\/2026\/09\/1002016728-1068x712.jpg 1068w, https:\/\/letrashipnoticas.org\/wp-content\/uploads\/2026\/09\/1002016728-240x160.jpg 240w, https:\/\/letrashipnoticas.org\/wp-content\/uploads\/2026\/09\/1002016728-330x220.jpg 330w, https:\/\/letrashipnoticas.org\/wp-content\/uploads\/2026\/09\/1002016728-391x261.jpg 391w, https:\/\/letrashipnoticas.org\/wp-content\/uploads\/2026\/09\/1002016728-356x237.jpg 356w, https:\/\/letrashipnoticas.org\/wp-content\/uploads\/2026\/09\/1002016728-577x385.jpg 577w, https:\/\/letrashipnoticas.org\/wp-content\/uploads\/2026\/09\/1002016728-729x486.jpg 729w, https:\/\/letrashipnoticas.org\/wp-content\/uploads\/2026\/09\/1002016728-870x580.jpg 870w, https:\/\/letrashipnoticas.org\/wp-content\/uploads\/2026\/09\/1002016728.jpg 1536w\" sizes=\"auto, (max-width: 1024px) 100vw, 1024px\" \/><\/figure>\n\n\n\n<p class=\"wp-block-paragraph\"><em>Y septiembre, para un mexicano, no es cualquier mes.<\/em><\/p>\n\n\n\n<p class=\"wp-block-paragraph\"><em>Septiembre tiene campanas.<\/em><\/p>\n\n\n\n<p class=\"wp-block-paragraph\"><em>Tiene plazas.<\/em><\/p>\n\n\n\n<p class=\"wp-block-paragraph\"><em>Tiene banderas.<\/em><\/p>\n\n\n\n<p class=\"wp-block-paragraph\"><em>Tiene noches que comienzan a oler a p\u00f3lvora, pozole, ma\u00edz, chile en nogada y memoria.<\/em><\/p>\n\n\n\n<p class=\"wp-block-paragraph\"><em>Septiembre tiene un cura levantando la voz en Dolores; tiene conspiraciones, insurgentes, estandartes, derrotas, victorias y muertos que siguen cabalgando por nuestra imaginaci\u00f3n.<\/em><\/p>\n\n\n\n<p class=\"wp-block-paragraph\"><em>Pero antes de llegar a M\u00e9xico conviene hacer algo que al Duende Urdiales le encanta:<\/em><\/p>\n\n\n\n<p class=\"wp-block-paragraph\"><em>Preguntarle a la palabra de d\u00f3nde viene.<\/em><\/p>\n\n\n\n<p class=\"wp-block-paragraph\"><em>Porque las palabras tambi\u00e9n tienen antepasados.<\/em><\/p>\n\n\n\n<p class=\"wp-block-paragraph\"><em>Y septiembre guarda una peque\u00f1a paradoja.<\/em><\/p>\n\n\n\n<p class=\"wp-block-paragraph\"><em>I. Septiembre no viene del septentri\u00f3n.<\/em><\/p>\n\n\n\n<p class=\"wp-block-paragraph\">Podr\u00eda parecerlo.<\/p>\n\n\n\n<p class=\"wp-block-paragraph\">Septiembre.<\/p>\n\n\n\n<p class=\"wp-block-paragraph\">Septentri\u00f3n.<\/p>\n\n\n\n<p class=\"wp-block-paragraph\">S\u00e9ptimo.<\/p>\n\n\n\n<p class=\"wp-block-paragraph\"><em>Hasta podr\u00edamos jugar con las siglas y pensar en nuestra SEP, la Secretar\u00eda de Educaci\u00f3n P\u00fablica.<\/em><\/p>\n\n\n\n<p class=\"wp-block-paragraph\"><em>Pero no.<\/em><\/p>\n\n\n\n<p class=\"wp-block-paragraph\"><em>La genealog\u00eda verdadera es mucho m\u00e1s antigua.<\/em><\/p>\n\n\n\n<p class=\"wp-block-paragraph\"><em>Septiembre procede del lat\u00edn September, relacionado con septem: siete.<\/em><\/p>\n\n\n\n<p class=\"wp-block-paragraph\"><em>Siete.<\/em><\/p>\n\n\n\n<p class=\"wp-block-paragraph\"><em>Ah\u00ed est\u00e1 la semilla.<\/em><\/p>\n\n\n\n<p class=\"wp-block-paragraph\"><em>Los romanos llamaron September al mes que ocupaba originalmente el s\u00e9ptimo lugar en una antigua organizaci\u00f3n del calendario cuyo a\u00f1o comenzaba en marzo.<\/em><\/p>\n\n\n\n<p class=\"wp-block-paragraph\"><em>Y de pronto todo empieza a tener sentido:<\/em><\/p>\n\n\n\n<p class=\"wp-block-paragraph\"><em>September: s\u00e9ptimo.<\/em><\/p>\n\n\n\n<p class=\"wp-block-paragraph\"><em>October: octavo.<\/em><\/p>\n\n\n\n<p class=\"wp-block-paragraph\"><em>November: noveno.<\/em><\/p>\n\n\n\n<p class=\"wp-block-paragraph\"><em>December: d\u00e9cimo.<\/em><\/p>\n\n\n\n<p class=\"wp-block-paragraph\"><em>Septiembre, octubre, noviembre y diciembre conservan todav\u00eda, como f\u00f3siles ling\u00fc\u00edsticos, la numeraci\u00f3n de aquel calendario antiguo.<\/em><\/p>\n\n\n\n<p class=\"wp-block-paragraph\"><em>Despu\u00e9s el calendario cambi\u00f3.<\/em><\/p>\n\n\n\n<p class=\"wp-block-paragraph\"><em>Enero y febrero quedaron situados antes de marzo y septiembre termin\u00f3 ocupando el lugar noveno.<\/em><\/p>\n\n\n\n<p class=\"wp-block-paragraph\"><em>Pero nadie le cambi\u00f3 el nombre.<\/em><\/p>\n\n\n\n<p class=\"wp-block-paragraph\"><em>Y qu\u00e9 extraordinaria lecci\u00f3n nos dej\u00f3 Roma sin propon\u00e9rselo:<\/em><\/p>\n\n\n\n<p class=\"wp-block-paragraph\"><em>Septiembre es el s\u00e9ptimo que aprendi\u00f3 a vivir siendo noveno.<\/em><\/p>\n\n\n\n<p class=\"wp-block-paragraph\"><em>Cambi\u00f3 de lugar sin perder su memoria.<\/em><\/p>\n\n\n\n<p class=\"wp-block-paragraph\"><em>Quiz\u00e1 nosotros podamos hacer exactamente lo mismo.<\/em><\/p>\n\n\n\n<p class=\"wp-block-paragraph\"><em>II. Ser otro sin dejar de ser uno.<\/em><\/p>\n\n\n\n<p class=\"wp-block-paragraph\"><em>Aqu\u00ed comienza la verdadera semilla de girasol.<\/em><\/p>\n\n\n\n<p class=\"wp-block-paragraph\"><em>Porque los seres humanos pasamos buena parte de nuestra existencia creyendo que nuestra identidad depende del lugar que ocupamos.<\/em><\/p>\n\n\n\n<p class=\"wp-block-paragraph\"><em>Soy esto.<\/em><\/p>\n\n\n\n<p class=\"wp-block-paragraph\">Peso esto.<\/p>\n\n\n\n<p class=\"wp-block-paragraph\">Tengo esto.<\/p>\n\n\n\n<p class=\"wp-block-paragraph\">Vivo aqu\u00ed.<\/p>\n\n\n\n<p class=\"wp-block-paragraph\">Trabajo aqu\u00ed.<\/p>\n\n\n\n<p class=\"wp-block-paragraph\">Me conocen as\u00ed.<\/p>\n\n\n\n<p class=\"wp-block-paragraph\">Me ocurri\u00f3 aquello.<\/p>\n\n\n\n<p class=\"wp-block-paragraph\"><em>Fui aquello otro.<\/em><\/p>\n\n\n\n<p class=\"wp-block-paragraph\"><em>Y creemos que cambiar significa traicionar nuestra historia.<\/em><\/p>\n\n\n\n<p class=\"wp-block-paragraph\"><em>Septiembre demuestra lo contrario.<\/em><\/p>\n\n\n\n<p class=\"wp-block-paragraph\"><em>Fue s\u00e9ptimo.<\/em><\/p>\n\n\n\n<p class=\"wp-block-paragraph\"><em>Ahora es noveno.<\/em><\/p>\n\n\n\n<p class=\"wp-block-paragraph\"><em>Y sigue llam\u00e1ndose septiembre.<\/em><\/p>\n\n\n\n<p class=\"wp-block-paragraph\"><em>No renunci\u00f3 a su origen para aceptar su nueva posici\u00f3n.<\/em><\/p>\n\n\n\n<p class=\"wp-block-paragraph\"><em>Cambi\u00f3 sin borrarse.<\/em><\/p>\n\n\n\n<p class=\"wp-block-paragraph\">Tal vez \u00e9sa sea una de las formas m\u00e1s hermosas de transformaci\u00f3n humana.<\/p>\n\n\n\n<p class=\"wp-block-paragraph\">Uno no necesita asesinar al hombre que fue para construir al hombre que quiere ser.<\/p>\n\n\n\n<p class=\"wp-block-paragraph\">Hay que agradecerle.<\/p>\n\n\n\n<p class=\"wp-block-paragraph\">Fue \u00e9l quien nos trajo hasta aqu\u00ed.<\/p>\n\n\n\n<p class=\"wp-block-paragraph\">Nuestro pasado puede tener equivocaciones, dolores, excesos, p\u00e9rdidas, enfermedades, desencuentros, noches dif\u00edciles, caminos que parec\u00edan interminables.<\/p>\n\n\n\n<p class=\"wp-block-paragraph\">Pero incluso aquello que hoy no repetir\u00edamos forma parte del puente.<\/p>\n\n\n\n<p class=\"wp-block-paragraph\">Septiembre parece susurrarnos:<\/p>\n\n\n\n<p class=\"wp-block-paragraph\">\u2014Puedes cambiar de lugar en tu propia vida sin cambiar la dignidad de tu nombre.<\/p>\n\n\n\n<p class=\"wp-block-paragraph\">III. Y llegamos al nueve<\/p>\n\n\n\n<p class=\"wp-block-paragraph\">Ahora septiembre ocupa el noveno mes.<\/p>\n\n\n\n<p class=\"wp-block-paragraph\">Y el nueve tiene una fuerza simb\u00f3lica extraordinaria.<\/p>\n\n\n\n<p class=\"wp-block-paragraph\">No necesitamos convertir la numerolog\u00eda en ciencia para reconocer la belleza cultural de sus s\u00edmbolos.<\/p>\n\n\n\n<p class=\"wp-block-paragraph\">Nueve meses suele durar la gestaci\u00f3n humana.<\/p>\n\n\n\n<p class=\"wp-block-paragraph\">Nueve es, por ello, una cifra inevitablemente asociada con la maduraci\u00f3n antes del nacimiento.<\/p>\n\n\n\n<p class=\"wp-block-paragraph\">Algo ha permanecido oculto.<\/p>\n\n\n\n<p class=\"wp-block-paragraph\">Algo se ha formado lentamente.<\/p>\n\n\n\n<p class=\"wp-block-paragraph\">Algo todav\u00eda no vemos por completo.<\/p>\n\n\n\n<p class=\"wp-block-paragraph\">Pero est\u00e1 creciendo.<\/p>\n\n\n\n<p class=\"wp-block-paragraph\">Y finalmente nace.<\/p>\n\n\n\n<p class=\"wp-block-paragraph\">As\u00ed podemos mirar septiembre:<\/p>\n\n\n\n<p class=\"wp-block-paragraph\">como un mes de gestaci\u00f3n cumplida.<\/p>\n\n\n\n<p class=\"wp-block-paragraph\">No necesariamente para nacer f\u00edsicamente.<\/p>\n\n\n\n<p class=\"wp-block-paragraph\">Para nacer de otra manera.<\/p>\n\n\n\n<p class=\"wp-block-paragraph\">Una nueva costumbre.<\/p>\n\n\n\n<p class=\"wp-block-paragraph\">Una nueva disciplina.<\/p>\n\n\n\n<p class=\"wp-block-paragraph\">Una reconciliaci\u00f3n.<\/p>\n\n\n\n<p class=\"wp-block-paragraph\">Un libro.<\/p>\n\n\n\n<p class=\"wp-block-paragraph\">Un proyecto.<\/p>\n\n\n\n<p class=\"wp-block-paragraph\">Una empresa.<\/p>\n\n\n\n<p class=\"wp-block-paragraph\">Una vocaci\u00f3n.<\/p>\n\n\n\n<p class=\"wp-block-paragraph\">Una manera distinta de habitar nuestro cuerpo.<\/p>\n\n\n\n<p class=\"wp-block-paragraph\">Una forma m\u00e1s serena de mirar la vida.<\/p>\n\n\n\n<p class=\"wp-block-paragraph\">El noveno mes parece decir:<\/p>\n\n\n\n<p class=\"wp-block-paragraph\">lo que has venido preparando durante el a\u00f1o ya deber\u00eda comenzar a mostrar su rostro.<\/p>\n\n\n\n<p class=\"wp-block-paragraph\">Enero prometi\u00f3.<\/p>\n\n\n\n<p class=\"wp-block-paragraph\">Febrero dud\u00f3.<\/p>\n\n\n\n<p class=\"wp-block-paragraph\">Marzo camin\u00f3.<\/p>\n\n\n\n<p class=\"wp-block-paragraph\">Abril abri\u00f3 ventanas.<\/p>\n\n\n\n<p class=\"wp-block-paragraph\">Mayo floreci\u00f3.<\/p>\n\n\n\n<p class=\"wp-block-paragraph\">Junio resisti\u00f3.<\/p>\n\n\n\n<p class=\"wp-block-paragraph\">Julio ardi\u00f3.<\/p>\n\n\n\n<p class=\"wp-block-paragraph\">Agosto madur\u00f3.<\/p>\n\n\n\n<p class=\"wp-block-paragraph\">Y septiembre pregunta:<\/p>\n\n\n\n<p class=\"wp-block-paragraph\">\u00bfqu\u00e9 vas a hacer ahora con todo aquello que has aprendido?<\/p>\n\n\n\n<p class=\"wp-block-paragraph\">IV. Septiembre mexicano<\/p>\n\n\n\n<p class=\"wp-block-paragraph\">Pero para nosotros septiembre tiene otra respiraci\u00f3n.<\/p>\n\n\n\n<p class=\"wp-block-paragraph\">M\u00e9xico entra en septiembre y cambia de color.<\/p>\n\n\n\n<p class=\"wp-block-paragraph\">Las calles se llenan de verde, blanco y rojo.<\/p>\n\n\n\n<p class=\"wp-block-paragraph\">Las plazas recuerdan el Grito.<\/p>\n\n\n\n<p class=\"wp-block-paragraph\">Las campanas vuelven simb\u00f3licamente a Dolores.<\/p>\n\n\n\n<p class=\"wp-block-paragraph\">Hidalgo aparece otra vez entre libros escolares, murales y balcones.<\/p>\n\n\n\n<p class=\"wp-block-paragraph\">Allende, Aldama, Josefa Ortiz de Dom\u00ednguez, Morelos, Guerrero y tantos otros regresan a conversar con nosotros.<\/p>\n\n\n\n<p class=\"wp-block-paragraph\">Y aqu\u00ed conviene recordar algo.<\/p>\n\n\n\n<p class=\"wp-block-paragraph\">La Independencia no fue un instante.<\/p>\n\n\n\n<p class=\"wp-block-paragraph\">No ocurri\u00f3 m\u00e1gicamente durante una noche.<\/p>\n\n\n\n<p class=\"wp-block-paragraph\">El Grito de Dolores de septiembre de 1810 abri\u00f3 una guerra larga, contradictoria, dolorosa, humana.<\/p>\n\n\n\n<p class=\"wp-block-paragraph\">M\u00e9xico tuvo que imaginarse antes de poder construirse.<\/p>\n\n\n\n<p class=\"wp-block-paragraph\">Tambi\u00e9n las personas.<\/p>\n\n\n\n<p class=\"wp-block-paragraph\">Toda transformaci\u00f3n profunda comienza primero como una insurrecci\u00f3n interior.<\/p>\n\n\n\n<p class=\"wp-block-paragraph\">Un d\u00eda alguien se mira al espejo y declara su propia independencia.<\/p>\n\n\n\n<p class=\"wp-block-paragraph\">Independencia del miedo.<\/p>\n\n\n\n<p class=\"wp-block-paragraph\">Del resentimiento.<\/p>\n\n\n\n<p class=\"wp-block-paragraph\">De los excesos.<\/p>\n\n\n\n<p class=\"wp-block-paragraph\">De aquello que deteriora el cuerpo.<\/p>\n\n\n\n<p class=\"wp-block-paragraph\">De relaciones que lastiman.<\/p>\n\n\n\n<p class=\"wp-block-paragraph\">De costumbres que nos esclavizan.<\/p>\n\n\n\n<p class=\"wp-block-paragraph\">De la idea terrible de que ya es demasiado tarde.<\/p>\n\n\n\n<p class=\"wp-block-paragraph\">Y quiz\u00e1 all\u00ed exista una manera distinta de entender nuestras fiestas patrias:<\/p>\n\n\n\n<p class=\"wp-block-paragraph\">la independencia tambi\u00e9n puede ser personal.<\/p>\n\n\n\n<p class=\"wp-block-paragraph\">No para separarnos de quienes amamos.<\/p>\n\n\n\n<p class=\"wp-block-paragraph\">Para liberarnos de aquello que nos impide amar mejor.<\/p>\n\n\n\n<p class=\"wp-block-paragraph\">V. Reforma<\/p>\n\n\n\n<p class=\"wp-block-paragraph\">Hay una palabra todav\u00eda m\u00e1s poderosa:<\/p>\n\n\n\n<p class=\"wp-block-paragraph\">reforma.<\/p>\n\n\n\n<p class=\"wp-block-paragraph\">Volver a formar.<\/p>\n\n\n\n<p class=\"wp-block-paragraph\">Dar nueva forma.<\/p>\n\n\n\n<p class=\"wp-block-paragraph\">No destruir necesariamente la materia anterior, sino trabajar sobre ella.<\/p>\n\n\n\n<p class=\"wp-block-paragraph\">La vida humana tambi\u00e9n admite reformas.<\/p>\n\n\n\n<p class=\"wp-block-paragraph\">Reforma del cuerpo.<\/p>\n\n\n\n<p class=\"wp-block-paragraph\">Reforma del pensamiento.<\/p>\n\n\n\n<p class=\"wp-block-paragraph\">Reforma de los h\u00e1bitos.<\/p>\n\n\n\n<p class=\"wp-block-paragraph\">Reforma de la alimentaci\u00f3n.<\/p>\n\n\n\n<p class=\"wp-block-paragraph\">Reforma de nuestras palabras.<\/p>\n\n\n\n<p class=\"wp-block-paragraph\">Reforma de la manera en que tratamos a los dem\u00e1s.<\/p>\n\n\n\n<p class=\"wp-block-paragraph\">Reforma de nuestras prioridades.<\/p>\n\n\n\n<p class=\"wp-block-paragraph\">Y, acaso la m\u00e1s dif\u00edcil:<\/p>\n\n\n\n<p class=\"wp-block-paragraph\">reforma de la manera en que nos tratamos a nosotros mismos.<\/p>\n\n\n\n<p class=\"wp-block-paragraph\">El Duende Urdiales comprende entonces por qu\u00e9 deb\u00eda detenerse precisamente hoy.<\/p>\n\n\n\n<p class=\"wp-block-paragraph\">No para descansar.<\/p>\n\n\n\n<p class=\"wp-block-paragraph\">Para contemplar.<\/p>\n\n\n\n<p class=\"wp-block-paragraph\">Hay momentos en los que caminar exige mirar cu\u00e1nto camino hemos recorrido.<\/p>\n\n\n\n<p class=\"wp-block-paragraph\">Y descubrir que ya no somos exactamente quienes comenzaron la vereda.<\/p>\n\n\n\n<p class=\"wp-block-paragraph\">Eso no es p\u00e9rdida.<\/p>\n\n\n\n<p class=\"wp-block-paragraph\">Eso es vida.<\/p>\n\n\n\n<p class=\"wp-block-paragraph\">El r\u00edo contin\u00faa llam\u00e1ndose r\u00edo aunque ninguna de sus aguas sea exactamente la misma.<\/p>\n\n\n\n<p class=\"wp-block-paragraph\">El \u00e1rbol sigue siendo \u00e1rbol despu\u00e9s de perder miles de hojas.<\/p>\n\n\n\n<p class=\"wp-block-paragraph\">Septiembre sigue llam\u00e1ndose septiembre aunque haya pasado del s\u00e9ptimo al noveno lugar.<\/p>\n\n\n\n<p class=\"wp-block-paragraph\">Y nosotros seguimos siendo nosotros despu\u00e9s de transformarnos.<\/p>\n\n\n\n<p class=\"wp-block-paragraph\">VI. \u00bfQu\u00e9 debemos esperar de septiembre?<\/p>\n\n\n\n<p class=\"wp-block-paragraph\">Nada.<\/p>\n\n\n\n<p class=\"wp-block-paragraph\">Y todo.<\/p>\n\n\n\n<p class=\"wp-block-paragraph\">No debemos sentarnos a esperar que septiembre haga por nosotros aquello que nosotros no estamos dispuestos a comenzar.<\/p>\n\n\n\n<p class=\"wp-block-paragraph\">Los meses no tienen manos.<\/p>\n\n\n\n<p class=\"wp-block-paragraph\">Nosotros s\u00ed.<\/p>\n\n\n\n<p class=\"wp-block-paragraph\">El calendario no adelgaza nuestros pesares.<\/p>\n\n\n\n<p class=\"wp-block-paragraph\">No abandona nuestros malos h\u00e1bitos.<\/p>\n\n\n\n<p class=\"wp-block-paragraph\">No termina nuestros libros.<\/p>\n\n\n\n<p class=\"wp-block-paragraph\">No abraza a nuestros hijos.<\/p>\n\n\n\n<p class=\"wp-block-paragraph\">No pide perd\u00f3n.<\/p>\n\n\n\n<p class=\"wp-block-paragraph\">No emprende negocios.<\/p>\n\n\n\n<p class=\"wp-block-paragraph\">No estudia.<\/p>\n\n\n\n<p class=\"wp-block-paragraph\">No camina.<\/p>\n\n\n\n<p class=\"wp-block-paragraph\">No perdona.<\/p>\n\n\n\n<p class=\"wp-block-paragraph\">No vuelve a empezar.<\/p>\n\n\n\n<p class=\"wp-block-paragraph\">Nosotros s\u00ed.<\/p>\n\n\n\n<p class=\"wp-block-paragraph\">Por eso quiz\u00e1 la pregunta correcta no sea:<\/p>\n\n\n\n<p class=\"wp-block-paragraph\">\u2014\u00bfQu\u00e9 me traer\u00e1 septiembre?<\/p>\n\n\n\n<p class=\"wp-block-paragraph\">Sino:<\/p>\n\n\n\n<p class=\"wp-block-paragraph\">\u2014\u00bfQu\u00e9 voy a llevar yo a septiembre?<\/p>\n\n\n\n<p class=\"wp-block-paragraph\">Ah\u00ed cambia todo.<\/p>\n\n\n\n<p class=\"wp-block-paragraph\">Voy a llevar disciplina.<\/p>\n\n\n\n<p class=\"wp-block-paragraph\">Voy a llevar gratitud.<\/p>\n\n\n\n<p class=\"wp-block-paragraph\">Voy a llevar lectura.<\/p>\n\n\n\n<p class=\"wp-block-paragraph\">Voy a llevar trabajo.<\/p>\n\n\n\n<p class=\"wp-block-paragraph\">Voy a llevar proyectos.<\/p>\n\n\n\n<p class=\"wp-block-paragraph\">Voy a llevar misericordia.<\/p>\n\n\n\n<p class=\"wp-block-paragraph\">Voy a llevar una versi\u00f3n de m\u00ed mismo un poco m\u00e1s consciente que aquella que entr\u00f3 en enero.<\/p>\n\n\n\n<p class=\"wp-block-paragraph\">Entonces septiembre deja de ser una p\u00e1gina del calendario.<\/p>\n\n\n\n<p class=\"wp-block-paragraph\">Se convierte en territorio.<\/p>\n\n\n\n<p class=\"wp-block-paragraph\">VII. Reflexi\u00f3n Hipn\u00f3tica<\/p>\n\n\n\n<p class=\"wp-block-paragraph\">El Duende Urdiales vuelve a ponerse el sombrero.<\/p>\n\n\n\n<p class=\"wp-block-paragraph\">Los animalitos de la granja lo esperan.<\/p>\n\n\n\n<p class=\"wp-block-paragraph\">\u00d1ux parece impaciente.<\/p>\n\n\n\n<p class=\"wp-block-paragraph\">Platero bosteza.<\/p>\n\n\n\n<p class=\"wp-block-paragraph\">Mafalda rumia filos\u00f3ficamente.<\/p>\n\n\n\n<p class=\"wp-block-paragraph\">Fe, Esperanza y Caridad conocen desde hace siglos el secreto del camino.<\/p>\n\n\n\n<p class=\"wp-block-paragraph\">El Duende mira entonces hacia el sendero de la \u00d1.<\/p>\n\n\n\n<p class=\"wp-block-paragraph\">All\u00e1 adelante septiembre comienza.<\/p>\n\n\n\n<p class=\"wp-block-paragraph\">Hay banderas mexicanas movi\u00e9ndose con el viento.<\/p>\n\n\n\n<p class=\"wp-block-paragraph\">Hay girasoles.<\/p>\n\n\n\n<p class=\"wp-block-paragraph\">Hay libros.<\/p>\n\n\n\n<p class=\"wp-block-paragraph\">Hay una campana lejana.<\/p>\n\n\n\n<p class=\"wp-block-paragraph\">Y detr\u00e1s queda el hombre que fuimos.<\/p>\n\n\n\n<p class=\"wp-block-paragraph\">No hay que despreciarlo.<\/p>\n\n\n\n<p class=\"wp-block-paragraph\">No hay que esconderlo.<\/p>\n\n\n\n<p class=\"wp-block-paragraph\">Mucho menos avergonzarse de \u00e9l.<\/p>\n\n\n\n<p class=\"wp-block-paragraph\">Hay que mirarlo con gratitud y decirle:<\/p>\n\n\n\n<p class=\"wp-block-paragraph\">gracias por traerme hasta aqu\u00ed; ahora me toca continuar.<\/p>\n\n\n\n<p class=\"wp-block-paragraph\">Porque septiembre conserva una ense\u00f1anza que ha sobrevivido m\u00e1s de dos mil a\u00f1os escondida dentro de su propio nombre.<\/p>\n\n\n\n<p class=\"wp-block-paragraph\">Fue siete.<\/p>\n\n\n\n<p class=\"wp-block-paragraph\">Ahora es nueve.<\/p>\n\n\n\n<p class=\"wp-block-paragraph\">Cambi\u00f3 su posici\u00f3n.<\/p>\n\n\n\n<p class=\"wp-block-paragraph\">Cambi\u00f3 el calendario.<\/p>\n\n\n\n<p class=\"wp-block-paragraph\">Cambi\u00f3 Roma.<\/p>\n\n\n\n<p class=\"wp-block-paragraph\">Cambi\u00f3 el mundo.<\/p>\n\n\n\n<p class=\"wp-block-paragraph\">Y septiembre permaneci\u00f3.<\/p>\n\n\n\n<p class=\"wp-block-paragraph\">Quiz\u00e1 ah\u00ed se encuentre nuestra peque\u00f1a ense\u00f1anza de hoy:<\/p>\n\n\n\n<p class=\"wp-block-paragraph\">cambiar no significa dejar de ser.<\/p>\n\n\n\n<p class=\"wp-block-paragraph\">A veces significa, precisamente, comenzar a ser aquello que siempre pudimos llegar a ser.<\/p>\n\n\n\n<p class=\"wp-block-paragraph\">Que venga septiembre.<\/p>\n\n\n\n<p class=\"wp-block-paragraph\">Que venga M\u00e9xico.<\/p>\n\n\n\n<p class=\"wp-block-paragraph\">Que venga el noveno mes.<\/p>\n\n\n\n<p class=\"wp-block-paragraph\">Que suenen las campanas.<\/p>\n\n\n\n<p class=\"wp-block-paragraph\">Que se levanten las banderas.<\/p>\n\n\n\n<p class=\"wp-block-paragraph\">Que florezcan los girasoles.<\/p>\n\n\n\n<p class=\"wp-block-paragraph\">Y que cada uno declare, silenciosamente, su propia independencia de aquello que ya no necesita cargar.<\/p>\n\n\n\n<p class=\"wp-block-paragraph\">Porque todav\u00eda queda camino.<\/p>\n\n\n\n<p class=\"wp-block-paragraph\">Porque a\u00fan podemos reformarnos.<\/p>\n\n\n\n<p class=\"wp-block-paragraph\">Porque siempre puede escribirse una p\u00e1gina mejor.<\/p>\n\n\n\n<p class=\"wp-block-paragraph\">Y porque mientras exista un sendero por delante, nuestro querido Duende Urdiales no habr\u00e1 terminado su viaje.<\/p>\n\n\n\n<p class=\"wp-block-paragraph\">Solamente habr\u00e1 hecho un peque\u00f1o alto.<\/p>\n\n\n\n<p class=\"wp-block-paragraph\">Un alto para mirar.<\/p>\n\n\n\n<p class=\"wp-block-paragraph\">Un alto para agradecer.<\/p>\n\n\n\n<p class=\"wp-block-paragraph\">Un alto para cambiar.<\/p>\n\n\n\n<p class=\"wp-block-paragraph\">Y despu\u00e9s&#8230;<\/p>\n\n\n\n<p class=\"wp-block-paragraph\">a seguir caminando por el vertiginoso trayecto de la \u00d1. \ud83c\udf3b\ud83c\uddf2\ud83c\uddfd<\/p>\n","protected":false},"excerpt":{"rendered":"<p>Apunte diario sobre Letras Hipn\u00f3ticas Semillas de girasol \ud83c\udf3b del espa\u00f1ol en castellano. El vertiginoso trayecto de la e\u00f1e. El s\u00e9ptimo que se volvi\u00f3 noveno. Por Arturo David V\u00e1squez Urdiales. Hoy, el Duende Urdiales \u2014notario, escribano, escritor y caminante entra\u00f1able del vertiginoso sendero de la \u00d1\u2014 hace un alto. No un alto definitivo. Los duendes [&hellip;]<\/p>\n","protected":false},"author":1,"featured_media":4500,"comment_status":"open","ping_status":"open","sticky":false,"template":"","format":"standard","meta":{"om_disable_all_campaigns":false,"_monsterinsights_skip_tracking":false,"footnotes":""},"categories":[1],"tags":[],"class_list":["post-4498","post","type-post","status-publish","format-standard","has-post-thumbnail","category-general"],"aioseo_notices":[],"aioseo_head":"\n\t\t<!-- All in One SEO 5.0.0.1 - aioseo.com -->\n\t<meta name=\"description\" content=\"Apunte diario sobre Letras Hipn\u00f3ticas Semillas de girasol \ud83c\udf3b del espa\u00f1ol en castellano. El vertiginoso trayecto de la e\u00f1e. El s\u00e9ptimo que se volvi\u00f3 noveno. Por Arturo David V\u00e1squez Urdiales. Hoy, el Duende Urdiales \u2014notario, escribano, escritor y caminante entra\u00f1able del vertiginoso sendero de la \u00d1\u2014 hace un alto. No un alto definitivo. Los duendes\" \/>\n\t<meta name=\"robots\" content=\"max-image-preview:large\" \/>\n\t<meta name=\"author\" content=\"Dr. Arturo David V\u00e1squez Urdiales\"\/>\n\t<meta name=\"google-site-verification\" content=\"w1V7bRCSYMeOZjzLwWS_W8_n8jd94Z38sletBUa-LV0\" \/>\n\t<link rel=\"canonical\" href=\"https:\/\/letrashipnoticas.org\/?p=4498\" \/>\n\t<meta name=\"generator\" content=\"All in One SEO (AIOSEO) 5.0.0.1\" \/>\n\t\t<meta property=\"og:locale\" content=\"es_MX\" \/>\n\t\t<meta property=\"og:site_name\" content=\"Letras Hiptn\u00f3ticas - &quot;Descubre Apunte diario sobre letras hipn\u00f3ticas, un viaje literario envolvente que despierta el alma. Reflexiones profundas, historias cautivadoras y un estilo \u00fanico que hipnotiza en cada palabra.&quot; Apunte diario sobre Letras Hipn\u00f3ticas Semillas de girasol \ud83c\udf3b del espa\u00f1ol en castellano. El vertiginoso trayecto de la e\u00f1e. El s\u00e9ptimo que se volvi\u00f3 noveno. Por Arturo David V\u00e1squez Urdiales. Hoy, el Duende Urdiales \u2014notario, escribano, escritor y caminante entra\u00f1able del vertiginoso sendero de la \u00d1\u2014 hace un alto. No un alto definitivo. Los duendes\" \/>\n\t\t<meta property=\"og:type\" content=\"article\" \/>\n\t\t<meta property=\"og:title\" content=\"SEPTIEMBRE. - Letras Hiptn\u00f3ticas\" \/>\n\t\t<meta property=\"og:description\" content=\"Apunte diario sobre Letras Hipn\u00f3ticas Semillas de girasol \ud83c\udf3b del espa\u00f1ol en castellano. El vertiginoso trayecto de la e\u00f1e. El s\u00e9ptimo que se volvi\u00f3 noveno. Por Arturo David V\u00e1squez Urdiales. Hoy, el Duende Urdiales \u2014notario, escribano, escritor y caminante entra\u00f1able del vertiginoso sendero de la \u00d1\u2014 hace un alto. No un alto definitivo. Los duendes\" \/>\n\t\t<meta property=\"og:url\" content=\"https:\/\/letrashipnoticas.org\/?p=4498\" \/>\n\t\t<meta property=\"og:image\" content=\"https:\/\/letrashipnoticas.org\/wp-content\/uploads\/2026\/09\/IMG-20260901-WA00351-1.jpg\" \/>\n\t\t<meta property=\"og:image:secure_url\" content=\"https:\/\/letrashipnoticas.org\/wp-content\/uploads\/2026\/09\/IMG-20260901-WA00351-1.jpg\" \/>\n\t\t<meta property=\"og:image:width\" content=\"1536\" \/>\n\t\t<meta property=\"og:image:height\" content=\"1024\" \/>\n\t\t<meta property=\"article:published_time\" content=\"2026-09-02T01:45:13+00:00\" \/>\n\t\t<meta property=\"article:modified_time\" content=\"2026-09-02T01:46:07+00:00\" \/>\n\t\t<meta name=\"twitter:card\" content=\"summary_large_image\" \/>\n\t\t<meta name=\"twitter:title\" content=\"SEPTIEMBRE. - Letras Hiptn\u00f3ticas\" \/>\n\t\t<meta name=\"twitter:description\" content=\"Apunte diario sobre Letras Hipn\u00f3ticas Semillas de girasol \ud83c\udf3b del espa\u00f1ol en castellano. El vertiginoso trayecto de la e\u00f1e. El s\u00e9ptimo que se volvi\u00f3 noveno. Por Arturo David V\u00e1squez Urdiales. Hoy, el Duende Urdiales \u2014notario, escribano, escritor y caminante entra\u00f1able del vertiginoso sendero de la \u00d1\u2014 hace un alto. No un alto definitivo. Los duendes\" \/>\n\t\t<meta name=\"twitter:image\" content=\"https:\/\/letrashipnoticas.org\/wp-content\/uploads\/2026\/09\/IMG-20260901-WA00351-1.jpg\" \/>\n\t\t<script type=\"application\/ld+json\" class=\"aioseo-schema\">\n\t\t\t{\"@context\":\"https:\\\/\\\/schema.org\",\"@graph\":[{\"@type\":\"BlogPosting\",\"@id\":\"https:\\\/\\\/letrashipnoticas.org\\\/?p=4498#blogposting\",\"name\":\"SEPTIEMBRE. - Letras Hiptn\\u00f3ticas\",\"headline\":\"SEPTIEMBRE.\",\"author\":{\"@id\":\"https:\\\/\\\/letrashipnoticas.org\\\/?author=1#author\"},\"publisher\":{\"@id\":\"https:\\\/\\\/letrashipnoticas.org\\\/#organization\"},\"image\":{\"@type\":\"ImageObject\",\"url\":\"https:\\\/\\\/letrashipnoticas.org\\\/wp-content\\\/uploads\\\/2026\\\/09\\\/IMG-20260901-WA00351-1.jpg\",\"width\":1536,\"height\":1024},\"datePublished\":\"2026-09-02T01:45:13+00:00\",\"dateModified\":\"2026-09-02T01:46:07+00:00\",\"inLanguage\":\"es-MX\",\"mainEntityOfPage\":{\"@id\":\"https:\\\/\\\/letrashipnoticas.org\\\/?p=4498#webpage\"},\"isPartOf\":{\"@id\":\"https:\\\/\\\/letrashipnoticas.org\\\/?p=4498#webpage\"},\"articleSection\":\"Las Letras Hipn\\u00f3ticas de hoy\"},{\"@type\":\"BreadcrumbList\",\"@id\":\"https:\\\/\\\/letrashipnoticas.org\\\/?p=4498#breadcrumblist\",\"itemListElement\":[{\"@type\":\"ListItem\",\"@id\":\"https:\\\/\\\/letrashipnoticas.org#listItem\",\"position\":1,\"name\":\"Inicio\",\"item\":\"https:\\\/\\\/letrashipnoticas.org\",\"nextItem\":{\"@type\":\"ListItem\",\"@id\":\"https:\\\/\\\/letrashipnoticas.org\\\/?cat=1#listItem\",\"name\":\"Las Letras Hipn\\u00f3ticas de hoy\"}},{\"@type\":\"ListItem\",\"@id\":\"https:\\\/\\\/letrashipnoticas.org\\\/?cat=1#listItem\",\"position\":2,\"name\":\"Las Letras Hipn\\u00f3ticas de hoy\",\"item\":\"https:\\\/\\\/letrashipnoticas.org\\\/?cat=1\",\"nextItem\":{\"@type\":\"ListItem\",\"@id\":\"https:\\\/\\\/letrashipnoticas.org\\\/?p=4498#listItem\",\"name\":\"SEPTIEMBRE.\"},\"previousItem\":{\"@type\":\"ListItem\",\"@id\":\"https:\\\/\\\/letrashipnoticas.org#listItem\",\"name\":\"Inicio\"}},{\"@type\":\"ListItem\",\"@id\":\"https:\\\/\\\/letrashipnoticas.org\\\/?p=4498#listItem\",\"position\":3,\"name\":\"SEPTIEMBRE.\",\"previousItem\":{\"@type\":\"ListItem\",\"@id\":\"https:\\\/\\\/letrashipnoticas.org\\\/?cat=1#listItem\",\"name\":\"Las Letras Hipn\\u00f3ticas de hoy\"}}]},{\"@type\":\"Organization\",\"@id\":\"https:\\\/\\\/letrashipnoticas.org\\\/#organization\",\"name\":\"Letras Hiptn\\u00f3ticas\",\"description\":\"\\\"Descubre Apunte diario sobre letras hipn\\u00f3ticas, un viaje literario envolvente que despierta el alma. Reflexiones profundas, historias cautivadoras y un estilo \\u00fanico que hipnotiza en cada palabra.\\\"\",\"url\":\"https:\\\/\\\/letrashipnoticas.org\\\/\",\"logo\":{\"@type\":\"ImageObject\",\"url\":\"https:\\\/\\\/letrashipnoticas.org\\\/wp-content\\\/uploads\\\/2024\\\/09\\\/LogoRetinaPNG.png\",\"@id\":\"https:\\\/\\\/letrashipnoticas.org\\\/?p=4498\\\/#organizationLogo\",\"width\":544,\"height\":180},\"image\":{\"@id\":\"https:\\\/\\\/letrashipnoticas.org\\\/?p=4498\\\/#organizationLogo\"}},{\"@type\":\"Person\",\"@id\":\"https:\\\/\\\/letrashipnoticas.org\\\/?author=1#author\",\"url\":\"https:\\\/\\\/letrashipnoticas.org\\\/?author=1\",\"name\":\"Dr. Arturo David V\\u00e1squez Urdiales\",\"image\":{\"@type\":\"ImageObject\",\"@id\":\"https:\\\/\\\/letrashipnoticas.org\\\/?p=4498#authorImage\",\"url\":\"https:\\\/\\\/secure.gravatar.com\\\/avatar\\\/1bbc04a2da05a8a25045693b6f4473cec684496aa6385880380b702aa43009f8?s=96&d=mm&r=g\",\"width\":96,\"height\":96,\"caption\":\"Dr. Arturo David V\\u00e1squez Urdiales\"}},{\"@type\":\"WebPage\",\"@id\":\"https:\\\/\\\/letrashipnoticas.org\\\/?p=4498#webpage\",\"url\":\"https:\\\/\\\/letrashipnoticas.org\\\/?p=4498\",\"name\":\"SEPTIEMBRE. - Letras Hiptn\\u00f3ticas\",\"description\":\"Apunte diario sobre Letras Hipn\\u00f3ticas Semillas de girasol \\ud83c\\udf3b del espa\\u00f1ol en castellano. El vertiginoso trayecto de la e\\u00f1e. El s\\u00e9ptimo que se volvi\\u00f3 noveno. Por Arturo David V\\u00e1squez Urdiales. Hoy, el Duende Urdiales \\u2014notario, escribano, escritor y caminante entra\\u00f1able del vertiginoso sendero de la \\u00d1\\u2014 hace un alto. No un alto definitivo. Los duendes\",\"inLanguage\":\"es-MX\",\"isPartOf\":{\"@id\":\"https:\\\/\\\/letrashipnoticas.org\\\/#website\"},\"breadcrumb\":{\"@id\":\"https:\\\/\\\/letrashipnoticas.org\\\/?p=4498#breadcrumblist\"},\"author\":{\"@id\":\"https:\\\/\\\/letrashipnoticas.org\\\/?author=1#author\"},\"creator\":{\"@id\":\"https:\\\/\\\/letrashipnoticas.org\\\/?author=1#author\"},\"image\":{\"@type\":\"ImageObject\",\"url\":\"https:\\\/\\\/letrashipnoticas.org\\\/wp-content\\\/uploads\\\/2026\\\/09\\\/IMG-20260901-WA00351-1.jpg\",\"@id\":\"https:\\\/\\\/letrashipnoticas.org\\\/?p=4498\\\/#mainImage\",\"width\":1536,\"height\":1024},\"primaryImageOfPage\":{\"@id\":\"https:\\\/\\\/letrashipnoticas.org\\\/?p=4498#mainImage\"},\"datePublished\":\"2026-09-02T01:45:13+00:00\",\"dateModified\":\"2026-09-02T01:46:07+00:00\"},{\"@type\":\"WebSite\",\"@id\":\"https:\\\/\\\/letrashipnoticas.org\\\/#website\",\"url\":\"https:\\\/\\\/letrashipnoticas.org\\\/\",\"name\":\"Letras Hiptn\\u00f3ticas\",\"description\":\"\\\"Descubre Apunte diario sobre letras hipn\\u00f3ticas, un viaje literario envolvente que despierta el alma. Reflexiones profundas, historias cautivadoras y un estilo \\u00fanico que hipnotiza en cada palabra.\\\"\",\"inLanguage\":\"es-MX\",\"publisher\":{\"@id\":\"https:\\\/\\\/letrashipnoticas.org\\\/#organization\"}}]}\n\t\t<\/script>\n\t\t<!-- All in One SEO -->\n\n","aioseo_head_json":{"title":"SEPTIEMBRE. - Letras Hiptn\u00f3ticas","description":"Apunte diario sobre Letras Hipn\u00f3ticas Semillas de girasol \ud83c\udf3b del espa\u00f1ol en castellano. El vertiginoso trayecto de la e\u00f1e. El s\u00e9ptimo que se volvi\u00f3 noveno. Por Arturo David V\u00e1squez Urdiales. Hoy, el Duende Urdiales \u2014notario, escribano, escritor y caminante entra\u00f1able del vertiginoso sendero de la \u00d1\u2014 hace un alto. No un alto definitivo. Los duendes","canonical_url":"https:\/\/letrashipnoticas.org\/?p=4498","robots":"max-image-preview:large","keywords":"","webmasterTools":{"google-site-verification":"w1V7bRCSYMeOZjzLwWS_W8_n8jd94Z38sletBUa-LV0","miscellaneous":""},"schema":{"@context":"https:\/\/schema.org","@graph":[{"@type":"BlogPosting","@id":"https:\/\/letrashipnoticas.org\/?p=4498#blogposting","name":"SEPTIEMBRE. - Letras Hiptn\u00f3ticas","headline":"SEPTIEMBRE.","author":{"@id":"https:\/\/letrashipnoticas.org\/?author=1#author"},"publisher":{"@id":"https:\/\/letrashipnoticas.org\/#organization"},"image":{"@type":"ImageObject","url":"https:\/\/letrashipnoticas.org\/wp-content\/uploads\/2026\/09\/IMG-20260901-WA00351-1.jpg","width":1536,"height":1024},"datePublished":"2026-09-02T01:45:13+00:00","dateModified":"2026-09-02T01:46:07+00:00","inLanguage":"es-MX","mainEntityOfPage":{"@id":"https:\/\/letrashipnoticas.org\/?p=4498#webpage"},"isPartOf":{"@id":"https:\/\/letrashipnoticas.org\/?p=4498#webpage"},"articleSection":"Las Letras Hipn\u00f3ticas de hoy"},{"@type":"BreadcrumbList","@id":"https:\/\/letrashipnoticas.org\/?p=4498#breadcrumblist","itemListElement":[{"@type":"ListItem","@id":"https:\/\/letrashipnoticas.org#listItem","position":1,"name":"Inicio","item":"https:\/\/letrashipnoticas.org","nextItem":{"@type":"ListItem","@id":"https:\/\/letrashipnoticas.org\/?cat=1#listItem","name":"Las Letras Hipn\u00f3ticas de hoy"}},{"@type":"ListItem","@id":"https:\/\/letrashipnoticas.org\/?cat=1#listItem","position":2,"name":"Las Letras Hipn\u00f3ticas de hoy","item":"https:\/\/letrashipnoticas.org\/?cat=1","nextItem":{"@type":"ListItem","@id":"https:\/\/letrashipnoticas.org\/?p=4498#listItem","name":"SEPTIEMBRE."},"previousItem":{"@type":"ListItem","@id":"https:\/\/letrashipnoticas.org#listItem","name":"Inicio"}},{"@type":"ListItem","@id":"https:\/\/letrashipnoticas.org\/?p=4498#listItem","position":3,"name":"SEPTIEMBRE.","previousItem":{"@type":"ListItem","@id":"https:\/\/letrashipnoticas.org\/?cat=1#listItem","name":"Las Letras Hipn\u00f3ticas de hoy"}}]},{"@type":"Organization","@id":"https:\/\/letrashipnoticas.org\/#organization","name":"Letras Hiptn\u00f3ticas","description":"\"Descubre Apunte diario sobre letras hipn\u00f3ticas, un viaje literario envolvente que despierta el alma. Reflexiones profundas, historias cautivadoras y un estilo \u00fanico que hipnotiza en cada palabra.\"","url":"https:\/\/letrashipnoticas.org\/","logo":{"@type":"ImageObject","url":"https:\/\/letrashipnoticas.org\/wp-content\/uploads\/2024\/09\/LogoRetinaPNG.png","@id":"https:\/\/letrashipnoticas.org\/?p=4498\/#organizationLogo","width":544,"height":180},"image":{"@id":"https:\/\/letrashipnoticas.org\/?p=4498\/#organizationLogo"}},{"@type":"Person","@id":"https:\/\/letrashipnoticas.org\/?author=1#author","url":"https:\/\/letrashipnoticas.org\/?author=1","name":"Dr. Arturo David V\u00e1squez Urdiales","image":{"@type":"ImageObject","@id":"https:\/\/letrashipnoticas.org\/?p=4498#authorImage","url":"https:\/\/secure.gravatar.com\/avatar\/1bbc04a2da05a8a25045693b6f4473cec684496aa6385880380b702aa43009f8?s=96&d=mm&r=g","width":96,"height":96,"caption":"Dr. Arturo David V\u00e1squez Urdiales"}},{"@type":"WebPage","@id":"https:\/\/letrashipnoticas.org\/?p=4498#webpage","url":"https:\/\/letrashipnoticas.org\/?p=4498","name":"SEPTIEMBRE. - Letras Hiptn\u00f3ticas","description":"Apunte diario sobre Letras Hipn\u00f3ticas Semillas de girasol \ud83c\udf3b del espa\u00f1ol en castellano. El vertiginoso trayecto de la e\u00f1e. El s\u00e9ptimo que se volvi\u00f3 noveno. Por Arturo David V\u00e1squez Urdiales. Hoy, el Duende Urdiales \u2014notario, escribano, escritor y caminante entra\u00f1able del vertiginoso sendero de la \u00d1\u2014 hace un alto. No un alto definitivo. Los duendes","inLanguage":"es-MX","isPartOf":{"@id":"https:\/\/letrashipnoticas.org\/#website"},"breadcrumb":{"@id":"https:\/\/letrashipnoticas.org\/?p=4498#breadcrumblist"},"author":{"@id":"https:\/\/letrashipnoticas.org\/?author=1#author"},"creator":{"@id":"https:\/\/letrashipnoticas.org\/?author=1#author"},"image":{"@type":"ImageObject","url":"https:\/\/letrashipnoticas.org\/wp-content\/uploads\/2026\/09\/IMG-20260901-WA00351-1.jpg","@id":"https:\/\/letrashipnoticas.org\/?p=4498\/#mainImage","width":1536,"height":1024},"primaryImageOfPage":{"@id":"https:\/\/letrashipnoticas.org\/?p=4498#mainImage"},"datePublished":"2026-09-02T01:45:13+00:00","dateModified":"2026-09-02T01:46:07+00:00"},{"@type":"WebSite","@id":"https:\/\/letrashipnoticas.org\/#website","url":"https:\/\/letrashipnoticas.org\/","name":"Letras Hiptn\u00f3ticas","description":"\"Descubre Apunte diario sobre letras hipn\u00f3ticas, un viaje literario envolvente que despierta el alma. Reflexiones profundas, historias cautivadoras y un estilo \u00fanico que hipnotiza en cada palabra.\"","inLanguage":"es-MX","publisher":{"@id":"https:\/\/letrashipnoticas.org\/#organization"}}]},"og:locale":"es_MX","og:site_name":"Letras Hiptn\u00f3ticas - &quot;Descubre Apunte diario sobre letras hipn\u00f3ticas, un viaje literario envolvente que despierta el alma. Reflexiones profundas, historias cautivadoras y un estilo \u00fanico que hipnotiza en cada palabra.&quot; Apunte diario sobre Letras Hipn\u00f3ticas Semillas de girasol \ud83c\udf3b del espa\u00f1ol en castellano. El vertiginoso trayecto de la e\u00f1e. El s\u00e9ptimo que se volvi\u00f3 noveno. Por Arturo David V\u00e1squez Urdiales. Hoy, el Duende Urdiales \u2014notario, escribano, escritor y caminante entra\u00f1able del vertiginoso sendero de la \u00d1\u2014 hace un alto. No un alto definitivo. Los duendes","og:type":"article","og:title":"SEPTIEMBRE. - Letras Hiptn\u00f3ticas","og:description":"Apunte diario sobre Letras Hipn\u00f3ticas Semillas de girasol \ud83c\udf3b del espa\u00f1ol en castellano. El vertiginoso trayecto de la e\u00f1e. El s\u00e9ptimo que se volvi\u00f3 noveno. Por Arturo David V\u00e1squez Urdiales. Hoy, el Duende Urdiales \u2014notario, escribano, escritor y caminante entra\u00f1able del vertiginoso sendero de la \u00d1\u2014 hace un alto. No un alto definitivo. Los duendes","og:url":"https:\/\/letrashipnoticas.org\/?p=4498","og:image":"https:\/\/letrashipnoticas.org\/wp-content\/uploads\/2026\/09\/IMG-20260901-WA00351-1.jpg","og:image:secure_url":"https:\/\/letrashipnoticas.org\/wp-content\/uploads\/2026\/09\/IMG-20260901-WA00351-1.jpg","og:image:width":1536,"og:image:height":1024,"article:published_time":"2026-09-02T01:45:13+00:00","article:modified_time":"2026-09-02T01:46:07+00:00","twitter:card":"summary_large_image","twitter:title":"SEPTIEMBRE. - Letras Hiptn\u00f3ticas","twitter:description":"Apunte diario sobre Letras Hipn\u00f3ticas Semillas de girasol \ud83c\udf3b del espa\u00f1ol en castellano. El vertiginoso trayecto de la e\u00f1e. El s\u00e9ptimo que se volvi\u00f3 noveno. Por Arturo David V\u00e1squez Urdiales. Hoy, el Duende Urdiales \u2014notario, escribano, escritor y caminante entra\u00f1able del vertiginoso sendero de la \u00d1\u2014 hace un alto. No un alto definitivo. Los duendes","twitter:image":"https:\/\/letrashipnoticas.org\/wp-content\/uploads\/2026\/09\/IMG-20260901-WA00351-1.jpg"},"aioseo_meta_data":{"post_id":"4498","title":null,"description":null,"keywords":null,"keyphrases":{"focus":{"keyphrase":"","score":0,"analysis":{"keyphraseInTitle":{"score":0,"maxScore":9,"error":1}}},"additional":[]},"primary_term":null,"canonical_url":null,"og_title":null,"og_description":null,"og_object_type":"default","og_image_type":"default","og_image_url":null,"og_image_width":null,"og_image_height":null,"og_image_custom_url":null,"og_image_custom_fields":null,"og_video":"","og_custom_url":null,"og_article_section":null,"og_article_tags":null,"twitter_use_og":false,"twitter_card":"default","twitter_image_type":"default","twitter_image_url":null,"twitter_image_custom_url":null,"twitter_image_custom_fields":null,"twitter_title":null,"twitter_description":null,"schema":{"blockGraphs":[],"customGraphs":[],"default":{"data":{"Article":[],"Course":[],"Dataset":[],"FAQPage":[],"Movie":[],"Person":[],"Product":[],"ProductReview":[],"Car":[],"Recipe":[],"Service":[],"SoftwareApplication":[],"WebPage":[]},"graphName":"BlogPosting","isEnabled":true},"graphs":[]},"schema_type":"default","schema_type_options":null,"pillar_content":false,"robots_default":true,"robots_noindex":false,"robots_noarchive":false,"robots_nosnippet":false,"robots_nofollow":false,"robots_noimageindex":false,"robots_noodp":false,"robots_notranslate":false,"robots_max_snippet":"-1","robots_max_videopreview":"-1","robots_max_imagepreview":"large","priority":null,"frequency":"default","local_seo":null,"breadcrumb_settings":null,"limit_modified_date":false,"ai":{"faqs":[],"keyPoints":[],"schemas":[],"titles":[],"descriptions":[],"socialPosts":{"email":{"subject":"","preview":"","content":""},"linkedin":[],"twitter":[],"facebook":[],"instagram":[]}},"created":"2026-09-02 01:46:07","updated":"2026-09-02 14:33:46","focus_keyword":null,"additional_keywords":null,"truseo_locale":null,"seo_analyzer_scan_date":null},"aioseo_breadcrumb":"<div class=\"aioseo-breadcrumbs\"><span class=\"aioseo-breadcrumb\">\n\t\t\t<a href=\"https:\/\/letrashipnoticas.org\" title=\"Inicio\">Inicio<\/a>\n\t\t<\/span><span class=\"aioseo-breadcrumb-separator\">&raquo;<\/span><span class=\"aioseo-breadcrumb\">\n\t\t\t<a href=\"https:\/\/letrashipnoticas.org\/?cat=1\" title=\"Las Letras Hipn\u00f3ticas de hoy\">Las Letras Hipn\u00f3ticas de hoy<\/a>\n\t\t<\/span><span class=\"aioseo-breadcrumb-separator\">&raquo;<\/span><span class=\"aioseo-breadcrumb\">\n\t\t\tSEPTIEMBRE.\n\t\t<\/span><\/div>","aioseo_breadcrumb_json":[{"label":"Inicio","link":"https:\/\/letrashipnoticas.org"},{"label":"Las Letras Hipn\u00f3ticas de hoy","link":"https:\/\/letrashipnoticas.org\/?cat=1"},{"label":"SEPTIEMBRE.","link":"https:\/\/letrashipnoticas.org\/?p=4498"}],"_links":{"self":[{"href":"https:\/\/letrashipnoticas.org\/index.php?rest_route=\/wp\/v2\/posts\/4498","targetHints":{"allow":["GET"]}}],"collection":[{"href":"https:\/\/letrashipnoticas.org\/index.php?rest_route=\/wp\/v2\/posts"}],"about":[{"href":"https:\/\/letrashipnoticas.org\/index.php?rest_route=\/wp\/v2\/types\/post"}],"author":[{"embeddable":true,"href":"https:\/\/letrashipnoticas.org\/index.php?rest_route=\/wp\/v2\/users\/1"}],"replies":[{"embeddable":true,"href":"https:\/\/letrashipnoticas.org\/index.php?rest_route=%2Fwp%2Fv2%2Fcomments&post=4498"}],"version-history":[{"count":1,"href":"https:\/\/letrashipnoticas.org\/index.php?rest_route=\/wp\/v2\/posts\/4498\/revisions"}],"predecessor-version":[{"id":4502,"href":"https:\/\/letrashipnoticas.org\/index.php?rest_route=\/wp\/v2\/posts\/4498\/revisions\/4502"}],"wp:featuredmedia":[{"embeddable":true,"href":"https:\/\/letrashipnoticas.org\/index.php?rest_route=\/wp\/v2\/media\/4500"}],"wp:attachment":[{"href":"https:\/\/letrashipnoticas.org\/index.php?rest_route=%2Fwp%2Fv2%2Fmedia&parent=4498"}],"wp:term":[{"taxonomy":"category","embeddable":true,"href":"https:\/\/letrashipnoticas.org\/index.php?rest_route=%2Fwp%2Fv2%2Fcategories&post=4498"},{"taxonomy":"post_tag","embeddable":true,"href":"https:\/\/letrashipnoticas.org\/index.php?rest_route=%2Fwp%2Fv2%2Ftags&post=4498"}],"curies":[{"name":"wp","href":"https:\/\/api.w.org\/{rel}","templated":true}]}}