{"id":4427,"date":"2026-08-27T03:41:25","date_gmt":"2026-08-27T03:41:25","guid":{"rendered":"https:\/\/letrashipnoticas.org\/?p=4427"},"modified":"2026-08-27T03:41:38","modified_gmt":"2026-08-27T03:41:38","slug":"mea-culpa","status":"publish","type":"post","link":"https:\/\/letrashipnoticas.org\/?p=4427","title":{"rendered":"MEA CULPA."},"content":{"rendered":"\n<p class=\"wp-block-paragraph\"><em>Apunte diario sobre Letras Hipn\u00f3ticas.<\/em><\/p>\n\n\n\n\n\n<p class=\"wp-block-paragraph\"><em>Semillas de girasol \ud83c\udf3b del espa\u00f1ol en castellano.<\/em><\/p>\n\n\n\n<p class=\"wp-block-paragraph\"><em>El vertiginoso trayecto de la e\u00f1e.<\/em><\/p>\n\n\n\n<p class=\"wp-block-paragraph\"><em>La valent\u00eda de decir: \u00abfui yo\u00bb<\/em><\/p>\n\n\n\n<p class=\"wp-block-paragraph\"><em>Por Arturo David V\u00e1squez Urdiales<\/em><\/p>\n\n\n\n<p class=\"wp-block-paragraph\"><em>El Duende Urdiales continu\u00f3 caminando.<\/em><\/p>\n\n\n\n<p class=\"wp-block-paragraph\">Hab\u00eda dejado atr\u00e1s aquella primera piedra romana que dec\u00eda SINE QUA NON, y Julio C\u00e9sar, todav\u00eda encaramado sobre Platero \u2014con mucha m\u00e1s dignidad imperial que comodidad ecuestre\u2014, avanzaba a su lado.<\/p>\n\n\n\n<p class=\"wp-block-paragraph\">Detr\u00e1s ven\u00eda la peque\u00f1a caravana.<\/p>\n\n\n\n<p class=\"wp-block-paragraph\">Fe, Esperanza y Caridad caminaban entre los girasoles; Mafalda hac\u00eda sonar de vez en cuando su campana; \u00d1ux se adelantaba como buen chal\u00e1n; Se\u00f1or Luz investigaba los rincones; Se\u00f1or Sombra caminaba con gravedad de magistrado; Biuses vigilaba al reba\u00f1o; Chino Cochino parec\u00eda no tener prisa por llegar a ninguna parte; Paca y Pancho manten\u00edan una discusi\u00f3n cuyo origen se hab\u00eda perdido kil\u00f3metros atr\u00e1s.<\/p>\n\n\n\n<p class=\"wp-block-paragraph\">El sendero comenz\u00f3 entonces a estrecharse.<\/p>\n\n\n\n<p class=\"wp-block-paragraph\">Y all\u00ed apareci\u00f3 una segunda piedra.<\/p>\n\n\n\n<p class=\"wp-block-paragraph\">No era grande.<\/p>\n\n\n\n<p class=\"wp-block-paragraph\">No ten\u00eda adornos.<\/p>\n\n\n\n<p class=\"wp-block-paragraph\">No estaba coronada de laureles.<\/p>\n\n\n\n<p class=\"wp-block-paragraph\">Solamente llevaba grabadas dos palabras:<\/p>\n\n\n\n<p class=\"wp-block-paragraph\">MEA CULPA.<\/p>\n\n\n\n<p class=\"wp-block-paragraph\">C\u00e9sar detuvo a Platero.<\/p>\n\n\n\n<p class=\"wp-block-paragraph\">El Duende guard\u00f3 silencio.<\/p>\n\n\n\n<p class=\"wp-block-paragraph\">Porque hay palabras que sirven para conquistar imperios.<\/p>\n\n\n\n<p class=\"wp-block-paragraph\">Y hay otras, mucho m\u00e1s dif\u00edciles, que sirven para conquistarse a uno mismo.<\/p>\n\n\n\n<p class=\"wp-block-paragraph\">&#8212;\ud83c\udf3b\ud83c\udf3b\ud83c\udf3b\ud83c\udf3b\ud83c\udf3b<\/p>\n\n\n\n<p class=\"wp-block-paragraph\">I. Dos palabras terriblemente sencillas<\/p>\n\n\n\n<p class=\"wp-block-paragraph\">Mea culpa significa literalmente:<\/p>\n\n\n\n<p class=\"wp-block-paragraph\">\u00abpor mi culpa\u00bb.<\/p>\n\n\n\n<p class=\"wp-block-paragraph\">Mea: m\u00eda.<\/p>\n\n\n\n<p class=\"wp-block-paragraph\">Culpa: culpa, falta, responsabilidad.<\/p>\n\n\n\n<p class=\"wp-block-paragraph\">La expresi\u00f3n procede de la tradici\u00f3n lit\u00fargica cristiana latina y qued\u00f3 inmortalizada en el Confiteor, la antigua oraci\u00f3n penitencial:<\/p>\n\n\n\n<p class=\"wp-block-paragraph\">mea culpa, mea culpa, mea maxima culpa.<\/p>\n\n\n\n<p class=\"wp-block-paragraph\">Por mi culpa.<\/p>\n\n\n\n<p class=\"wp-block-paragraph\">Por mi culpa.<\/p>\n\n\n\n<p class=\"wp-block-paragraph\">Por mi grand\u00edsima culpa.<\/p>\n\n\n\n<p class=\"wp-block-paragraph\">Obs\u00e9rvese algo extraordinario.<\/p>\n\n\n\n<p class=\"wp-block-paragraph\">No dice:<\/p>\n\n\n\n<p class=\"wp-block-paragraph\">tua culpa.<\/p>\n\n\n\n<p class=\"wp-block-paragraph\">No dice:<\/p>\n\n\n\n<p class=\"wp-block-paragraph\">culpa de mi vecino.<\/p>\n\n\n\n<p class=\"wp-block-paragraph\">Culpa de mis enemigos.<\/p>\n\n\n\n<p class=\"wp-block-paragraph\">Culpa del gobierno.<\/p>\n\n\n\n<p class=\"wp-block-paragraph\">Culpa de mis padres.<\/p>\n\n\n\n<p class=\"wp-block-paragraph\">Culpa del destino.<\/p>\n\n\n\n<p class=\"wp-block-paragraph\">Culpa de las circunstancias.<\/p>\n\n\n\n<p class=\"wp-block-paragraph\">Dice:<\/p>\n\n\n\n<p class=\"wp-block-paragraph\">mea.<\/p>\n\n\n\n<p class=\"wp-block-paragraph\">M\u00eda.<\/p>\n\n\n\n<p class=\"wp-block-paragraph\">Y quiz\u00e1 ninguna palabra resulte tan dif\u00edcil de pronunciar cuando verdaderamente importa.<\/p>\n\n\n\n<p class=\"wp-block-paragraph\">&#8212;\ud83c\udf3b\ud83c\udf3b\ud83c\udf3b\ud83c\udf3b\ud83c\udf3b<\/p>\n\n\n\n<p class=\"wp-block-paragraph\">II. Antes de ser latinajo fue confesi\u00f3n<\/p>\n\n\n\n<p class=\"wp-block-paragraph\">Estamos acostumbrados a escuchar mea culpa en peri\u00f3dicos, conversaciones, discursos pol\u00edticos y hasta bromas:<\/p>\n\n\n\n<p class=\"wp-block-paragraph\">\u2014Hago mi mea culpa.<\/p>\n\n\n\n<p class=\"wp-block-paragraph\">Pero la expresi\u00f3n naci\u00f3 en un territorio mucho m\u00e1s profundo.<\/p>\n\n\n\n<p class=\"wp-block-paragraph\">Era reconocimiento.<\/p>\n\n\n\n<p class=\"wp-block-paragraph\">Confesi\u00f3n.<\/p>\n\n\n\n<p class=\"wp-block-paragraph\">Examen de conciencia.<\/p>\n\n\n\n<p class=\"wp-block-paragraph\">Durante siglos, millones de personas pronunciaron aquellas palabras golpe\u00e1ndose el pecho.<\/p>\n\n\n\n<p class=\"wp-block-paragraph\">El gesto tiene una fuerza simb\u00f3lica formidable.<\/p>\n\n\n\n<p class=\"wp-block-paragraph\">La mano no se\u00f1ala hacia afuera.<\/p>\n\n\n\n<p class=\"wp-block-paragraph\">No busca culpables en el horizonte.<\/p>\n\n\n\n<p class=\"wp-block-paragraph\">Regresa hacia el propio pecho.<\/p>\n\n\n\n<p class=\"wp-block-paragraph\">Aqu\u00ed.<\/p>\n\n\n\n<p class=\"wp-block-paragraph\">Ese movimiento contiene una filosof\u00eda completa de la responsabilidad.<\/p>\n\n\n\n<p class=\"wp-block-paragraph\">Porque el ser humano posee una extraordinaria habilidad para se\u00f1alar.<\/p>\n\n\n\n<p class=\"wp-block-paragraph\">Extendemos el \u00edndice con facilidad.<\/p>\n\n\n\n<p class=\"wp-block-paragraph\">La culpa est\u00e1 all\u00e1.<\/p>\n\n\n\n<p class=\"wp-block-paragraph\">El responsable es aqu\u00e9l.<\/p>\n\n\n\n<p class=\"wp-block-paragraph\">El error fue de ellos.<\/p>\n\n\n\n<p class=\"wp-block-paragraph\">Pero cuando pronunciamos verdaderamente mea culpa, el dedo deja de apuntar al mundo y vuelve hacia nosotros.<\/p>\n\n\n\n<p class=\"wp-block-paragraph\">Y \u00e9se es uno de los viajes m\u00e1s cortos en distancia y m\u00e1s largos en conciencia.<\/p>\n\n\n\n<p class=\"wp-block-paragraph\">&#8212;\ud83c\udf3b\ud83c\udf3b\ud83c\udf3b\ud83c\udf3b\ud83c\udf3b<\/p>\n\n\n\n<p class=\"wp-block-paragraph\">III. \u00bfQu\u00e9 es la culpa?<\/p>\n\n\n\n<p class=\"wp-block-paragraph\">Aqu\u00ed debemos profundizar.<\/p>\n\n\n\n<p class=\"wp-block-paragraph\">Porque culpa no es lo mismo que pecado.<\/p>\n\n\n\n<p class=\"wp-block-paragraph\">No es exactamente lo mismo que delito.<\/p>\n\n\n\n<p class=\"wp-block-paragraph\">Tampoco equivale necesariamente a responsabilidad moral.<\/p>\n\n\n\n<p class=\"wp-block-paragraph\">El Derecho lo sabe perfectamente.<\/p>\n\n\n\n<p class=\"wp-block-paragraph\">Puede existir responsabilidad jur\u00eddica sin que exista maldad.<\/p>\n\n\n\n<p class=\"wp-block-paragraph\">Puede existir una conducta moralmente reprochable que no constituya delito.<\/p>\n\n\n\n<p class=\"wp-block-paragraph\">Puede existir da\u00f1o sin intenci\u00f3n.<\/p>\n\n\n\n<p class=\"wp-block-paragraph\">Puede existir intenci\u00f3n sin resultado.<\/p>\n\n\n\n<p class=\"wp-block-paragraph\">Puede existir dolo.<\/p>\n\n\n\n<p class=\"wp-block-paragraph\">Puede existir culpa.<\/p>\n\n\n\n<p class=\"wp-block-paragraph\">Puede existir negligencia.<\/p>\n\n\n\n<p class=\"wp-block-paragraph\">Puede existir imprudencia.<\/p>\n\n\n\n<p class=\"wp-block-paragraph\">Puede existir error.<\/p>\n\n\n\n<p class=\"wp-block-paragraph\">Puede existir caso fortuito.<\/p>\n\n\n\n<p class=\"wp-block-paragraph\">Y puede existir, tambi\u00e9n, la terrible comodidad de fingir que nada de aquello tuvo que ver con nosotros.<\/p>\n\n\n\n<p class=\"wp-block-paragraph\">Por eso el mea culpa exige precisi\u00f3n.<\/p>\n\n\n\n<p class=\"wp-block-paragraph\">No consiste en cargar sobre los hombros todas las desgracias del universo.<\/p>\n\n\n\n<p class=\"wp-block-paragraph\">Eso ser\u00eda tan falso como negar cualquier responsabilidad.<\/p>\n\n\n\n<p class=\"wp-block-paragraph\">La verdadera responsabilidad comienza preguntando:<\/p>\n\n\n\n<p class=\"wp-block-paragraph\">\u00bfQu\u00e9 parte de esto me corresponde?<\/p>\n\n\n\n<p class=\"wp-block-paragraph\">Ni m\u00e1s.<\/p>\n\n\n\n<p class=\"wp-block-paragraph\">Ni menos.<\/p>\n\n\n\n<p class=\"wp-block-paragraph\">&#8212;\ud83c\udf3b\ud83c\udf3b\ud83c\udf3b\ud83c\udf3b\ud83c\udf3b<\/p>\n\n\n\n<p class=\"wp-block-paragraph\">IV. El Derecho y la vieja palabra culpa<\/p>\n\n\n\n<p class=\"wp-block-paragraph\">Pocas palabras muestran tan claramente la continuidad entre Roma y nosotros.<\/p>\n\n\n\n<p class=\"wp-block-paragraph\">El Derecho romano desarroll\u00f3 complejas categor\u00edas alrededor del dolus y la culpa.<\/p>\n\n\n\n<p class=\"wp-block-paragraph\">La tradici\u00f3n jur\u00eddica posterior las recibi\u00f3, discuti\u00f3 y transform\u00f3.<\/p>\n\n\n\n<p class=\"wp-block-paragraph\">Todav\u00eda hoy los juristas distinguimos entre actuar queriendo producir determinado resultado y causarlo por descuido, negligencia o imprudencia, aunque cada rama del Derecho establezca sus propias categor\u00edas y consecuencias.<\/p>\n\n\n\n<p class=\"wp-block-paragraph\">La antigua palabra contin\u00faa all\u00ed:<\/p>\n\n\n\n<p class=\"wp-block-paragraph\">culpa.<\/p>\n\n\n\n<p class=\"wp-block-paragraph\">Eso significa que cuando un abogado contempor\u00e1neo utiliza determinados conceptos jur\u00eddicos est\u00e1 caminando, muchas veces sin advertirlo, sobre piedras colocadas hace siglos.<\/p>\n\n\n\n<p class=\"wp-block-paragraph\">El Duende Urdiales mira entonces a Julio C\u00e9sar.<\/p>\n\n\n\n<p class=\"wp-block-paragraph\">\u2014Don Julio, ustedes dejaron muchas cosas.<\/p>\n\n\n\n<p class=\"wp-block-paragraph\">C\u00e9sar sonr\u00ede.<\/p>\n\n\n\n<p class=\"wp-block-paragraph\">\u2014Caminos, acueductos, leyes&#8230;<\/p>\n\n\n\n<p class=\"wp-block-paragraph\">El Duende lo interrumpe:<\/p>\n\n\n\n<p class=\"wp-block-paragraph\">\u2014Y pleitos.<\/p>\n\n\n\n<p class=\"wp-block-paragraph\">C\u00e9sar mira hacia otro lado.<\/p>\n\n\n\n<p class=\"wp-block-paragraph\">Platero rebuzna.<\/p>\n\n\n\n<p class=\"wp-block-paragraph\">Mea culpa.<\/p>\n\n\n\n<p class=\"wp-block-paragraph\">&#8212;\ud83c\udf3b\ud83c\udf3b\ud83c\udf3b\ud83c\udf3b\ud83c\udf3b<\/p>\n\n\n\n<p class=\"wp-block-paragraph\">V. La humanidad invent\u00f3 una formidable m\u00e1quina de fabricar excusas<\/p>\n\n\n\n<p class=\"wp-block-paragraph\">Aqu\u00ed nuestro latinismo abandona la sacrist\u00eda y el tribunal para entrar directamente en nuestra \u00e9poca.<\/p>\n\n\n\n<p class=\"wp-block-paragraph\">Porque jam\u00e1s tuvimos tantos instrumentos para explicar por qu\u00e9 la culpa pertenece a otro.<\/p>\n\n\n\n<p class=\"wp-block-paragraph\">Fracasa una empresa:<\/p>\n\n\n\n<p class=\"wp-block-paragraph\">culpa del mercado.<\/p>\n\n\n\n<p class=\"wp-block-paragraph\">Fracasa un gobierno:<\/p>\n\n\n\n<p class=\"wp-block-paragraph\">culpa del anterior.<\/p>\n\n\n\n<p class=\"wp-block-paragraph\">Se rompe una amistad:<\/p>\n\n\n\n<p class=\"wp-block-paragraph\">culpa del otro.<\/p>\n\n\n\n<p class=\"wp-block-paragraph\">Un matrimonio se desmorona:<\/p>\n\n\n\n<p class=\"wp-block-paragraph\">culpa del c\u00f3nyuge.<\/p>\n\n\n\n<p class=\"wp-block-paragraph\">Una guerra comienza:<\/p>\n\n\n\n<p class=\"wp-block-paragraph\">culpa del enemigo.<\/p>\n\n\n\n<p class=\"wp-block-paragraph\">Un hijo se distancia:<\/p>\n\n\n\n<p class=\"wp-block-paragraph\">culpa de la generaci\u00f3n.<\/p>\n\n\n\n<p class=\"wp-block-paragraph\">Una decisi\u00f3n resulta desastrosa:<\/p>\n\n\n\n<p class=\"wp-block-paragraph\">culpa de los asesores.<\/p>\n\n\n\n<p class=\"wp-block-paragraph\">Y cuando todos terminamos de repartir responsabilidades ocurre un prodigio estad\u00edstico:<\/p>\n\n\n\n<p class=\"wp-block-paragraph\">nadie hizo nada.<\/p>\n\n\n\n<p class=\"wp-block-paragraph\">La cat\u00e1strofe simplemente apareci\u00f3.<\/p>\n\n\n\n<p class=\"wp-block-paragraph\">Como lluvia.<\/p>\n\n\n\n<p class=\"wp-block-paragraph\">Como granizo.<\/p>\n\n\n\n<p class=\"wp-block-paragraph\">Como terremoto.<\/p>\n\n\n\n<p class=\"wp-block-paragraph\">\u00c9se es uno de los grandes peligros morales de cualquier sociedad: construir sistemas donde todos tienen una explicaci\u00f3n y nadie tiene responsabilidad.<\/p>\n\n\n\n<p class=\"wp-block-paragraph\">&#8212;\ud83c\udf3b\ud83c\udf3b\ud83c\udf3b\ud83c\udf3b\ud83c\udf3b<\/p>\n\n\n\n<p class=\"wp-block-paragraph\">VI. El poder tiene particular dificultad para pronunciar estas dos palabras<\/p>\n\n\n\n<p class=\"wp-block-paragraph\">Cuanto m\u00e1s alto est\u00e1 alguien, m\u00e1s dif\u00edcil parece decir:<\/p>\n\n\n\n<p class=\"wp-block-paragraph\">me equivoqu\u00e9.<\/p>\n\n\n\n<p class=\"wp-block-paragraph\">El poderoso teme que reconocer un error disminuya su autoridad.<\/p>\n\n\n\n<p class=\"wp-block-paragraph\">El gobernante teme perder legitimidad.<\/p>\n\n\n\n<p class=\"wp-block-paragraph\">El juez puede temer mostrar falibilidad.<\/p>\n\n\n\n<p class=\"wp-block-paragraph\">El empresario puede temer debilidad.<\/p>\n\n\n\n<p class=\"wp-block-paragraph\">El padre puede creer que reconocer un error frente a sus hijos destruye su autoridad.<\/p>\n\n\n\n<p class=\"wp-block-paragraph\">El maestro puede sentir verg\u00fcenza de corregirse frente a sus alumnos.<\/p>\n\n\n\n<p class=\"wp-block-paragraph\">Pero quiz\u00e1 ocurra exactamente lo contrario.<\/p>\n\n\n\n<p class=\"wp-block-paragraph\">Una autoridad incapaz de reconocer errores termina convirti\u00e9ndose en prisionera de ellos.<\/p>\n\n\n\n<p class=\"wp-block-paragraph\">Tiene que defender hoy la equivocaci\u00f3n de ayer para no admitir que se equivoc\u00f3.<\/p>\n\n\n\n<p class=\"wp-block-paragraph\">Y ma\u00f1ana tendr\u00e1 que inventar una nueva explicaci\u00f3n para proteger la explicaci\u00f3n de hoy.<\/p>\n\n\n\n<p class=\"wp-block-paragraph\">As\u00ed comienza una arquitectura monstruosa.<\/p>\n\n\n\n<p class=\"wp-block-paragraph\">Primero defendemos el error.<\/p>\n\n\n\n<p class=\"wp-block-paragraph\">Despu\u00e9s mentimos para defenderlo.<\/p>\n\n\n\n<p class=\"wp-block-paragraph\">Despu\u00e9s castigamos a quien demuestra que mentimos.<\/p>\n\n\n\n<p class=\"wp-block-paragraph\">Y finalmente necesitamos reescribir la realidad para seguir teniendo raz\u00f3n.<\/p>\n\n\n\n<p class=\"wp-block-paragraph\">Todo porque alguna vez fuimos incapaces de pronunciar dos palabras:<\/p>\n\n\n\n<p class=\"wp-block-paragraph\">mea culpa.<\/p>\n\n\n\n<p class=\"wp-block-paragraph\">&#8212;\ud83c\udf3b\ud83c\udf3b\ud83c\udf3b\ud83c\udf3b\ud83c\udf3b<\/p>\n\n\n\n<p class=\"wp-block-paragraph\">VII. S\u00f3crates habr\u00eda comprendido perfectamente<\/p>\n\n\n\n<p class=\"wp-block-paragraph\">Aunque nuestra expresi\u00f3n sea latina, su esp\u00edritu atraviesa otras tradiciones.<\/p>\n\n\n\n<p class=\"wp-block-paragraph\">S\u00f3crates hizo de la conciencia de la propia ignorancia una puerta hacia el conocimiento.<\/p>\n\n\n\n<p class=\"wp-block-paragraph\">Quien cree saberlo todo ha cerrado la posibilidad de aprender.<\/p>\n\n\n\n<p class=\"wp-block-paragraph\">Quien acepta:<\/p>\n\n\n\n<p class=\"wp-block-paragraph\">\u00abpuedo estar equivocado\u00bb<\/p>\n\n\n\n<p class=\"wp-block-paragraph\">acaba de abrirla.<\/p>\n\n\n\n<p class=\"wp-block-paragraph\">Hay, por tanto, una curiosa fraternidad entre:<\/p>\n\n\n\n<p class=\"wp-block-paragraph\">no s\u00e9<\/p>\n\n\n\n<p class=\"wp-block-paragraph\">y<\/p>\n\n\n\n<p class=\"wp-block-paragraph\">me equivoqu\u00e9.<\/p>\n\n\n\n<p class=\"wp-block-paragraph\">Ambas expresiones requieren humildad.<\/p>\n\n\n\n<p class=\"wp-block-paragraph\">Ambas desarman la soberbia.<\/p>\n\n\n\n<p class=\"wp-block-paragraph\">Ambas permiten avanzar.<\/p>\n\n\n\n<p class=\"wp-block-paragraph\">Por eso la inteligencia no consiste solamente en acumular certezas.<\/p>\n\n\n\n<p class=\"wp-block-paragraph\">Tambi\u00e9n consiste en desarrollar la capacidad de rectificar.<\/p>\n\n\n\n<p class=\"wp-block-paragraph\">&#8212;\ud83c\udf3b\ud83c\udf3b\ud83c\udf3b\ud83c\udf3b\ud83c\udf3b<\/p>\n\n\n\n<p class=\"wp-block-paragraph\">VIII. Mea culpa no significa vivir culp\u00e1ndose<\/p>\n\n\n\n<p class=\"wp-block-paragraph\">Aqu\u00ed debemos detenernos.<\/p>\n\n\n\n<p class=\"wp-block-paragraph\">Porque la culpa puede enfermar el alma cuando deja de servir para reparar y comienza a servir \u00fanicamente para castigar.<\/p>\n\n\n\n<p class=\"wp-block-paragraph\">Reconocer una responsabilidad no significa condenarse eternamente.<\/p>\n\n\n\n<p class=\"wp-block-paragraph\">Una verdadera cultura del mea culpa deber\u00eda tener cuatro movimientos:<\/p>\n\n\n\n<p class=\"wp-block-paragraph\">reconocer, reparar, aprender y continuar.<\/p>\n\n\n\n<p class=\"wp-block-paragraph\">Primero:<\/p>\n\n\n\n<p class=\"wp-block-paragraph\">lo hice.<\/p>\n\n\n\n<p class=\"wp-block-paragraph\">Despu\u00e9s:<\/p>\n\n\n\n<p class=\"wp-block-paragraph\">\u00bfqu\u00e9 da\u00f1o caus\u00e9?<\/p>\n\n\n\n<p class=\"wp-block-paragraph\">Luego:<\/p>\n\n\n\n<p class=\"wp-block-paragraph\">\u00bfqu\u00e9 puedo reparar?<\/p>\n\n\n\n<p class=\"wp-block-paragraph\">Y finalmente:<\/p>\n\n\n\n<p class=\"wp-block-paragraph\">\u00bfqu\u00e9 debo aprender para no repetirlo?<\/p>\n\n\n\n<p class=\"wp-block-paragraph\">Si eliminamos la reparaci\u00f3n, la disculpa puede convertirse en teatro.<\/p>\n\n\n\n<p class=\"wp-block-paragraph\">Si eliminamos el aprendizaje, el arrepentimiento puede convertirse en rutina.<\/p>\n\n\n\n<p class=\"wp-block-paragraph\">Y si eliminamos la posibilidad de continuar, transformamos la responsabilidad en condena perpetua.<\/p>\n\n\n\n<p class=\"wp-block-paragraph\">La culpa sana mira hacia atr\u00e1s solamente el tiempo necesario para aprender a caminar hacia adelante.<\/p>\n\n\n\n<p class=\"wp-block-paragraph\">&#8212;\ud83c\udf3b\ud83c\udf3b\ud83c\udf3b\ud83c\udf3b\ud83c\udf3b<\/p>\n\n\n\n<p class=\"wp-block-paragraph\">IX. Hay un mea culpa todav\u00eda m\u00e1s dif\u00edcil<\/p>\n\n\n\n<p class=\"wp-block-paragraph\">Pedir perd\u00f3n a otro es dif\u00edcil.<\/p>\n\n\n\n<p class=\"wp-block-paragraph\">Pero existe algo acaso m\u00e1s complicado:<\/p>\n\n\n\n<p class=\"wp-block-paragraph\">reconocer ante uno mismo que tom\u00f3 una mala decisi\u00f3n.<\/p>\n\n\n\n<p class=\"wp-block-paragraph\">Porque entonces no existe p\u00fablico.<\/p>\n\n\n\n<p class=\"wp-block-paragraph\">No hay aplausos.<\/p>\n\n\n\n<p class=\"wp-block-paragraph\">No existe ceremonia.<\/p>\n\n\n\n<p class=\"wp-block-paragraph\">Estamos solos frente al espejo.<\/p>\n\n\n\n<p class=\"wp-block-paragraph\">All\u00ed desaparecen los abogados defensores de nuestra conciencia.<\/p>\n\n\n\n<p class=\"wp-block-paragraph\">Sab\u00edamos.<\/p>\n\n\n\n<p class=\"wp-block-paragraph\">No quisimos saber.<\/p>\n\n\n\n<p class=\"wp-block-paragraph\">Vimos.<\/p>\n\n\n\n<p class=\"wp-block-paragraph\">Preferimos no mirar.<\/p>\n\n\n\n<p class=\"wp-block-paragraph\">Advertimos.<\/p>\n\n\n\n<p class=\"wp-block-paragraph\">Decidimos continuar.<\/p>\n\n\n\n<p class=\"wp-block-paragraph\">Entonces aparece aquella peque\u00f1a voz:<\/p>\n\n\n\n<p class=\"wp-block-paragraph\">mea culpa.<\/p>\n\n\n\n<p class=\"wp-block-paragraph\">Pero curiosamente \u00e9se puede ser tambi\u00e9n el comienzo de la libertad.<\/p>\n\n\n\n<p class=\"wp-block-paragraph\">Porque mientras atribuyo enteramente mi vida a las decisiones de los dem\u00e1s, entrego a los dem\u00e1s el gobierno de mi historia.<\/p>\n\n\n\n<p class=\"wp-block-paragraph\">En el momento en que reconozco mi parte de responsabilidad recupero tambi\u00e9n una parte del tim\u00f3n.<\/p>\n\n\n\n<p class=\"wp-block-paragraph\">Si algo dependi\u00f3 de m\u00ed ayer, quiz\u00e1 algo pueda depender de m\u00ed ma\u00f1ana.<\/p>\n\n\n\n<p class=\"wp-block-paragraph\">Y as\u00ed la responsabilidad deja de ser solamente peso.<\/p>\n\n\n\n<p class=\"wp-block-paragraph\">Se convierte tambi\u00e9n en poder de transformaci\u00f3n.<\/p>\n\n\n\n<p class=\"wp-block-paragraph\">&#8212;\ud83c\udf3b\ud83c\udf3b\ud83c\udf3b\ud83c\udf3b\ud83c\udf3b<\/p>\n\n\n\n<p class=\"wp-block-paragraph\">X. El Duende y C\u00e9sar llegan al r\u00edo<\/p>\n\n\n\n<p class=\"wp-block-paragraph\">El sendero desemboca finalmente junto al agua.<\/p>\n\n\n\n<p class=\"wp-block-paragraph\">C\u00e9sar baja de Platero.<\/p>\n\n\n\n<p class=\"wp-block-paragraph\">El emperador \u2014aunque Julio C\u00e9sar, estrictamente hablando, nunca llev\u00f3 el t\u00edtulo imperial en el sentido que posteriormente adquirir\u00eda\u2014 contempla su reflejo.<\/p>\n\n\n\n<p class=\"wp-block-paragraph\">Ahora no aparece el conquistador.<\/p>\n\n\n\n<p class=\"wp-block-paragraph\">No aparece el dictador perpetuo.<\/p>\n\n\n\n<p class=\"wp-block-paragraph\">No aparece el vencedor de las Galias.<\/p>\n\n\n\n<p class=\"wp-block-paragraph\">Aparece un hombre.<\/p>\n\n\n\n<p class=\"wp-block-paragraph\">Un hombre extraordinario, ambicioso, brillante, contradictorio y mortal.<\/p>\n\n\n\n<p class=\"wp-block-paragraph\">El Duende Urdiales se acerca.<\/p>\n\n\n\n<p class=\"wp-block-paragraph\">\u2014Don Julio, \u00bfse arrepiente usted de algo?<\/p>\n\n\n\n<p class=\"wp-block-paragraph\">C\u00e9sar guarda silencio.<\/p>\n\n\n\n<p class=\"wp-block-paragraph\">Hasta las borregas dejan de caminar.<\/p>\n\n\n\n<p class=\"wp-block-paragraph\">Fe mira al romano.<\/p>\n\n\n\n<p class=\"wp-block-paragraph\">Esperanza espera.<\/p>\n\n\n\n<p class=\"wp-block-paragraph\">Caridad, prudentemente, no juzga.<\/p>\n\n\n\n<p class=\"wp-block-paragraph\">Platero mastica alguna hierba porque los burros poseen la inmensa sabidur\u00eda de no interrumpir ciertas conversaciones.<\/p>\n\n\n\n<p class=\"wp-block-paragraph\">C\u00e9sar mira el agua.<\/p>\n\n\n\n<p class=\"wp-block-paragraph\">El Duende comprende entonces que no necesita escuchar la respuesta.<\/p>\n\n\n\n<p class=\"wp-block-paragraph\"><em>Porque cada ser humano tiene un Rubic\u00f3n.<\/em><\/p>\n\n\n\n<p class=\"wp-block-paragraph\"><em>Una frontera que alguna vez decidi\u00f3 cruzar.<\/em><\/p>\n\n\n\n<p class=\"wp-block-paragraph\"><em>Y despu\u00e9s de atravesarla ya no pudo regresar siendo exactamente el mismo.<\/em><\/p>\n\n\n\n<p class=\"wp-block-paragraph\">&#8212;\ud83c\udf3b\ud83c\udf3b\ud83c\udf3b\ud83c\udf3b\ud83c\udf3b<\/p>\n\n\n\n<p class=\"wp-block-paragraph\">XI. Nuestra e\u00f1e vuelve a aparecer<\/p>\n\n\n\n<p class=\"wp-block-paragraph\">\u00bfQu\u00e9 tiene que ver todo esto con el vertiginoso trayecto de la e\u00f1e?<\/p>\n\n\n\n<p class=\"wp-block-paragraph\">Much\u00edsimo.<\/p>\n\n\n\n<p class=\"wp-block-paragraph\">Porque una lengua no solamente conserva palabras hermosas.<\/p>\n\n\n\n<p class=\"wp-block-paragraph\">Conserva tambi\u00e9n conceptos morales.<\/p>\n\n\n\n<p class=\"wp-block-paragraph\">Las palabras son recipientes donde las civilizaciones depositan experiencias.<\/p>\n\n\n\n<p class=\"wp-block-paragraph\">Culpa.<\/p>\n\n\n\n<p class=\"wp-block-paragraph\">Perd\u00f3n.<\/p>\n\n\n\n<p class=\"wp-block-paragraph\">Responsabilidad.<\/p>\n\n\n\n<p class=\"wp-block-paragraph\">Arrepentimiento.<\/p>\n\n\n\n<p class=\"wp-block-paragraph\">Rectificaci\u00f3n.<\/p>\n\n\n\n<p class=\"wp-block-paragraph\">Cada una contiene siglos de pensamiento religioso, jur\u00eddico, filos\u00f3fico y cotidiano.<\/p>\n\n\n\n<p class=\"wp-block-paragraph\">El castellano hered\u00f3 culpa pr\u00e1cticamente desde el coraz\u00f3n mismo del lat\u00edn.<\/p>\n\n\n\n<p class=\"wp-block-paragraph\">Pero despu\u00e9s la palabra recorri\u00f3 monasterios, tribunales, confesionarios, hogares, c\u00e1rceles, parlamentos, peri\u00f3dicos y conversaciones familiares.<\/p>\n\n\n\n<p class=\"wp-block-paragraph\">Cada generaci\u00f3n volvi\u00f3 a llenarla de significado.<\/p>\n\n\n\n<p class=\"wp-block-paragraph\">\u00c9sa es la maravilla del idioma.<\/p>\n\n\n\n<p class=\"wp-block-paragraph\">Las palabras son antiguas.<\/p>\n\n\n\n<p class=\"wp-block-paragraph\">Pero cada vez que alguien las pronuncia sinceramente vuelven a nacer.<\/p>\n\n\n\n<p class=\"wp-block-paragraph\">&#8212;\ud83c\udf3b\ud83c\udf3b\ud83c\udf3b\ud83c\udf3b\ud83c\udf3b<\/p>\n\n\n\n<p class=\"wp-block-paragraph\"><em>XII. Reflexi\u00f3n Hipn\u00f3tica<\/em><\/p>\n\n\n\n<p class=\"wp-block-paragraph\">Quiz\u00e1 la humanidad no est\u00e9 dividida solamente entre buenos y malos.<\/p>\n\n\n\n<p class=\"wp-block-paragraph\">Esa clasificaci\u00f3n es demasiado sencilla.<\/p>\n\n\n\n<p class=\"wp-block-paragraph\">Tal vez exista una frontera m\u00e1s interesante:<\/p>\n\n\n\n<p class=\"wp-block-paragraph\">los que son capaces de rectificar y los que necesitan tener raz\u00f3n hasta el final.<\/p>\n\n\n\n<p class=\"wp-block-paragraph\">Todos nos equivocamos.<\/p>\n\n\n\n<p class=\"wp-block-paragraph\">El sabio.<\/p>\n\n\n\n<p class=\"wp-block-paragraph\">El ignorante.<\/p>\n\n\n\n<p class=\"wp-block-paragraph\">El rey.<\/p>\n\n\n\n<p class=\"wp-block-paragraph\">El mendigo.<\/p>\n\n\n\n<p class=\"wp-block-paragraph\">El juez.<\/p>\n\n\n\n<p class=\"wp-block-paragraph\">El acusado.<\/p>\n\n\n\n<p class=\"wp-block-paragraph\">El padre.<\/p>\n\n\n\n<p class=\"wp-block-paragraph\">El hijo.<\/p>\n\n\n\n<p class=\"wp-block-paragraph\">El gobernante.<\/p>\n\n\n\n<p class=\"wp-block-paragraph\">El gobernado.<\/p>\n\n\n\n<p class=\"wp-block-paragraph\">La diferencia comienza despu\u00e9s del error.<\/p>\n\n\n\n<p class=\"wp-block-paragraph\">Uno construye una excusa.<\/p>\n\n\n\n<p class=\"wp-block-paragraph\">Otro busca un culpable.<\/p>\n\n\n\n<p class=\"wp-block-paragraph\">Otro destruye las pruebas.<\/p>\n\n\n\n<p class=\"wp-block-paragraph\">Otro modifica su recuerdo.<\/p>\n\n\n\n<p class=\"wp-block-paragraph\">Otro culpa al destino.<\/p>\n\n\n\n<p class=\"wp-block-paragraph\">Y alguien, alguna vez, realiza uno de los actos m\u00e1s revolucionarios que puede ejecutar un ser humano:<\/p>\n\n\n\n<p class=\"wp-block-paragraph\">se detiene,<\/p>\n\n\n\n<p class=\"wp-block-paragraph\">mira lo ocurrido<\/p>\n\n\n\n<p class=\"wp-block-paragraph\">y dice:<\/p>\n\n\n\n<p class=\"wp-block-paragraph\">fui yo.<\/p>\n\n\n\n<p class=\"wp-block-paragraph\">Entonces sucede algo extraordinario.<\/p>\n\n\n\n<p class=\"wp-block-paragraph\">El pasado permanece intacto.<\/p>\n\n\n\n<p class=\"wp-block-paragraph\">Nada puede borrarlo.<\/p>\n\n\n\n<p class=\"wp-block-paragraph\">Pero el futuro acaba de cambiar.<\/p>\n\n\n\n<p class=\"wp-block-paragraph\">Porque quien reconoce su error puede aprender de \u00e9l.<\/p>\n\n\n\n<p class=\"wp-block-paragraph\">Quien aprende puede corregir.<\/p>\n\n\n\n<p class=\"wp-block-paragraph\">Quien corrige puede reparar.<\/p>\n\n\n\n<p class=\"wp-block-paragraph\">Y quien repara puede comenzar nuevamente.<\/p>\n\n\n\n<p class=\"wp-block-paragraph\">Tal vez por eso aquellas palabras sobrevivieron al Imperio que las pronunci\u00f3.<\/p>\n\n\n\n<p class=\"wp-block-paragraph\">Roma cay\u00f3.<\/p>\n\n\n\n<p class=\"wp-block-paragraph\">Sus emperadores murieron.<\/p>\n\n\n\n<p class=\"wp-block-paragraph\">Los m\u00e1rmoles se quebraron.<\/p>\n\n\n\n<p class=\"wp-block-paragraph\">Las \u00e1guilas abandonaron sus estandartes.<\/p>\n\n\n\n<p class=\"wp-block-paragraph\">Pero dos palabras continuaron caminando durante siglos:<\/p>\n\n\n\n<p class=\"wp-block-paragraph\"><em>MEA CULPA.<\/em><\/p>\n\n\n\n<p class=\"wp-block-paragraph\">El Duende Urdiales recoge entonces la piedra.<\/p>\n\n\n\n<p class=\"wp-block-paragraph\">La contempla.<\/p>\n\n\n\n<p class=\"wp-block-paragraph\">Y vuelve a dejarla exactamente donde estaba.<\/p>\n\n\n\n<p class=\"wp-block-paragraph\">Hay palabras que debemos llevar con nosotros.<\/p>\n\n\n\n<p class=\"wp-block-paragraph\">Y hay otras que conviene dejar en el camino para que las encuentre el siguiente caminante.<\/p>\n\n\n\n<p class=\"wp-block-paragraph\">Julio C\u00e9sar vuelve a montar a Platero.<\/p>\n\n\n\n<p class=\"wp-block-paragraph\">\u00d1ux corre hacia adelante.<\/p>\n\n\n\n<p class=\"wp-block-paragraph\">Se\u00f1or Sombra lo sigue.<\/p>\n\n\n\n<p class=\"wp-block-paragraph\">Mafalda hace sonar su campana.<\/p>\n\n\n\n<p class=\"wp-block-paragraph\">Fe, Esperanza y Caridad contin\u00faan entre los girasoles.<\/p>\n\n\n\n<p class=\"wp-block-paragraph\">Y all\u00e1, unos metros m\u00e1s adelante, comienza a brillar una tercera piedra.<\/p>\n\n\n\n<p class=\"wp-block-paragraph\">El Duende entrecierra los ojos.<\/p>\n\n\n\n<p class=\"wp-block-paragraph\">Puede leer:<\/p>\n\n\n\n<p class=\"wp-block-paragraph\"><em>MOTU PROPRIO<\/em><\/p>\n\n\n\n<p class=\"wp-block-paragraph\">Sonr\u00ede.<\/p>\n\n\n\n<p class=\"wp-block-paragraph\"><em>\u2014\u00c9sa me gusta.<\/em><\/p>\n\n\n\n<p class=\"wp-block-paragraph\">Y contin\u00faa caminando.<\/p>\n\n\n\n<p class=\"wp-block-paragraph\">Porque el vertiginoso trayecto de la e\u00f1e apenas comienza.<\/p>\n\n\n\n<p class=\"wp-block-paragraph\">Y Roma todav\u00eda tiene muchas cosas que decirnos.<\/p>\n\n\n\n<p class=\"wp-block-paragraph\"><em>Nos vemos ma\u00f1ana&#8230;<\/em><\/p>\n\n\n\n<p class=\"wp-block-paragraph\">\ud83c\udfa9<\/p>\n","protected":false},"excerpt":{"rendered":"<p>Apunte diario sobre Letras Hipn\u00f3ticas. Semillas de girasol \ud83c\udf3b del espa\u00f1ol en castellano. El vertiginoso trayecto de la e\u00f1e. La valent\u00eda de decir: \u00abfui yo\u00bb Por Arturo David V\u00e1squez Urdiales El Duende Urdiales continu\u00f3 caminando. Hab\u00eda dejado atr\u00e1s aquella primera piedra romana que dec\u00eda SINE QUA NON, y Julio C\u00e9sar, todav\u00eda encaramado sobre Platero \u2014con [&hellip;]<\/p>\n","protected":false},"author":1,"featured_media":4428,"comment_status":"open","ping_status":"open","sticky":false,"template":"","format":"standard","meta":{"om_disable_all_campaigns":false,"_monsterinsights_skip_tracking":false,"footnotes":""},"categories":[1],"tags":[],"class_list":["post-4427","post","type-post","status-publish","format-standard","has-post-thumbnail","category-general"],"aioseo_notices":[],"aioseo_head":"\n\t\t<!-- All in One SEO 5.0.0.1 - aioseo.com -->\n\t<meta name=\"description\" content=\"Apunte diario sobre Letras Hipn\u00f3ticas. Semillas de girasol \ud83c\udf3b del espa\u00f1ol en castellano. El vertiginoso trayecto de la e\u00f1e. La valent\u00eda de decir: \u00abfui yo\u00bb Por Arturo David V\u00e1squez Urdiales El Duende Urdiales continu\u00f3 caminando. Hab\u00eda dejado atr\u00e1s aquella primera piedra romana que dec\u00eda SINE QUA NON, y Julio C\u00e9sar, todav\u00eda encaramado sobre Platero \u2014con\" \/>\n\t<meta name=\"robots\" content=\"max-image-preview:large\" \/>\n\t<meta name=\"author\" content=\"Dr. Arturo David V\u00e1squez Urdiales\"\/>\n\t<meta name=\"google-site-verification\" content=\"w1V7bRCSYMeOZjzLwWS_W8_n8jd94Z38sletBUa-LV0\" \/>\n\t<link rel=\"canonical\" href=\"https:\/\/letrashipnoticas.org\/?p=4427\" \/>\n\t<meta name=\"generator\" content=\"All in One SEO (AIOSEO) 5.0.0.1\" \/>\n\t\t<meta property=\"og:locale\" content=\"es_MX\" \/>\n\t\t<meta property=\"og:site_name\" content=\"Letras Hiptn\u00f3ticas - &quot;Descubre Apunte diario sobre letras hipn\u00f3ticas, un viaje literario envolvente que despierta el alma. Reflexiones profundas, historias cautivadoras y un estilo \u00fanico que hipnotiza en cada palabra.&quot; Apunte diario sobre Letras Hipn\u00f3ticas. Semillas de girasol \ud83c\udf3b del espa\u00f1ol en castellano. El vertiginoso trayecto de la e\u00f1e. La valent\u00eda de decir: \u00abfui yo\u00bb Por Arturo David V\u00e1squez Urdiales El Duende Urdiales continu\u00f3 caminando. Hab\u00eda dejado atr\u00e1s aquella primera piedra romana que dec\u00eda SINE QUA NON, y Julio C\u00e9sar, todav\u00eda encaramado sobre Platero \u2014con\" \/>\n\t\t<meta property=\"og:type\" content=\"article\" \/>\n\t\t<meta property=\"og:title\" content=\"MEA CULPA. - Letras Hiptn\u00f3ticas\" \/>\n\t\t<meta property=\"og:description\" content=\"Apunte diario sobre Letras Hipn\u00f3ticas. Semillas de girasol \ud83c\udf3b del espa\u00f1ol en castellano. El vertiginoso trayecto de la e\u00f1e. La valent\u00eda de decir: \u00abfui yo\u00bb Por Arturo David V\u00e1squez Urdiales El Duende Urdiales continu\u00f3 caminando. Hab\u00eda dejado atr\u00e1s aquella primera piedra romana que dec\u00eda SINE QUA NON, y Julio C\u00e9sar, todav\u00eda encaramado sobre Platero \u2014con\" \/>\n\t\t<meta property=\"og:url\" content=\"https:\/\/letrashipnoticas.org\/?p=4427\" \/>\n\t\t<meta property=\"og:image\" content=\"https:\/\/letrashipnoticas.org\/wp-content\/uploads\/2026\/08\/IMG-20260826-WA0176.jpg\" \/>\n\t\t<meta property=\"og:image:secure_url\" content=\"https:\/\/letrashipnoticas.org\/wp-content\/uploads\/2026\/08\/IMG-20260826-WA0176.jpg\" \/>\n\t\t<meta property=\"og:image:width\" content=\"1536\" \/>\n\t\t<meta property=\"og:image:height\" content=\"1024\" \/>\n\t\t<meta property=\"article:published_time\" content=\"2026-08-27T03:41:25+00:00\" \/>\n\t\t<meta property=\"article:modified_time\" content=\"2026-08-27T03:41:38+00:00\" \/>\n\t\t<meta name=\"twitter:card\" content=\"summary_large_image\" \/>\n\t\t<meta name=\"twitter:title\" content=\"MEA CULPA. - Letras Hiptn\u00f3ticas\" \/>\n\t\t<meta name=\"twitter:description\" content=\"Apunte diario sobre Letras Hipn\u00f3ticas. Semillas de girasol \ud83c\udf3b del espa\u00f1ol en castellano. El vertiginoso trayecto de la e\u00f1e. La valent\u00eda de decir: \u00abfui yo\u00bb Por Arturo David V\u00e1squez Urdiales El Duende Urdiales continu\u00f3 caminando. Hab\u00eda dejado atr\u00e1s aquella primera piedra romana que dec\u00eda SINE QUA NON, y Julio C\u00e9sar, todav\u00eda encaramado sobre Platero \u2014con\" \/>\n\t\t<meta name=\"twitter:image\" content=\"https:\/\/letrashipnoticas.org\/wp-content\/uploads\/2026\/08\/IMG-20260826-WA0176.jpg\" \/>\n\t\t<script type=\"application\/ld+json\" class=\"aioseo-schema\">\n\t\t\t{\"@context\":\"https:\\\/\\\/schema.org\",\"@graph\":[{\"@type\":\"BlogPosting\",\"@id\":\"https:\\\/\\\/letrashipnoticas.org\\\/?p=4427#blogposting\",\"name\":\"MEA CULPA. - Letras Hiptn\\u00f3ticas\",\"headline\":\"MEA CULPA.\",\"author\":{\"@id\":\"https:\\\/\\\/letrashipnoticas.org\\\/?author=1#author\"},\"publisher\":{\"@id\":\"https:\\\/\\\/letrashipnoticas.org\\\/#organization\"},\"image\":{\"@type\":\"ImageObject\",\"url\":\"https:\\\/\\\/letrashipnoticas.org\\\/wp-content\\\/uploads\\\/2026\\\/08\\\/IMG-20260826-WA0176.jpg\",\"width\":1536,\"height\":1024},\"datePublished\":\"2026-08-27T03:41:25+00:00\",\"dateModified\":\"2026-08-27T03:41:38+00:00\",\"inLanguage\":\"es-MX\",\"mainEntityOfPage\":{\"@id\":\"https:\\\/\\\/letrashipnoticas.org\\\/?p=4427#webpage\"},\"isPartOf\":{\"@id\":\"https:\\\/\\\/letrashipnoticas.org\\\/?p=4427#webpage\"},\"articleSection\":\"Las Letras Hipn\\u00f3ticas de hoy\"},{\"@type\":\"BreadcrumbList\",\"@id\":\"https:\\\/\\\/letrashipnoticas.org\\\/?p=4427#breadcrumblist\",\"itemListElement\":[{\"@type\":\"ListItem\",\"@id\":\"https:\\\/\\\/letrashipnoticas.org#listItem\",\"position\":1,\"name\":\"Inicio\",\"item\":\"https:\\\/\\\/letrashipnoticas.org\",\"nextItem\":{\"@type\":\"ListItem\",\"@id\":\"https:\\\/\\\/letrashipnoticas.org\\\/?cat=1#listItem\",\"name\":\"Las Letras Hipn\\u00f3ticas de hoy\"}},{\"@type\":\"ListItem\",\"@id\":\"https:\\\/\\\/letrashipnoticas.org\\\/?cat=1#listItem\",\"position\":2,\"name\":\"Las Letras Hipn\\u00f3ticas de hoy\",\"item\":\"https:\\\/\\\/letrashipnoticas.org\\\/?cat=1\",\"nextItem\":{\"@type\":\"ListItem\",\"@id\":\"https:\\\/\\\/letrashipnoticas.org\\\/?p=4427#listItem\",\"name\":\"MEA CULPA.\"},\"previousItem\":{\"@type\":\"ListItem\",\"@id\":\"https:\\\/\\\/letrashipnoticas.org#listItem\",\"name\":\"Inicio\"}},{\"@type\":\"ListItem\",\"@id\":\"https:\\\/\\\/letrashipnoticas.org\\\/?p=4427#listItem\",\"position\":3,\"name\":\"MEA CULPA.\",\"previousItem\":{\"@type\":\"ListItem\",\"@id\":\"https:\\\/\\\/letrashipnoticas.org\\\/?cat=1#listItem\",\"name\":\"Las Letras Hipn\\u00f3ticas de hoy\"}}]},{\"@type\":\"Organization\",\"@id\":\"https:\\\/\\\/letrashipnoticas.org\\\/#organization\",\"name\":\"Letras Hiptn\\u00f3ticas\",\"description\":\"\\\"Descubre Apunte diario sobre letras hipn\\u00f3ticas, un viaje literario envolvente que despierta el alma. Reflexiones profundas, historias cautivadoras y un estilo \\u00fanico que hipnotiza en cada palabra.\\\"\",\"url\":\"https:\\\/\\\/letrashipnoticas.org\\\/\",\"logo\":{\"@type\":\"ImageObject\",\"url\":\"https:\\\/\\\/letrashipnoticas.org\\\/wp-content\\\/uploads\\\/2024\\\/09\\\/LogoRetinaPNG.png\",\"@id\":\"https:\\\/\\\/letrashipnoticas.org\\\/?p=4427\\\/#organizationLogo\",\"width\":544,\"height\":180},\"image\":{\"@id\":\"https:\\\/\\\/letrashipnoticas.org\\\/?p=4427\\\/#organizationLogo\"}},{\"@type\":\"Person\",\"@id\":\"https:\\\/\\\/letrashipnoticas.org\\\/?author=1#author\",\"url\":\"https:\\\/\\\/letrashipnoticas.org\\\/?author=1\",\"name\":\"Dr. Arturo David V\\u00e1squez Urdiales\",\"image\":{\"@type\":\"ImageObject\",\"@id\":\"https:\\\/\\\/letrashipnoticas.org\\\/?p=4427#authorImage\",\"url\":\"https:\\\/\\\/secure.gravatar.com\\\/avatar\\\/1bbc04a2da05a8a25045693b6f4473cec684496aa6385880380b702aa43009f8?s=96&d=mm&r=g\",\"width\":96,\"height\":96,\"caption\":\"Dr. Arturo David V\\u00e1squez Urdiales\"}},{\"@type\":\"WebPage\",\"@id\":\"https:\\\/\\\/letrashipnoticas.org\\\/?p=4427#webpage\",\"url\":\"https:\\\/\\\/letrashipnoticas.org\\\/?p=4427\",\"name\":\"MEA CULPA. - Letras Hiptn\\u00f3ticas\",\"description\":\"Apunte diario sobre Letras Hipn\\u00f3ticas. Semillas de girasol \\ud83c\\udf3b del espa\\u00f1ol en castellano. El vertiginoso trayecto de la e\\u00f1e. La valent\\u00eda de decir: \\u00abfui yo\\u00bb Por Arturo David V\\u00e1squez Urdiales El Duende Urdiales continu\\u00f3 caminando. Hab\\u00eda dejado atr\\u00e1s aquella primera piedra romana que dec\\u00eda SINE QUA NON, y Julio C\\u00e9sar, todav\\u00eda encaramado sobre Platero \\u2014con\",\"inLanguage\":\"es-MX\",\"isPartOf\":{\"@id\":\"https:\\\/\\\/letrashipnoticas.org\\\/#website\"},\"breadcrumb\":{\"@id\":\"https:\\\/\\\/letrashipnoticas.org\\\/?p=4427#breadcrumblist\"},\"author\":{\"@id\":\"https:\\\/\\\/letrashipnoticas.org\\\/?author=1#author\"},\"creator\":{\"@id\":\"https:\\\/\\\/letrashipnoticas.org\\\/?author=1#author\"},\"image\":{\"@type\":\"ImageObject\",\"url\":\"https:\\\/\\\/letrashipnoticas.org\\\/wp-content\\\/uploads\\\/2026\\\/08\\\/IMG-20260826-WA0176.jpg\",\"@id\":\"https:\\\/\\\/letrashipnoticas.org\\\/?p=4427\\\/#mainImage\",\"width\":1536,\"height\":1024},\"primaryImageOfPage\":{\"@id\":\"https:\\\/\\\/letrashipnoticas.org\\\/?p=4427#mainImage\"},\"datePublished\":\"2026-08-27T03:41:25+00:00\",\"dateModified\":\"2026-08-27T03:41:38+00:00\"},{\"@type\":\"WebSite\",\"@id\":\"https:\\\/\\\/letrashipnoticas.org\\\/#website\",\"url\":\"https:\\\/\\\/letrashipnoticas.org\\\/\",\"name\":\"Letras Hiptn\\u00f3ticas\",\"description\":\"\\\"Descubre Apunte diario sobre letras hipn\\u00f3ticas, un viaje literario envolvente que despierta el alma. Reflexiones profundas, historias cautivadoras y un estilo \\u00fanico que hipnotiza en cada palabra.\\\"\",\"inLanguage\":\"es-MX\",\"publisher\":{\"@id\":\"https:\\\/\\\/letrashipnoticas.org\\\/#organization\"}}]}\n\t\t<\/script>\n\t\t<!-- All in One SEO -->\n\n","aioseo_head_json":{"title":"MEA CULPA. - Letras Hiptn\u00f3ticas","description":"Apunte diario sobre Letras Hipn\u00f3ticas. Semillas de girasol \ud83c\udf3b del espa\u00f1ol en castellano. El vertiginoso trayecto de la e\u00f1e. La valent\u00eda de decir: \u00abfui yo\u00bb Por Arturo David V\u00e1squez Urdiales El Duende Urdiales continu\u00f3 caminando. Hab\u00eda dejado atr\u00e1s aquella primera piedra romana que dec\u00eda SINE QUA NON, y Julio C\u00e9sar, todav\u00eda encaramado sobre Platero \u2014con","canonical_url":"https:\/\/letrashipnoticas.org\/?p=4427","robots":"max-image-preview:large","keywords":"","webmasterTools":{"google-site-verification":"w1V7bRCSYMeOZjzLwWS_W8_n8jd94Z38sletBUa-LV0","miscellaneous":""},"schema":{"@context":"https:\/\/schema.org","@graph":[{"@type":"BlogPosting","@id":"https:\/\/letrashipnoticas.org\/?p=4427#blogposting","name":"MEA CULPA. - Letras Hiptn\u00f3ticas","headline":"MEA CULPA.","author":{"@id":"https:\/\/letrashipnoticas.org\/?author=1#author"},"publisher":{"@id":"https:\/\/letrashipnoticas.org\/#organization"},"image":{"@type":"ImageObject","url":"https:\/\/letrashipnoticas.org\/wp-content\/uploads\/2026\/08\/IMG-20260826-WA0176.jpg","width":1536,"height":1024},"datePublished":"2026-08-27T03:41:25+00:00","dateModified":"2026-08-27T03:41:38+00:00","inLanguage":"es-MX","mainEntityOfPage":{"@id":"https:\/\/letrashipnoticas.org\/?p=4427#webpage"},"isPartOf":{"@id":"https:\/\/letrashipnoticas.org\/?p=4427#webpage"},"articleSection":"Las Letras Hipn\u00f3ticas de hoy"},{"@type":"BreadcrumbList","@id":"https:\/\/letrashipnoticas.org\/?p=4427#breadcrumblist","itemListElement":[{"@type":"ListItem","@id":"https:\/\/letrashipnoticas.org#listItem","position":1,"name":"Inicio","item":"https:\/\/letrashipnoticas.org","nextItem":{"@type":"ListItem","@id":"https:\/\/letrashipnoticas.org\/?cat=1#listItem","name":"Las Letras Hipn\u00f3ticas de hoy"}},{"@type":"ListItem","@id":"https:\/\/letrashipnoticas.org\/?cat=1#listItem","position":2,"name":"Las Letras Hipn\u00f3ticas de hoy","item":"https:\/\/letrashipnoticas.org\/?cat=1","nextItem":{"@type":"ListItem","@id":"https:\/\/letrashipnoticas.org\/?p=4427#listItem","name":"MEA CULPA."},"previousItem":{"@type":"ListItem","@id":"https:\/\/letrashipnoticas.org#listItem","name":"Inicio"}},{"@type":"ListItem","@id":"https:\/\/letrashipnoticas.org\/?p=4427#listItem","position":3,"name":"MEA CULPA.","previousItem":{"@type":"ListItem","@id":"https:\/\/letrashipnoticas.org\/?cat=1#listItem","name":"Las Letras Hipn\u00f3ticas de hoy"}}]},{"@type":"Organization","@id":"https:\/\/letrashipnoticas.org\/#organization","name":"Letras Hiptn\u00f3ticas","description":"\"Descubre Apunte diario sobre letras hipn\u00f3ticas, un viaje literario envolvente que despierta el alma. Reflexiones profundas, historias cautivadoras y un estilo \u00fanico que hipnotiza en cada palabra.\"","url":"https:\/\/letrashipnoticas.org\/","logo":{"@type":"ImageObject","url":"https:\/\/letrashipnoticas.org\/wp-content\/uploads\/2024\/09\/LogoRetinaPNG.png","@id":"https:\/\/letrashipnoticas.org\/?p=4427\/#organizationLogo","width":544,"height":180},"image":{"@id":"https:\/\/letrashipnoticas.org\/?p=4427\/#organizationLogo"}},{"@type":"Person","@id":"https:\/\/letrashipnoticas.org\/?author=1#author","url":"https:\/\/letrashipnoticas.org\/?author=1","name":"Dr. Arturo David V\u00e1squez Urdiales","image":{"@type":"ImageObject","@id":"https:\/\/letrashipnoticas.org\/?p=4427#authorImage","url":"https:\/\/secure.gravatar.com\/avatar\/1bbc04a2da05a8a25045693b6f4473cec684496aa6385880380b702aa43009f8?s=96&d=mm&r=g","width":96,"height":96,"caption":"Dr. Arturo David V\u00e1squez Urdiales"}},{"@type":"WebPage","@id":"https:\/\/letrashipnoticas.org\/?p=4427#webpage","url":"https:\/\/letrashipnoticas.org\/?p=4427","name":"MEA CULPA. - Letras Hiptn\u00f3ticas","description":"Apunte diario sobre Letras Hipn\u00f3ticas. Semillas de girasol \ud83c\udf3b del espa\u00f1ol en castellano. El vertiginoso trayecto de la e\u00f1e. La valent\u00eda de decir: \u00abfui yo\u00bb Por Arturo David V\u00e1squez Urdiales El Duende Urdiales continu\u00f3 caminando. Hab\u00eda dejado atr\u00e1s aquella primera piedra romana que dec\u00eda SINE QUA NON, y Julio C\u00e9sar, todav\u00eda encaramado sobre Platero \u2014con","inLanguage":"es-MX","isPartOf":{"@id":"https:\/\/letrashipnoticas.org\/#website"},"breadcrumb":{"@id":"https:\/\/letrashipnoticas.org\/?p=4427#breadcrumblist"},"author":{"@id":"https:\/\/letrashipnoticas.org\/?author=1#author"},"creator":{"@id":"https:\/\/letrashipnoticas.org\/?author=1#author"},"image":{"@type":"ImageObject","url":"https:\/\/letrashipnoticas.org\/wp-content\/uploads\/2026\/08\/IMG-20260826-WA0176.jpg","@id":"https:\/\/letrashipnoticas.org\/?p=4427\/#mainImage","width":1536,"height":1024},"primaryImageOfPage":{"@id":"https:\/\/letrashipnoticas.org\/?p=4427#mainImage"},"datePublished":"2026-08-27T03:41:25+00:00","dateModified":"2026-08-27T03:41:38+00:00"},{"@type":"WebSite","@id":"https:\/\/letrashipnoticas.org\/#website","url":"https:\/\/letrashipnoticas.org\/","name":"Letras Hiptn\u00f3ticas","description":"\"Descubre Apunte diario sobre letras hipn\u00f3ticas, un viaje literario envolvente que despierta el alma. Reflexiones profundas, historias cautivadoras y un estilo \u00fanico que hipnotiza en cada palabra.\"","inLanguage":"es-MX","publisher":{"@id":"https:\/\/letrashipnoticas.org\/#organization"}}]},"og:locale":"es_MX","og:site_name":"Letras Hiptn\u00f3ticas - &quot;Descubre Apunte diario sobre letras hipn\u00f3ticas, un viaje literario envolvente que despierta el alma. Reflexiones profundas, historias cautivadoras y un estilo \u00fanico que hipnotiza en cada palabra.&quot; Apunte diario sobre Letras Hipn\u00f3ticas. Semillas de girasol \ud83c\udf3b del espa\u00f1ol en castellano. El vertiginoso trayecto de la e\u00f1e. La valent\u00eda de decir: \u00abfui yo\u00bb Por Arturo David V\u00e1squez Urdiales El Duende Urdiales continu\u00f3 caminando. Hab\u00eda dejado atr\u00e1s aquella primera piedra romana que dec\u00eda SINE QUA NON, y Julio C\u00e9sar, todav\u00eda encaramado sobre Platero \u2014con","og:type":"article","og:title":"MEA CULPA. - Letras Hiptn\u00f3ticas","og:description":"Apunte diario sobre Letras Hipn\u00f3ticas. Semillas de girasol \ud83c\udf3b del espa\u00f1ol en castellano. El vertiginoso trayecto de la e\u00f1e. La valent\u00eda de decir: \u00abfui yo\u00bb Por Arturo David V\u00e1squez Urdiales El Duende Urdiales continu\u00f3 caminando. Hab\u00eda dejado atr\u00e1s aquella primera piedra romana que dec\u00eda SINE QUA NON, y Julio C\u00e9sar, todav\u00eda encaramado sobre Platero \u2014con","og:url":"https:\/\/letrashipnoticas.org\/?p=4427","og:image":"https:\/\/letrashipnoticas.org\/wp-content\/uploads\/2026\/08\/IMG-20260826-WA0176.jpg","og:image:secure_url":"https:\/\/letrashipnoticas.org\/wp-content\/uploads\/2026\/08\/IMG-20260826-WA0176.jpg","og:image:width":1536,"og:image:height":1024,"article:published_time":"2026-08-27T03:41:25+00:00","article:modified_time":"2026-08-27T03:41:38+00:00","twitter:card":"summary_large_image","twitter:title":"MEA CULPA. - Letras Hiptn\u00f3ticas","twitter:description":"Apunte diario sobre Letras Hipn\u00f3ticas. Semillas de girasol \ud83c\udf3b del espa\u00f1ol en castellano. El vertiginoso trayecto de la e\u00f1e. La valent\u00eda de decir: \u00abfui yo\u00bb Por Arturo David V\u00e1squez Urdiales El Duende Urdiales continu\u00f3 caminando. Hab\u00eda dejado atr\u00e1s aquella primera piedra romana que dec\u00eda SINE QUA NON, y Julio C\u00e9sar, todav\u00eda encaramado sobre Platero \u2014con","twitter:image":"https:\/\/letrashipnoticas.org\/wp-content\/uploads\/2026\/08\/IMG-20260826-WA0176.jpg"},"aioseo_meta_data":{"post_id":"4427","title":null,"description":null,"keywords":null,"keyphrases":{"focus":{"keyphrase":"","score":0,"analysis":{"keyphraseInTitle":{"score":0,"maxScore":9,"error":1}}},"additional":[]},"primary_term":null,"canonical_url":null,"og_title":null,"og_description":null,"og_object_type":"default","og_image_type":"default","og_image_url":null,"og_image_width":null,"og_image_height":null,"og_image_custom_url":null,"og_image_custom_fields":null,"og_video":"","og_custom_url":null,"og_article_section":null,"og_article_tags":null,"twitter_use_og":false,"twitter_card":"default","twitter_image_type":"default","twitter_image_url":null,"twitter_image_custom_url":null,"twitter_image_custom_fields":null,"twitter_title":null,"twitter_description":null,"schema":{"blockGraphs":[],"customGraphs":[],"default":{"data":{"Article":[],"Course":[],"Dataset":[],"FAQPage":[],"Movie":[],"Person":[],"Product":[],"ProductReview":[],"Car":[],"Recipe":[],"Service":[],"SoftwareApplication":[],"WebPage":[]},"graphName":"BlogPosting","isEnabled":true},"graphs":[]},"schema_type":"default","schema_type_options":null,"pillar_content":false,"robots_default":true,"robots_noindex":false,"robots_noarchive":false,"robots_nosnippet":false,"robots_nofollow":false,"robots_noimageindex":false,"robots_noodp":false,"robots_notranslate":false,"robots_max_snippet":"-1","robots_max_videopreview":"-1","robots_max_imagepreview":"large","priority":null,"frequency":"default","local_seo":null,"breadcrumb_settings":null,"limit_modified_date":false,"ai":{"faqs":[],"keyPoints":[],"schemas":[],"titles":[],"descriptions":[],"socialPosts":{"email":{"subject":"","preview":"","content":""},"linkedin":[],"twitter":[],"facebook":[],"instagram":[]}},"created":"2026-08-27 03:41:39","updated":"2026-08-27 10:50:31","focus_keyword":null,"additional_keywords":null,"truseo_locale":null,"seo_analyzer_scan_date":null},"aioseo_breadcrumb":"<div class=\"aioseo-breadcrumbs\"><span class=\"aioseo-breadcrumb\">\n\t\t\t<a href=\"https:\/\/letrashipnoticas.org\" title=\"Inicio\">Inicio<\/a>\n\t\t<\/span><span class=\"aioseo-breadcrumb-separator\">&raquo;<\/span><span class=\"aioseo-breadcrumb\">\n\t\t\t<a href=\"https:\/\/letrashipnoticas.org\/?cat=1\" title=\"Las Letras Hipn\u00f3ticas de hoy\">Las Letras Hipn\u00f3ticas de hoy<\/a>\n\t\t<\/span><span class=\"aioseo-breadcrumb-separator\">&raquo;<\/span><span class=\"aioseo-breadcrumb\">\n\t\t\tMEA CULPA.\n\t\t<\/span><\/div>","aioseo_breadcrumb_json":[{"label":"Inicio","link":"https:\/\/letrashipnoticas.org"},{"label":"Las Letras Hipn\u00f3ticas de hoy","link":"https:\/\/letrashipnoticas.org\/?cat=1"},{"label":"MEA CULPA.","link":"https:\/\/letrashipnoticas.org\/?p=4427"}],"_links":{"self":[{"href":"https:\/\/letrashipnoticas.org\/index.php?rest_route=\/wp\/v2\/posts\/4427","targetHints":{"allow":["GET"]}}],"collection":[{"href":"https:\/\/letrashipnoticas.org\/index.php?rest_route=\/wp\/v2\/posts"}],"about":[{"href":"https:\/\/letrashipnoticas.org\/index.php?rest_route=\/wp\/v2\/types\/post"}],"author":[{"embeddable":true,"href":"https:\/\/letrashipnoticas.org\/index.php?rest_route=\/wp\/v2\/users\/1"}],"replies":[{"embeddable":true,"href":"https:\/\/letrashipnoticas.org\/index.php?rest_route=%2Fwp%2Fv2%2Fcomments&post=4427"}],"version-history":[{"count":1,"href":"https:\/\/letrashipnoticas.org\/index.php?rest_route=\/wp\/v2\/posts\/4427\/revisions"}],"predecessor-version":[{"id":4429,"href":"https:\/\/letrashipnoticas.org\/index.php?rest_route=\/wp\/v2\/posts\/4427\/revisions\/4429"}],"wp:featuredmedia":[{"embeddable":true,"href":"https:\/\/letrashipnoticas.org\/index.php?rest_route=\/wp\/v2\/media\/4428"}],"wp:attachment":[{"href":"https:\/\/letrashipnoticas.org\/index.php?rest_route=%2Fwp%2Fv2%2Fmedia&parent=4427"}],"wp:term":[{"taxonomy":"category","embeddable":true,"href":"https:\/\/letrashipnoticas.org\/index.php?rest_route=%2Fwp%2Fv2%2Fcategories&post=4427"},{"taxonomy":"post_tag","embeddable":true,"href":"https:\/\/letrashipnoticas.org\/index.php?rest_route=%2Fwp%2Fv2%2Ftags&post=4427"}],"curies":[{"name":"wp","href":"https:\/\/api.w.org\/{rel}","templated":true}]}}