{"id":3978,"date":"2026-07-23T17:01:53","date_gmt":"2026-07-23T17:01:53","guid":{"rendered":"https:\/\/letrashipnoticas.org\/?p=3978"},"modified":"2026-07-23T17:02:52","modified_gmt":"2026-07-23T17:02:52","slug":"la-escuadra-y-el-altar-en-tiempos-de-sangre","status":"publish","type":"post","link":"https:\/\/letrashipnoticas.org\/?p=3978","title":{"rendered":"La Escuadra y el Altar en Tiempos de Sangre."},"content":{"rendered":"\n<p class=\"wp-block-paragraph\">Plutarco El\u00edas Calles, la Condecoraci\u00f3n Mas\u00f3nica en Torre\u00f3n (1926) y la Guerra Cristera<\/p>\n\n\n\n<p class=\"wp-block-paragraph\">DAVID V\u00c1SQUEZ TOVAR<br>Historiador e Investigador Especializado en Historia Pol\u00edtica y Religiosa de M\u00e9xico | 23 de julio de 2026<\/p>\n\n\n\n<figure class=\"wp-block-image size-full is-resized\"><img loading=\"lazy\" decoding=\"async\" width=\"727\" height=\"422\" src=\"https:\/\/letrashipnoticas.org\/wp-content\/uploads\/2026\/07\/WhatsApp-Image-2026-07-23-at-6.55.11-AM-4.jpeg\" alt=\"\" class=\"wp-image-3984\" style=\"width:1055px;height:auto\" srcset=\"https:\/\/letrashipnoticas.org\/wp-content\/uploads\/2026\/07\/WhatsApp-Image-2026-07-23-at-6.55.11-AM-4.jpeg 727w, https:\/\/letrashipnoticas.org\/wp-content\/uploads\/2026\/07\/WhatsApp-Image-2026-07-23-at-6.55.11-AM-4-300x174.jpeg 300w, https:\/\/letrashipnoticas.org\/wp-content\/uploads\/2026\/07\/WhatsApp-Image-2026-07-23-at-6.55.11-AM-4-724x420.jpeg 724w, https:\/\/letrashipnoticas.org\/wp-content\/uploads\/2026\/07\/WhatsApp-Image-2026-07-23-at-6.55.11-AM-4-150x87.jpeg 150w, https:\/\/letrashipnoticas.org\/wp-content\/uploads\/2026\/07\/WhatsApp-Image-2026-07-23-at-6.55.11-AM-4-696x404.jpeg 696w\" sizes=\"auto, (max-width: 727px) 100vw, 727px\" \/><\/figure>\n\n\n\n<p class=\"wp-block-paragraph\">El 16 de diciembre de 1926, la Rep\u00fablica Mexicana atravesaba la primera fase de una conflagraci\u00f3n civil devastadora. Tras la promulgaci\u00f3n del Decreto de Reforma al C\u00f3digo Penal para el Distrito y Territorios Federales \u2014popularmente conocido como la Ley Calles\u2014 y la posterior suspensi\u00f3n del culto p\u00fablico por parte del episcopado mexicano en agosto de ese a\u00f1o, el campo de batalla del centro y occidente del pa\u00eds se cubri\u00f3 de fuego. Mientras en los Altos de Jalisco, Michoac\u00e1n y Colima la insurgencia cristera cobraba sus primeras miles de v\u00edctimas, en el norte, la diplomacia mas\u00f3nica rend\u00eda homenaje al arquitecto del Estado postrevolucionario.<br>En el sal\u00f3n de la Respetable Logia Simb\u00f3lica Benito Ju\u00e1rez N.\u00ba 7 de la ciudad de Torre\u00f3n, Coahuila, el presidente Plutarco El\u00edas Calles recibi\u00f3 una medalla de oro. La distinci\u00f3n, concedida por el taller que llevaba el nombre del gran reformador liberal del siglo XIX, era un reconocimiento p\u00fablico a su \u00abfidelidad al proyecto mas\u00f3nico y anticlerical\u00bb. La paradoja hist\u00f3rica resultaba brutal: mientras el jefe del Ejecutivo federal era honrado en un ritual mas\u00f3nico, miles de mexicanos \u2014campesinos, operarios e intelectuales cat\u00f3licos\u2014 empu\u00f1aban las armas bajo la bandera de \u00ab\u00a1Viva Cristo Rey!\u00bb, dispuestos a entregar la vida frente al poder central.<br>Este episodio, lejos de constituir una an\u00e9cdota marginal en la cr\u00f3nica oficial, condensa las tensiones axiales del proceso de reconstrucci\u00f3n nacional: el antagonismo irreducible entre un Estado empe\u00f1ado en la construcci\u00f3n de una naci\u00f3n laica y una sociedad tradicional que advert\u00eda en la legislaci\u00f3n secularista una amenaza existencial a su identidad comunitaria.<\/p>\n\n\n\n<figure class=\"wp-block-image size-full is-resized\"><img loading=\"lazy\" decoding=\"async\" width=\"619\" height=\"495\" src=\"https:\/\/letrashipnoticas.org\/wp-content\/uploads\/2026\/07\/WhatsApp-Image-2026-07-23-at-6.55.11-AM-3-1.jpeg\" alt=\"\" class=\"wp-image-3985\" style=\"width:1055px;height:auto\" srcset=\"https:\/\/letrashipnoticas.org\/wp-content\/uploads\/2026\/07\/WhatsApp-Image-2026-07-23-at-6.55.11-AM-3-1.jpeg 619w, https:\/\/letrashipnoticas.org\/wp-content\/uploads\/2026\/07\/WhatsApp-Image-2026-07-23-at-6.55.11-AM-3-1-300x240.jpeg 300w, https:\/\/letrashipnoticas.org\/wp-content\/uploads\/2026\/07\/WhatsApp-Image-2026-07-23-at-6.55.11-AM-3-1-525x420.jpeg 525w, https:\/\/letrashipnoticas.org\/wp-content\/uploads\/2026\/07\/WhatsApp-Image-2026-07-23-at-6.55.11-AM-3-1-150x120.jpeg 150w\" sizes=\"auto, (max-width: 619px) 100vw, 619px\" \/><\/figure>\n\n\n\n<p class=\"wp-block-paragraph\">I. LA MASONER\u00cdA EN LA CONFIGURACI\u00d3N HIST\u00d3RICA DEL ESTADO MEXICANO<br>Para comprender la significaci\u00f3n del acto ceremonial de diciembre de 1926, resulta indispensable rastrear la g\u00e9nesis de la sociabilidad mas\u00f3nica en el desarrollo pol\u00edtico de M\u00e9xico. Lejos de constituir una sociedad meramente contemplativa, la masoner\u00eda oper\u00f3 desde la alborada republicana como un veh\u00edculo de reclutamiento de \u00e9lites, formaci\u00f3n partidista e ingenier\u00eda institucional.<\/p>\n\n\n\n<p class=\"wp-block-paragraph\">Yorkinos, Escoceses y el Rito Nacional Mexicano<br>Durante la d\u00e9cada de 1820, las logias mas\u00f3nicas sustituyeron la ausencia de partidos pol\u00edticos formales. El Rito Escoc\u00e9s Antiguo y Aceptado, de sesgo conservador y centralista (encabezado por figuras como Lucas Alam\u00e1n), rivaliz\u00f3 frontalmente con el Rito de York, promovido por el ministro estadounidense Joel R. Poinsett y adoptado por la facci\u00f3n federalista (Vicente Guerrero). M\u00e1s adelante, la creaci\u00f3n del Rito Nacional Mexicano (RNM) en 1825 busc\u00f3 nacionalizar el movimiento. Benito Ju\u00e1rez y la generaci\u00f3n de la Reforma abrevaron en la ideolog\u00eda de la ilustraci\u00f3n secular, utilizando el instrumental legal del Estado para consumar la separaci\u00f3n de las esferas secular y eclesi\u00e1stica en las Leyes de 1859.<\/p>\n\n\n\n<figure class=\"wp-block-table\"><table class=\"has-fixed-layout\"><thead><tr><th class=\"has-text-align-left\" data-align=\"left\">\u00c9POCA HIST\u00d3RICA<\/th><th class=\"has-text-align-left\" data-align=\"left\">ROL DE LA MASONER\u00cdA POL\u00cdTICA EN M\u00c9XICO<\/th><\/tr><\/thead><tbody><tr><td class=\"has-text-align-left\" data-align=\"left\"><em>1820s<\/em><\/td><td class=\"has-text-align-left\" data-align=\"left\">Yorkinos vs. Escoceses (Lucha por la estructura del Estado incipiente).<\/td><\/tr><tr><td class=\"has-text-align-left\" data-align=\"left\"><em>1850s<\/em><\/td><td class=\"has-text-align-left\" data-align=\"left\">Rito Nacional Mexicano y la Generaci\u00f3n de la Reforma (Separaci\u00f3n Iglesia-Estado).<\/td><\/tr><tr><td class=\"has-text-align-left\" data-align=\"left\"><em>1880s &#8211; 1910s<\/em><\/td><td class=\"has-text-align-left\" data-align=\"left\">Pax Porfiriana (Gran Dieta Simb\u00f3lica bajo D\u00edaz) y faccionalismo revolucionario (Madero, Carranza, Obreg\u00f3n).<\/td><\/tr><tr><td class=\"has-text-align-left\" data-align=\"left\"><em>1920s<\/em><\/td><td class=\"has-text-align-left\" data-align=\"left\">Institucionalizaci\u00f3n anticlerical y consolidaci\u00f3n del laicismo (Calles y el Maximato).<\/td><\/tr><\/tbody><\/table><\/figure>\n\n\n\n<p class=\"wp-block-paragraph\">II. EL PROYECTO CALLISTA Y LA OFENSIVA LAICA (1924-1926)<br>Plutarco El\u00edas Calles asumi\u00f3 la presidencia en diciembre de 1924 con un programa claro: transformar a M\u00e9xico en un Estado-naci\u00f3n moderno, capitalista e institucional. Desde la perspectiva de la \u00e9lite sonorense, la Iglesia cat\u00f3lica representaba un obst\u00e1culo estructural para la soberan\u00eda del Estado, el progreso educativo y la lealtad c\u00edvica de las masas.<br>Calles, iniciado en la logia Helios de Guaymas, Sonora, conceb\u00eda la religi\u00f3n como una manifestaci\u00f3n de atraso que compet\u00eda directamente con la autoridad estatal. Su biograf\u00eda personal \u2014hu\u00e9rfano de padre, casado por lo civil en 1899 en una ceremonia de tintes jacobinos\u2014 reforzaba una convicci\u00f3n que se volvi\u00f3 programa de gobierno.<\/p>\n\n\n\n<figure class=\"wp-block-image size-full is-resized\"><img loading=\"lazy\" decoding=\"async\" width=\"650\" height=\"421\" src=\"https:\/\/letrashipnoticas.org\/wp-content\/uploads\/2026\/07\/WhatsApp-Image-2026-07-23-at-6.55.11-AM-1.jpeg\" alt=\"\" class=\"wp-image-3980\" style=\"aspect-ratio:1.5439495106558128;width:1055px;height:auto\" srcset=\"https:\/\/letrashipnoticas.org\/wp-content\/uploads\/2026\/07\/WhatsApp-Image-2026-07-23-at-6.55.11-AM-1.jpeg 650w, https:\/\/letrashipnoticas.org\/wp-content\/uploads\/2026\/07\/WhatsApp-Image-2026-07-23-at-6.55.11-AM-1-300x194.jpeg 300w, https:\/\/letrashipnoticas.org\/wp-content\/uploads\/2026\/07\/WhatsApp-Image-2026-07-23-at-6.55.11-AM-1-648x420.jpeg 648w, https:\/\/letrashipnoticas.org\/wp-content\/uploads\/2026\/07\/WhatsApp-Image-2026-07-23-at-6.55.11-AM-1-150x97.jpeg 150w\" sizes=\"auto, (max-width: 650px) 100vw, 650px\" \/><\/figure>\n\n\n\n<blockquote class=\"wp-block-quote is-layout-flow wp-block-quote-is-layout-flow\">\n<p class=\"wp-block-paragraph\">\u00abNo estamos combatiendo a la religi\u00f3n ni a la fe de nuestro pueblo; estamos defendiendo la majestad de la ley y la supremac\u00eda de la autoridad civil sobre el fuero eclesi\u00e1stico.\u00bb<br>\u2014 <em>Plutarco El\u00edas Calles.<\/em><\/p>\n\n\n\n<figure class=\"wp-block-image size-large is-resized\"><img loading=\"lazy\" decoding=\"async\" width=\"1024\" height=\"683\" src=\"https:\/\/letrashipnoticas.org\/wp-content\/uploads\/2026\/07\/WhatsApp-Image-2026-07-23-at-6.44.09-AM-1024x683.jpeg\" alt=\"\" class=\"wp-image-3982\" style=\"width:1055px;height:auto\" srcset=\"https:\/\/letrashipnoticas.org\/wp-content\/uploads\/2026\/07\/WhatsApp-Image-2026-07-23-at-6.44.09-AM-1024x683.jpeg 1024w, https:\/\/letrashipnoticas.org\/wp-content\/uploads\/2026\/07\/WhatsApp-Image-2026-07-23-at-6.44.09-AM-300x200.jpeg 300w, https:\/\/letrashipnoticas.org\/wp-content\/uploads\/2026\/07\/WhatsApp-Image-2026-07-23-at-6.44.09-AM-768x512.jpeg 768w, https:\/\/letrashipnoticas.org\/wp-content\/uploads\/2026\/07\/WhatsApp-Image-2026-07-23-at-6.44.09-AM-630x420.jpeg 630w, https:\/\/letrashipnoticas.org\/wp-content\/uploads\/2026\/07\/WhatsApp-Image-2026-07-23-at-6.44.09-AM-150x100.jpeg 150w, https:\/\/letrashipnoticas.org\/wp-content\/uploads\/2026\/07\/WhatsApp-Image-2026-07-23-at-6.44.09-AM-696x464.jpeg 696w, https:\/\/letrashipnoticas.org\/wp-content\/uploads\/2026\/07\/WhatsApp-Image-2026-07-23-at-6.44.09-AM-1068x712.jpeg 1068w, https:\/\/letrashipnoticas.org\/wp-content\/uploads\/2026\/07\/WhatsApp-Image-2026-07-23-at-6.44.09-AM.jpeg 1264w\" sizes=\"auto, (max-width: 1024px) 100vw, 1024px\" \/><\/figure>\n\n\n\n<p class=\"wp-block-paragraph\">El detonante del enfrentamiento abierto se produjo tras la promulgaci\u00f3n de la Ley Calles (14 de junio de 1926). Esta normativa penalizaba severamente el culto fuera de los templos, el uso de h\u00e1bitos en la v\u00eda p\u00fablica y la ense\u00f1anza confesional. La respuesta de la jerarqu\u00eda eclesi\u00e1stica y de la sociedad civil, organizada a trav\u00e9s de la Liga Nacional Defensora de la Libertad Religiosa (LNDLR), escal\u00f3 desde el boicot econ\u00f3mico hasta la suspensi\u00f3n general del culto (31 de julio). Para el oto\u00f1o de 1926, el Baj\u00edo y el occidente del pa\u00eds ard\u00edan bajo el lema de \u00ab\u00a1Viva Cristo Rey!\u00bb.<\/p>\n<\/blockquote>\n\n\n\n<figure class=\"wp-block-image size-large is-resized\"><img loading=\"lazy\" decoding=\"async\" width=\"1024\" height=\"774\" src=\"https:\/\/letrashipnoticas.org\/wp-content\/uploads\/2026\/07\/WhatsApp-Image-2026-07-23-at-6.44.10-AM-1024x774.jpeg\" alt=\"\" class=\"wp-image-3983\" style=\"width:1055px;height:auto\" srcset=\"https:\/\/letrashipnoticas.org\/wp-content\/uploads\/2026\/07\/WhatsApp-Image-2026-07-23-at-6.44.10-AM-1024x774.jpeg 1024w, https:\/\/letrashipnoticas.org\/wp-content\/uploads\/2026\/07\/WhatsApp-Image-2026-07-23-at-6.44.10-AM-300x227.jpeg 300w, https:\/\/letrashipnoticas.org\/wp-content\/uploads\/2026\/07\/WhatsApp-Image-2026-07-23-at-6.44.10-AM-768x581.jpeg 768w, https:\/\/letrashipnoticas.org\/wp-content\/uploads\/2026\/07\/WhatsApp-Image-2026-07-23-at-6.44.10-AM-555x420.jpeg 555w, https:\/\/letrashipnoticas.org\/wp-content\/uploads\/2026\/07\/WhatsApp-Image-2026-07-23-at-6.44.10-AM-80x60.jpeg 80w, https:\/\/letrashipnoticas.org\/wp-content\/uploads\/2026\/07\/WhatsApp-Image-2026-07-23-at-6.44.10-AM-150x113.jpeg 150w, https:\/\/letrashipnoticas.org\/wp-content\/uploads\/2026\/07\/WhatsApp-Image-2026-07-23-at-6.44.10-AM-696x526.jpeg 696w, https:\/\/letrashipnoticas.org\/wp-content\/uploads\/2026\/07\/WhatsApp-Image-2026-07-23-at-6.44.10-AM-1068x808.jpeg 1068w, https:\/\/letrashipnoticas.org\/wp-content\/uploads\/2026\/07\/WhatsApp-Image-2026-07-23-at-6.44.10-AM.jpeg 1267w\" sizes=\"auto, (max-width: 1024px) 100vw, 1024px\" \/><\/figure>\n\n\n\n<p class=\"wp-block-paragraph\">III. LA CONDECORACI\u00d3N EN TORRE\u00d3N Y EL CONTRASTE SIMB\u00d3LICO<br>En medio de este clima b\u00e9lico y con la amenaza latente de intervencionismo exterior por la cuesti\u00f3n petrolera, Calles realiz\u00f3 una gira por el norte del pa\u00eds. En la Comarca Lagunera, el 16 de diciembre de 1926, la masoner\u00eda local le entreg\u00f3 la mencionada medalla de oro. El otorgamiento pose\u00eda una carga simb\u00f3lica indiscutible: implicaba el aval cerrado de las redes mas\u00f3nicas a la pol\u00edtica de mano dura del gobierno federal.<br>La simultaneidad entre el derramamiento de sangre en el frente cristero y el boato ceremonial mas\u00f3nico en Torre\u00f3n revela las profundas fracturas culturales del M\u00e9xico de los a\u00f1os veinte. Mientras la insurgencia rural defend\u00eda la libertad de culto y el martirio sacramental, el Estado aplicaba estrictamente la ley, buscando consolidar la modernizaci\u00f3n autoritaria y el \u00abTriunfo de la Raz\u00f3n\u00bb.<br>La historiograf\u00eda reciente ha comenzado a desentra\u00f1ar los mecanismos de esta relaci\u00f3n. La masoner\u00eda actu\u00f3 en realidad como el aparato ideol\u00f3gico no oficial del r\u00e9gimen, un actor pol\u00edtico con intereses y una cultura propia que supo aprovechar la Revoluci\u00f3n para consolidar su influencia. La medalla de oro concedida a Calles represent\u00f3 el reconocimiento formal de que la causa administrativa era, en \u00faltima instancia, la consumaci\u00f3n del proyecto iniciado en el siglo XIX: la subordinaci\u00f3n total del clero al orden civil.<\/p>\n\n\n\n<figure class=\"wp-block-image size-full is-resized\"><img loading=\"lazy\" decoding=\"async\" width=\"1200\" height=\"750\" src=\"https:\/\/letrashipnoticas.org\/wp-content\/uploads\/2026\/07\/WhatsApp-Image-2026-07-23-at-6.55.11-AM-5.jpeg\" alt=\"\" class=\"wp-image-3986\" style=\"width:1055px;height:auto\" srcset=\"https:\/\/letrashipnoticas.org\/wp-content\/uploads\/2026\/07\/WhatsApp-Image-2026-07-23-at-6.55.11-AM-5.jpeg 1200w, https:\/\/letrashipnoticas.org\/wp-content\/uploads\/2026\/07\/WhatsApp-Image-2026-07-23-at-6.55.11-AM-5-300x188.jpeg 300w, https:\/\/letrashipnoticas.org\/wp-content\/uploads\/2026\/07\/WhatsApp-Image-2026-07-23-at-6.55.11-AM-5-1024x640.jpeg 1024w, https:\/\/letrashipnoticas.org\/wp-content\/uploads\/2026\/07\/WhatsApp-Image-2026-07-23-at-6.55.11-AM-5-768x480.jpeg 768w, https:\/\/letrashipnoticas.org\/wp-content\/uploads\/2026\/07\/WhatsApp-Image-2026-07-23-at-6.55.11-AM-5-672x420.jpeg 672w, https:\/\/letrashipnoticas.org\/wp-content\/uploads\/2026\/07\/WhatsApp-Image-2026-07-23-at-6.55.11-AM-5-150x94.jpeg 150w, https:\/\/letrashipnoticas.org\/wp-content\/uploads\/2026\/07\/WhatsApp-Image-2026-07-23-at-6.55.11-AM-5-696x435.jpeg 696w, https:\/\/letrashipnoticas.org\/wp-content\/uploads\/2026\/07\/WhatsApp-Image-2026-07-23-at-6.55.11-AM-5-1068x668.jpeg 1068w\" sizes=\"auto, (max-width: 1200px) 100vw, 1200px\" \/><\/figure>\n\n\n\n<p class=\"wp-block-paragraph\">IV. CONCLUSI\u00d3N: EL ECO DE LA MEDALLA<br>El 16 de diciembre de 1926 condensa en un \u00fanico instante la tragedia y la determinaci\u00f3n de la reconstrucci\u00f3n nacional mexicana. La medalla de oro de la Logia Benito Ju\u00e1rez no fue un acontecimiento menor; fue la ratificaci\u00f3n solemne de un pacto ideol\u00f3gico que defini\u00f3 la historia del pa\u00eds.<br>La Guerra Cristera dej\u00f3 un saldo humano inmenso, estimado en m\u00e1s de 200,000 muertos, y despobl\u00f3 regiones enteras. Mientras en las monta\u00f1as miles de campesinos mor\u00edan defendiendo su fe, en el recinto mas\u00f3nico se celebraba el avance del Estado secular. La medalla brilla a\u00fan hoy en los archivos como un recordatorio elocuente de que la construcci\u00f3n de una naci\u00f3n moderna nunca es un proceso exento de violencia, y que las ideas, cuando se imponen desde el poder absoluto, pueden convertirse en las armas m\u00e1s afiladas.<\/p>\n\n\n\n<h2 class=\"wp-block-heading\">REFERENCIAS (ESTILO APA 2026)<\/h2>\n\n\n\n<ul class=\"wp-block-list\">\n<li>Bastian, J.-P. (1990). Los protestantes y la Revoluci\u00f3n Mexicana: Metodismo, masoner\u00eda y conflicto social en el M\u00e9xico postrevolucionario. Fondo de Cultura Econ\u00f3mica.<\/li>\n\n\n\n<li>Blancarte, R. (1992). El poder: Salinismo e Iglesia cat\u00f3lica en M\u00e9xico. Fondo de Cultura Econ\u00f3mica.<\/li>\n\n\n\n<li>C\u00f3rdova, A. (1973). La ideolog\u00eda de la Revoluci\u00f3n Mexicana: La formaci\u00f3n del nuevo r\u00e9gimen. Ediciones Era.<\/li>\n\n\n\n<li>Flores Zavala, M. A. (2016). Masoner\u00eda y masones en M\u00e9xico, 1760-1936 (Tesis doctoral). Repositori de la Universitat Jaume I.<\/li>\n\n\n\n<li>Garc\u00eda Robles, M. A. (2023). Anti-masoner\u00eda y anticlericalismo: dos caras de la misma moneda. Revista de Estudios Hist\u00f3ricos de la Masoner\u00eda Latinoamericana y Caribe\u00f1a, 15(1), 45-68.<\/li>\n\n\n\n<li>Krauze, E. (1987). Plutarco El\u00edas Calles: Reformar desde el origen. Fondo de Cultura Econ\u00f3mica.<\/li>\n\n\n\n<li>Meyer, J. (1973). La Cristiada: La guerra de los cristeros (Vols. 1\u20133). Siglo XXI Editores.<\/li>\n\n\n\n<li>Valvo, P. (2023). La Cristiada: Fe, guerra y diplomacia en M\u00e9xico (1926-1929). Universidad Nacional Aut\u00f3noma de M\u00e9xico (UNAM).<\/li>\n<\/ul>\n","protected":false},"excerpt":{"rendered":"<p>Plutarco El\u00edas Calles, la Condecoraci\u00f3n Mas\u00f3nica en Torre\u00f3n (1926) y la Guerra Cristera DAVID V\u00c1SQUEZ TOVARHistoriador e Investigador Especializado en Historia Pol\u00edtica y Religiosa de M\u00e9xico | 23 de julio de 2026 El 16 de diciembre de 1926, la Rep\u00fablica Mexicana atravesaba la primera fase de una conflagraci\u00f3n civil devastadora. Tras la promulgaci\u00f3n del Decreto [&hellip;]<\/p>\n","protected":false},"author":1,"featured_media":3979,"comment_status":"open","ping_status":"open","sticky":false,"template":"","format":"standard","meta":{"om_disable_all_campaigns":false,"_monsterinsights_skip_tracking":false,"footnotes":""},"categories":[1],"tags":[],"class_list":["post-3978","post","type-post","status-publish","format-standard","has-post-thumbnail","category-general"],"aioseo_notices":[],"aioseo_head":"\n\t\t<!-- All in One SEO 5.0.0.1 - aioseo.com -->\n\t<meta name=\"description\" content=\"Plutarco El\u00edas Calles, la Condecoraci\u00f3n Mas\u00f3nica en Torre\u00f3n (1926) y la Guerra Cristera DAVID V\u00c1SQUEZ TOVARHistoriador e Investigador Especializado en Historia Pol\u00edtica y Religiosa de M\u00e9xico | 23 de julio de 2026 El 16 de diciembre de 1926, la Rep\u00fablica Mexicana atravesaba la primera fase de una conflagraci\u00f3n civil devastadora. Tras la promulgaci\u00f3n del Decreto\" \/>\n\t<meta name=\"robots\" content=\"max-image-preview:large\" \/>\n\t<meta name=\"author\" content=\"Dr. Arturo David V\u00e1squez Urdiales\"\/>\n\t<meta name=\"google-site-verification\" content=\"w1V7bRCSYMeOZjzLwWS_W8_n8jd94Z38sletBUa-LV0\" \/>\n\t<link rel=\"canonical\" href=\"https:\/\/letrashipnoticas.org\/?p=3978\" \/>\n\t<meta name=\"generator\" content=\"All in One SEO (AIOSEO) 5.0.0.1\" \/>\n\t\t<meta property=\"og:locale\" content=\"es_MX\" \/>\n\t\t<meta property=\"og:site_name\" content=\"Letras Hiptn\u00f3ticas - &quot;Descubre Apunte diario sobre letras hipn\u00f3ticas, un viaje literario envolvente que despierta el alma. Reflexiones profundas, historias cautivadoras y un estilo \u00fanico que hipnotiza en cada palabra.&quot; Plutarco El\u00edas Calles, la Condecoraci\u00f3n Mas\u00f3nica en Torre\u00f3n (1926) y la Guerra Cristera DAVID V\u00c1SQUEZ TOVARHistoriador e Investigador Especializado en Historia Pol\u00edtica y Religiosa de M\u00e9xico | 23 de julio de 2026 El 16 de diciembre de 1926, la Rep\u00fablica Mexicana atravesaba la primera fase de una conflagraci\u00f3n civil devastadora. Tras la promulgaci\u00f3n del Decreto\" \/>\n\t\t<meta property=\"og:type\" content=\"article\" \/>\n\t\t<meta property=\"og:title\" content=\"La Escuadra y el Altar en Tiempos de Sangre. - Letras Hiptn\u00f3ticas\" \/>\n\t\t<meta property=\"og:description\" content=\"Plutarco El\u00edas Calles, la Condecoraci\u00f3n Mas\u00f3nica en Torre\u00f3n (1926) y la Guerra Cristera DAVID V\u00c1SQUEZ TOVARHistoriador e Investigador Especializado en Historia Pol\u00edtica y Religiosa de M\u00e9xico | 23 de julio de 2026 El 16 de diciembre de 1926, la Rep\u00fablica Mexicana atravesaba la primera fase de una conflagraci\u00f3n civil devastadora. Tras la promulgaci\u00f3n del Decreto\" \/>\n\t\t<meta property=\"og:url\" content=\"https:\/\/letrashipnoticas.org\/?p=3978\" \/>\n\t\t<meta property=\"og:image\" content=\"https:\/\/letrashipnoticas.org\/wp-content\/uploads\/2026\/07\/WhatsApp-Image-2026-07-23-at-6.55.11-AM.jpeg\" \/>\n\t\t<meta property=\"og:image:secure_url\" content=\"https:\/\/letrashipnoticas.org\/wp-content\/uploads\/2026\/07\/WhatsApp-Image-2026-07-23-at-6.55.11-AM.jpeg\" \/>\n\t\t<meta property=\"og:image:width\" content=\"400\" \/>\n\t\t<meta property=\"og:image:height\" content=\"527\" \/>\n\t\t<meta property=\"article:published_time\" content=\"2026-07-23T17:01:53+00:00\" \/>\n\t\t<meta property=\"article:modified_time\" content=\"2026-07-23T17:02:52+00:00\" \/>\n\t\t<meta name=\"twitter:card\" content=\"summary_large_image\" \/>\n\t\t<meta name=\"twitter:title\" content=\"La Escuadra y el Altar en Tiempos de Sangre. - Letras Hiptn\u00f3ticas\" \/>\n\t\t<meta name=\"twitter:description\" content=\"Plutarco El\u00edas Calles, la Condecoraci\u00f3n Mas\u00f3nica en Torre\u00f3n (1926) y la Guerra Cristera DAVID V\u00c1SQUEZ TOVARHistoriador e Investigador Especializado en Historia Pol\u00edtica y Religiosa de M\u00e9xico | 23 de julio de 2026 El 16 de diciembre de 1926, la Rep\u00fablica Mexicana atravesaba la primera fase de una conflagraci\u00f3n civil devastadora. Tras la promulgaci\u00f3n del Decreto\" \/>\n\t\t<meta name=\"twitter:image\" content=\"https:\/\/letrashipnoticas.org\/wp-content\/uploads\/2026\/07\/WhatsApp-Image-2026-07-23-at-6.55.11-AM.jpeg\" \/>\n\t\t<script type=\"application\/ld+json\" class=\"aioseo-schema\">\n\t\t\t{\"@context\":\"https:\\\/\\\/schema.org\",\"@graph\":[{\"@type\":\"BlogPosting\",\"@id\":\"https:\\\/\\\/letrashipnoticas.org\\\/?p=3978#blogposting\",\"name\":\"La Escuadra y el Altar en Tiempos de Sangre. - Letras Hiptn\\u00f3ticas\",\"headline\":\"La Escuadra y el Altar en Tiempos de Sangre.\",\"author\":{\"@id\":\"https:\\\/\\\/letrashipnoticas.org\\\/?author=1#author\"},\"publisher\":{\"@id\":\"https:\\\/\\\/letrashipnoticas.org\\\/#organization\"},\"image\":{\"@type\":\"ImageObject\",\"url\":\"https:\\\/\\\/letrashipnoticas.org\\\/wp-content\\\/uploads\\\/2026\\\/07\\\/WhatsApp-Image-2026-07-23-at-6.55.11-AM.jpeg\",\"width\":400,\"height\":527},\"datePublished\":\"2026-07-23T17:01:53+00:00\",\"dateModified\":\"2026-07-23T17:02:52+00:00\",\"inLanguage\":\"es-MX\",\"mainEntityOfPage\":{\"@id\":\"https:\\\/\\\/letrashipnoticas.org\\\/?p=3978#webpage\"},\"isPartOf\":{\"@id\":\"https:\\\/\\\/letrashipnoticas.org\\\/?p=3978#webpage\"},\"articleSection\":\"Las Letras Hipn\\u00f3ticas de hoy\"},{\"@type\":\"BreadcrumbList\",\"@id\":\"https:\\\/\\\/letrashipnoticas.org\\\/?p=3978#breadcrumblist\",\"itemListElement\":[{\"@type\":\"ListItem\",\"@id\":\"https:\\\/\\\/letrashipnoticas.org#listItem\",\"position\":1,\"name\":\"Inicio\",\"item\":\"https:\\\/\\\/letrashipnoticas.org\",\"nextItem\":{\"@type\":\"ListItem\",\"@id\":\"https:\\\/\\\/letrashipnoticas.org\\\/?cat=1#listItem\",\"name\":\"Las Letras Hipn\\u00f3ticas de hoy\"}},{\"@type\":\"ListItem\",\"@id\":\"https:\\\/\\\/letrashipnoticas.org\\\/?cat=1#listItem\",\"position\":2,\"name\":\"Las Letras Hipn\\u00f3ticas de hoy\",\"item\":\"https:\\\/\\\/letrashipnoticas.org\\\/?cat=1\",\"nextItem\":{\"@type\":\"ListItem\",\"@id\":\"https:\\\/\\\/letrashipnoticas.org\\\/?p=3978#listItem\",\"name\":\"La Escuadra y el Altar en Tiempos de Sangre.\"},\"previousItem\":{\"@type\":\"ListItem\",\"@id\":\"https:\\\/\\\/letrashipnoticas.org#listItem\",\"name\":\"Inicio\"}},{\"@type\":\"ListItem\",\"@id\":\"https:\\\/\\\/letrashipnoticas.org\\\/?p=3978#listItem\",\"position\":3,\"name\":\"La Escuadra y el Altar en Tiempos de Sangre.\",\"previousItem\":{\"@type\":\"ListItem\",\"@id\":\"https:\\\/\\\/letrashipnoticas.org\\\/?cat=1#listItem\",\"name\":\"Las Letras Hipn\\u00f3ticas de hoy\"}}]},{\"@type\":\"Organization\",\"@id\":\"https:\\\/\\\/letrashipnoticas.org\\\/#organization\",\"name\":\"Letras Hiptn\\u00f3ticas\",\"description\":\"\\\"Descubre Apunte diario sobre letras hipn\\u00f3ticas, un viaje literario envolvente que despierta el alma. Reflexiones profundas, historias cautivadoras y un estilo \\u00fanico que hipnotiza en cada palabra.\\\"\",\"url\":\"https:\\\/\\\/letrashipnoticas.org\\\/\",\"logo\":{\"@type\":\"ImageObject\",\"url\":\"https:\\\/\\\/letrashipnoticas.org\\\/wp-content\\\/uploads\\\/2024\\\/09\\\/LogoRetinaPNG.png\",\"@id\":\"https:\\\/\\\/letrashipnoticas.org\\\/?p=3978\\\/#organizationLogo\",\"width\":544,\"height\":180},\"image\":{\"@id\":\"https:\\\/\\\/letrashipnoticas.org\\\/?p=3978\\\/#organizationLogo\"}},{\"@type\":\"Person\",\"@id\":\"https:\\\/\\\/letrashipnoticas.org\\\/?author=1#author\",\"url\":\"https:\\\/\\\/letrashipnoticas.org\\\/?author=1\",\"name\":\"Dr. Arturo David V\\u00e1squez Urdiales\",\"image\":{\"@type\":\"ImageObject\",\"@id\":\"https:\\\/\\\/letrashipnoticas.org\\\/?p=3978#authorImage\",\"url\":\"https:\\\/\\\/secure.gravatar.com\\\/avatar\\\/1bbc04a2da05a8a25045693b6f4473cec684496aa6385880380b702aa43009f8?s=96&d=mm&r=g\",\"width\":96,\"height\":96,\"caption\":\"Dr. Arturo David V\\u00e1squez Urdiales\"}},{\"@type\":\"WebPage\",\"@id\":\"https:\\\/\\\/letrashipnoticas.org\\\/?p=3978#webpage\",\"url\":\"https:\\\/\\\/letrashipnoticas.org\\\/?p=3978\",\"name\":\"La Escuadra y el Altar en Tiempos de Sangre. - Letras Hiptn\\u00f3ticas\",\"description\":\"Plutarco El\\u00edas Calles, la Condecoraci\\u00f3n Mas\\u00f3nica en Torre\\u00f3n (1926) y la Guerra Cristera DAVID V\\u00c1SQUEZ TOVARHistoriador e Investigador Especializado en Historia Pol\\u00edtica y Religiosa de M\\u00e9xico | 23 de julio de 2026 El 16 de diciembre de 1926, la Rep\\u00fablica Mexicana atravesaba la primera fase de una conflagraci\\u00f3n civil devastadora. Tras la promulgaci\\u00f3n del Decreto\",\"inLanguage\":\"es-MX\",\"isPartOf\":{\"@id\":\"https:\\\/\\\/letrashipnoticas.org\\\/#website\"},\"breadcrumb\":{\"@id\":\"https:\\\/\\\/letrashipnoticas.org\\\/?p=3978#breadcrumblist\"},\"author\":{\"@id\":\"https:\\\/\\\/letrashipnoticas.org\\\/?author=1#author\"},\"creator\":{\"@id\":\"https:\\\/\\\/letrashipnoticas.org\\\/?author=1#author\"},\"image\":{\"@type\":\"ImageObject\",\"url\":\"https:\\\/\\\/letrashipnoticas.org\\\/wp-content\\\/uploads\\\/2026\\\/07\\\/WhatsApp-Image-2026-07-23-at-6.55.11-AM.jpeg\",\"@id\":\"https:\\\/\\\/letrashipnoticas.org\\\/?p=3978\\\/#mainImage\",\"width\":400,\"height\":527},\"primaryImageOfPage\":{\"@id\":\"https:\\\/\\\/letrashipnoticas.org\\\/?p=3978#mainImage\"},\"datePublished\":\"2026-07-23T17:01:53+00:00\",\"dateModified\":\"2026-07-23T17:02:52+00:00\"},{\"@type\":\"WebSite\",\"@id\":\"https:\\\/\\\/letrashipnoticas.org\\\/#website\",\"url\":\"https:\\\/\\\/letrashipnoticas.org\\\/\",\"name\":\"Letras Hiptn\\u00f3ticas\",\"description\":\"\\\"Descubre Apunte diario sobre letras hipn\\u00f3ticas, un viaje literario envolvente que despierta el alma. Reflexiones profundas, historias cautivadoras y un estilo \\u00fanico que hipnotiza en cada palabra.\\\"\",\"inLanguage\":\"es-MX\",\"publisher\":{\"@id\":\"https:\\\/\\\/letrashipnoticas.org\\\/#organization\"}}]}\n\t\t<\/script>\n\t\t<!-- All in One SEO -->\n\n","aioseo_head_json":{"title":"La Escuadra y el Altar en Tiempos de Sangre. - Letras Hiptn\u00f3ticas","description":"Plutarco El\u00edas Calles, la Condecoraci\u00f3n Mas\u00f3nica en Torre\u00f3n (1926) y la Guerra Cristera DAVID V\u00c1SQUEZ TOVARHistoriador e Investigador Especializado en Historia Pol\u00edtica y Religiosa de M\u00e9xico | 23 de julio de 2026 El 16 de diciembre de 1926, la Rep\u00fablica Mexicana atravesaba la primera fase de una conflagraci\u00f3n civil devastadora. Tras la promulgaci\u00f3n del Decreto","canonical_url":"https:\/\/letrashipnoticas.org\/?p=3978","robots":"max-image-preview:large","keywords":"","webmasterTools":{"google-site-verification":"w1V7bRCSYMeOZjzLwWS_W8_n8jd94Z38sletBUa-LV0","miscellaneous":""},"schema":{"@context":"https:\/\/schema.org","@graph":[{"@type":"BlogPosting","@id":"https:\/\/letrashipnoticas.org\/?p=3978#blogposting","name":"La Escuadra y el Altar en Tiempos de Sangre. - Letras Hiptn\u00f3ticas","headline":"La Escuadra y el Altar en Tiempos de Sangre.","author":{"@id":"https:\/\/letrashipnoticas.org\/?author=1#author"},"publisher":{"@id":"https:\/\/letrashipnoticas.org\/#organization"},"image":{"@type":"ImageObject","url":"https:\/\/letrashipnoticas.org\/wp-content\/uploads\/2026\/07\/WhatsApp-Image-2026-07-23-at-6.55.11-AM.jpeg","width":400,"height":527},"datePublished":"2026-07-23T17:01:53+00:00","dateModified":"2026-07-23T17:02:52+00:00","inLanguage":"es-MX","mainEntityOfPage":{"@id":"https:\/\/letrashipnoticas.org\/?p=3978#webpage"},"isPartOf":{"@id":"https:\/\/letrashipnoticas.org\/?p=3978#webpage"},"articleSection":"Las Letras Hipn\u00f3ticas de hoy"},{"@type":"BreadcrumbList","@id":"https:\/\/letrashipnoticas.org\/?p=3978#breadcrumblist","itemListElement":[{"@type":"ListItem","@id":"https:\/\/letrashipnoticas.org#listItem","position":1,"name":"Inicio","item":"https:\/\/letrashipnoticas.org","nextItem":{"@type":"ListItem","@id":"https:\/\/letrashipnoticas.org\/?cat=1#listItem","name":"Las Letras Hipn\u00f3ticas de hoy"}},{"@type":"ListItem","@id":"https:\/\/letrashipnoticas.org\/?cat=1#listItem","position":2,"name":"Las Letras Hipn\u00f3ticas de hoy","item":"https:\/\/letrashipnoticas.org\/?cat=1","nextItem":{"@type":"ListItem","@id":"https:\/\/letrashipnoticas.org\/?p=3978#listItem","name":"La Escuadra y el Altar en Tiempos de Sangre."},"previousItem":{"@type":"ListItem","@id":"https:\/\/letrashipnoticas.org#listItem","name":"Inicio"}},{"@type":"ListItem","@id":"https:\/\/letrashipnoticas.org\/?p=3978#listItem","position":3,"name":"La Escuadra y el Altar en Tiempos de Sangre.","previousItem":{"@type":"ListItem","@id":"https:\/\/letrashipnoticas.org\/?cat=1#listItem","name":"Las Letras Hipn\u00f3ticas de hoy"}}]},{"@type":"Organization","@id":"https:\/\/letrashipnoticas.org\/#organization","name":"Letras Hiptn\u00f3ticas","description":"\"Descubre Apunte diario sobre letras hipn\u00f3ticas, un viaje literario envolvente que despierta el alma. Reflexiones profundas, historias cautivadoras y un estilo \u00fanico que hipnotiza en cada palabra.\"","url":"https:\/\/letrashipnoticas.org\/","logo":{"@type":"ImageObject","url":"https:\/\/letrashipnoticas.org\/wp-content\/uploads\/2024\/09\/LogoRetinaPNG.png","@id":"https:\/\/letrashipnoticas.org\/?p=3978\/#organizationLogo","width":544,"height":180},"image":{"@id":"https:\/\/letrashipnoticas.org\/?p=3978\/#organizationLogo"}},{"@type":"Person","@id":"https:\/\/letrashipnoticas.org\/?author=1#author","url":"https:\/\/letrashipnoticas.org\/?author=1","name":"Dr. Arturo David V\u00e1squez Urdiales","image":{"@type":"ImageObject","@id":"https:\/\/letrashipnoticas.org\/?p=3978#authorImage","url":"https:\/\/secure.gravatar.com\/avatar\/1bbc04a2da05a8a25045693b6f4473cec684496aa6385880380b702aa43009f8?s=96&d=mm&r=g","width":96,"height":96,"caption":"Dr. Arturo David V\u00e1squez Urdiales"}},{"@type":"WebPage","@id":"https:\/\/letrashipnoticas.org\/?p=3978#webpage","url":"https:\/\/letrashipnoticas.org\/?p=3978","name":"La Escuadra y el Altar en Tiempos de Sangre. - Letras Hiptn\u00f3ticas","description":"Plutarco El\u00edas Calles, la Condecoraci\u00f3n Mas\u00f3nica en Torre\u00f3n (1926) y la Guerra Cristera DAVID V\u00c1SQUEZ TOVARHistoriador e Investigador Especializado en Historia Pol\u00edtica y Religiosa de M\u00e9xico | 23 de julio de 2026 El 16 de diciembre de 1926, la Rep\u00fablica Mexicana atravesaba la primera fase de una conflagraci\u00f3n civil devastadora. Tras la promulgaci\u00f3n del Decreto","inLanguage":"es-MX","isPartOf":{"@id":"https:\/\/letrashipnoticas.org\/#website"},"breadcrumb":{"@id":"https:\/\/letrashipnoticas.org\/?p=3978#breadcrumblist"},"author":{"@id":"https:\/\/letrashipnoticas.org\/?author=1#author"},"creator":{"@id":"https:\/\/letrashipnoticas.org\/?author=1#author"},"image":{"@type":"ImageObject","url":"https:\/\/letrashipnoticas.org\/wp-content\/uploads\/2026\/07\/WhatsApp-Image-2026-07-23-at-6.55.11-AM.jpeg","@id":"https:\/\/letrashipnoticas.org\/?p=3978\/#mainImage","width":400,"height":527},"primaryImageOfPage":{"@id":"https:\/\/letrashipnoticas.org\/?p=3978#mainImage"},"datePublished":"2026-07-23T17:01:53+00:00","dateModified":"2026-07-23T17:02:52+00:00"},{"@type":"WebSite","@id":"https:\/\/letrashipnoticas.org\/#website","url":"https:\/\/letrashipnoticas.org\/","name":"Letras Hiptn\u00f3ticas","description":"\"Descubre Apunte diario sobre letras hipn\u00f3ticas, un viaje literario envolvente que despierta el alma. Reflexiones profundas, historias cautivadoras y un estilo \u00fanico que hipnotiza en cada palabra.\"","inLanguage":"es-MX","publisher":{"@id":"https:\/\/letrashipnoticas.org\/#organization"}}]},"og:locale":"es_MX","og:site_name":"Letras Hiptn\u00f3ticas - &quot;Descubre Apunte diario sobre letras hipn\u00f3ticas, un viaje literario envolvente que despierta el alma. Reflexiones profundas, historias cautivadoras y un estilo \u00fanico que hipnotiza en cada palabra.&quot; Plutarco El\u00edas Calles, la Condecoraci\u00f3n Mas\u00f3nica en Torre\u00f3n (1926) y la Guerra Cristera DAVID V\u00c1SQUEZ TOVARHistoriador e Investigador Especializado en Historia Pol\u00edtica y Religiosa de M\u00e9xico | 23 de julio de 2026 El 16 de diciembre de 1926, la Rep\u00fablica Mexicana atravesaba la primera fase de una conflagraci\u00f3n civil devastadora. Tras la promulgaci\u00f3n del Decreto","og:type":"article","og:title":"La Escuadra y el Altar en Tiempos de Sangre. - Letras Hiptn\u00f3ticas","og:description":"Plutarco El\u00edas Calles, la Condecoraci\u00f3n Mas\u00f3nica en Torre\u00f3n (1926) y la Guerra Cristera DAVID V\u00c1SQUEZ TOVARHistoriador e Investigador Especializado en Historia Pol\u00edtica y Religiosa de M\u00e9xico | 23 de julio de 2026 El 16 de diciembre de 1926, la Rep\u00fablica Mexicana atravesaba la primera fase de una conflagraci\u00f3n civil devastadora. Tras la promulgaci\u00f3n del Decreto","og:url":"https:\/\/letrashipnoticas.org\/?p=3978","og:image":"https:\/\/letrashipnoticas.org\/wp-content\/uploads\/2026\/07\/WhatsApp-Image-2026-07-23-at-6.55.11-AM.jpeg","og:image:secure_url":"https:\/\/letrashipnoticas.org\/wp-content\/uploads\/2026\/07\/WhatsApp-Image-2026-07-23-at-6.55.11-AM.jpeg","og:image:width":400,"og:image:height":527,"article:published_time":"2026-07-23T17:01:53+00:00","article:modified_time":"2026-07-23T17:02:52+00:00","twitter:card":"summary_large_image","twitter:title":"La Escuadra y el Altar en Tiempos de Sangre. - Letras Hiptn\u00f3ticas","twitter:description":"Plutarco El\u00edas Calles, la Condecoraci\u00f3n Mas\u00f3nica en Torre\u00f3n (1926) y la Guerra Cristera DAVID V\u00c1SQUEZ TOVARHistoriador e Investigador Especializado en Historia Pol\u00edtica y Religiosa de M\u00e9xico | 23 de julio de 2026 El 16 de diciembre de 1926, la Rep\u00fablica Mexicana atravesaba la primera fase de una conflagraci\u00f3n civil devastadora. Tras la promulgaci\u00f3n del Decreto","twitter:image":"https:\/\/letrashipnoticas.org\/wp-content\/uploads\/2026\/07\/WhatsApp-Image-2026-07-23-at-6.55.11-AM.jpeg"},"aioseo_meta_data":{"post_id":"3978","title":null,"description":null,"keywords":null,"keyphrases":{"focus":{"keyphrase":"","score":0,"analysis":{"keyphraseInTitle":{"score":0,"maxScore":9,"error":1}}},"additional":[]},"primary_term":null,"canonical_url":null,"og_title":null,"og_description":null,"og_object_type":"default","og_image_type":"default","og_image_url":null,"og_image_width":null,"og_image_height":null,"og_image_custom_url":null,"og_image_custom_fields":null,"og_video":"","og_custom_url":null,"og_article_section":null,"og_article_tags":null,"twitter_use_og":false,"twitter_card":"default","twitter_image_type":"default","twitter_image_url":null,"twitter_image_custom_url":null,"twitter_image_custom_fields":null,"twitter_title":null,"twitter_description":null,"schema":{"blockGraphs":[],"customGraphs":[],"default":{"data":{"Article":[],"Course":[],"Dataset":[],"FAQPage":[],"Movie":[],"Person":[],"Product":[],"ProductReview":[],"Car":[],"Recipe":[],"Service":[],"SoftwareApplication":[],"WebPage":[]},"graphName":"BlogPosting","isEnabled":true},"graphs":[]},"schema_type":"default","schema_type_options":null,"pillar_content":false,"robots_default":true,"robots_noindex":false,"robots_noarchive":false,"robots_nosnippet":false,"robots_nofollow":false,"robots_noimageindex":false,"robots_noodp":false,"robots_notranslate":false,"robots_max_snippet":"-1","robots_max_videopreview":"-1","robots_max_imagepreview":"large","priority":null,"frequency":"default","local_seo":null,"breadcrumb_settings":null,"limit_modified_date":false,"ai":{"faqs":[],"keyPoints":[],"titles":[],"descriptions":[],"socialPosts":{"email":[],"linkedin":[],"twitter":[],"facebook":[],"instagram":[]}},"created":"2026-07-23 17:01:56","updated":"2026-07-23 17:02:54","focus_keyword":null,"additional_keywords":null,"truseo_locale":null,"seo_analyzer_scan_date":null},"aioseo_breadcrumb":"<div class=\"aioseo-breadcrumbs\"><span class=\"aioseo-breadcrumb\">\n\t\t\t<a href=\"https:\/\/letrashipnoticas.org\" title=\"Inicio\">Inicio<\/a>\n\t\t<\/span><span class=\"aioseo-breadcrumb-separator\">&raquo;<\/span><span class=\"aioseo-breadcrumb\">\n\t\t\t<a href=\"https:\/\/letrashipnoticas.org\/?cat=1\" title=\"Las Letras Hipn\u00f3ticas de hoy\">Las Letras Hipn\u00f3ticas de hoy<\/a>\n\t\t<\/span><span class=\"aioseo-breadcrumb-separator\">&raquo;<\/span><span class=\"aioseo-breadcrumb\">\n\t\t\tLa Escuadra y el Altar en Tiempos de Sangre.\n\t\t<\/span><\/div>","aioseo_breadcrumb_json":[{"label":"Inicio","link":"https:\/\/letrashipnoticas.org"},{"label":"Las Letras Hipn\u00f3ticas de hoy","link":"https:\/\/letrashipnoticas.org\/?cat=1"},{"label":"La Escuadra y el Altar en Tiempos de Sangre.","link":"https:\/\/letrashipnoticas.org\/?p=3978"}],"_links":{"self":[{"href":"https:\/\/letrashipnoticas.org\/index.php?rest_route=\/wp\/v2\/posts\/3978","targetHints":{"allow":["GET"]}}],"collection":[{"href":"https:\/\/letrashipnoticas.org\/index.php?rest_route=\/wp\/v2\/posts"}],"about":[{"href":"https:\/\/letrashipnoticas.org\/index.php?rest_route=\/wp\/v2\/types\/post"}],"author":[{"embeddable":true,"href":"https:\/\/letrashipnoticas.org\/index.php?rest_route=\/wp\/v2\/users\/1"}],"replies":[{"embeddable":true,"href":"https:\/\/letrashipnoticas.org\/index.php?rest_route=%2Fwp%2Fv2%2Fcomments&post=3978"}],"version-history":[{"count":1,"href":"https:\/\/letrashipnoticas.org\/index.php?rest_route=\/wp\/v2\/posts\/3978\/revisions"}],"predecessor-version":[{"id":3987,"href":"https:\/\/letrashipnoticas.org\/index.php?rest_route=\/wp\/v2\/posts\/3978\/revisions\/3987"}],"wp:featuredmedia":[{"embeddable":true,"href":"https:\/\/letrashipnoticas.org\/index.php?rest_route=\/wp\/v2\/media\/3979"}],"wp:attachment":[{"href":"https:\/\/letrashipnoticas.org\/index.php?rest_route=%2Fwp%2Fv2%2Fmedia&parent=3978"}],"wp:term":[{"taxonomy":"category","embeddable":true,"href":"https:\/\/letrashipnoticas.org\/index.php?rest_route=%2Fwp%2Fv2%2Fcategories&post=3978"},{"taxonomy":"post_tag","embeddable":true,"href":"https:\/\/letrashipnoticas.org\/index.php?rest_route=%2Fwp%2Fv2%2Ftags&post=3978"}],"curies":[{"name":"wp","href":"https:\/\/api.w.org\/{rel}","templated":true}]}}