{"id":3925,"date":"2026-07-20T18:36:52","date_gmt":"2026-07-20T18:36:52","guid":{"rendered":"https:\/\/letrashipnoticas.org\/?p=3925"},"modified":"2026-07-20T18:36:57","modified_gmt":"2026-07-20T18:36:57","slug":"el-emperador-del-nuevo-mundo","status":"publish","type":"post","link":"https:\/\/letrashipnoticas.org\/?p=3925","title":{"rendered":"El Emperador del Nuevo Mundo."},"content":{"rendered":"\n<p class=\"wp-block-paragraph\">Por Dr. David V\u00e1squez Tovar<br>Letras Hipn\u00f3ticas | 19 de julio de 2026<br>Valladolid \u2014 Iguala \u2014 Ciudad de M\u00e9xico \u2014 Padilla<\/p>\n\n\n\n<hr class=\"wp-block-separator has-alpha-channel-opacity\"\/>\n\n\n\n<figure class=\"wp-block-image size-large is-resized\"><img loading=\"lazy\" decoding=\"async\" width=\"697\" height=\"1024\" src=\"https:\/\/letrashipnoticas.org\/wp-content\/uploads\/2026\/07\/WhatsApp-Image-2026-07-19-at-8.37.14-PM-697x1024.jpeg\" alt=\"\" class=\"wp-image-3927\" style=\"width:1055px;height:auto\" srcset=\"https:\/\/letrashipnoticas.org\/wp-content\/uploads\/2026\/07\/WhatsApp-Image-2026-07-19-at-8.37.14-PM-697x1024.jpeg 697w, https:\/\/letrashipnoticas.org\/wp-content\/uploads\/2026\/07\/WhatsApp-Image-2026-07-19-at-8.37.14-PM-204x300.jpeg 204w, https:\/\/letrashipnoticas.org\/wp-content\/uploads\/2026\/07\/WhatsApp-Image-2026-07-19-at-8.37.14-PM-768x1128.jpeg 768w, https:\/\/letrashipnoticas.org\/wp-content\/uploads\/2026\/07\/WhatsApp-Image-2026-07-19-at-8.37.14-PM-1045x1536.jpeg 1045w, https:\/\/letrashipnoticas.org\/wp-content\/uploads\/2026\/07\/WhatsApp-Image-2026-07-19-at-8.37.14-PM-286x420.jpeg 286w, https:\/\/letrashipnoticas.org\/wp-content\/uploads\/2026\/07\/WhatsApp-Image-2026-07-19-at-8.37.14-PM-150x220.jpeg 150w, https:\/\/letrashipnoticas.org\/wp-content\/uploads\/2026\/07\/WhatsApp-Image-2026-07-19-at-8.37.14-PM-300x441.jpeg 300w, https:\/\/letrashipnoticas.org\/wp-content\/uploads\/2026\/07\/WhatsApp-Image-2026-07-19-at-8.37.14-PM-696x1023.jpeg 696w, https:\/\/letrashipnoticas.org\/wp-content\/uploads\/2026\/07\/WhatsApp-Image-2026-07-19-at-8.37.14-PM-1068x1569.jpeg 1068w, https:\/\/letrashipnoticas.org\/wp-content\/uploads\/2026\/07\/WhatsApp-Image-2026-07-19-at-8.37.14-PM.jpeg 1070w\" sizes=\"auto, (max-width: 697px) 100vw, 697px\" \/><\/figure>\n\n\n\n<p class=\"wp-block-paragraph\">I. La hora de los fusiles<\/p>\n\n\n\n<p class=\"wp-block-paragraph\">A las seis de la tarde del 19 de julio de 1824, en la polvorienta plaza de Padilla, Tamaulipas, un hombre de cuarenta y un a\u00f1os se arrodill\u00f3 frente a un pelot\u00f3n de fusileros. Llevaba una chaqueta azul oscura, pantalones blancos y un sombrero de copa que se negaba a caer, como si \u00e9l mismo se resistiera a la gravedad del momento. Antes de que el oficial diera la orden, el condenado pidi\u00f3 la palabra. Se la concedieron. No hab\u00eda prisa: la muerte, como los buenos vinos, tambi\u00e9n espera su momento.<\/p>\n\n\n\n<p class=\"wp-block-paragraph\">\u2014Mexicanos \u2014dijo, con la voz clara y firme de quien ha mandado ej\u00e9rcitos y ha firmado decretos con su pu\u00f1o y su letra\u2014, en el acto mismo de mi muerte, os recomiendo amor a la patria y observancia a nuestra santa religi\u00f3n. Yo muero con honor, no como traidor.<\/p>\n\n\n\n<p class=\"wp-block-paragraph\">Luego, con un gesto que desconcert\u00f3 a sus verdugos, reparti\u00f3 entre los soldados las onzas de oro que llevaba consigo, monedas brillantes que ca\u00edan sobre las manos callosas de quienes iban a matarlo. Un detalle que, si no fuera tr\u00e1gico, resultar\u00eda casi c\u00f3mico: el hombre que hab\u00eda sido emperador pagaba a sus propios ejecutores. Acept\u00f3 que le vendaran los ojos. Se puso en pie, erguido, la espalda recta como un m\u00e1stil. El pelot\u00f3n dispar\u00f3. Las balas le atravesaron el pecho y la cabeza.<\/p>\n\n\n\n<p class=\"wp-block-paragraph\">Agust\u00edn de Iturbide, el primer emperador de M\u00e9xico, el consumador de la Independencia, el hombre que hab\u00eda unificado a realistas e insurgentes bajo una sola bandera \u2014la bandera que \u00e9l mismo dise\u00f1\u00f3, con sus tres colores y su \u00e1guila posada sobre el nopal\u2014, cay\u00f3 sobre el polvo de una villa que el tiempo terminar\u00eda tragando. El \u00abpueblo sumergido\u00bb de Padilla, engullido d\u00e9cadas despu\u00e9s por las aguas de la presa Vicente Guerrero, guarda a\u00fan en el fondo de su lago la memoria de aquel disparo. Hay cierta justicia po\u00e9tica en que el lugar donde muri\u00f3 el emperador terminara bajo el agua: como si la tierra misma quisiera borrar el pecado de haberlo fusilado.<\/p>\n\n\n\n<p class=\"wp-block-paragraph\">Iturbide no muri\u00f3 como un traidor, aunque el Congreso se empe\u00f1\u00f3 en llamarlo as\u00ed. Muri\u00f3 como un hombre que, en sus \u00faltimas horas, se aferr\u00f3 a la dignidad de su propia leyenda. Pero el Congreso, que lo hab\u00eda declarado \u00abtraidor a la patria y enemigo p\u00fablico del Estado\u00bb, se asegur\u00f3 de que su nombre quedara marcado con el hierro del infame. No fue la justicia, sino la ley \u2014una ley hecha a la medida del miedo\u2014 la que lo conden\u00f3. Como escribi\u00f3 la investigadora Silvia Mart\u00ednez del Campo Rangel, a Iturbide \u00ablo asesin\u00f3 la ley, que no la justicia, y por \u00f3rdenes del legislador, que no del juez\u00bb. El Congreso lo degrad\u00f3 a una categor\u00eda subhumana, priv\u00e1ndolo de toda posibilidad de ser o\u00eddo ante un tribunal. Se actu\u00f3, en palabras de un cr\u00edtico, \u00abcontra derecho, contra legem, contra justicia, contra gratitud y contra decoro\u00bb.<\/p>\n\n\n\n<figure class=\"wp-block-image size-large is-resized\"><img loading=\"lazy\" decoding=\"async\" width=\"829\" height=\"1024\" src=\"https:\/\/letrashipnoticas.org\/wp-content\/uploads\/2026\/07\/WhatsApp-Image-2026-07-19-at-8.12.46-PM-3-829x1024.jpeg\" alt=\"\" class=\"wp-image-3928\" style=\"width:1055px;height:auto\" srcset=\"https:\/\/letrashipnoticas.org\/wp-content\/uploads\/2026\/07\/WhatsApp-Image-2026-07-19-at-8.12.46-PM-3-829x1024.jpeg 829w, https:\/\/letrashipnoticas.org\/wp-content\/uploads\/2026\/07\/WhatsApp-Image-2026-07-19-at-8.12.46-PM-3-243x300.jpeg 243w, https:\/\/letrashipnoticas.org\/wp-content\/uploads\/2026\/07\/WhatsApp-Image-2026-07-19-at-8.12.46-PM-3-768x949.jpeg 768w, https:\/\/letrashipnoticas.org\/wp-content\/uploads\/2026\/07\/WhatsApp-Image-2026-07-19-at-8.12.46-PM-3-1243x1536.jpeg 1243w, https:\/\/letrashipnoticas.org\/wp-content\/uploads\/2026\/07\/WhatsApp-Image-2026-07-19-at-8.12.46-PM-3-340x420.jpeg 340w, https:\/\/letrashipnoticas.org\/wp-content\/uploads\/2026\/07\/WhatsApp-Image-2026-07-19-at-8.12.46-PM-3-150x185.jpeg 150w, https:\/\/letrashipnoticas.org\/wp-content\/uploads\/2026\/07\/WhatsApp-Image-2026-07-19-at-8.12.46-PM-3-300x371.jpeg 300w, https:\/\/letrashipnoticas.org\/wp-content\/uploads\/2026\/07\/WhatsApp-Image-2026-07-19-at-8.12.46-PM-3-324x400.jpeg 324w, https:\/\/letrashipnoticas.org\/wp-content\/uploads\/2026\/07\/WhatsApp-Image-2026-07-19-at-8.12.46-PM-3-696x860.jpeg 696w, https:\/\/letrashipnoticas.org\/wp-content\/uploads\/2026\/07\/WhatsApp-Image-2026-07-19-at-8.12.46-PM-3-1068x1320.jpeg 1068w, https:\/\/letrashipnoticas.org\/wp-content\/uploads\/2026\/07\/WhatsApp-Image-2026-07-19-at-8.12.46-PM-3.jpeg 1295w\" sizes=\"auto, (max-width: 829px) 100vw, 829px\" \/><\/figure>\n\n\n\n<hr class=\"wp-block-separator has-alpha-channel-opacity\"\/>\n\n\n\n<p class=\"wp-block-paragraph\">II. El hijo de la Nueva Espa\u00f1a<\/p>\n\n\n\n<p class=\"wp-block-paragraph\">Agust\u00edn Cosme Dami\u00e1n de Iturbide y Ar\u00e1mburu naci\u00f3 el 27 de septiembre de 1783 en Valladolid \u2014hoy Morelia\u2014, una ciudad de calles empedradas y campanas de iglesia que entonces era la capital de la intendencia de Michoac\u00e1n. Era hijo de un inmigrante vasco de antepasados nobles, don Jos\u00e9 Joaqu\u00edn de Iturbide y Arregui, y de una dama michoacana, do\u00f1a Josefa de Ar\u00e1mburu y Carrillo de Figueroa, criolla. La familia, acomodada y orgullosa de su linaje, lo ingres\u00f3 en el seminario de Valladolid, donde el joven Agust\u00edn estudi\u00f3 latinidad y filosof\u00eda. Pero la sotana no era para \u00e9l. Pronto cambi\u00f3 la vocaci\u00f3n religiosa por la carrera militar. Quiz\u00e1s intuy\u00f3 que el poder de una espada es m\u00e1s inmediato que el de un serm\u00f3n.<\/p>\n\n\n\n<p class=\"wp-block-paragraph\">En 1797, con apenas catorce a\u00f1os \u2014aunque algunas fuentes se\u00f1alan que fue a los diecisiete\u2014, ingres\u00f3 como alf\u00e9rez en el regimiento de infanter\u00eda provincial de su ciudad. A los veintid\u00f3s, contrajo matrimonio con Ana Mar\u00eda de Huarte, hija de un acaudalado michoacano. Era un joven apuesto, de mirada profunda y modales corteses, pero tambi\u00e9n de una ambici\u00f3n que no conoc\u00eda l\u00edmites. El ej\u00e9rcito realista le ofrec\u00eda un camino de ascenso, y \u00e9l lo recorri\u00f3 con la velocidad de un cometa. Como escribi\u00f3 alg\u00fan cronista, Iturbide no era un hombre que esperara que las cosas sucedieran; era un hombre que las hac\u00eda suceder, aunque para ello tuviera que empujar el destino con ambas manos.<\/p>\n\n\n\n<hr class=\"wp-block-separator has-alpha-channel-opacity\"\/>\n\n\n\n<p class=\"wp-block-paragraph\">III. El realista feroz<\/p>\n\n\n\n<p class=\"wp-block-paragraph\">Cuando el cura Miguel Hidalgo lanz\u00f3 el Grito de Dolores en 1810, Iturbide ya era alf\u00e9rez del regimiento provincial de Valladolid. Recibi\u00f3 una carta del propio Hidalgo ofreci\u00e9ndole el grado de teniente general de los ej\u00e9rcitos insurgentes. Iturbide rechaz\u00f3 la oferta. En sus memorias, escritas durante su exilio en Liorna, explic\u00f3 que los planes de Hidalgo, \u00abmal concebidos, llevar\u00edan a la ruina a la Nueva Espa\u00f1a\u00bb. Era un realista convencido, o al menos un realista que sab\u00eda de qu\u00e9 lado estaban el poder y el dinero.<\/p>\n\n\n\n<p class=\"wp-block-paragraph\">Los siguientes diez a\u00f1os los dedic\u00f3 a perseguir a los insurgentes con una ferocidad que le valdr\u00eda el odio de los independentistas y el respeto de los virreyes. Combati\u00f3 en el Monte de las Cruces, captur\u00f3 al temible guerrillero Albino Garc\u00eda, tom\u00f3 Valle de Santiago mediante una estratagema que hizo creer a los insurgentes que atacaba con toda una divisi\u00f3n, y liquid\u00f3 las tropas de Ram\u00f3n Ray\u00f3n en Salvatierra. El virrey Calleja lo ascendi\u00f3 a coronel del regimiento de Celaya.<\/p>\n\n\n\n<p class=\"wp-block-paragraph\">Pero su fama m\u00e1s siniestra la gan\u00f3 arrasando poblados que pudieran servir de base social a los rebeldes y fusilando a todo insurgente que ca\u00eda en sus manos, inclusive a varias mujeres a las que acus\u00f3 de \u00abseductoras de tropa\u00bb. Como se\u00f1ala el historiador Enrique Krauze, Iturbide fue \u00abel primer militar realista que tom\u00f3 conciencia de que no combat\u00eda una guerra regular contra los insurgentes, sino a una guerra de guerrillas, a la que s\u00f3lo pod\u00eda derrotar si destru\u00eda la base social que la hac\u00eda posible\u00bb. Era, en otras palabras, un estratega brillante y un militar despiadado. Dos cualidades que, en el arte de la guerra, suelen ir de la mano.<\/p>\n\n\n\n<p class=\"wp-block-paragraph\">Fue tambi\u00e9n el primero en vencer a Jos\u00e9 Mar\u00eda Morelos, mediante la estratagema de infiltrarse entre los insurgentes y crear p\u00e1nico y confusi\u00f3n. Repiti\u00f3 su victoria en Puruar\u00e1n, donde tom\u00f3 preso a Mariano Matamoros. En tres a\u00f1os, Iturbide hab\u00eda ascendido de teniente a coronel, convirti\u00e9ndose en uno de los oficiales m\u00e1s temidos y respetados del ej\u00e9rcito virreinal.<\/p>\n\n\n\n<p class=\"wp-block-paragraph\">Pero su carrera no estuvo exenta de esc\u00e1ndalos. En 1816, el virrey lo retir\u00f3 del Baj\u00edo despu\u00e9s de que se presentaran cargos en su contra por el uso del mando para crear monopolios comerciales, saquear propiedad privada y malversar fondos. Al a\u00f1o siguiente, los cargos fueron retirados. Absuelto, Iturbide hubiera podido regresar al mando, pero lo rechaz\u00f3 por resentimiento. El resentimiento, ese combustible de los grandes cambios hist\u00f3ricos, comenzaba a fermentar en el alma del coronel.<\/p>\n\n\n\n<hr class=\"wp-block-separator has-alpha-channel-opacity\"\/>\n\n\n\n<figure class=\"wp-block-image size-full is-resized\"><img loading=\"lazy\" decoding=\"async\" width=\"850\" height=\"638\" src=\"https:\/\/letrashipnoticas.org\/wp-content\/uploads\/2026\/07\/WhatsApp-Image-2026-07-19-at-8.12.45-PM.jpeg\" alt=\"\" class=\"wp-image-3929\" style=\"width:1055px;height:auto\" srcset=\"https:\/\/letrashipnoticas.org\/wp-content\/uploads\/2026\/07\/WhatsApp-Image-2026-07-19-at-8.12.45-PM.jpeg 850w, https:\/\/letrashipnoticas.org\/wp-content\/uploads\/2026\/07\/WhatsApp-Image-2026-07-19-at-8.12.45-PM-300x225.jpeg 300w, https:\/\/letrashipnoticas.org\/wp-content\/uploads\/2026\/07\/WhatsApp-Image-2026-07-19-at-8.12.45-PM-768x576.jpeg 768w, https:\/\/letrashipnoticas.org\/wp-content\/uploads\/2026\/07\/WhatsApp-Image-2026-07-19-at-8.12.45-PM-560x420.jpeg 560w, https:\/\/letrashipnoticas.org\/wp-content\/uploads\/2026\/07\/WhatsApp-Image-2026-07-19-at-8.12.45-PM-80x60.jpeg 80w, https:\/\/letrashipnoticas.org\/wp-content\/uploads\/2026\/07\/WhatsApp-Image-2026-07-19-at-8.12.45-PM-150x113.jpeg 150w, https:\/\/letrashipnoticas.org\/wp-content\/uploads\/2026\/07\/WhatsApp-Image-2026-07-19-at-8.12.45-PM-696x522.jpeg 696w, https:\/\/letrashipnoticas.org\/wp-content\/uploads\/2026\/07\/WhatsApp-Image-2026-07-19-at-8.12.45-PM-265x198.jpeg 265w\" sizes=\"auto, (max-width: 850px) 100vw, 850px\" \/><\/figure>\n\n\n\n<p class=\"wp-block-paragraph\">IV. El abrazo de Acatempan<\/p>\n\n\n\n<p class=\"wp-block-paragraph\">A fines de 1820, el coronel realista Iturbide, de treinta y siete a\u00f1os, dio un giro que sorprendi\u00f3 a propios y extra\u00f1os. Se volvi\u00f3 en contra del r\u00e9gimen al que hab\u00eda servido tan fielmente y proclam\u00f3 una nueva rebeli\u00f3n. El 24 de febrero de 1821, en la poblaci\u00f3n de Iguala, promulg\u00f3 el Plan de Iguala, un programa de tres garant\u00edas: Independencia, Religi\u00f3n y Uni\u00f3n. El virrey rechaz\u00f3 el Plan y puso a Iturbide fuera de la ley. Pero la mayor\u00eda de las guarniciones y ciudades se sumaron a la causa.<\/p>\n\n\n\n<p class=\"wp-block-paragraph\">El 10 de febrero de 1821, Iturbide se entrevist\u00f3 con Vicente Guerrero en Acatempan. El abrazo de Acatempan, inmortalizado en la pintura y la leyenda, sell\u00f3 la alianza entre el realista y el insurgente. Juntos, formaron el Ej\u00e9rcito Trigarante, que march\u00f3 hacia la Ciudad de M\u00e9xico. El 24 de agosto de 1821, Iturbide firm\u00f3 con el virrey Juan de O&#8217;Donoj\u00fa los Tratados de C\u00f3rdoba, que ratificaban el Plan de Iguala y reconoc\u00edan la independencia de M\u00e9xico. La guerra de Independencia hab\u00eda terminado. Iturbide, el verdugo de insurgentes, se hab\u00eda convertido en el Libertador.<\/p>\n\n\n\n<p class=\"wp-block-paragraph\">Fue un cambio de chaqueta tan espectacular que a\u00fan hoy los historiadores discuten si fue oportunismo o genio pol\u00edtico. Probablemente, un poco de ambas cosas. Como escribi\u00f3 Lucas Alam\u00e1n, Iturbide \u00abno era un hombre de principios, sino de conveniencias\u00bb. Pero tambi\u00e9n es cierto que, sin \u00e9l, la Independencia podr\u00eda haberse prolongado otra d\u00e9cada de sangre y fuego. A veces, la historia necesita de hombres sin escr\u00fapulos para hacer el trabajo sucio de la libertad.<\/p>\n\n\n\n<hr class=\"wp-block-separator has-alpha-channel-opacity\"\/>\n\n\n\n<p class=\"wp-block-paragraph\">V. El emperador de los mexicanos<\/p>\n\n\n\n<p class=\"wp-block-paragraph\">La noche del 18 de mayo de 1822, una facci\u00f3n del ej\u00e9rcito, encabezada por el regimiento de Celaya, proclam\u00f3 a Iturbide emperador. El Congreso, presionado por los fusiles, ratific\u00f3 la proclamaci\u00f3n. El 21 de julio, Iturbide fue coronado como Agust\u00edn I, Emperador de M\u00e9xico.<\/p>\n\n\n\n<p class=\"wp-block-paragraph\">Pero el imperio fue breve. El Congreso Constituyente, que ve\u00eda con recelo el poder del emperador, se convirti\u00f3 en su principal adversario. Iturbide, harto de la oposici\u00f3n, orden\u00f3 la disoluci\u00f3n del Congreso. Fue un error fatal. Como se\u00f1ala el historiador Timothy E. Anna en su obra El imperio de Iturbide, un imperio construido sobre la ambici\u00f3n personal y la lealtad de los fusiles no pod\u00eda durar en una tierra que hab\u00eda aprendido a desconfiar de los reyes.<\/p>\n\n\n\n<p class=\"wp-block-paragraph\">El 1 de febrero de 1823, Antonio L\u00f3pez de Santa Anna y Jos\u00e9 Antonio de Ech\u00e1varri promovieron el Plan de Casa Mata, que exig\u00eda la restituci\u00f3n del Congreso y desconoc\u00eda al gobierno de Iturbide. Diversos militares se adhirieron al plan. El 19 de marzo de 1823, Iturbide abdic\u00f3 al trono. Hab\u00eda gobernado apenas diez meses. Su imperio dur\u00f3 menos que un embarazo, y tuvo un final igualmente doloroso.<\/p>\n\n\n\n<hr class=\"wp-block-separator has-alpha-channel-opacity\"\/>\n\n\n\n<figure class=\"wp-block-image size-full is-resized\"><img loading=\"lazy\" decoding=\"async\" width=\"600\" height=\"894\" src=\"https:\/\/letrashipnoticas.org\/wp-content\/uploads\/2026\/07\/WhatsApp-Image-2026-07-19-at-8.12.46-PM-1.jpeg\" alt=\"\" class=\"wp-image-3930\" style=\"width:1055px;height:auto\" srcset=\"https:\/\/letrashipnoticas.org\/wp-content\/uploads\/2026\/07\/WhatsApp-Image-2026-07-19-at-8.12.46-PM-1.jpeg 600w, https:\/\/letrashipnoticas.org\/wp-content\/uploads\/2026\/07\/WhatsApp-Image-2026-07-19-at-8.12.46-PM-1-201x300.jpeg 201w, https:\/\/letrashipnoticas.org\/wp-content\/uploads\/2026\/07\/WhatsApp-Image-2026-07-19-at-8.12.46-PM-1-282x420.jpeg 282w, https:\/\/letrashipnoticas.org\/wp-content\/uploads\/2026\/07\/WhatsApp-Image-2026-07-19-at-8.12.46-PM-1-150x224.jpeg 150w, https:\/\/letrashipnoticas.org\/wp-content\/uploads\/2026\/07\/WhatsApp-Image-2026-07-19-at-8.12.46-PM-1-300x447.jpeg 300w\" sizes=\"auto, (max-width: 600px) 100vw, 600px\" \/><\/figure>\n\n\n\n<p class=\"wp-block-paragraph\">VI. El exilio y el regreso<\/p>\n\n\n\n<p class=\"wp-block-paragraph\">El Congreso, que no admiti\u00f3 su abdicaci\u00f3n porque la consider\u00f3 \u00abviciada de origen\u00bb, lo conden\u00f3 al exilio. El 30 de marzo de 1823, Iturbide sali\u00f3 de M\u00e9xico rumbo a Liorna, Italia. Su familia lo acompa\u00f1\u00f3. Durante su exilio, escribi\u00f3 sus memorias, un texto que titul\u00f3 Manifiesto y que la posteridad conocer\u00eda como Memorias escritas desde Liorna, donde se muestra \u00abcon la sinceridad de la desolaci\u00f3n y el ensimismamiento\u00bb.<\/p>\n\n\n\n<p class=\"wp-block-paragraph\">En Italia, Iturbide se enter\u00f3 de una supuesta conspiraci\u00f3n de la Santa Alianza \u2014las potencias europeas que hab\u00edan restaurado el absolutismo\u2014 para reconquistar las colonias americanas. Creyendo que su regreso pod\u00eda advertir al gobierno mexicano y ofrecer sus servicios, se embarc\u00f3 de regreso a M\u00e9xico.<\/p>\n\n\n\n<p class=\"wp-block-paragraph\">Desconoc\u00eda que el Congreso, el 28 de abril de 1824, hab\u00eda promulgado un decreto en el que se le declaraba \u00abtraidor y fuera de la ley\u00bb y que, en caso de presentarse en territorio mexicano, bajo cualquier argumento, ser\u00eda considerado \u00abenemigo del Estado\u00bb. El decreto, con ser injusto, resultaba tambi\u00e9n inconstitucional: privaba a un individuo en concreto, y para el caso de que incurriera en una conducta futura, de toda posibilidad de ser o\u00eddo ante un tribunal. El solo hecho de pisar tierras mexicanas era suficiente para aplicar la pena de muerte. El decreto, como se\u00f1ala la investigadora Silvia Mart\u00ednez del Campo Rangel, no preve\u00eda juicio alguno. Era, en esencia, una sentencia de muerte anticipada.<\/p>\n\n\n\n<p class=\"wp-block-paragraph\">Fue un error de c\u00e1lculo monumental. Iturbide, que hab\u00eda sobrevivido a guerras y traiciones, no pudo sobrevivir a su propia ingenuidad. O quiz\u00e1s, simplemente, subestim\u00f3 el rencor de sus enemigos. La pol\u00edtica, como el amor, tiene una memoria larga y un perd\u00f3n corto.<\/p>\n\n\n\n<hr class=\"wp-block-separator has-alpha-channel-opacity\"\/>\n\n\n\n<p class=\"wp-block-paragraph\">VII. El desembarco y la captura<\/p>\n\n\n\n<p class=\"wp-block-paragraph\">El 14 de julio de 1824, el bergant\u00edn ingl\u00e9s Spring lleg\u00f3 a las costas de Soto la Marina, Tamaulipas. A bordo viajaban el conde Carlos Beneski y, oculto bajo un disfraz, Agust\u00edn de Iturbide. El general Felipe de la Garza, gobernador de la provincia, lo hizo prisionero inmediatamente. Existen versiones que indican que De la Garza, en un primer momento, no reconoci\u00f3 a Iturbide y que fue un marinero quien, al verlo, le dijo al general que aquel individuo disfrazado se parec\u00eda al ex emperador.<\/p>\n\n\n\n<p class=\"wp-block-paragraph\">Iturbide fue trasladado a Soto la Marina y juzgado. El Congreso de Tamaulipas, dando cumplimiento al decreto federal, lo sentenci\u00f3 a muerte. La mayor\u00eda que decidi\u00f3 su suerte fue de apenas cinco individuos. Cinco hombres decidieron la muerte de un emperador. La democracia, a veces, tambi\u00e9n tiene sus cuentas pendientes.<\/p>\n\n\n\n<p class=\"wp-block-paragraph\">De la Garza orden\u00f3 el traslado de Iturbide a Padilla, la capital de Tamaulipas, bajo la custodia de sesenta hombres. Durante el camino, el 17 de julio, ambos mantuvieron una larga conversaci\u00f3n. Tras ella, De la Garza reconoci\u00f3 a Iturbide como general\u00edsimo, le devolvi\u00f3 su espada y lo dej\u00f3 al mando de la tropa. Fue un gesto extra\u00f1o, casi caballeresco, que no impidi\u00f3 que el destino de Iturbide se cumpliera. El historiador Alfredo \u00c1vila relat\u00f3 c\u00f3mo fue que muchos pensaron que, gracias a su ejecuci\u00f3n, la Rep\u00fablica se hab\u00eda salvado, mientras que otros consideraron dicha decisi\u00f3n como un \u00abparricidio\u00bb.<\/p>\n\n\n\n<hr class=\"wp-block-separator has-alpha-channel-opacity\"\/>\n\n\n\n<p class=\"wp-block-paragraph\">VIII. El juicio sumario<\/p>\n\n\n\n<p class=\"wp-block-paragraph\">El \u00abproceso\u00bb fue un simulacro. Como se\u00f1ala Silvia Mart\u00ednez del Campo Rangel, a Iturbide \u00ablo asesin\u00f3 la ley, que no la justicia, y por \u00f3rdenes del legislador, que no del juez\u00bb. No tuvo derecho a juicio, tampoco le dejaron defenderse ante el Congreso, ni escuchar una \u00faltima misa. El Congreso, temeroso de que su presencia reavivara el movimiento imperialista, decidi\u00f3 eliminarlo. Quienes lo apoyaban, en cambio, s\u00ed pod\u00edan ser juzgados. La ley, hecha a la medida del miedo, era un instrumento de destrucci\u00f3n, no de justicia.<\/p>\n\n\n\n<p class=\"wp-block-paragraph\">Iturbide fue conducido a Padilla, la capital de Tamaulipas. El 19 de julio, minutos antes de las seis de la tarde, fue llevado a la plaza principal. Se dice que, antes de morir, escribi\u00f3 una carta de despedida a su esposa Ana Mar\u00eda, y que pidi\u00f3 que su familia no fuera perseguida y que su nombre no fuera borrado de la historia. No fue escuchado.<\/p>\n\n\n\n<hr class=\"wp-block-separator has-alpha-channel-opacity\"\/>\n\n\n\n<figure class=\"wp-block-image size-large is-resized\"><img loading=\"lazy\" decoding=\"async\" width=\"1024\" height=\"576\" src=\"https:\/\/letrashipnoticas.org\/wp-content\/uploads\/2026\/07\/WhatsApp-Image-2026-07-19-at-8.12.46-PM-2-1024x576.jpeg\" alt=\"\" class=\"wp-image-3931\" style=\"width:1055px;height:auto\" srcset=\"https:\/\/letrashipnoticas.org\/wp-content\/uploads\/2026\/07\/WhatsApp-Image-2026-07-19-at-8.12.46-PM-2-1024x576.jpeg 1024w, https:\/\/letrashipnoticas.org\/wp-content\/uploads\/2026\/07\/WhatsApp-Image-2026-07-19-at-8.12.46-PM-2-300x169.jpeg 300w, https:\/\/letrashipnoticas.org\/wp-content\/uploads\/2026\/07\/WhatsApp-Image-2026-07-19-at-8.12.46-PM-2-768x432.jpeg 768w, https:\/\/letrashipnoticas.org\/wp-content\/uploads\/2026\/07\/WhatsApp-Image-2026-07-19-at-8.12.46-PM-2-747x420.jpeg 747w, https:\/\/letrashipnoticas.org\/wp-content\/uploads\/2026\/07\/WhatsApp-Image-2026-07-19-at-8.12.46-PM-2-150x84.jpeg 150w, https:\/\/letrashipnoticas.org\/wp-content\/uploads\/2026\/07\/WhatsApp-Image-2026-07-19-at-8.12.46-PM-2-696x392.jpeg 696w, https:\/\/letrashipnoticas.org\/wp-content\/uploads\/2026\/07\/WhatsApp-Image-2026-07-19-at-8.12.46-PM-2-1068x601.jpeg 1068w, https:\/\/letrashipnoticas.org\/wp-content\/uploads\/2026\/07\/WhatsApp-Image-2026-07-19-at-8.12.46-PM-2.jpeg 1152w\" sizes=\"auto, (max-width: 1024px) 100vw, 1024px\" \/><\/figure>\n\n\n\n<p class=\"wp-block-paragraph\">IX. La \u00faltima arenga<\/p>\n\n\n\n<p class=\"wp-block-paragraph\">Sus \u00faltimas palabras, dirigidas a los soldados que lo fusilar\u00edan, fueron un acto de desaf\u00edo y de dignidad. Les dijo que mor\u00eda con gusto por morir entre ellos, que mor\u00eda con honor y no como traidor. Rechaz\u00f3 la venda en los ojos, aunque al final la acept\u00f3. Un cura le administr\u00f3 los \u00faltimos sacramentos; confes\u00f3 tres veces sus pecados y dijo sus \u00faltimas palabras: \u00ab\u00a1Mexicanos!\u00bb.<\/p>\n\n\n\n<p class=\"wp-block-paragraph\">El pelot\u00f3n dispar\u00f3. El cuerpo cay\u00f3 sobre el polvo. La sangre ti\u00f1\u00f3 la tierra de Padilla. A las seis de la tarde del 19 de julio de 1824, el polvo de Padilla se ti\u00f1\u00f3 de rojo. Un hombre que hab\u00eda sido todo \u2014realista e insurgente, libertador y emperador, traidor y m\u00e1rtir\u2014 cay\u00f3 para siempre. Sus \u00faltimas palabras, \u00abMexicanos, yo muero con honor, no como traidor\u00bb, resuenan a\u00fan en los libros de historia, como un eco de una \u00e9poca en la que M\u00e9xico se buscaba a s\u00ed mismo entre el polvo de sus batallas y las cenizas de sus imperios.<\/p>\n\n\n\n<hr class=\"wp-block-separator has-alpha-channel-opacity\"\/>\n\n\n\n<p class=\"wp-block-paragraph\">X. La sepultura y el olvido<\/p>\n\n\n\n<p class=\"wp-block-paragraph\">Iturbide fue sepultado por los soldados en la misma Padilla. Permaneci\u00f3 catorce a\u00f1os en aquella tierra, hasta que en 1838 sus restos fueron exhumados y trasladados a la Catedral Metropolitana de la Ciudad de M\u00e9xico, donde reposan en el altar de los reyes. El \u00abpueblo sumergido\u00bb de Padilla, que qued\u00f3 bajo las aguas de la presa Vicente Guerrero, guarda a\u00fan la memoria de aquel fusilamiento.<\/p>\n\n\n\n<p class=\"wp-block-paragraph\">A\u00f1os m\u00e1s tarde, su nombre se inscribi\u00f3 con letras de oro en la C\u00e1mara de Diputados. Fue un reconocimiento tard\u00edo, un gesto de contrici\u00f3n de una naci\u00f3n que nunca supo c\u00f3mo tratar a su primer emperador. Pero el reconocimiento dur\u00f3 poco: tiempo despu\u00e9s, el nombre fue retirado por iniciativa del diputado Antonio D\u00edaz Soto y Gama. Las letras de oro fueron puestas y quitadas con la misma ligereza con que se cambia de opini\u00f3n en pol\u00edtica. Iturbide, que en vida hab\u00eda sido todo, en muerte fue lo que sus enemigos quisieron que fuera.<\/p>\n\n\n\n<hr class=\"wp-block-separator has-alpha-channel-opacity\"\/>\n\n\n\n<p class=\"wp-block-paragraph\">XI. El legado del Libertador<\/p>\n\n\n\n<p class=\"wp-block-paragraph\">Iturbide es, quiz\u00e1s, la figura m\u00e1s contradictoria de la historia mexicana. Durante los dos a\u00f1os sucesivos de su emancipaci\u00f3n de Espa\u00f1a, entre 1821 y 1823, la figura de Agust\u00edn de Iturbide estuvo a la altura del hero\u00edsmo y ascendi\u00f3 pr\u00e1cticamente a la categor\u00eda de divinidad. La poblaci\u00f3n puso su entusiasmo y esperanza en el autor de la Independencia, lograda de manera pac\u00edfica y negociada, a trav\u00e9s de los Tratados de C\u00f3rdoba y el Plan de Iguala. Pero, luego de su fallido gobierno como Emperador de M\u00e9xico, todo cambi\u00f3. Fue un realista que se volvi\u00f3 insurgente, un verdugo que se convirti\u00f3 en libertador, un emperador que abdic\u00f3, un exiliado que regres\u00f3 a la muerte. En su vida se condensan todas las paradojas de una naci\u00f3n que nac\u00eda a la independencia sin saber a\u00fan qu\u00e9 quer\u00eda ser.<\/p>\n\n\n\n<p class=\"wp-block-paragraph\">El 19 de julio de 1824, el fusilamiento de Padilla no solo puso fin a la vida de Iturbide. Puso fin a la ilusi\u00f3n de un M\u00e9xico mon\u00e1rquico y abri\u00f3 la puerta a la rep\u00fablica que, con todos sus defectos, terminar\u00eda por consolidarse. Pero esa rep\u00fablica, que lo fusil\u00f3 como traidor, d\u00e9cadas despu\u00e9s lo reivindicar\u00eda como h\u00e9roe. Como escribi\u00f3 el historiador Alfredo \u00c1vila, muchos pensaron que, gracias a su ejecuci\u00f3n, la Rep\u00fablica se hab\u00eda salvado, mientras que otros consideraron dicha decisi\u00f3n como un \u00abparricidio\u00bb.<\/p>\n\n\n\n<p class=\"wp-block-paragraph\">Quiz\u00e1s la verdadera lecci\u00f3n de Iturbide no est\u00e9 ni en sus leyes ni en sus batallas, sino en su propia vida: un hombre que naci\u00f3 en la opulencia, que se convirti\u00f3 en militar, que gobern\u00f3 como emperador, que muri\u00f3 fusilado. Un hombre que, en su lucha por construir una naci\u00f3n moderna, termin\u00f3 convirti\u00e9ndose en el arquetipo del caudillo latinoamericano: ambicioso, contradictorio, y finalmente devorado por la misma historia que \u00e9l ayud\u00f3 a crear.<\/p>\n\n\n\n<hr class=\"wp-block-separator has-alpha-channel-opacity\"\/>\n\n\n\n<figure class=\"wp-block-image size-full is-resized\"><img loading=\"lazy\" decoding=\"async\" width=\"1024\" height=\"714\" src=\"https:\/\/letrashipnoticas.org\/wp-content\/uploads\/2026\/07\/WhatsApp-Image-2026-07-19-at-8.12.46-PM.jpeg\" alt=\"\" class=\"wp-image-3932\" style=\"width:1055px;height:auto\" srcset=\"https:\/\/letrashipnoticas.org\/wp-content\/uploads\/2026\/07\/WhatsApp-Image-2026-07-19-at-8.12.46-PM.jpeg 1024w, https:\/\/letrashipnoticas.org\/wp-content\/uploads\/2026\/07\/WhatsApp-Image-2026-07-19-at-8.12.46-PM-300x209.jpeg 300w, https:\/\/letrashipnoticas.org\/wp-content\/uploads\/2026\/07\/WhatsApp-Image-2026-07-19-at-8.12.46-PM-768x536.jpeg 768w, https:\/\/letrashipnoticas.org\/wp-content\/uploads\/2026\/07\/WhatsApp-Image-2026-07-19-at-8.12.46-PM-602x420.jpeg 602w, https:\/\/letrashipnoticas.org\/wp-content\/uploads\/2026\/07\/WhatsApp-Image-2026-07-19-at-8.12.46-PM-150x105.jpeg 150w, https:\/\/letrashipnoticas.org\/wp-content\/uploads\/2026\/07\/WhatsApp-Image-2026-07-19-at-8.12.46-PM-696x485.jpeg 696w, https:\/\/letrashipnoticas.org\/wp-content\/uploads\/2026\/07\/WhatsApp-Image-2026-07-19-at-8.12.46-PM-100x70.jpeg 100w\" sizes=\"auto, (max-width: 1024px) 100vw, 1024px\" \/><\/figure>\n\n\n\n<p class=\"wp-block-paragraph\">XII. Ep\u00edlogo: La \u00faltima palabra<\/p>\n\n\n\n<p class=\"wp-block-paragraph\">Iturbide no fue un santo ni un demonio. Fue un hombre de su tiempo, un producto de la Nueva Espa\u00f1a y de la revoluci\u00f3n, un militar ambicioso que supo leer los vientos de la historia y que, por un instante, logr\u00f3 cambiar su curso. Su imperio dur\u00f3 apenas diez meses. Su legado, sin embargo, ha perdurado dos siglos.<\/p>\n\n\n\n<p class=\"wp-block-paragraph\">Hoy, a 202 a\u00f1os de su muerte, el nombre de Iturbide sigue siendo motivo de controversia. Para unos, es el Libertador que consum\u00f3 la Independencia. Para otros, es el traidor que quiso coronarse rey. Para los m\u00e1s c\u00ednicos, es simplemente un hombre que estuvo en el lugar correcto en el momento correcto y supo aprovecharlo. Pero quiz\u00e1s, en esa contradicci\u00f3n, en esa doble vida, se encuentra la verdadera lecci\u00f3n de su historia: que la independencia no es un acto \u00fanico, sino un proceso que nunca termina, y que los h\u00e9roes, como los imperios, est\u00e1n hechos de luces y de sombras.<\/p>\n\n\n\n<p class=\"wp-block-paragraph\">Cuando la tarde del 19 de julio se cerr\u00f3 sobre su rostro en Padilla, Iturbide dej\u00f3 una pregunta abierta: \u00bfpuede un hombre que concentra el poder ser, al mismo tiempo, un libertador? La respuesta, como la de su vida, es ambigua. Pero quiz\u00e1s en esa ambig\u00fcedad, en esa doble vida, se encuentra la verdad m\u00e1s profunda de su legado: que la historia no es un relato de h\u00e9roes y villanos, sino de hombres que, enfrentados a la encrucijada del poder, eligen su camino, y que su camino, por m\u00e1s recto que parezca, siempre est\u00e1 lleno de curvas y de sombras.<\/p>\n\n\n\n<p class=\"wp-block-paragraph\">Y mientras las aguas de la presa Vicente Guerrero cubren el pueblo de Padilla, el eco de aquel disparo sigue resonando en la memoria de M\u00e9xico. Un disparo que no solo mat\u00f3 a un hombre, sino que enterr\u00f3 para siempre el sue\u00f1o de un imperio americano. O quiz\u00e1s, simplemente, lo pospuso. Porque los imperios, como los fantasmas, nunca mueren del todo. Solo esperan su momento para regresar.<\/p>\n\n\n\n<hr class=\"wp-block-separator has-alpha-channel-opacity\"\/>\n\n\n\n<p class=\"wp-block-paragraph\">Letras Hipn\u00f3ticas agradece al Dr. David V\u00e1squez Tovar por esta magistral cr\u00f3nica hist\u00f3rica, dedicada a la memoria de Agust\u00edn de Iturbide, en el 202 aniversario de su fusilamiento. Un recordatorio de que la historia no es un relato de h\u00e9roes y villanos, sino de hombres que, enfrentados a la encrucijada del poder, eligen su camino, y que su camino, por m\u00e1s recto que parezca, siempre est\u00e1 lleno de curvas y de sombras.<\/p>\n\n\n\n<hr class=\"wp-block-separator has-alpha-channel-opacity\"\/>\n\n\n\n<p class=\"wp-block-paragraph\">Referencias<\/p>\n\n\n\n<p class=\"wp-block-paragraph\">Carmona D\u00e1vila, D. (s.f.). Agust\u00edn de Iturbide (1783-1824). Memoria Pol\u00edtica de M\u00e9xico. https:\/\/www.memoriapoliticademexico.org\/Biografias\/ITA83.html<\/p>\n\n\n\n<p class=\"wp-block-paragraph\">Gobierno de M\u00e9xico. (2023, 1 de abril). 19 de julio de 1824, ejecuci\u00f3n de Agust\u00edn de Iturbide en Tamaulipas. Secretar\u00eda de la Defensa Nacional. https:\/\/www.gob.mx\/defensa\/documentos\/19-de-julio-de-1824-es-fusilado-en-tamaulipas-agustin-de-iturbide[reference:65]<\/p>\n\n\n\n<p class=\"wp-block-paragraph\">Infobae. (2021, 28 de septiembre). Cu\u00e1l fue el tr\u00e1gico final de Agust\u00edn de Iturbide, el primer emperador de M\u00e9xico. https:\/\/www.infobae.com\/mexico\/2021\/09\/28\/el-tragico-final-de-agustin-de-iturbide-el-primer-emperador-de-mexico\/[reference:66]<\/p>\n\n\n\n<p class=\"wp-block-paragraph\">Instituto Nacional de Estudios Hist\u00f3ricos de las Revoluciones de M\u00e9xico. (s.f.). Agust\u00edn de Iturbide. https:\/\/www.inehrm.gob.mx<\/p>\n\n\n\n<p class=\"wp-block-paragraph\">Mart\u00ednez del Campo Rangel, S. (s.f.). El &#8220;proceso&#8221; contra Agust\u00edn de Iturbide. Anuario Mexicano de Historia del Derecho. http:\/\/historico.juridicas.unam.mx\/publica\/rev\/hisder\/cont\/15\/cnt\/cnt11.htm<\/p>\n\n\n\n<p class=\"wp-block-paragraph\">M\u00e9xico Desconocido. (s.f.). Agust\u00edn de Iturbide, biograf\u00eda del primer emperador de M\u00e9xico. https:\/\/www.mexicodesconocido.com.mx\/agustin-de-iturbide-1783-1824.html[reference:67]<\/p>\n\n\n\n<p class=\"wp-block-paragraph\">Robertson, W. S. (2013). Iturbide de M\u00e9xico (R. Estrada S\u00e1mano, Trad.; J. del Arenal Fenochio, Present.). Fondo de Cultura Econ\u00f3mica. (Obra original publicada en 1952)<\/p>\n\n\n\n<p class=\"wp-block-paragraph\">Suprema Corte de Justicia de la Naci\u00f3n. (2016). Decreto del 28 de abril de 1824. https:\/\/www.supremacorte.gob.mx\/sites\/default\/files\/publicaciones_scjn\/publicacion\/2016-10\/59615_1.pdf<\/p>\n\n\n\n<p class=\"wp-block-paragraph\">D\u00edaz Flores, G. (s.f.). El fusilamiento de Iturbide. Relatos e Historias. https:\/\/relatosehistorias.mx\/nuestras-historias\/el-fusilamiento-de-iturbide[reference:68]<\/p>\n\n\n\n<p class=\"wp-block-paragraph\">UNAM. (2021). Memorias escritas desde Liorna. Direcci\u00f3n General de Publicaciones y Fomento Editorial. https:\/\/catalogomexico500.unam.mx\/contenido\/product\/memorias-escritas-desde-liorna\/[reference:69]<\/p>\n","protected":false},"excerpt":{"rendered":"<p>Por Dr. David V\u00e1squez TovarLetras Hipn\u00f3ticas | 19 de julio de 2026Valladolid \u2014 Iguala \u2014 Ciudad de M\u00e9xico \u2014 Padilla I. La hora de los fusiles A las seis de la tarde del 19 de julio de 1824, en la polvorienta plaza de Padilla, Tamaulipas, un hombre de cuarenta y un a\u00f1os se arrodill\u00f3 frente [&hellip;]<\/p>\n","protected":false},"author":1,"featured_media":3926,"comment_status":"open","ping_status":"open","sticky":false,"template":"","format":"standard","meta":{"om_disable_all_campaigns":false,"_monsterinsights_skip_tracking":false,"footnotes":""},"categories":[1],"tags":[],"class_list":["post-3925","post","type-post","status-publish","format-standard","has-post-thumbnail","category-general"],"aioseo_notices":[],"aioseo_head":"\n\t\t<!-- All in One SEO 5.0.0.1 - aioseo.com -->\n\t<meta name=\"description\" content=\"Por Dr. David V\u00e1squez TovarLetras Hipn\u00f3ticas | 19 de julio de 2026Valladolid \u2014 Iguala \u2014 Ciudad de M\u00e9xico \u2014 Padilla I. La hora de los fusiles A las seis de la tarde del 19 de julio de 1824, en la polvorienta plaza de Padilla, Tamaulipas, un hombre de cuarenta y un a\u00f1os se arrodill\u00f3 frente\" \/>\n\t<meta name=\"robots\" content=\"max-image-preview:large\" \/>\n\t<meta name=\"author\" content=\"Dr. Arturo David V\u00e1squez Urdiales\"\/>\n\t<meta name=\"google-site-verification\" content=\"w1V7bRCSYMeOZjzLwWS_W8_n8jd94Z38sletBUa-LV0\" \/>\n\t<link rel=\"canonical\" href=\"https:\/\/letrashipnoticas.org\/?p=3925\" \/>\n\t<meta name=\"generator\" content=\"All in One SEO (AIOSEO) 5.0.0.1\" \/>\n\t\t<meta property=\"og:locale\" content=\"es_MX\" \/>\n\t\t<meta property=\"og:site_name\" content=\"Letras Hiptn\u00f3ticas - &quot;Descubre Apunte diario sobre letras hipn\u00f3ticas, un viaje literario envolvente que despierta el alma. Reflexiones profundas, historias cautivadoras y un estilo \u00fanico que hipnotiza en cada palabra.&quot; Por Dr. David V\u00e1squez TovarLetras Hipn\u00f3ticas | 19 de julio de 2026Valladolid \u2014 Iguala \u2014 Ciudad de M\u00e9xico \u2014 Padilla I. La hora de los fusiles A las seis de la tarde del 19 de julio de 1824, en la polvorienta plaza de Padilla, Tamaulipas, un hombre de cuarenta y un a\u00f1os se arrodill\u00f3 frente\" \/>\n\t\t<meta property=\"og:type\" content=\"article\" \/>\n\t\t<meta property=\"og:title\" content=\"El Emperador del Nuevo Mundo. - Letras Hiptn\u00f3ticas\" \/>\n\t\t<meta property=\"og:description\" content=\"Por Dr. David V\u00e1squez TovarLetras Hipn\u00f3ticas | 19 de julio de 2026Valladolid \u2014 Iguala \u2014 Ciudad de M\u00e9xico \u2014 Padilla I. La hora de los fusiles A las seis de la tarde del 19 de julio de 1824, en la polvorienta plaza de Padilla, Tamaulipas, un hombre de cuarenta y un a\u00f1os se arrodill\u00f3 frente\" \/>\n\t\t<meta property=\"og:url\" content=\"https:\/\/letrashipnoticas.org\/?p=3925\" \/>\n\t\t<meta property=\"og:image\" content=\"https:\/\/letrashipnoticas.org\/wp-content\/uploads\/2026\/07\/WhatsApp-Image-2026-07-19-at-8.12.46-PM-4.jpeg\" \/>\n\t\t<meta property=\"og:image:secure_url\" content=\"https:\/\/letrashipnoticas.org\/wp-content\/uploads\/2026\/07\/WhatsApp-Image-2026-07-19-at-8.12.46-PM-4.jpeg\" \/>\n\t\t<meta property=\"og:image:width\" content=\"1229\" \/>\n\t\t<meta property=\"og:image:height\" content=\"1600\" \/>\n\t\t<meta property=\"article:published_time\" content=\"2026-07-20T18:36:52+00:00\" \/>\n\t\t<meta property=\"article:modified_time\" content=\"2026-07-20T18:36:57+00:00\" \/>\n\t\t<meta name=\"twitter:card\" content=\"summary_large_image\" \/>\n\t\t<meta name=\"twitter:title\" content=\"El Emperador del Nuevo Mundo. - Letras Hiptn\u00f3ticas\" \/>\n\t\t<meta name=\"twitter:description\" content=\"Por Dr. David V\u00e1squez TovarLetras Hipn\u00f3ticas | 19 de julio de 2026Valladolid \u2014 Iguala \u2014 Ciudad de M\u00e9xico \u2014 Padilla I. La hora de los fusiles A las seis de la tarde del 19 de julio de 1824, en la polvorienta plaza de Padilla, Tamaulipas, un hombre de cuarenta y un a\u00f1os se arrodill\u00f3 frente\" \/>\n\t\t<meta name=\"twitter:image\" content=\"https:\/\/letrashipnoticas.org\/wp-content\/uploads\/2026\/07\/WhatsApp-Image-2026-07-19-at-8.12.46-PM-4.jpeg\" \/>\n\t\t<script type=\"application\/ld+json\" class=\"aioseo-schema\">\n\t\t\t{\"@context\":\"https:\\\/\\\/schema.org\",\"@graph\":[{\"@type\":\"BlogPosting\",\"@id\":\"https:\\\/\\\/letrashipnoticas.org\\\/?p=3925#blogposting\",\"name\":\"El Emperador del Nuevo Mundo. - Letras Hiptn\\u00f3ticas\",\"headline\":\"El Emperador del Nuevo Mundo.\",\"author\":{\"@id\":\"https:\\\/\\\/letrashipnoticas.org\\\/?author=1#author\"},\"publisher\":{\"@id\":\"https:\\\/\\\/letrashipnoticas.org\\\/#organization\"},\"image\":{\"@type\":\"ImageObject\",\"url\":\"https:\\\/\\\/letrashipnoticas.org\\\/wp-content\\\/uploads\\\/2026\\\/07\\\/WhatsApp-Image-2026-07-19-at-8.12.46-PM-4.jpeg\",\"width\":1229,\"height\":1600},\"datePublished\":\"2026-07-20T18:36:52+00:00\",\"dateModified\":\"2026-07-20T18:36:57+00:00\",\"inLanguage\":\"es-MX\",\"mainEntityOfPage\":{\"@id\":\"https:\\\/\\\/letrashipnoticas.org\\\/?p=3925#webpage\"},\"isPartOf\":{\"@id\":\"https:\\\/\\\/letrashipnoticas.org\\\/?p=3925#webpage\"},\"articleSection\":\"Las Letras Hipn\\u00f3ticas de hoy\"},{\"@type\":\"BreadcrumbList\",\"@id\":\"https:\\\/\\\/letrashipnoticas.org\\\/?p=3925#breadcrumblist\",\"itemListElement\":[{\"@type\":\"ListItem\",\"@id\":\"https:\\\/\\\/letrashipnoticas.org#listItem\",\"position\":1,\"name\":\"Inicio\",\"item\":\"https:\\\/\\\/letrashipnoticas.org\",\"nextItem\":{\"@type\":\"ListItem\",\"@id\":\"https:\\\/\\\/letrashipnoticas.org\\\/?cat=1#listItem\",\"name\":\"Las Letras Hipn\\u00f3ticas de hoy\"}},{\"@type\":\"ListItem\",\"@id\":\"https:\\\/\\\/letrashipnoticas.org\\\/?cat=1#listItem\",\"position\":2,\"name\":\"Las Letras Hipn\\u00f3ticas de hoy\",\"item\":\"https:\\\/\\\/letrashipnoticas.org\\\/?cat=1\",\"nextItem\":{\"@type\":\"ListItem\",\"@id\":\"https:\\\/\\\/letrashipnoticas.org\\\/?p=3925#listItem\",\"name\":\"El Emperador del Nuevo Mundo.\"},\"previousItem\":{\"@type\":\"ListItem\",\"@id\":\"https:\\\/\\\/letrashipnoticas.org#listItem\",\"name\":\"Inicio\"}},{\"@type\":\"ListItem\",\"@id\":\"https:\\\/\\\/letrashipnoticas.org\\\/?p=3925#listItem\",\"position\":3,\"name\":\"El Emperador del Nuevo Mundo.\",\"previousItem\":{\"@type\":\"ListItem\",\"@id\":\"https:\\\/\\\/letrashipnoticas.org\\\/?cat=1#listItem\",\"name\":\"Las Letras Hipn\\u00f3ticas de hoy\"}}]},{\"@type\":\"Organization\",\"@id\":\"https:\\\/\\\/letrashipnoticas.org\\\/#organization\",\"name\":\"Letras Hiptn\\u00f3ticas\",\"description\":\"\\\"Descubre Apunte diario sobre letras hipn\\u00f3ticas, un viaje literario envolvente que despierta el alma. Reflexiones profundas, historias cautivadoras y un estilo \\u00fanico que hipnotiza en cada palabra.\\\"\",\"url\":\"https:\\\/\\\/letrashipnoticas.org\\\/\",\"logo\":{\"@type\":\"ImageObject\",\"url\":\"https:\\\/\\\/letrashipnoticas.org\\\/wp-content\\\/uploads\\\/2024\\\/09\\\/LogoRetinaPNG.png\",\"@id\":\"https:\\\/\\\/letrashipnoticas.org\\\/?p=3925\\\/#organizationLogo\",\"width\":544,\"height\":180},\"image\":{\"@id\":\"https:\\\/\\\/letrashipnoticas.org\\\/?p=3925\\\/#organizationLogo\"}},{\"@type\":\"Person\",\"@id\":\"https:\\\/\\\/letrashipnoticas.org\\\/?author=1#author\",\"url\":\"https:\\\/\\\/letrashipnoticas.org\\\/?author=1\",\"name\":\"Dr. Arturo David V\\u00e1squez Urdiales\",\"image\":{\"@type\":\"ImageObject\",\"@id\":\"https:\\\/\\\/letrashipnoticas.org\\\/?p=3925#authorImage\",\"url\":\"https:\\\/\\\/secure.gravatar.com\\\/avatar\\\/1bbc04a2da05a8a25045693b6f4473cec684496aa6385880380b702aa43009f8?s=96&d=mm&r=g\",\"width\":96,\"height\":96,\"caption\":\"Dr. Arturo David V\\u00e1squez Urdiales\"}},{\"@type\":\"WebPage\",\"@id\":\"https:\\\/\\\/letrashipnoticas.org\\\/?p=3925#webpage\",\"url\":\"https:\\\/\\\/letrashipnoticas.org\\\/?p=3925\",\"name\":\"El Emperador del Nuevo Mundo. - Letras Hiptn\\u00f3ticas\",\"description\":\"Por Dr. David V\\u00e1squez TovarLetras Hipn\\u00f3ticas | 19 de julio de 2026Valladolid \\u2014 Iguala \\u2014 Ciudad de M\\u00e9xico \\u2014 Padilla I. La hora de los fusiles A las seis de la tarde del 19 de julio de 1824, en la polvorienta plaza de Padilla, Tamaulipas, un hombre de cuarenta y un a\\u00f1os se arrodill\\u00f3 frente\",\"inLanguage\":\"es-MX\",\"isPartOf\":{\"@id\":\"https:\\\/\\\/letrashipnoticas.org\\\/#website\"},\"breadcrumb\":{\"@id\":\"https:\\\/\\\/letrashipnoticas.org\\\/?p=3925#breadcrumblist\"},\"author\":{\"@id\":\"https:\\\/\\\/letrashipnoticas.org\\\/?author=1#author\"},\"creator\":{\"@id\":\"https:\\\/\\\/letrashipnoticas.org\\\/?author=1#author\"},\"image\":{\"@type\":\"ImageObject\",\"url\":\"https:\\\/\\\/letrashipnoticas.org\\\/wp-content\\\/uploads\\\/2026\\\/07\\\/WhatsApp-Image-2026-07-19-at-8.12.46-PM-4.jpeg\",\"@id\":\"https:\\\/\\\/letrashipnoticas.org\\\/?p=3925\\\/#mainImage\",\"width\":1229,\"height\":1600},\"primaryImageOfPage\":{\"@id\":\"https:\\\/\\\/letrashipnoticas.org\\\/?p=3925#mainImage\"},\"datePublished\":\"2026-07-20T18:36:52+00:00\",\"dateModified\":\"2026-07-20T18:36:57+00:00\"},{\"@type\":\"WebSite\",\"@id\":\"https:\\\/\\\/letrashipnoticas.org\\\/#website\",\"url\":\"https:\\\/\\\/letrashipnoticas.org\\\/\",\"name\":\"Letras Hiptn\\u00f3ticas\",\"description\":\"\\\"Descubre Apunte diario sobre letras hipn\\u00f3ticas, un viaje literario envolvente que despierta el alma. Reflexiones profundas, historias cautivadoras y un estilo \\u00fanico que hipnotiza en cada palabra.\\\"\",\"inLanguage\":\"es-MX\",\"publisher\":{\"@id\":\"https:\\\/\\\/letrashipnoticas.org\\\/#organization\"}}]}\n\t\t<\/script>\n\t\t<!-- All in One SEO -->\n\n","aioseo_head_json":{"title":"El Emperador del Nuevo Mundo. - Letras Hiptn\u00f3ticas","description":"Por Dr. David V\u00e1squez TovarLetras Hipn\u00f3ticas | 19 de julio de 2026Valladolid \u2014 Iguala \u2014 Ciudad de M\u00e9xico \u2014 Padilla I. La hora de los fusiles A las seis de la tarde del 19 de julio de 1824, en la polvorienta plaza de Padilla, Tamaulipas, un hombre de cuarenta y un a\u00f1os se arrodill\u00f3 frente","canonical_url":"https:\/\/letrashipnoticas.org\/?p=3925","robots":"max-image-preview:large","keywords":"","webmasterTools":{"google-site-verification":"w1V7bRCSYMeOZjzLwWS_W8_n8jd94Z38sletBUa-LV0","miscellaneous":""},"schema":{"@context":"https:\/\/schema.org","@graph":[{"@type":"BlogPosting","@id":"https:\/\/letrashipnoticas.org\/?p=3925#blogposting","name":"El Emperador del Nuevo Mundo. - Letras Hiptn\u00f3ticas","headline":"El Emperador del Nuevo Mundo.","author":{"@id":"https:\/\/letrashipnoticas.org\/?author=1#author"},"publisher":{"@id":"https:\/\/letrashipnoticas.org\/#organization"},"image":{"@type":"ImageObject","url":"https:\/\/letrashipnoticas.org\/wp-content\/uploads\/2026\/07\/WhatsApp-Image-2026-07-19-at-8.12.46-PM-4.jpeg","width":1229,"height":1600},"datePublished":"2026-07-20T18:36:52+00:00","dateModified":"2026-07-20T18:36:57+00:00","inLanguage":"es-MX","mainEntityOfPage":{"@id":"https:\/\/letrashipnoticas.org\/?p=3925#webpage"},"isPartOf":{"@id":"https:\/\/letrashipnoticas.org\/?p=3925#webpage"},"articleSection":"Las Letras Hipn\u00f3ticas de hoy"},{"@type":"BreadcrumbList","@id":"https:\/\/letrashipnoticas.org\/?p=3925#breadcrumblist","itemListElement":[{"@type":"ListItem","@id":"https:\/\/letrashipnoticas.org#listItem","position":1,"name":"Inicio","item":"https:\/\/letrashipnoticas.org","nextItem":{"@type":"ListItem","@id":"https:\/\/letrashipnoticas.org\/?cat=1#listItem","name":"Las Letras Hipn\u00f3ticas de hoy"}},{"@type":"ListItem","@id":"https:\/\/letrashipnoticas.org\/?cat=1#listItem","position":2,"name":"Las Letras Hipn\u00f3ticas de hoy","item":"https:\/\/letrashipnoticas.org\/?cat=1","nextItem":{"@type":"ListItem","@id":"https:\/\/letrashipnoticas.org\/?p=3925#listItem","name":"El Emperador del Nuevo Mundo."},"previousItem":{"@type":"ListItem","@id":"https:\/\/letrashipnoticas.org#listItem","name":"Inicio"}},{"@type":"ListItem","@id":"https:\/\/letrashipnoticas.org\/?p=3925#listItem","position":3,"name":"El Emperador del Nuevo Mundo.","previousItem":{"@type":"ListItem","@id":"https:\/\/letrashipnoticas.org\/?cat=1#listItem","name":"Las Letras Hipn\u00f3ticas de hoy"}}]},{"@type":"Organization","@id":"https:\/\/letrashipnoticas.org\/#organization","name":"Letras Hiptn\u00f3ticas","description":"\"Descubre Apunte diario sobre letras hipn\u00f3ticas, un viaje literario envolvente que despierta el alma. Reflexiones profundas, historias cautivadoras y un estilo \u00fanico que hipnotiza en cada palabra.\"","url":"https:\/\/letrashipnoticas.org\/","logo":{"@type":"ImageObject","url":"https:\/\/letrashipnoticas.org\/wp-content\/uploads\/2024\/09\/LogoRetinaPNG.png","@id":"https:\/\/letrashipnoticas.org\/?p=3925\/#organizationLogo","width":544,"height":180},"image":{"@id":"https:\/\/letrashipnoticas.org\/?p=3925\/#organizationLogo"}},{"@type":"Person","@id":"https:\/\/letrashipnoticas.org\/?author=1#author","url":"https:\/\/letrashipnoticas.org\/?author=1","name":"Dr. Arturo David V\u00e1squez Urdiales","image":{"@type":"ImageObject","@id":"https:\/\/letrashipnoticas.org\/?p=3925#authorImage","url":"https:\/\/secure.gravatar.com\/avatar\/1bbc04a2da05a8a25045693b6f4473cec684496aa6385880380b702aa43009f8?s=96&d=mm&r=g","width":96,"height":96,"caption":"Dr. Arturo David V\u00e1squez Urdiales"}},{"@type":"WebPage","@id":"https:\/\/letrashipnoticas.org\/?p=3925#webpage","url":"https:\/\/letrashipnoticas.org\/?p=3925","name":"El Emperador del Nuevo Mundo. - Letras Hiptn\u00f3ticas","description":"Por Dr. David V\u00e1squez TovarLetras Hipn\u00f3ticas | 19 de julio de 2026Valladolid \u2014 Iguala \u2014 Ciudad de M\u00e9xico \u2014 Padilla I. La hora de los fusiles A las seis de la tarde del 19 de julio de 1824, en la polvorienta plaza de Padilla, Tamaulipas, un hombre de cuarenta y un a\u00f1os se arrodill\u00f3 frente","inLanguage":"es-MX","isPartOf":{"@id":"https:\/\/letrashipnoticas.org\/#website"},"breadcrumb":{"@id":"https:\/\/letrashipnoticas.org\/?p=3925#breadcrumblist"},"author":{"@id":"https:\/\/letrashipnoticas.org\/?author=1#author"},"creator":{"@id":"https:\/\/letrashipnoticas.org\/?author=1#author"},"image":{"@type":"ImageObject","url":"https:\/\/letrashipnoticas.org\/wp-content\/uploads\/2026\/07\/WhatsApp-Image-2026-07-19-at-8.12.46-PM-4.jpeg","@id":"https:\/\/letrashipnoticas.org\/?p=3925\/#mainImage","width":1229,"height":1600},"primaryImageOfPage":{"@id":"https:\/\/letrashipnoticas.org\/?p=3925#mainImage"},"datePublished":"2026-07-20T18:36:52+00:00","dateModified":"2026-07-20T18:36:57+00:00"},{"@type":"WebSite","@id":"https:\/\/letrashipnoticas.org\/#website","url":"https:\/\/letrashipnoticas.org\/","name":"Letras Hiptn\u00f3ticas","description":"\"Descubre Apunte diario sobre letras hipn\u00f3ticas, un viaje literario envolvente que despierta el alma. Reflexiones profundas, historias cautivadoras y un estilo \u00fanico que hipnotiza en cada palabra.\"","inLanguage":"es-MX","publisher":{"@id":"https:\/\/letrashipnoticas.org\/#organization"}}]},"og:locale":"es_MX","og:site_name":"Letras Hiptn\u00f3ticas - &quot;Descubre Apunte diario sobre letras hipn\u00f3ticas, un viaje literario envolvente que despierta el alma. Reflexiones profundas, historias cautivadoras y un estilo \u00fanico que hipnotiza en cada palabra.&quot; Por Dr. David V\u00e1squez TovarLetras Hipn\u00f3ticas | 19 de julio de 2026Valladolid \u2014 Iguala \u2014 Ciudad de M\u00e9xico \u2014 Padilla I. La hora de los fusiles A las seis de la tarde del 19 de julio de 1824, en la polvorienta plaza de Padilla, Tamaulipas, un hombre de cuarenta y un a\u00f1os se arrodill\u00f3 frente","og:type":"article","og:title":"El Emperador del Nuevo Mundo. - Letras Hiptn\u00f3ticas","og:description":"Por Dr. David V\u00e1squez TovarLetras Hipn\u00f3ticas | 19 de julio de 2026Valladolid \u2014 Iguala \u2014 Ciudad de M\u00e9xico \u2014 Padilla I. La hora de los fusiles A las seis de la tarde del 19 de julio de 1824, en la polvorienta plaza de Padilla, Tamaulipas, un hombre de cuarenta y un a\u00f1os se arrodill\u00f3 frente","og:url":"https:\/\/letrashipnoticas.org\/?p=3925","og:image":"https:\/\/letrashipnoticas.org\/wp-content\/uploads\/2026\/07\/WhatsApp-Image-2026-07-19-at-8.12.46-PM-4.jpeg","og:image:secure_url":"https:\/\/letrashipnoticas.org\/wp-content\/uploads\/2026\/07\/WhatsApp-Image-2026-07-19-at-8.12.46-PM-4.jpeg","og:image:width":1229,"og:image:height":1600,"article:published_time":"2026-07-20T18:36:52+00:00","article:modified_time":"2026-07-20T18:36:57+00:00","twitter:card":"summary_large_image","twitter:title":"El Emperador del Nuevo Mundo. - Letras Hiptn\u00f3ticas","twitter:description":"Por Dr. David V\u00e1squez TovarLetras Hipn\u00f3ticas | 19 de julio de 2026Valladolid \u2014 Iguala \u2014 Ciudad de M\u00e9xico \u2014 Padilla I. La hora de los fusiles A las seis de la tarde del 19 de julio de 1824, en la polvorienta plaza de Padilla, Tamaulipas, un hombre de cuarenta y un a\u00f1os se arrodill\u00f3 frente","twitter:image":"https:\/\/letrashipnoticas.org\/wp-content\/uploads\/2026\/07\/WhatsApp-Image-2026-07-19-at-8.12.46-PM-4.jpeg"},"aioseo_meta_data":{"post_id":"3925","title":null,"description":null,"keywords":null,"keyphrases":{"focus":{"keyphrase":"","score":0,"analysis":{"keyphraseInTitle":{"score":0,"maxScore":9,"error":1}}},"additional":[]},"primary_term":null,"canonical_url":null,"og_title":null,"og_description":null,"og_object_type":"default","og_image_type":"default","og_image_url":null,"og_image_width":null,"og_image_height":null,"og_image_custom_url":null,"og_image_custom_fields":null,"og_video":"","og_custom_url":null,"og_article_section":null,"og_article_tags":null,"twitter_use_og":false,"twitter_card":"default","twitter_image_type":"default","twitter_image_url":null,"twitter_image_custom_url":null,"twitter_image_custom_fields":null,"twitter_title":null,"twitter_description":null,"schema":{"blockGraphs":[],"customGraphs":[],"default":{"data":{"Article":[],"Course":[],"Dataset":[],"FAQPage":[],"Movie":[],"Person":[],"Product":[],"ProductReview":[],"Car":[],"Recipe":[],"Service":[],"SoftwareApplication":[],"WebPage":[]},"graphName":"BlogPosting","isEnabled":true},"graphs":[]},"schema_type":"default","schema_type_options":null,"pillar_content":false,"robots_default":true,"robots_noindex":false,"robots_noarchive":false,"robots_nosnippet":false,"robots_nofollow":false,"robots_noimageindex":false,"robots_noodp":false,"robots_notranslate":false,"robots_max_snippet":"-1","robots_max_videopreview":"-1","robots_max_imagepreview":"large","priority":null,"frequency":"default","local_seo":null,"breadcrumb_settings":null,"limit_modified_date":false,"ai":{"faqs":[],"keyPoints":[],"titles":[],"descriptions":[],"socialPosts":{"email":[],"linkedin":[],"twitter":[],"facebook":[],"instagram":[]}},"created":"2026-07-20 18:36:57","updated":"2026-07-20 18:45:28","focus_keyword":null,"additional_keywords":null,"truseo_locale":null,"seo_analyzer_scan_date":null},"aioseo_breadcrumb":"<div class=\"aioseo-breadcrumbs\"><span class=\"aioseo-breadcrumb\">\n\t\t\t<a href=\"https:\/\/letrashipnoticas.org\" title=\"Inicio\">Inicio<\/a>\n\t\t<\/span><span class=\"aioseo-breadcrumb-separator\">&raquo;<\/span><span class=\"aioseo-breadcrumb\">\n\t\t\t<a href=\"https:\/\/letrashipnoticas.org\/?cat=1\" title=\"Las Letras Hipn\u00f3ticas de hoy\">Las Letras Hipn\u00f3ticas de hoy<\/a>\n\t\t<\/span><span class=\"aioseo-breadcrumb-separator\">&raquo;<\/span><span class=\"aioseo-breadcrumb\">\n\t\t\tEl Emperador del Nuevo Mundo.\n\t\t<\/span><\/div>","aioseo_breadcrumb_json":[{"label":"Inicio","link":"https:\/\/letrashipnoticas.org"},{"label":"Las Letras Hipn\u00f3ticas de hoy","link":"https:\/\/letrashipnoticas.org\/?cat=1"},{"label":"El Emperador del Nuevo Mundo.","link":"https:\/\/letrashipnoticas.org\/?p=3925"}],"_links":{"self":[{"href":"https:\/\/letrashipnoticas.org\/index.php?rest_route=\/wp\/v2\/posts\/3925","targetHints":{"allow":["GET"]}}],"collection":[{"href":"https:\/\/letrashipnoticas.org\/index.php?rest_route=\/wp\/v2\/posts"}],"about":[{"href":"https:\/\/letrashipnoticas.org\/index.php?rest_route=\/wp\/v2\/types\/post"}],"author":[{"embeddable":true,"href":"https:\/\/letrashipnoticas.org\/index.php?rest_route=\/wp\/v2\/users\/1"}],"replies":[{"embeddable":true,"href":"https:\/\/letrashipnoticas.org\/index.php?rest_route=%2Fwp%2Fv2%2Fcomments&post=3925"}],"version-history":[{"count":1,"href":"https:\/\/letrashipnoticas.org\/index.php?rest_route=\/wp\/v2\/posts\/3925\/revisions"}],"predecessor-version":[{"id":3933,"href":"https:\/\/letrashipnoticas.org\/index.php?rest_route=\/wp\/v2\/posts\/3925\/revisions\/3933"}],"wp:featuredmedia":[{"embeddable":true,"href":"https:\/\/letrashipnoticas.org\/index.php?rest_route=\/wp\/v2\/media\/3926"}],"wp:attachment":[{"href":"https:\/\/letrashipnoticas.org\/index.php?rest_route=%2Fwp%2Fv2%2Fmedia&parent=3925"}],"wp:term":[{"taxonomy":"category","embeddable":true,"href":"https:\/\/letrashipnoticas.org\/index.php?rest_route=%2Fwp%2Fv2%2Fcategories&post=3925"},{"taxonomy":"post_tag","embeddable":true,"href":"https:\/\/letrashipnoticas.org\/index.php?rest_route=%2Fwp%2Fv2%2Ftags&post=3925"}],"curies":[{"name":"wp","href":"https:\/\/api.w.org\/{rel}","templated":true}]}}