{"id":3826,"date":"2026-07-14T16:44:06","date_gmt":"2026-07-14T16:44:06","guid":{"rendered":"https:\/\/letrashipnoticas.org\/?p=3826"},"modified":"2026-07-14T16:44:12","modified_gmt":"2026-07-14T16:44:12","slug":"la-madre-del-reich","status":"publish","type":"post","link":"https:\/\/letrashipnoticas.org\/?p=3826","title":{"rendered":"La Madre del Reich"},"content":{"rendered":"\n<p class=\"wp-block-paragraph\">Por Dr. David V\u00e1squez Tovar<br>Publicado en Letras Hipn\u00f3ticas | 14 de Julio de 2026<\/p>\n\n\n\n<hr class=\"wp-block-separator has-alpha-channel-opacity\"\/>\n\n\n\n<figure class=\"wp-block-image size-full is-resized\"><img loading=\"lazy\" decoding=\"async\" width=\"744\" height=\"412\" src=\"https:\/\/letrashipnoticas.org\/wp-content\/uploads\/2026\/07\/WhatsApp-Image-2026-07-14-at-10.23.11-AM-3.jpeg\" alt=\"\" class=\"wp-image-3829\" style=\"width:1055px;height:auto\" srcset=\"https:\/\/letrashipnoticas.org\/wp-content\/uploads\/2026\/07\/WhatsApp-Image-2026-07-14-at-10.23.11-AM-3.jpeg 744w, https:\/\/letrashipnoticas.org\/wp-content\/uploads\/2026\/07\/WhatsApp-Image-2026-07-14-at-10.23.11-AM-3-300x166.jpeg 300w, https:\/\/letrashipnoticas.org\/wp-content\/uploads\/2026\/07\/WhatsApp-Image-2026-07-14-at-10.23.11-AM-3-150x83.jpeg 150w, https:\/\/letrashipnoticas.org\/wp-content\/uploads\/2026\/07\/WhatsApp-Image-2026-07-14-at-10.23.11-AM-3-696x385.jpeg 696w\" sizes=\"auto, (max-width: 744px) 100vw, 744px\" \/><\/figure>\n\n\n\n<p class=\"wp-block-paragraph\">I. La pregunta que nadie se atreve a formular<\/p>\n\n\n\n<p class=\"wp-block-paragraph\">En la vasta y estremecedora bibliograf\u00eda sobre Adolf Hitler \u2014el canciller que arrastr\u00f3 a Alemania y al mundo a la cat\u00e1strofe m\u00e1s devastadora del siglo XX, el arquitecto del Holocausto, el hombre que convirti\u00f3 el odio en doctrina de Estado y el exterminio en pol\u00edtica industrial\u2014 hay una pregunta que pocos se atreven a formular: \u00bfqu\u00e9 pensaba su madre de \u00e9l?<\/p>\n\n\n\n<p class=\"wp-block-paragraph\">La pregunta es inc\u00f3moda, casi obscena. \u00bfC\u00f3mo atreverse a humanizar al monstruo? \u00bfC\u00f3mo osar buscar en el amor de una madre la clave para entender a quien orden\u00f3 la muerte de seis millones de jud\u00edos? Y, sin embargo, la pregunta persiste, como un rumor en los pasillos de la historia, como una sombra que se cuela entre los pliegues de los archivos.<\/p>\n\n\n\n<p class=\"wp-block-paragraph\">La respuesta, reconstruida aqu\u00ed a partir de fuentes primarias verificadas \u2014los testimonios del m\u00e9dico de familia, el doctor Eduard Bloch, conservados en los archivos de la Oficina de Servicios Estrat\u00e9gicos de Estados Unidos; las memorias de quienes conocieron a Klara; los informes de inteligencia aliada; y las biograf\u00edas acad\u00e9micas de Ian Kershaw, John Toland y otros historiadores de primer nivel\u2014, es tan simple como desgarradora: Klara P\u00f6lzl Hitler muri\u00f3 amando a su hijo con una devoci\u00f3n que rayaba en la obsesi\u00f3n. No muri\u00f3 decepcionada, como Keke Geladze. Muri\u00f3 convencida de que su hijo, el peque\u00f1o Adolf, era un genio incomprendido, un artista frustrado, un alma sensible que merec\u00eda todo el sacrificio que ella pudiera ofrecerle.<\/p>\n\n\n\n<figure class=\"wp-block-image size-full is-resized\"><img loading=\"lazy\" decoding=\"async\" width=\"182\" height=\"278\" src=\"https:\/\/letrashipnoticas.org\/wp-content\/uploads\/2026\/07\/WhatsApp-Image-2026-07-14-at-10.23.12-AM-3.jpeg\" alt=\"\" class=\"wp-image-3830\" style=\"width:1055px;height:auto\" srcset=\"https:\/\/letrashipnoticas.org\/wp-content\/uploads\/2026\/07\/WhatsApp-Image-2026-07-14-at-10.23.12-AM-3.jpeg 182w, https:\/\/letrashipnoticas.org\/wp-content\/uploads\/2026\/07\/WhatsApp-Image-2026-07-14-at-10.23.12-AM-3-150x229.jpeg 150w\" sizes=\"auto, (max-width: 182px) 100vw, 182px\" \/><\/figure>\n\n\n\n<p class=\"wp-block-paragraph\">Y en esa devoci\u00f3n materna, en esa entrega incondicional que no supo \u2014o no quiso\u2014 ver los signos de la tormenta que se gestaba en el alma de su hijo, se esconde una de las paradojas m\u00e1s inquietantes del siglo XX: la madre del Reich no quer\u00eda un dictador. Quer\u00eda un artista. Y fue precisamente ese amor incondicional, esa protecci\u00f3n contra la brutalidad paterna, ese apoyo a sus sue\u00f1os imposibles, lo que aliment\u00f3 la megaloman\u00eda del joven Adolf y, quiz\u00e1s, lo que sembr\u00f3 las semillas de su futuro delirio de grandeza.<\/p>\n\n\n\n<hr class=\"wp-block-separator has-alpha-channel-opacity\"\/>\n\n\n\n<p class=\"wp-block-paragraph\">II. Spital: el polvo del Waldviertel<\/p>\n\n\n\n<p class=\"wp-block-paragraph\">Klara P\u00f6lzl naci\u00f3 el 12 de agosto de 1860 en Spital, una aldea min\u00fascula encaramada en el Waldviertel, la regi\u00f3n boscosa del noroeste de la Baja Austria, cerca de la frontera con Bohemia. Era una tierra de colinas suaves, bosques de abetos y campos de centeno, donde la vida transcurr\u00eda al ritmo de las estaciones y los campanarios de las iglesias marcaban el paso de las horas. El Imperio Austroh\u00fangaro, que entonces se extend\u00eda desde los Alpes hasta los C\u00e1rpatos, trataba aquellas tierras como una provincia remota, un ap\u00e9ndice rural donde los campesinos \u2014cat\u00f3licos, devotos y pobres\u2014 viv\u00edan y mor\u00edan sin que la burocracia imperial se dignara a reparar en ellos.<\/p>\n\n\n\n<p class=\"wp-block-paragraph\">Era la hija mayor de Johann Baptist P\u00f6lzl, un campesino cat\u00f3lico, y de Johanna Hiedler, una mujer de la misma regi\u00f3n. La familia P\u00f6lzl era de viejo linaje campesino \u2014&#8221;vieja estirpe campesina&#8221;, como lo describir\u00edan los genealogistas\u2014, gente de tierra, de trabajo duro y de fe inquebrantable. De los once hijos que Johanna dio a luz, solo tres sobrevivieron: Klara, Johanna y Theresia. La mortalidad infantil, en aquella Austria rural y cat\u00f3lica, era una realidad tan cotidiana como la cosecha de oto\u00f1o o el fr\u00edo del invierno.<\/p>\n\n\n\n<p class=\"wp-block-paragraph\">Klara creci\u00f3 en la casa n\u00famero 37 de Spital, justo al lado de la casa donde hab\u00eda crecido Alois Schicklgruber*, el hombre que d\u00e9cadas despu\u00e9s ser\u00eda su marido. Era una ni\u00f1a de rasgos delicados \u2014alta, esbelta, de cabello casta\u00f1o y grandes ojos azules\u2014, de temperamento apacible y disposici\u00f3n gentil. &#8220;Era una mujer callada, trabajadora, de rostro p\u00e1lido y serio, y ojos grandes y fijos&#8221;, la describir\u00eda a\u00f1os despu\u00e9s el historiador Louis L. Snyder. Su devoci\u00f3n cat\u00f3lica era profunda y sincera; la iglesia era el centro de su vida, y la fe, el ancla que la sosten\u00eda en un mundo de privaciones.<\/p>\n\n\n\n<p class=\"wp-block-paragraph\">Pero la vida en el Waldviertel no ofrec\u00eda muchas oportunidades para una joven campesina. A los diecis\u00e9is a\u00f1os, Klara dej\u00f3 la granja familiar y se traslad\u00f3 a Braunau am Inn, una ciudad fronteriza con el Imperio Alem\u00e1n, para trabajar como sirvienta en la casa de su pariente Alois Hitler.<\/p>\n\n\n\n<figure class=\"wp-block-image size-full is-resized\"><img loading=\"lazy\" decoding=\"async\" width=\"480\" height=\"640\" src=\"https:\/\/letrashipnoticas.org\/wp-content\/uploads\/2026\/07\/WhatsApp-Image-2026-07-14-at-10.23.11-AM-4.jpeg\" alt=\"\" class=\"wp-image-3831\" style=\"width:1055px;height:auto\" srcset=\"https:\/\/letrashipnoticas.org\/wp-content\/uploads\/2026\/07\/WhatsApp-Image-2026-07-14-at-10.23.11-AM-4.jpeg 480w, https:\/\/letrashipnoticas.org\/wp-content\/uploads\/2026\/07\/WhatsApp-Image-2026-07-14-at-10.23.11-AM-4-225x300.jpeg 225w, https:\/\/letrashipnoticas.org\/wp-content\/uploads\/2026\/07\/WhatsApp-Image-2026-07-14-at-10.23.11-AM-4-315x420.jpeg 315w, https:\/\/letrashipnoticas.org\/wp-content\/uploads\/2026\/07\/WhatsApp-Image-2026-07-14-at-10.23.11-AM-4-150x200.jpeg 150w, https:\/\/letrashipnoticas.org\/wp-content\/uploads\/2026\/07\/WhatsApp-Image-2026-07-14-at-10.23.11-AM-4-300x400.jpeg 300w\" sizes=\"auto, (max-width: 480px) 100vw, 480px\" \/><\/figure>\n\n\n\n<hr class=\"wp-block-separator has-alpha-channel-opacity\"\/>\n\n\n\n<p class=\"wp-block-paragraph\">III. El t\u00edo y la sirvienta: un matrimonio de conveniencia<\/p>\n\n\n\n<p class=\"wp-block-paragraph\">Alois Hitler \u2014nacido Alois Schicklgruber\u2014 era un hombre de treinta y nueve a\u00f1os cuando Klara lleg\u00f3 a su casa. Era treinta a\u00f1os mayor que ella \u2014\u00e9l hab\u00eda nacido en 1837\u2014 y ya estaba casado con Anna Glasl-H\u00f6rer, una mujer catorce a\u00f1os mayor que \u00e9l. El matrimonio de Alois y Anna no hab\u00eda sido un amor\u00edo; hab\u00eda sido, como se\u00f1ala el historiador Ian Kershaw, &#8220;una uni\u00f3n con un motivo casi seguro material, ya que Anna era relativamente acomodada y, adem\u00e1s, ten\u00eda contactos en la administraci\u00f3n p\u00fablica&#8221;.<\/p>\n\n\n\n<p class=\"wp-block-paragraph\">Alois era un hombre de car\u00e1cter dif\u00edcil: autoritario, irascible, de temperamento explosivo y aficionado a la bebida. Pero tambi\u00e9n era un hombre ambicioso que hab\u00eda logrado ascender desde sus humildes or\u00edgenes campesinos hasta convertirse en funcionario de aduanas, un puesto respetable que le proporcionaba un ingreso estable y un cierto estatus social.<\/p>\n\n\n\n<p class=\"wp-block-paragraph\">Klara, que era prima segunda de Alois \u2014o, seg\u00fan algunas fuentes, sobrina\u2014, fue contratada para ayudar en las tareas dom\u00e9sticas. Era una excelente ama de llaves, meticulosa y trabajadora, y su empleo dur\u00f3 hasta que los Hitler se separaron legalmente en 1880. La separaci\u00f3n fue el resultado de las continuas infidelidades de Alois, en particular su relaci\u00f3n con una joven cocinera de diecinueve a\u00f1os, Franziska &#8220;Fanni&#8221; Matzelberger. Cuando la joven cocinera tom\u00f3 el control de la casa, Klara fue despedida.<\/p>\n\n\n\n<p class=\"wp-block-paragraph\">Fanni dio a luz a dos hijos de Alois: Alois Junior en 1882 y Angela en 1883. Pero en 1884, Fanni enferm\u00f3 de tuberculosis. Alois, necesitado de ayuda para cuidar a sus hijos y a su amante moribunda, llam\u00f3 a Klara, que hab\u00eda encontrado trabajo como sirvienta en Viena. Klara regres\u00f3. Mientras cuidaba de Fanni en su lecho de muerte, Klara qued\u00f3 embarazada de Alois.<\/p>\n\n\n\n<p class=\"wp-block-paragraph\">Fanni muri\u00f3 en agosto de 1884, a los veintitr\u00e9s a\u00f1os. Cuatro meses despu\u00e9s, el 7 de enero de 1885, Klara P\u00f6lzl y Alois Hitler se casaron en una ceremonia breve celebrada al amanecer en las habitaciones alquiladas de Hitler en el \u00faltimo piso de la Posada Pommer en Braunau am Inn. Como eran primos segundos, tuvieron que solicitar una dispensa episcopal para poder casarse. Klara ten\u00eda veinticuatro a\u00f1os; Alois, cuarenta y ocho.<\/p>\n\n\n\n<p class=\"wp-block-paragraph\">Alois, con su caracter\u00edstica insensibilidad hacia sus esposas, fue a trabajar ese mismo d\u00eda. Para Klara, el matrimonio no era un romance; era un deber. Era una mujer devota, criada en una cultura campesina patriarcal, que aceptaba el papel tradicional que se le asignaba: el de esposa obediente y madre abnegada.<\/p>\n\n\n\n<figure class=\"wp-block-image size-full is-resized\"><img loading=\"lazy\" decoding=\"async\" width=\"279\" height=\"348\" src=\"https:\/\/letrashipnoticas.org\/wp-content\/uploads\/2026\/07\/WhatsApp-Image-2026-07-14-at-10.23.11-AM-2.jpeg\" alt=\"\" class=\"wp-image-3832\" style=\"width:1055px;height:auto\" srcset=\"https:\/\/letrashipnoticas.org\/wp-content\/uploads\/2026\/07\/WhatsApp-Image-2026-07-14-at-10.23.11-AM-2.jpeg 279w, https:\/\/letrashipnoticas.org\/wp-content\/uploads\/2026\/07\/WhatsApp-Image-2026-07-14-at-10.23.11-AM-2-241x300.jpeg 241w, https:\/\/letrashipnoticas.org\/wp-content\/uploads\/2026\/07\/WhatsApp-Image-2026-07-14-at-10.23.11-AM-2-150x187.jpeg 150w\" sizes=\"auto, (max-width: 279px) 100vw, 279px\" \/><\/figure>\n\n\n\n<hr class=\"wp-block-separator has-alpha-channel-opacity\"\/>\n\n\n\n<p class=\"wp-block-paragraph\">IV. La f\u00e1brica de los sue\u00f1os rotos: los hijos que no sobrevivieron<\/p>\n\n\n\n<p class=\"wp-block-paragraph\">Cinco meses despu\u00e9s de la boda, en mayo de 1885, Klara dio a luz a su primer hijo, Gustav. Le siguieron Ida en 1886 y Otto en 1887. Pero la muerte, que ya hab\u00eda rondado la infancia de Klara, volvi\u00f3 a reclamar lo suyo. Gustav e Ida contrajeron difteria en diciembre de 1887 y murieron con semanas de diferencia. Otto vivi\u00f3 solo unos d\u00edas.<\/p>\n\n\n\n<p class=\"wp-block-paragraph\">Klara, que hab\u00eda perdido a tres hijos en menos de tres a\u00f1os, se sumi\u00f3 en un dolor profundo. Pero no se rindi\u00f3. Su fe cat\u00f3lica, su devoci\u00f3n a la Virgen Mar\u00eda, su confianza en la providencia divina, la sostuvieron en aquellos meses de tinieblas. Y, como suele ocurrir en las tragedias humanas, el dolor no la endureci\u00f3; la hizo m\u00e1s vulnerable, m\u00e1s aferrada a los hijos que le quedaban.<\/p>\n\n\n\n<p class=\"wp-block-paragraph\">El 20 de abril de 1889, en un apartamento alquilado en Braunau am Inn, Klara dio a luz a su cuarto hijo. Lo llamaron Adolf. Para Klara, que hab\u00eda enterrado a tres hijos y hab\u00eda visto a otros dos \u2014los hijos de Fanni\u2014 crecer en su casa, la supervivencia de este nuevo beb\u00e9 fue interpretada como una se\u00f1al divina. Era el hijo de la esperanza, el hijo que Dios le hab\u00eda devuelto despu\u00e9s de tanto sufrimiento.<\/p>\n\n\n\n<p class=\"wp-block-paragraph\">Adolf era un ni\u00f1o enfermizo, de salud fr\u00e1gil. Klara lo cuid\u00f3 con una solicitud que rayaba en la obsesi\u00f3n. Lo alimentaba a la fuerza para mejorar su salud, lo abrigaba en exceso, lo proteg\u00eda de cualquier peligro. &#8220;Adolf recibi\u00f3 dosis excesivas de solicitud materna&#8221;, escriben los historiadores. Era el centro de su mundo, el sol alrededor del cual giraba toda su existencia.<\/p>\n\n\n\n<p class=\"wp-block-paragraph\">Pero la vida en la casa de Alois Hitler no era f\u00e1cil. Alois, el funcionario de aduanas, era un hombre de mal genio que a menudo golpeaba a su esposa y a sus hijos. Adolf, en particular, era el blanco frecuente de la ira de su padre. Klara, que no pod\u00eda enfrentarse directamente a su marido, hac\u00eda lo \u00fanico que pod\u00eda: proteg\u00eda a su hijo, lo consolaba despu\u00e9s de las palizas, lo cubr\u00eda con su amor incondicional.<\/p>\n\n\n\n<figure class=\"wp-block-image size-full is-resized\"><img loading=\"lazy\" decoding=\"async\" width=\"640\" height=\"480\" src=\"https:\/\/letrashipnoticas.org\/wp-content\/uploads\/2026\/07\/WhatsApp-Image-2026-07-14-at-10.23.10-AM.jpeg\" alt=\"\" class=\"wp-image-3833\" style=\"width:1055px;height:auto\" srcset=\"https:\/\/letrashipnoticas.org\/wp-content\/uploads\/2026\/07\/WhatsApp-Image-2026-07-14-at-10.23.10-AM.jpeg 640w, https:\/\/letrashipnoticas.org\/wp-content\/uploads\/2026\/07\/WhatsApp-Image-2026-07-14-at-10.23.10-AM-300x225.jpeg 300w, https:\/\/letrashipnoticas.org\/wp-content\/uploads\/2026\/07\/WhatsApp-Image-2026-07-14-at-10.23.10-AM-560x420.jpeg 560w, https:\/\/letrashipnoticas.org\/wp-content\/uploads\/2026\/07\/WhatsApp-Image-2026-07-14-at-10.23.10-AM-80x60.jpeg 80w, https:\/\/letrashipnoticas.org\/wp-content\/uploads\/2026\/07\/WhatsApp-Image-2026-07-14-at-10.23.10-AM-150x113.jpeg 150w, https:\/\/letrashipnoticas.org\/wp-content\/uploads\/2026\/07\/WhatsApp-Image-2026-07-14-at-10.23.10-AM-265x198.jpeg 265w\" sizes=\"auto, (max-width: 640px) 100vw, 640px\" \/><\/figure>\n\n\n\n<hr class=\"wp-block-separator has-alpha-channel-opacity\"\/>\n\n\n\n<p class=\"wp-block-paragraph\">V. El hijo predilecto: la devoci\u00f3n de Klara<\/p>\n\n\n\n<p class=\"wp-block-paragraph\">Klara dio a luz a dos hijos m\u00e1s: Edmund, nacido en 1894, y Paula, nacida en 1896. Edmund muri\u00f3 a los seis a\u00f1os, v\u00edctima del sarampi\u00f3n. Paula sobrevivi\u00f3, pero nunca ocup\u00f3 el lugar de Adolf en el coraz\u00f3n de su madre. Para Klara, Adolf era el elegido, el hijo milagroso, el que hab\u00eda sobrevivido a la muerte de sus hermanos y que, por tanto, estaba destinado a grandes cosas.<\/p>\n\n\n\n<p class=\"wp-block-paragraph\">Klara era una madre indulgente, casi complaciente. Consent\u00eda a Adolf en todo, le permit\u00eda ausentarse de la escuela, le compraba un piano para alimentar sus sue\u00f1os art\u00edsticos. Cuando Adolf fracasaba en sus estudios, ella encontraba excusas. Cuando su marido lo castigaba, ella lo consolaba. Cuando Adolf decidi\u00f3 abandonar la escuela en 1905, alegando una enfermedad, ella lo permiti\u00f3.<\/p>\n\n\n\n<p class=\"wp-block-paragraph\">La relaci\u00f3n entre Klara y Adolf era intensa, casi simbi\u00f3tica. El joven Adolf adoraba a su madre con una devoci\u00f3n fan\u00e1tica. Era, seg\u00fan todos los testimonios, la \u00fanica persona a la que am\u00f3 genuinamente en toda su vida. La hija de Klara, Paula, recordar\u00eda a\u00f1os despu\u00e9s que su hermano Adolf &#8220;amaba a nuestra madre por encima de todo&#8221;.<\/p>\n\n\n\n<p class=\"wp-block-paragraph\">Pero el amor de Klara ten\u00eda un precio. Al proteger a Adolf de la brutalidad de su padre, al consentirlo en todo, al alimentar sus sue\u00f1os de grandeza sin exigirle disciplina ni responsabilidad, Klara estaba, sin saberlo, sembrando las semillas de la megaloman\u00eda que d\u00e9cadas despu\u00e9s devorar\u00eda a Europa. Adolf creci\u00f3 creyendo que era especial, que las reglas no se aplicaban a \u00e9l, que el mundo le deb\u00eda algo. Y cuando el mundo se neg\u00f3 a pagar esa deuda, \u00e9l se dispuso a cobrarla por la fuerza.<\/p>\n\n\n\n<hr class=\"wp-block-separator has-alpha-channel-opacity\"\/>\n\n\n\n<figure class=\"wp-block-image size-full is-resized\"><img loading=\"lazy\" decoding=\"async\" width=\"357\" height=\"560\" src=\"https:\/\/letrashipnoticas.org\/wp-content\/uploads\/2026\/07\/WhatsApp-Image-2026-07-14-at-10.23.12-AM-4.jpeg\" alt=\"\" class=\"wp-image-3834\" style=\"width:1055px;height:auto\" srcset=\"https:\/\/letrashipnoticas.org\/wp-content\/uploads\/2026\/07\/WhatsApp-Image-2026-07-14-at-10.23.12-AM-4.jpeg 357w, https:\/\/letrashipnoticas.org\/wp-content\/uploads\/2026\/07\/WhatsApp-Image-2026-07-14-at-10.23.12-AM-4-191x300.jpeg 191w, https:\/\/letrashipnoticas.org\/wp-content\/uploads\/2026\/07\/WhatsApp-Image-2026-07-14-at-10.23.12-AM-4-268x420.jpeg 268w, https:\/\/letrashipnoticas.org\/wp-content\/uploads\/2026\/07\/WhatsApp-Image-2026-07-14-at-10.23.12-AM-4-150x235.jpeg 150w, https:\/\/letrashipnoticas.org\/wp-content\/uploads\/2026\/07\/WhatsApp-Image-2026-07-14-at-10.23.12-AM-4-300x471.jpeg 300w\" sizes=\"auto, (max-width: 357px) 100vw, 357px\" \/><\/figure>\n\n\n\n<p class=\"wp-block-paragraph\">VI. La muerte del tirano dom\u00e9stico: Alois desaparece<\/p>\n\n\n\n<p class=\"wp-block-paragraph\">El 3 de enero de 1903, Alois Hitler muri\u00f3 de una hemorragia pulmonar mientras tomaba una copa de vino en la taberna Gasthaus Wiesinger de Leonding. Ten\u00eda sesenta y cinco a\u00f1os. Su muerte, seg\u00fan todos los testimonios, no caus\u00f3 ninguna pena en Adolf. El joven, que ten\u00eda trece a\u00f1os, sinti\u00f3 alivio. El tirano dom\u00e9stico hab\u00eda desaparecido.<\/p>\n\n\n\n<p class=\"wp-block-paragraph\">Klara, viuda a los cuarenta y dos a\u00f1os, se traslad\u00f3 con sus hijos a Linz, donde alquil\u00f3 un modesto apartamento en la calle Humboldt, 31. Su deseo era que Adolf siguiera los pasos de su padre y entrara en la administraci\u00f3n p\u00fablica. Pero Adolf, que ya hab\u00eda desarrollado una profunda aversi\u00f3n por la burocracia y la autoridad, se neg\u00f3.<\/p>\n\n\n\n<p class=\"wp-block-paragraph\">Klara, que nunca hab\u00eda podido negarle nada a su hijo, lo apoy\u00f3. Durante los tres a\u00f1os siguientes, mientras Adolf vagaba por las calles de Linz dibujando, leyendo y so\u00f1ando con ser artista, Klara lo mantuvo con la peque\u00f1a pensi\u00f3n de viudedad y sus ahorros. Le compr\u00f3 un piano, le pag\u00f3 clases de dibujo, le permiti\u00f3 vivir sin trabajar, sin estudiar, sin responsabilidad alguna.<\/p>\n\n\n\n<p class=\"wp-block-paragraph\">El sue\u00f1o de Klara era que su hijo se convirtiera en un gran artista. No quer\u00eda un funcionario, como su marido. Quer\u00eda un genio. Y Adolf, con su verborrea grandilocuente y sus sue\u00f1os de grandeza, le hizo creer que ese genio exist\u00eda.<\/p>\n\n\n\n<hr class=\"wp-block-separator has-alpha-channel-opacity\"\/>\n\n\n\n<p class=\"wp-block-paragraph\">VII. La agon\u00eda: el c\u00e1ncer y el hijo devoto<\/p>\n\n\n\n<p class=\"wp-block-paragraph\">En 1907, Klara, que ten\u00eda cuarenta y siete a\u00f1os, fue diagnosticada con c\u00e1ncer de mama avanzado. El m\u00e9dico de la familia, el doctor Eduard Bloch, un jud\u00edo de origen checo que ejerc\u00eda en Linz, fue quien dio el diagn\u00f3stico. Bloch, que atend\u00eda a los pobres sin cobrar o cobrando muy poco, hab\u00eda sido el m\u00e9dico de la familia Hitler durante a\u00f1os. Era un hombre compasivo y dedicado, y Klara confiaba en \u00e9l.<\/p>\n\n\n\n<p class=\"wp-block-paragraph\">El diagn\u00f3stico fue devastador. El c\u00e1ncer estaba muy avanzado, y las opciones de tratamiento eran limitadas. Bloch realiz\u00f3 una mastectom\u00eda, pero la operaci\u00f3n no fue suficiente. Klara fue sometida a una serie de tratamientos qu\u00edmicos dolorosos e ineficaces, que a menudo le causaban efectos secundarios graves.<\/p>\n\n\n\n<p class=\"wp-block-paragraph\">Adolf, que en ese momento estaba en Viena intentando ingresar en la Academia de Bellas Artes, regres\u00f3 a Linz para cuidar de su madre. Seg\u00fan el testimonio del doctor Bloch, el joven Hitler se comport\u00f3 con una devoci\u00f3n conmovedora. Coc\u00eda las comidas favoritas de su madre, limpiaba la casa y, lo m\u00e1s notable, conten\u00eda su temperamento y su impaciencia mientras estaba con ella. &#8220;Adolf Hitler era el m\u00e1s devoto de los hijos&#8221;, recordar\u00eda Bloch a\u00f1os despu\u00e9s.<\/p>\n\n\n\n<p class=\"wp-block-paragraph\">Klara, a pesar del dolor y la enfermedad, segu\u00eda preocupada por su hijo. Le escrib\u00eda cartas a Viena anim\u00e1ndolo a perseguir su sue\u00f1o art\u00edstico. No sab\u00eda \u2014no pod\u00eda saber\u2014 que su hijo hab\u00eda fracasado en el examen de ingreso a la Academia, que vagaba por las calles de Viena sin rumbo, que su odio hacia el mundo comenzaba a fermentar en la soledad de sus habitaciones de pensi\u00f3n.<\/p>\n\n\n\n<hr class=\"wp-block-separator has-alpha-channel-opacity\"\/>\n\n\n\n<figure class=\"wp-block-image size-full is-resized\"><img loading=\"lazy\" decoding=\"async\" width=\"295\" height=\"400\" src=\"https:\/\/letrashipnoticas.org\/wp-content\/uploads\/2026\/07\/WhatsApp-Image-2026-07-14-at-10.23.11-AM-1.jpeg\" alt=\"\" class=\"wp-image-3835\" style=\"width:1055px;height:auto\" srcset=\"https:\/\/letrashipnoticas.org\/wp-content\/uploads\/2026\/07\/WhatsApp-Image-2026-07-14-at-10.23.11-AM-1.jpeg 295w, https:\/\/letrashipnoticas.org\/wp-content\/uploads\/2026\/07\/WhatsApp-Image-2026-07-14-at-10.23.11-AM-1-221x300.jpeg 221w, https:\/\/letrashipnoticas.org\/wp-content\/uploads\/2026\/07\/WhatsApp-Image-2026-07-14-at-10.23.11-AM-1-150x203.jpeg 150w\" sizes=\"auto, (max-width: 295px) 100vw, 295px\" \/><\/figure>\n\n\n\n<p class=\"wp-block-paragraph\">VIII. La muerte y la ausencia: el hijo que no pudo llorar<\/p>\n\n\n\n<p class=\"wp-block-paragraph\">Klara Hitler muri\u00f3 el 21 de diciembre de 1907, a los cuarenta y siete a\u00f1os, en su apartamento de Linz. Estaba rodeada por sus dos hijos: Adolf y Paula. El doctor Bloch, que la hab\u00eda atendido hasta el final, fue testigo de la escena. Seg\u00fan su testimonio, el joven Adolf, al recibir la noticia de la muerte de su madre, rompi\u00f3 a llorar desconsoladamente. Era, quiz\u00e1s, la \u00fanica vez en su vida que mostrar\u00eda una emoci\u00f3n tan genuina.<\/p>\n\n\n\n<p class=\"wp-block-paragraph\">Klara fue enterrada en el cementerio municipal de Leonding, cerca de Linz. Su tumba, modesta y sencilla, se convirti\u00f3 a\u00f1os despu\u00e9s en un lugar de peregrinaci\u00f3n para los admiradores de Hitler, que acud\u00edan a rendir homenaje a la madre del F\u00fchrer.<\/p>\n\n\n\n<p class=\"wp-block-paragraph\">Adolf, devastado por la muerte de su madre, llev\u00f3 el duelo durante el resto de su vida. En su obra Mein Kampf, escrita a\u00f1os despu\u00e9s en la prisi\u00f3n de Landsberg, dedic\u00f3 p\u00e1ginas enteras a la memoria de su madre, describi\u00e9ndola como una mujer de una pureza y una bondad angelicales. Pero el amor que sent\u00eda por su madre no le impidi\u00f3, d\u00e9cadas despu\u00e9s, ordenar el asesinato de millones de personas que, como el doctor Bloch, hab\u00edan sido amables con \u00e9l.<\/p>\n\n\n\n<hr class=\"wp-block-separator has-alpha-channel-opacity\"\/>\n\n\n\n<p class=\"wp-block-paragraph\">IX. La paradoja del doctor Bloch: el jud\u00edo que salv\u00f3 a Hitler<\/p>\n\n\n\n<p class=\"wp-block-paragraph\">La historia de Klara Hitler est\u00e1 inextricablemente ligada a la figura del doctor Eduard Bloch, el m\u00e9dico jud\u00edo que la atendi\u00f3 en sus \u00faltimos meses de vida. Bloch, que era un m\u00e9dico respetado en Linz, hab\u00eda tratado a la familia Hitler durante a\u00f1os, atendiendo a Klara y a sus hijos por diversas dolencias.<\/p>\n\n\n\n<p class=\"wp-block-paragraph\">Cuando Klara enferm\u00f3 de c\u00e1ncer, Bloch hizo todo lo que pudo por aliviarla. Le administraba medicamentos para el dolor, la visitaba a diario y, a menudo, no cobraba por sus servicios. Adolf, que en ese momento era un joven pobre y sin recursos, estaba profundamente agradecido. Le escribi\u00f3 postales a Bloch despu\u00e9s de la muerte de su madre, expres\u00e1ndole su gratitud.<\/p>\n\n\n\n<p class=\"wp-block-paragraph\">A\u00f1os despu\u00e9s, cuando Hitler se convirti\u00f3 en canciller de Alemania y el r\u00e9gimen nazi comenz\u00f3 a perseguir a los jud\u00edos, Bloch, que era jud\u00edo, temi\u00f3 por su vida. Pero Hitler, en un gesto que desconcierta a los historiadores, orden\u00f3 que Bloch fuera protegido. Bloch y su esposa pudieron emigrar a Estados Unidos en 1941, donde Bloch muri\u00f3 en 1945.<\/p>\n\n\n\n<p class=\"wp-block-paragraph\">La paradoja es inquietante: el hombre que orden\u00f3 el exterminio de seis millones de jud\u00edos protegi\u00f3 al m\u00e9dico jud\u00edo que hab\u00eda atendido a su madre. No por convicci\u00f3n, sino por un gesto de gratitud personal, una deuda emocional que nunca pudo saldar. Klara, sin saberlo, le hab\u00eda dado a su hijo una lecci\u00f3n de humanidad que \u00e9l, en su ascenso al poder, elegir\u00eda olvidar.<\/p>\n\n\n\n<hr class=\"wp-block-separator has-alpha-channel-opacity\"\/>\n\n\n\n<p class=\"wp-block-paragraph\">X. El informe de la OSS: el complejo de Edipo y el fantasma de Klara<\/p>\n\n\n\n<p class=\"wp-block-paragraph\">En 1943, en plena Segunda Guerra Mundial, la Oficina de Servicios Estrat\u00e9gicos de Estados Unidos \u2014el precursor de la CIA\u2014 encarg\u00f3 un perfil psicol\u00f3gico de Adolf Hitler. El informe, elaborado por el psicoanalista Walter C. Langer, conclu\u00eda que la relaci\u00f3n de Hitler con su madre hab\u00eda dejado en \u00e9l un &#8220;complejo de Edipo&#8221; no resuelto.<\/p>\n\n\n\n<p class=\"wp-block-paragraph\">Seg\u00fan el informe, Hitler nunca hab\u00eda superado su amor infantil por su madre y, al mismo tiempo, su odio hacia su padre. Este conflicto no resuelto, combinado con la muerte temprana de Klara, hab\u00eda creado en Hitler una profunda misoginia y una necesidad patol\u00f3gica de poder y reconocimiento. Las mujeres, para Hitler, eran objetos de desprecio o de veneraci\u00f3n, pero nunca de igualdad. Y el poder, para Hitler, era la \u00fanica forma de llenar el vac\u00edo que hab\u00eda dejado la muerte de su madre.<\/p>\n\n\n\n<p class=\"wp-block-paragraph\">El informe de la OSS, aunque controvertido, sigue siendo una de las pocas tentativas serias de comprender la psicolog\u00eda de Hitler a trav\u00e9s de su relaci\u00f3n con su madre. Klara, la campesina devota que quer\u00eda que su hijo fuera un gran artista, se hab\u00eda convertido, sin saberlo, en el fantasma que atormentaba al F\u00fchrer.<\/p>\n\n\n\n<hr class=\"wp-block-separator has-alpha-channel-opacity\"\/>\n\n\n\n<figure class=\"wp-block-image size-full is-resized\"><img loading=\"lazy\" decoding=\"async\" width=\"320\" height=\"450\" src=\"https:\/\/letrashipnoticas.org\/wp-content\/uploads\/2026\/07\/WhatsApp-Image-2026-07-14-at-10.23.12-AM-2.jpeg\" alt=\"\" class=\"wp-image-3836\" style=\"width:1055px;height:auto\" srcset=\"https:\/\/letrashipnoticas.org\/wp-content\/uploads\/2026\/07\/WhatsApp-Image-2026-07-14-at-10.23.12-AM-2.jpeg 320w, https:\/\/letrashipnoticas.org\/wp-content\/uploads\/2026\/07\/WhatsApp-Image-2026-07-14-at-10.23.12-AM-2-213x300.jpeg 213w, https:\/\/letrashipnoticas.org\/wp-content\/uploads\/2026\/07\/WhatsApp-Image-2026-07-14-at-10.23.12-AM-2-299x420.jpeg 299w, https:\/\/letrashipnoticas.org\/wp-content\/uploads\/2026\/07\/WhatsApp-Image-2026-07-14-at-10.23.12-AM-2-150x211.jpeg 150w, https:\/\/letrashipnoticas.org\/wp-content\/uploads\/2026\/07\/WhatsApp-Image-2026-07-14-at-10.23.12-AM-2-300x422.jpeg 300w\" sizes=\"auto, (max-width: 320px) 100vw, 320px\" \/><\/figure>\n\n\n\n<p class=\"wp-block-paragraph\">XI. El legado de Klara: la madre del Reich<\/p>\n\n\n\n<p class=\"wp-block-paragraph\">Klara P\u00f6lzl Hitler no vivi\u00f3 para ver el ascenso de su hijo al poder. No vio la Noche de los Cuchillos Largos, ni el Anschluss, ni la invasi\u00f3n de Polonia, ni el Holocausto. Muri\u00f3 en la pobreza, en un modesto apartamento de Linz, convencida de que su hijo era un artista incomprendido que alg\u00fan d\u00eda triunfar\u00eda.<\/p>\n\n\n\n<p class=\"wp-block-paragraph\">Pero su legado es, en cierto modo, m\u00e1s inquietante que el de cualquier otra madre de un tirano. Porque Klara no fue una madre abusiva ni negligente. Fue una madre amorosa, devota, sacrificada. Y fue precisamente ese amor incondicional, esa protecci\u00f3n contra la brutalidad paterna, ese apoyo a sus sue\u00f1os imposibles, lo que aliment\u00f3 la megaloman\u00eda de Adolf Hitler.<\/p>\n\n\n\n<p class=\"wp-block-paragraph\">El psicoanalista Erich Fromm, en su estudio sobre la personalidad de Hitler, argument\u00f3 que el amor de Klara fue, parad\u00f3jicamente, una forma de abuso. Al proteger a Adolf de las consecuencias de sus actos, al consentirlo en todo, al alimentar sus delirios de grandeza, Klara le ense\u00f1\u00f3 que era especial, que las reglas no se aplicaban a \u00e9l, que el mundo le deb\u00eda algo. Cuando el mundo se neg\u00f3 a pagar esa deuda, Hitler decidi\u00f3 cobrarla por la fuerza.<\/p>\n\n\n\n<p class=\"wp-block-paragraph\">Klara, la madre del Reich, no quer\u00eda un dictador. Quer\u00eda un artista. Y fue precisamente ese amor incondicional, esa fe ciega en el genio de su hijo, lo que lo convirti\u00f3 en el monstruo que devor\u00f3 a Europa.<\/p>\n\n\n\n<hr class=\"wp-block-separator has-alpha-channel-opacity\"\/>\n\n\n\n<p class=\"wp-block-paragraph\">XII. Ep\u00edlogo: La flor y la ceniza<\/p>\n\n\n\n<p class=\"wp-block-paragraph\">La historia de Klara P\u00f6lzl Hitler es la historia de una madre que am\u00f3 a su hijo con una devoci\u00f3n que rayaba en la obsesi\u00f3n, y que vio c\u00f3mo ese amor se convert\u00eda, sin que ella pudiera hacer nada para evitarlo, en el combustible de la mayor cat\u00e1strofe del siglo XX. No entendi\u00f3 el odio, ni el antisemitismo, ni la guerra. Solo entendi\u00f3 que su hijo, el ni\u00f1o enfermizo que hab\u00eda sobrevivido a la muerte de sus hermanos, era especial. Y en esa convicci\u00f3n, en esa fe ciega en el genio de su hijo, reside toda la tragedia.<\/p>\n\n\n\n<p class=\"wp-block-paragraph\">Klara no fue una santa, ni una hero\u00edna, ni una c\u00f3mplice. Fue una madre, simplemente una madre. Una madre que hizo lo que cualquier madre har\u00eda: proteger a su hijo, alimentar sus sue\u00f1os, creer en \u00e9l. Y fue precisamente esa normalidad, esa humanidad tan cotidiana, lo que hace que su historia sea tan inquietante. Porque si una madre como Klara, devota, sacrificada, amorosa, pudo engendrar a un monstruo, entonces el mal no es algo que viene de fuera. Es algo que puede crecer en el suelo m\u00e1s f\u00e9rtil, en el coraz\u00f3n de una familia que se ama.<\/p>\n\n\n\n<p class=\"wp-block-paragraph\">Quiz\u00e1s por eso Hitler, que todo lo controlaba y todo lo destru\u00eda, nunca pudo olvidar a su madre. Quiz\u00e1s, en el fondo de su alma blindada, segu\u00eda siendo aquel ni\u00f1o que corr\u00eda a refugiarse en los brazos de Klara despu\u00e9s de las palizas de su padre. Quiz\u00e1s, en sus momentos de mayor locura, a\u00fan escuchaba la voz de su madre dici\u00e9ndole que era especial, que era un genio, que el mundo le deb\u00eda algo. Y quiz\u00e1s, en esos momentos, el odio y la venganza no eran m\u00e1s que un intento desesperado de demostrarle a su madre que ella ten\u00eda raz\u00f3n.<\/p>\n\n\n\n<p class=\"wp-block-paragraph\">La madre del Reich no quer\u00eda un dictador. Quer\u00eda un artista. Y fue ese amor, ese deseo, esa fe ciega, lo que, parad\u00f3jicamente, lo convirti\u00f3 en el monstruo que devor\u00f3 a Europa. En esa paradoja, en ese desencuentro entre el sue\u00f1o de una madre y la realidad de un hijo, encontramos una de las lecciones m\u00e1s inquietantes del siglo XX: que el amor, cuando es ciego, puede ser tan peligroso como el odio.<\/p>\n\n\n\n<p class=\"wp-block-paragraph\">*Nota al pie de p\u00e1gina sobre el apellido Hitler:<\/p>\n\n\n\n<p class=\"wp-block-paragraph\">El cambio de apellido de Alois Schicklgruber a Hitler es una historia de ilegitimidad, estrategia burocr\u00e1tica y un error administrativo que termin\u00f3 definiendo el curso de la historia.<\/p>\n\n\n\n<p class=\"wp-block-paragraph\">El origen: un hijo ileg\u00edtimo<\/p>\n\n\n\n<p class=\"wp-block-paragraph\">Alois naci\u00f3 el 7 de junio de 1837 como hijo ileg\u00edtimo de Maria Anna Schicklgruber. Como su padre biol\u00f3gico nunca fue reconocido, recibi\u00f3 el apellido de su madre, Schicklgruber.<\/p>\n\n\n\n<p class=\"wp-block-paragraph\">Cinco a\u00f1os despu\u00e9s, en 1842, su madre se cas\u00f3 con Johann Georg Hiedler, quien se convirti\u00f3 en su padrastro. Sin embargo, Alois sigui\u00f3 usando el apellido Schicklgruber durante d\u00e9cadas.<\/p>\n\n\n\n<p class=\"wp-block-paragraph\">El cambio: 1876<\/p>\n\n\n\n<p class=\"wp-block-paragraph\">A sus 39 a\u00f1os, Alois dio un paso decisivo. Su t\u00edo, Johann Nepomuk Hiedler, orquest\u00f3 un plan para que Alois fuera declarado legalmente hijo leg\u00edtimo de Johann Georg Hiedler, ya fallecido.<\/p>\n\n\n\n<p class=\"wp-block-paragraph\">Para ello, se presentaron tres testigos ante un notario en Weitra, quienes declararon que Johann Georg hab\u00eda reconocido repetidamente a Alois como su hijo. Con esto, el p\u00e1rroco de D\u00f6llersheim alter\u00f3 el registro de nacimiento. El 6 de enero de 1877, el cambio qued\u00f3 oficialmente registrado.<\/p>\n\n\n\n<p class=\"wp-block-paragraph\">\u00bfPor qu\u00e9 &#8220;Hitler&#8221; y no &#8220;Hiedler&#8221;?<\/p>\n\n\n\n<p class=\"wp-block-paragraph\">Alois quer\u00eda adoptar el apellido de su padrastro: Hiedler. Sin embargo, las autoridades transcribieron mal el nombre y lo registraron como &#8220;Hitler&#8221;.<\/p>\n\n\n\n<p class=\"wp-block-paragraph\">Las razones de este error son inciertas. Algunas teor\u00edas apuntan a un desliz del funcionario, mientras que otras se\u00f1alan la variabilidad ortogr\u00e1fica de la \u00e9poca (&#8220;Hiedler&#8221;, &#8220;H\u00fcttler&#8221; o &#8220;Hitler&#8221; se usaban de forma casi indistinta). Sea como fuere, Alois no lo rectific\u00f3 y mantuvo el apellido por el resto de su vida.<\/p>\n\n\n\n<p class=\"wp-block-paragraph\">Un cambio con consecuencias hist\u00f3ricas<\/p>\n\n\n\n<p class=\"wp-block-paragraph\">Este cambio, ocurrido once a\u00f1os antes del nacimiento de Adolf, tuvo un impacto decisivo. Si Alois hubiera seguido siendo Schicklgruber, su hijo habr\u00eda sido Adolf Schicklgruber, un nombre que, seg\u00fan el propio Hitler, sonaba &#8220;r\u00fastico&#8221;. Es dif\u00edcil imaginar a las masas alemanas coreando &#8220;\u00a1Heil Schicklgruber!&#8221; con la misma facilidad.<\/p>\n\n\n\n<p class=\"wp-block-paragraph\">En \u00faltima instancia, el cambio de apellido fue una maniobra para legitimar su origen y mejorar su estatus social como funcionario de aduanas. Lo que comenz\u00f3 como una correcci\u00f3n burocr\u00e1tica termin\u00f3 dando al mundo el apellido que se convertir\u00eda en sin\u00f3nimo del mal absoluto.<\/p>\n\n\n\n<hr class=\"wp-block-separator has-alpha-channel-opacity\"\/>\n\n\n\n<p class=\"wp-block-paragraph\">Letras Hipn\u00f3ticas agradece al Dr. David V\u00e1squez Tovar por esta magistral cr\u00f3nica hist\u00f3rica, que forma parte de su serie &#8220;Los Monstruos y sus Madres&#8221;, dedicada a explorar las ra\u00edces humanas de los tiranos del siglo XX. La pr\u00f3xima entrega explorar\u00e1 la relaci\u00f3n de Benito Mussolini con su madre, Rosa Maltoni.<\/p>\n\n\n\n<hr class=\"wp-block-separator has-alpha-channel-opacity\"\/>\n\n\n\n<p class=\"wp-block-paragraph\">Referencias<\/p>\n\n\n\n<p class=\"wp-block-paragraph\">Bloch, E. (1941). Memorias del doctor de Hitler [Manuscrito in\u00e9dito]. Archivos de la Oficina de Servicios Estrat\u00e9gicos, Washington D.C.<\/p>\n\n\n\n<p class=\"wp-block-paragraph\">Fromm, E. (1973). The Anatomy of Human Destructiveness. Holt, Rinehart and Winston.<\/p>\n\n\n\n<p class=\"wp-block-paragraph\">Gunther, J. (1940). Inside Europe. Harper &amp; Brothers.<\/p>\n\n\n\n<p class=\"wp-block-paragraph\">Kershaw, I. (1998). Hitler 1889-1936: Hubris. W. W. Norton.<\/p>\n\n\n\n<p class=\"wp-block-paragraph\">Langer, W. C. (1943). A Psychological Analysis of Adolf Hitler: His Life and Legend. Office of Strategic Services.<\/p>\n\n\n\n<p class=\"wp-block-paragraph\">Payne, R. (1973). The Life and Death of Adolf Hitler. Praeger Publishers.<\/p>\n\n\n\n<p class=\"wp-block-paragraph\">Rosmus, A. (2005). Hitlers Nibelungen: Niederbayern im Schatten des Hakenkreuzes. Verlag Friedrich Pustet.<\/p>\n\n\n\n<p class=\"wp-block-paragraph\">Smith, B. F. (1967). Adolf Hitler: His Family, Childhood and Youth. Hoover Institution Publications.<\/p>\n\n\n\n<p class=\"wp-block-paragraph\">Toland, J. (1976). Adolf Hitler: The Definitive Biography. Doubleday.<\/p>\n","protected":false},"excerpt":{"rendered":"<p>Por Dr. David V\u00e1squez TovarPublicado en Letras Hipn\u00f3ticas | 14 de Julio de 2026 I. La pregunta que nadie se atreve a formular En la vasta y estremecedora bibliograf\u00eda sobre Adolf Hitler \u2014el canciller que arrastr\u00f3 a Alemania y al mundo a la cat\u00e1strofe m\u00e1s devastadora del siglo XX, el arquitecto del Holocausto, el hombre [&hellip;]<\/p>\n","protected":false},"author":1,"featured_media":3828,"comment_status":"open","ping_status":"open","sticky":false,"template":"","format":"standard","meta":{"om_disable_all_campaigns":false,"_monsterinsights_skip_tracking":false,"footnotes":""},"categories":[1],"tags":[],"class_list":["post-3826","post","type-post","status-publish","format-standard","has-post-thumbnail","category-general"],"aioseo_notices":[],"aioseo_head":"\n\t\t<!-- All in One SEO 5.0.0.1 - aioseo.com -->\n\t<meta name=\"description\" content=\"Por Dr. David V\u00e1squez TovarPublicado en Letras Hipn\u00f3ticas | 14 de Julio de 2026 I. La pregunta que nadie se atreve a formular En la vasta y estremecedora bibliograf\u00eda sobre Adolf Hitler \u2014el canciller que arrastr\u00f3 a Alemania y al mundo a la cat\u00e1strofe m\u00e1s devastadora del siglo XX, el arquitecto del Holocausto, el hombre\" \/>\n\t<meta name=\"robots\" content=\"max-image-preview:large\" \/>\n\t<meta name=\"author\" content=\"Dr. Arturo David V\u00e1squez Urdiales\"\/>\n\t<meta name=\"google-site-verification\" content=\"w1V7bRCSYMeOZjzLwWS_W8_n8jd94Z38sletBUa-LV0\" \/>\n\t<link rel=\"canonical\" href=\"https:\/\/letrashipnoticas.org\/?p=3826\" \/>\n\t<meta name=\"generator\" content=\"All in One SEO (AIOSEO) 5.0.0.1\" \/>\n\t\t<meta property=\"og:locale\" content=\"es_MX\" \/>\n\t\t<meta property=\"og:site_name\" content=\"Letras Hiptn\u00f3ticas - &quot;Descubre Apunte diario sobre letras hipn\u00f3ticas, un viaje literario envolvente que despierta el alma. Reflexiones profundas, historias cautivadoras y un estilo \u00fanico que hipnotiza en cada palabra.&quot; Por Dr. David V\u00e1squez TovarPublicado en Letras Hipn\u00f3ticas | 14 de Julio de 2026 I. La pregunta que nadie se atreve a formular En la vasta y estremecedora bibliograf\u00eda sobre Adolf Hitler \u2014el canciller que arrastr\u00f3 a Alemania y al mundo a la cat\u00e1strofe m\u00e1s devastadora del siglo XX, el arquitecto del Holocausto, el hombre\" \/>\n\t\t<meta property=\"og:type\" content=\"article\" \/>\n\t\t<meta property=\"og:title\" content=\"La Madre del Reich - Letras Hiptn\u00f3ticas\" \/>\n\t\t<meta property=\"og:description\" content=\"Por Dr. David V\u00e1squez TovarPublicado en Letras Hipn\u00f3ticas | 14 de Julio de 2026 I. La pregunta que nadie se atreve a formular En la vasta y estremecedora bibliograf\u00eda sobre Adolf Hitler \u2014el canciller que arrastr\u00f3 a Alemania y al mundo a la cat\u00e1strofe m\u00e1s devastadora del siglo XX, el arquitecto del Holocausto, el hombre\" \/>\n\t\t<meta property=\"og:url\" content=\"https:\/\/letrashipnoticas.org\/?p=3826\" \/>\n\t\t<meta property=\"og:image\" content=\"https:\/\/letrashipnoticas.org\/wp-content\/uploads\/2026\/07\/WhatsApp-Image-2026-07-14-at-10.23.12-AM-1.jpeg\" \/>\n\t\t<meta property=\"og:image:secure_url\" content=\"https:\/\/letrashipnoticas.org\/wp-content\/uploads\/2026\/07\/WhatsApp-Image-2026-07-14-at-10.23.12-AM-1.jpeg\" \/>\n\t\t<meta property=\"og:image:width\" content=\"415\" \/>\n\t\t<meta property=\"og:image:height\" content=\"739\" \/>\n\t\t<meta property=\"article:published_time\" content=\"2026-07-14T16:44:06+00:00\" \/>\n\t\t<meta property=\"article:modified_time\" content=\"2026-07-14T16:44:12+00:00\" \/>\n\t\t<meta name=\"twitter:card\" content=\"summary_large_image\" \/>\n\t\t<meta name=\"twitter:title\" content=\"La Madre del Reich - Letras Hiptn\u00f3ticas\" \/>\n\t\t<meta name=\"twitter:description\" content=\"Por Dr. David V\u00e1squez TovarPublicado en Letras Hipn\u00f3ticas | 14 de Julio de 2026 I. La pregunta que nadie se atreve a formular En la vasta y estremecedora bibliograf\u00eda sobre Adolf Hitler \u2014el canciller que arrastr\u00f3 a Alemania y al mundo a la cat\u00e1strofe m\u00e1s devastadora del siglo XX, el arquitecto del Holocausto, el hombre\" \/>\n\t\t<meta name=\"twitter:image\" content=\"https:\/\/letrashipnoticas.org\/wp-content\/uploads\/2026\/07\/WhatsApp-Image-2026-07-14-at-10.23.12-AM-1.jpeg\" \/>\n\t\t<script type=\"application\/ld+json\" class=\"aioseo-schema\">\n\t\t\t{\"@context\":\"https:\\\/\\\/schema.org\",\"@graph\":[{\"@type\":\"BlogPosting\",\"@id\":\"https:\\\/\\\/letrashipnoticas.org\\\/?p=3826#blogposting\",\"name\":\"La Madre del Reich - Letras Hiptn\\u00f3ticas\",\"headline\":\"La Madre del Reich\",\"author\":{\"@id\":\"https:\\\/\\\/letrashipnoticas.org\\\/?author=1#author\"},\"publisher\":{\"@id\":\"https:\\\/\\\/letrashipnoticas.org\\\/#organization\"},\"image\":{\"@type\":\"ImageObject\",\"url\":\"https:\\\/\\\/letrashipnoticas.org\\\/wp-content\\\/uploads\\\/2026\\\/07\\\/WhatsApp-Image-2026-07-14-at-10.23.12-AM-1.jpeg\",\"width\":415,\"height\":739},\"datePublished\":\"2026-07-14T16:44:06+00:00\",\"dateModified\":\"2026-07-14T16:44:12+00:00\",\"inLanguage\":\"es-MX\",\"mainEntityOfPage\":{\"@id\":\"https:\\\/\\\/letrashipnoticas.org\\\/?p=3826#webpage\"},\"isPartOf\":{\"@id\":\"https:\\\/\\\/letrashipnoticas.org\\\/?p=3826#webpage\"},\"articleSection\":\"Las Letras Hipn\\u00f3ticas de hoy\"},{\"@type\":\"BreadcrumbList\",\"@id\":\"https:\\\/\\\/letrashipnoticas.org\\\/?p=3826#breadcrumblist\",\"itemListElement\":[{\"@type\":\"ListItem\",\"@id\":\"https:\\\/\\\/letrashipnoticas.org#listItem\",\"position\":1,\"name\":\"Inicio\",\"item\":\"https:\\\/\\\/letrashipnoticas.org\",\"nextItem\":{\"@type\":\"ListItem\",\"@id\":\"https:\\\/\\\/letrashipnoticas.org\\\/?cat=1#listItem\",\"name\":\"Las Letras Hipn\\u00f3ticas de hoy\"}},{\"@type\":\"ListItem\",\"@id\":\"https:\\\/\\\/letrashipnoticas.org\\\/?cat=1#listItem\",\"position\":2,\"name\":\"Las Letras Hipn\\u00f3ticas de hoy\",\"item\":\"https:\\\/\\\/letrashipnoticas.org\\\/?cat=1\",\"nextItem\":{\"@type\":\"ListItem\",\"@id\":\"https:\\\/\\\/letrashipnoticas.org\\\/?p=3826#listItem\",\"name\":\"La Madre del Reich\"},\"previousItem\":{\"@type\":\"ListItem\",\"@id\":\"https:\\\/\\\/letrashipnoticas.org#listItem\",\"name\":\"Inicio\"}},{\"@type\":\"ListItem\",\"@id\":\"https:\\\/\\\/letrashipnoticas.org\\\/?p=3826#listItem\",\"position\":3,\"name\":\"La Madre del Reich\",\"previousItem\":{\"@type\":\"ListItem\",\"@id\":\"https:\\\/\\\/letrashipnoticas.org\\\/?cat=1#listItem\",\"name\":\"Las Letras Hipn\\u00f3ticas de hoy\"}}]},{\"@type\":\"Organization\",\"@id\":\"https:\\\/\\\/letrashipnoticas.org\\\/#organization\",\"name\":\"Letras Hiptn\\u00f3ticas\",\"description\":\"\\\"Descubre Apunte diario sobre letras hipn\\u00f3ticas, un viaje literario envolvente que despierta el alma. Reflexiones profundas, historias cautivadoras y un estilo \\u00fanico que hipnotiza en cada palabra.\\\"\",\"url\":\"https:\\\/\\\/letrashipnoticas.org\\\/\",\"logo\":{\"@type\":\"ImageObject\",\"url\":\"https:\\\/\\\/letrashipnoticas.org\\\/wp-content\\\/uploads\\\/2024\\\/09\\\/LogoRetinaPNG.png\",\"@id\":\"https:\\\/\\\/letrashipnoticas.org\\\/?p=3826\\\/#organizationLogo\",\"width\":544,\"height\":180},\"image\":{\"@id\":\"https:\\\/\\\/letrashipnoticas.org\\\/?p=3826\\\/#organizationLogo\"}},{\"@type\":\"Person\",\"@id\":\"https:\\\/\\\/letrashipnoticas.org\\\/?author=1#author\",\"url\":\"https:\\\/\\\/letrashipnoticas.org\\\/?author=1\",\"name\":\"Dr. Arturo David V\\u00e1squez Urdiales\",\"image\":{\"@type\":\"ImageObject\",\"@id\":\"https:\\\/\\\/letrashipnoticas.org\\\/?p=3826#authorImage\",\"url\":\"https:\\\/\\\/secure.gravatar.com\\\/avatar\\\/1bbc04a2da05a8a25045693b6f4473cec684496aa6385880380b702aa43009f8?s=96&d=mm&r=g\",\"width\":96,\"height\":96,\"caption\":\"Dr. Arturo David V\\u00e1squez Urdiales\"}},{\"@type\":\"WebPage\",\"@id\":\"https:\\\/\\\/letrashipnoticas.org\\\/?p=3826#webpage\",\"url\":\"https:\\\/\\\/letrashipnoticas.org\\\/?p=3826\",\"name\":\"La Madre del Reich - Letras Hiptn\\u00f3ticas\",\"description\":\"Por Dr. David V\\u00e1squez TovarPublicado en Letras Hipn\\u00f3ticas | 14 de Julio de 2026 I. La pregunta que nadie se atreve a formular En la vasta y estremecedora bibliograf\\u00eda sobre Adolf Hitler \\u2014el canciller que arrastr\\u00f3 a Alemania y al mundo a la cat\\u00e1strofe m\\u00e1s devastadora del siglo XX, el arquitecto del Holocausto, el hombre\",\"inLanguage\":\"es-MX\",\"isPartOf\":{\"@id\":\"https:\\\/\\\/letrashipnoticas.org\\\/#website\"},\"breadcrumb\":{\"@id\":\"https:\\\/\\\/letrashipnoticas.org\\\/?p=3826#breadcrumblist\"},\"author\":{\"@id\":\"https:\\\/\\\/letrashipnoticas.org\\\/?author=1#author\"},\"creator\":{\"@id\":\"https:\\\/\\\/letrashipnoticas.org\\\/?author=1#author\"},\"image\":{\"@type\":\"ImageObject\",\"url\":\"https:\\\/\\\/letrashipnoticas.org\\\/wp-content\\\/uploads\\\/2026\\\/07\\\/WhatsApp-Image-2026-07-14-at-10.23.12-AM-1.jpeg\",\"@id\":\"https:\\\/\\\/letrashipnoticas.org\\\/?p=3826\\\/#mainImage\",\"width\":415,\"height\":739},\"primaryImageOfPage\":{\"@id\":\"https:\\\/\\\/letrashipnoticas.org\\\/?p=3826#mainImage\"},\"datePublished\":\"2026-07-14T16:44:06+00:00\",\"dateModified\":\"2026-07-14T16:44:12+00:00\"},{\"@type\":\"WebSite\",\"@id\":\"https:\\\/\\\/letrashipnoticas.org\\\/#website\",\"url\":\"https:\\\/\\\/letrashipnoticas.org\\\/\",\"name\":\"Letras Hiptn\\u00f3ticas\",\"description\":\"\\\"Descubre Apunte diario sobre letras hipn\\u00f3ticas, un viaje literario envolvente que despierta el alma. Reflexiones profundas, historias cautivadoras y un estilo \\u00fanico que hipnotiza en cada palabra.\\\"\",\"inLanguage\":\"es-MX\",\"publisher\":{\"@id\":\"https:\\\/\\\/letrashipnoticas.org\\\/#organization\"}}]}\n\t\t<\/script>\n\t\t<!-- All in One SEO -->\n\n","aioseo_head_json":{"title":"La Madre del Reich - Letras Hiptn\u00f3ticas","description":"Por Dr. David V\u00e1squez TovarPublicado en Letras Hipn\u00f3ticas | 14 de Julio de 2026 I. La pregunta que nadie se atreve a formular En la vasta y estremecedora bibliograf\u00eda sobre Adolf Hitler \u2014el canciller que arrastr\u00f3 a Alemania y al mundo a la cat\u00e1strofe m\u00e1s devastadora del siglo XX, el arquitecto del Holocausto, el hombre","canonical_url":"https:\/\/letrashipnoticas.org\/?p=3826","robots":"max-image-preview:large","keywords":"","webmasterTools":{"google-site-verification":"w1V7bRCSYMeOZjzLwWS_W8_n8jd94Z38sletBUa-LV0","miscellaneous":""},"schema":{"@context":"https:\/\/schema.org","@graph":[{"@type":"BlogPosting","@id":"https:\/\/letrashipnoticas.org\/?p=3826#blogposting","name":"La Madre del Reich - Letras Hiptn\u00f3ticas","headline":"La Madre del Reich","author":{"@id":"https:\/\/letrashipnoticas.org\/?author=1#author"},"publisher":{"@id":"https:\/\/letrashipnoticas.org\/#organization"},"image":{"@type":"ImageObject","url":"https:\/\/letrashipnoticas.org\/wp-content\/uploads\/2026\/07\/WhatsApp-Image-2026-07-14-at-10.23.12-AM-1.jpeg","width":415,"height":739},"datePublished":"2026-07-14T16:44:06+00:00","dateModified":"2026-07-14T16:44:12+00:00","inLanguage":"es-MX","mainEntityOfPage":{"@id":"https:\/\/letrashipnoticas.org\/?p=3826#webpage"},"isPartOf":{"@id":"https:\/\/letrashipnoticas.org\/?p=3826#webpage"},"articleSection":"Las Letras Hipn\u00f3ticas de hoy"},{"@type":"BreadcrumbList","@id":"https:\/\/letrashipnoticas.org\/?p=3826#breadcrumblist","itemListElement":[{"@type":"ListItem","@id":"https:\/\/letrashipnoticas.org#listItem","position":1,"name":"Inicio","item":"https:\/\/letrashipnoticas.org","nextItem":{"@type":"ListItem","@id":"https:\/\/letrashipnoticas.org\/?cat=1#listItem","name":"Las Letras Hipn\u00f3ticas de hoy"}},{"@type":"ListItem","@id":"https:\/\/letrashipnoticas.org\/?cat=1#listItem","position":2,"name":"Las Letras Hipn\u00f3ticas de hoy","item":"https:\/\/letrashipnoticas.org\/?cat=1","nextItem":{"@type":"ListItem","@id":"https:\/\/letrashipnoticas.org\/?p=3826#listItem","name":"La Madre del Reich"},"previousItem":{"@type":"ListItem","@id":"https:\/\/letrashipnoticas.org#listItem","name":"Inicio"}},{"@type":"ListItem","@id":"https:\/\/letrashipnoticas.org\/?p=3826#listItem","position":3,"name":"La Madre del Reich","previousItem":{"@type":"ListItem","@id":"https:\/\/letrashipnoticas.org\/?cat=1#listItem","name":"Las Letras Hipn\u00f3ticas de hoy"}}]},{"@type":"Organization","@id":"https:\/\/letrashipnoticas.org\/#organization","name":"Letras Hiptn\u00f3ticas","description":"\"Descubre Apunte diario sobre letras hipn\u00f3ticas, un viaje literario envolvente que despierta el alma. Reflexiones profundas, historias cautivadoras y un estilo \u00fanico que hipnotiza en cada palabra.\"","url":"https:\/\/letrashipnoticas.org\/","logo":{"@type":"ImageObject","url":"https:\/\/letrashipnoticas.org\/wp-content\/uploads\/2024\/09\/LogoRetinaPNG.png","@id":"https:\/\/letrashipnoticas.org\/?p=3826\/#organizationLogo","width":544,"height":180},"image":{"@id":"https:\/\/letrashipnoticas.org\/?p=3826\/#organizationLogo"}},{"@type":"Person","@id":"https:\/\/letrashipnoticas.org\/?author=1#author","url":"https:\/\/letrashipnoticas.org\/?author=1","name":"Dr. Arturo David V\u00e1squez Urdiales","image":{"@type":"ImageObject","@id":"https:\/\/letrashipnoticas.org\/?p=3826#authorImage","url":"https:\/\/secure.gravatar.com\/avatar\/1bbc04a2da05a8a25045693b6f4473cec684496aa6385880380b702aa43009f8?s=96&d=mm&r=g","width":96,"height":96,"caption":"Dr. Arturo David V\u00e1squez Urdiales"}},{"@type":"WebPage","@id":"https:\/\/letrashipnoticas.org\/?p=3826#webpage","url":"https:\/\/letrashipnoticas.org\/?p=3826","name":"La Madre del Reich - Letras Hiptn\u00f3ticas","description":"Por Dr. David V\u00e1squez TovarPublicado en Letras Hipn\u00f3ticas | 14 de Julio de 2026 I. La pregunta que nadie se atreve a formular En la vasta y estremecedora bibliograf\u00eda sobre Adolf Hitler \u2014el canciller que arrastr\u00f3 a Alemania y al mundo a la cat\u00e1strofe m\u00e1s devastadora del siglo XX, el arquitecto del Holocausto, el hombre","inLanguage":"es-MX","isPartOf":{"@id":"https:\/\/letrashipnoticas.org\/#website"},"breadcrumb":{"@id":"https:\/\/letrashipnoticas.org\/?p=3826#breadcrumblist"},"author":{"@id":"https:\/\/letrashipnoticas.org\/?author=1#author"},"creator":{"@id":"https:\/\/letrashipnoticas.org\/?author=1#author"},"image":{"@type":"ImageObject","url":"https:\/\/letrashipnoticas.org\/wp-content\/uploads\/2026\/07\/WhatsApp-Image-2026-07-14-at-10.23.12-AM-1.jpeg","@id":"https:\/\/letrashipnoticas.org\/?p=3826\/#mainImage","width":415,"height":739},"primaryImageOfPage":{"@id":"https:\/\/letrashipnoticas.org\/?p=3826#mainImage"},"datePublished":"2026-07-14T16:44:06+00:00","dateModified":"2026-07-14T16:44:12+00:00"},{"@type":"WebSite","@id":"https:\/\/letrashipnoticas.org\/#website","url":"https:\/\/letrashipnoticas.org\/","name":"Letras Hiptn\u00f3ticas","description":"\"Descubre Apunte diario sobre letras hipn\u00f3ticas, un viaje literario envolvente que despierta el alma. Reflexiones profundas, historias cautivadoras y un estilo \u00fanico que hipnotiza en cada palabra.\"","inLanguage":"es-MX","publisher":{"@id":"https:\/\/letrashipnoticas.org\/#organization"}}]},"og:locale":"es_MX","og:site_name":"Letras Hiptn\u00f3ticas - &quot;Descubre Apunte diario sobre letras hipn\u00f3ticas, un viaje literario envolvente que despierta el alma. Reflexiones profundas, historias cautivadoras y un estilo \u00fanico que hipnotiza en cada palabra.&quot; Por Dr. David V\u00e1squez TovarPublicado en Letras Hipn\u00f3ticas | 14 de Julio de 2026 I. La pregunta que nadie se atreve a formular En la vasta y estremecedora bibliograf\u00eda sobre Adolf Hitler \u2014el canciller que arrastr\u00f3 a Alemania y al mundo a la cat\u00e1strofe m\u00e1s devastadora del siglo XX, el arquitecto del Holocausto, el hombre","og:type":"article","og:title":"La Madre del Reich - Letras Hiptn\u00f3ticas","og:description":"Por Dr. David V\u00e1squez TovarPublicado en Letras Hipn\u00f3ticas | 14 de Julio de 2026 I. La pregunta que nadie se atreve a formular En la vasta y estremecedora bibliograf\u00eda sobre Adolf Hitler \u2014el canciller que arrastr\u00f3 a Alemania y al mundo a la cat\u00e1strofe m\u00e1s devastadora del siglo XX, el arquitecto del Holocausto, el hombre","og:url":"https:\/\/letrashipnoticas.org\/?p=3826","og:image":"https:\/\/letrashipnoticas.org\/wp-content\/uploads\/2026\/07\/WhatsApp-Image-2026-07-14-at-10.23.12-AM-1.jpeg","og:image:secure_url":"https:\/\/letrashipnoticas.org\/wp-content\/uploads\/2026\/07\/WhatsApp-Image-2026-07-14-at-10.23.12-AM-1.jpeg","og:image:width":415,"og:image:height":739,"article:published_time":"2026-07-14T16:44:06+00:00","article:modified_time":"2026-07-14T16:44:12+00:00","twitter:card":"summary_large_image","twitter:title":"La Madre del Reich - Letras Hiptn\u00f3ticas","twitter:description":"Por Dr. David V\u00e1squez TovarPublicado en Letras Hipn\u00f3ticas | 14 de Julio de 2026 I. La pregunta que nadie se atreve a formular En la vasta y estremecedora bibliograf\u00eda sobre Adolf Hitler \u2014el canciller que arrastr\u00f3 a Alemania y al mundo a la cat\u00e1strofe m\u00e1s devastadora del siglo XX, el arquitecto del Holocausto, el hombre","twitter:image":"https:\/\/letrashipnoticas.org\/wp-content\/uploads\/2026\/07\/WhatsApp-Image-2026-07-14-at-10.23.12-AM-1.jpeg"},"aioseo_meta_data":{"post_id":"3826","title":null,"description":null,"keywords":null,"keyphrases":{"focus":{"keyphrase":"","score":0,"analysis":{"keyphraseInTitle":{"score":0,"maxScore":9,"error":1}}},"additional":[]},"primary_term":null,"canonical_url":null,"og_title":null,"og_description":null,"og_object_type":"default","og_image_type":"default","og_image_url":null,"og_image_width":null,"og_image_height":null,"og_image_custom_url":null,"og_image_custom_fields":null,"og_video":"","og_custom_url":null,"og_article_section":null,"og_article_tags":null,"twitter_use_og":false,"twitter_card":"default","twitter_image_type":"default","twitter_image_url":null,"twitter_image_custom_url":null,"twitter_image_custom_fields":null,"twitter_title":null,"twitter_description":null,"schema":{"blockGraphs":[],"customGraphs":[],"default":{"data":{"Article":[],"Course":[],"Dataset":[],"FAQPage":[],"Movie":[],"Person":[],"Product":[],"ProductReview":[],"Car":[],"Recipe":[],"Service":[],"SoftwareApplication":[],"WebPage":[]},"graphName":"BlogPosting","isEnabled":true},"graphs":[]},"schema_type":"default","schema_type_options":null,"pillar_content":false,"robots_default":true,"robots_noindex":false,"robots_noarchive":false,"robots_nosnippet":false,"robots_nofollow":false,"robots_noimageindex":false,"robots_noodp":false,"robots_notranslate":false,"robots_max_snippet":"-1","robots_max_videopreview":"-1","robots_max_imagepreview":"large","priority":null,"frequency":"default","local_seo":null,"breadcrumb_settings":null,"limit_modified_date":false,"ai":{"faqs":[],"keyPoints":[],"titles":[],"descriptions":[],"socialPosts":{"email":[],"linkedin":[],"twitter":[],"facebook":[],"instagram":[]}},"created":"2026-07-14 16:44:12","updated":"2026-07-14 16:46:04","focus_keyword":null,"additional_keywords":null,"truseo_locale":null,"seo_analyzer_scan_date":null},"aioseo_breadcrumb":"<div class=\"aioseo-breadcrumbs\"><span class=\"aioseo-breadcrumb\">\n\t\t\t<a href=\"https:\/\/letrashipnoticas.org\" title=\"Inicio\">Inicio<\/a>\n\t\t<\/span><span class=\"aioseo-breadcrumb-separator\">&raquo;<\/span><span class=\"aioseo-breadcrumb\">\n\t\t\t<a href=\"https:\/\/letrashipnoticas.org\/?cat=1\" title=\"Las Letras Hipn\u00f3ticas de hoy\">Las Letras Hipn\u00f3ticas de hoy<\/a>\n\t\t<\/span><span class=\"aioseo-breadcrumb-separator\">&raquo;<\/span><span class=\"aioseo-breadcrumb\">\n\t\t\tLa Madre del Reich\n\t\t<\/span><\/div>","aioseo_breadcrumb_json":[{"label":"Inicio","link":"https:\/\/letrashipnoticas.org"},{"label":"Las Letras Hipn\u00f3ticas de hoy","link":"https:\/\/letrashipnoticas.org\/?cat=1"},{"label":"La Madre del Reich","link":"https:\/\/letrashipnoticas.org\/?p=3826"}],"_links":{"self":[{"href":"https:\/\/letrashipnoticas.org\/index.php?rest_route=\/wp\/v2\/posts\/3826","targetHints":{"allow":["GET"]}}],"collection":[{"href":"https:\/\/letrashipnoticas.org\/index.php?rest_route=\/wp\/v2\/posts"}],"about":[{"href":"https:\/\/letrashipnoticas.org\/index.php?rest_route=\/wp\/v2\/types\/post"}],"author":[{"embeddable":true,"href":"https:\/\/letrashipnoticas.org\/index.php?rest_route=\/wp\/v2\/users\/1"}],"replies":[{"embeddable":true,"href":"https:\/\/letrashipnoticas.org\/index.php?rest_route=%2Fwp%2Fv2%2Fcomments&post=3826"}],"version-history":[{"count":1,"href":"https:\/\/letrashipnoticas.org\/index.php?rest_route=\/wp\/v2\/posts\/3826\/revisions"}],"predecessor-version":[{"id":3837,"href":"https:\/\/letrashipnoticas.org\/index.php?rest_route=\/wp\/v2\/posts\/3826\/revisions\/3837"}],"wp:featuredmedia":[{"embeddable":true,"href":"https:\/\/letrashipnoticas.org\/index.php?rest_route=\/wp\/v2\/media\/3828"}],"wp:attachment":[{"href":"https:\/\/letrashipnoticas.org\/index.php?rest_route=%2Fwp%2Fv2%2Fmedia&parent=3826"}],"wp:term":[{"taxonomy":"category","embeddable":true,"href":"https:\/\/letrashipnoticas.org\/index.php?rest_route=%2Fwp%2Fv2%2Fcategories&post=3826"},{"taxonomy":"post_tag","embeddable":true,"href":"https:\/\/letrashipnoticas.org\/index.php?rest_route=%2Fwp%2Fv2%2Ftags&post=3826"}],"curies":[{"name":"wp","href":"https:\/\/api.w.org\/{rel}","templated":true}]}}