{"id":3453,"date":"2026-05-29T16:13:20","date_gmt":"2026-05-29T16:13:20","guid":{"rendered":"https:\/\/letrashipnoticas.org\/?p=3453"},"modified":"2026-05-29T16:13:26","modified_gmt":"2026-05-29T16:13:26","slug":"ortega-y-gasset-frente-al-espejo-de-hispanoamerica","status":"publish","type":"post","link":"https:\/\/letrashipnoticas.org\/?p=3453","title":{"rendered":"Ortega y Gasset frente al espejo de Hispanoam\u00e9rica."},"content":{"rendered":"\n<p class=\"wp-block-paragraph\"><em>Apunte diario sobre letras Hipn\u00f3ticas<\/em><\/p>\n\n\n\n<p class=\"wp-block-paragraph\"><\/p>\n\n\n\n<p class=\"wp-block-paragraph\"><em>Arturo V\u00e1squez Urdiales.<\/em><\/p>\n\n\n\n<p class=\"wp-block-paragraph\">((Prefacio: A continuaci\u00f3n, se presenta un resumen detallado de *La rebeli\u00f3n de las masas (1930) de *Jos\u00e9 Ortega y Gasset,* estructurado en los puntos clave que componen la obra, su diagn\u00f3stico sobre la crisis de la civilizaci\u00f3n occidental y su influencia posterior.<\/p>\n\n\n\n<p class=\"wp-block-paragraph\"><em>Despu\u00e9s en el Cap\u00edtulo II analizaremos los contextos actuales de &#8220;La Rebeli\u00f3n de las masas&#8221;<\/em>)<\/p>\n\n\n\n<hr class=\"wp-block-separator has-alpha-channel-opacity\"\/>\n\n\n\n<p class=\"wp-block-paragraph\"><em>Contexto hist\u00f3rico y origen de la obra<\/em><\/p>\n\n\n\n<p class=\"wp-block-paragraph\"><em>Ortega y Gasset<\/em> comenz\u00f3 a publicar los ensayos que componen La rebeli\u00f3n de las masas en forma de art\u00edculos en el diario madrile\u00f1o El Sol entre el 24 de octubre de 1929 y el 10 de agosto de 1930; al a\u00f1o siguiente se publicaron recopilados en forma de libro.<\/p>\n\n\n\n<p class=\"wp-block-paragraph\">El contexto de escritura es crucial para entender la obra: Europa viv\u00eda el auge del fascismo en Italia (Mussolini ya estaba en el poder), la consolidaci\u00f3n de la revoluci\u00f3n bolchevique en Rusia y el apogeo de los movimientos de masas de izquierdas. Ortega se pronunci\u00f3 en contra tanto del fascismo como del comunismo, a los que consider\u00f3 revoluciones est\u00e9riles e incapaces de hacer avanzar la historia. Sin embargo, la obra sirvi\u00f3 de inspiraci\u00f3n a los promotores del fascismo en Espa\u00f1a, como Ramiro Ledesma Ramos y Jos\u00e9 Antonio Primo de Rivera, quienes fueron admiradores entusiastas del fil\u00f3sofo.<\/p>\n\n\n\n<p class=\"wp-block-paragraph\"><em>El libro se convirti\u00f3 r\u00e1pidamente en un \u00e9xito masivo de ventas y en el texto m\u00e1s traducido del pensamiento en lengua espa\u00f1ola.<\/em><\/p>\n\n\n\n<p class=\"wp-block-paragraph\">Seg\u00fan Ignacio S\u00e1nchez C\u00e1mara, solo el <em>Quijote y la poes\u00eda de Lorca<\/em> lo superan en popularidad en las letras hisp\u00e1nicas.<\/p>\n\n\n\n<p class=\"wp-block-paragraph\">Ortega a\u00f1adi\u00f3 posteriormente un <em>\u00abPr\u00f3logo para franceses\u00bb<\/em> y un <em>\u00abEp\u00edlogo para ingleses\u00bb (1937),<\/em> escritos durante su exilio en Par\u00eds, en los que reafirm\u00f3 su apuesta por una uni\u00f3n europea basada en la pedagog\u00eda cultural.<\/p>\n\n\n\n<p class=\"wp-block-paragraph\"><em>Conceptos fundamentales: masa, hombre-masa y minor\u00eda selecta.<\/em><\/p>\n\n\n\n<p class=\"wp-block-paragraph\">El punto de partida de la obra es una constataci\u00f3n: \u00abHay un hecho que, para bien o para mal, es el m\u00e1s importante en la vida p\u00fablica europea de la hora presente. Este hecho es el advenimiento de las masas al pleno poder\u00edo social\u00bb. Para Ortega, la masa no es un concepto cuantitativo, sino cualitativo. La masa es el \u00abhombre medio\u00bb que arrolla todo lo diferente, egregio, individual, calificado y selecto. No se refiere a una clase social en particular (obreros, burgueses, etc.), sino a un modo de ser humano que se da en todas las clases sociales.<\/p>\n\n\n\n<p class=\"wp-block-paragraph\"><em>El hombre-masa se caracteriza por:<\/em><\/p>\n\n\n\n<p class=\"wp-block-paragraph\">\u00b7 Falta de individualidad y conformismo: se identifica con la media y lo mediocre, sin af\u00e1n por ofrecer nada excepcional.<br>\u00b7 Radical ingratitud: disfruta de los avances de la civilizaci\u00f3n (t\u00e9cnica, medicina, derechos, bienestar) como un ni\u00f1o mimado, sin interesarse por los or\u00edgenes ni el esfuerzo que los hizo posibles.<br>\u00b7 Ego\u00edsmo y autosuficiencia: sinti\u00e9ndose vulgar, proclama el derecho a la vulgaridad y se niega a reconocer instancias superiores a \u00e9l.<br>\u00b7 Falta de proyecto vital: es un ser vac\u00edo de destino propio, incapaz de entender que hay misiones particulares y mensajes especiales.<br>\u00b7 Desprecio por la libertad y el pluralismo: por eso es hostil al liberalismo, pues la libertad y el pluralismo son dos cosas rec\u00edprocas que constituyen la permanente entra\u00f1a de Europa.<\/p>\n\n\n\n<figure class=\"wp-block-image size-large\"><img loading=\"lazy\" decoding=\"async\" width=\"1024\" height=\"679\" src=\"https:\/\/letrashipnoticas.org\/wp-content\/uploads\/2026\/05\/1001744890-1024x679.jpg\" alt=\"\" class=\"wp-image-3455\" srcset=\"https:\/\/letrashipnoticas.org\/wp-content\/uploads\/2026\/05\/1001744890-1024x679.jpg 1024w, https:\/\/letrashipnoticas.org\/wp-content\/uploads\/2026\/05\/1001744890-300x199.jpg 300w, https:\/\/letrashipnoticas.org\/wp-content\/uploads\/2026\/05\/1001744890-768x509.jpg 768w, https:\/\/letrashipnoticas.org\/wp-content\/uploads\/2026\/05\/1001744890-634x420.jpg 634w, https:\/\/letrashipnoticas.org\/wp-content\/uploads\/2026\/05\/1001744890-150x99.jpg 150w, https:\/\/letrashipnoticas.org\/wp-content\/uploads\/2026\/05\/1001744890-696x461.jpg 696w, https:\/\/letrashipnoticas.org\/wp-content\/uploads\/2026\/05\/1001744890-1068x708.jpg 1068w, https:\/\/letrashipnoticas.org\/wp-content\/uploads\/2026\/05\/1001744890.jpg 1080w\" sizes=\"auto, (max-width: 1024px) 100vw, 1024px\" \/><\/figure>\n\n\n\n<p class=\"wp-block-paragraph\">Frente al hombre-masa, Ortega define a las minor\u00edas selectas. No se trata de grupos sociales privilegiados, sino de individuos o grupos de individuos especialmente cualificados, que se exigen m\u00e1s a s\u00ed mismos que a los dem\u00e1s. La minor\u00eda selecta lleva una vida marcada por la dedicaci\u00f3n, el esfuerzo y la exigencia interior. En palabras de Ortega, la divisi\u00f3n de la sociedad en masas y minor\u00edas no es una divisi\u00f3n en clases sociales, sino en dos tipos de hombres: los que se exigen mucho y los que no se exigen nada.<\/p>\n\n\n\n<p class=\"wp-block-paragraph\">Es importante se\u00f1alar que Ortega no identifica la masa con las clases populares ni las minor\u00edas con las \u00e9lites econ\u00f3micas. Admite que en las clases populares puede encontrarse <em>\u00abalmas egregiamente disciplinadas\u00bb<\/em> y que en las propias \u00e9lites se est\u00e1 produciendo el advenimiento de hombres-masa. Cada grupo social cuenta con una minor\u00eda selecta de personas, minor\u00eda que en las \u00e9lites tradicionales se estar\u00eda corrompiendo.<\/p>\n\n\n\n<p class=\"wp-block-paragraph\"><em>La rebeli\u00f3n de las masas: el fen\u00f3meno central<\/em><\/p>\n\n\n\n<p class=\"wp-block-paragraph\">La rebeli\u00f3n de las masas consiste en que la masa, que antes permanec\u00eda en segundo plano aceptando el predominio de aquellos dotados de habilidades de gobierno, ahora se sit\u00faa en primera l\u00ednea de la sociedad. Ocupa lugares, utiliza objetos y disfruta de entretenimientos reservados hasta entonces para las \u00e9lites. A estas \u00faltimas les pierde respeto, rechaza seguirlas e impone sus gustos y deseos a la sociedad, queriendo hacer de la vulgaridad la norma.<\/p>\n\n\n\n<p class=\"wp-block-paragraph\"><em>Este fen\u00f3meno tiene tres consecuencias graves:<\/em><\/p>\n\n\n\n<ol class=\"wp-block-list\">\n<li>La masa no quiere dirigir su propia existencia ni regentar la sociedad, pero se ve obligada a hacerlo por su propio empoderamiento. Ortega sostiene que <em>\u00ablas masas, por definici\u00f3n, no deben ni pueden dirigir su propia existencia, y menos regentar la sociedad\u00bb.<\/em> Por lo tanto, Europa sufre la m\u00e1s grave crisis que pueden padecer pueblos y culturas.<\/li>\n\n\n\n<li>La masa impone su ley de la mediocridad. No se trata de que la masa quiera imponer sus opiniones particulares, sino de que no quiere reconocer ninguna opini\u00f3n como superior, ninguna instancia por encima de ella. Como se\u00f1ala Ortega, <em>\u00abla masa es el hombre medio [\u2026] que arrolla todo lo diferente, egregio, individual, calificado y selecto\u00bb.<\/em><\/li>\n\n\n\n<li>Se produce una homogeneizaci\u00f3n y p\u00e9rdida de jerarqu\u00eda social. La diferencia funcional entre masas y \u00e9lites, que Ortega considera la estructura natural de la sociedad, se borra, con la consiguiente crisis en todos los \u00e1mbitos de la vida.<\/li>\n<\/ol>\n\n\n\n<p class=\"wp-block-paragraph\"><em>La hiperdemocracia y el imperio pol\u00edtico de las masas.<\/em><\/p>\n\n\n\n<p class=\"wp-block-paragraph\">Ortega alerta sobre el triunfo de lo que denomina una hiperdemocracia, en la que la masa act\u00faa directamente sin ley, sin mediaciones ni respeto por las instituciones. Esta hiperdemocracia no es el ideal democr\u00e1tico del siglo XIX, basado en el gobierno de la opini\u00f3n p\u00fablica formada a trav\u00e9s del debate y la deliberaci\u00f3n, sino su degeneraci\u00f3n: la tiran\u00eda de la mayor\u00eda num\u00e9rica que impone su parecer sin admitir discusi\u00f3n.<\/p>\n\n\n\n<p class=\"wp-block-paragraph\"><em>El hombre-masa<\/em> cree que la democracia le da derecho a imponer su opini\u00f3n sobre cualquier asunto, aunque no tenga la menor competencia para ello.<\/p>\n\n\n\n<p class=\"wp-block-paragraph\">Ortega advierte especialmente sobre la figura del sabio ignorante: aquel que opina sobre todo y que impone su opini\u00f3n en todos los \u00e1mbitos, desde la pol\u00edtica hasta la ciencia, la cultura y el arte, sin poseer la formaci\u00f3n necesaria.<\/p>\n\n\n\n<figure class=\"wp-block-image size-large\"><img loading=\"lazy\" decoding=\"async\" width=\"1024\" height=\"900\" src=\"https:\/\/letrashipnoticas.org\/wp-content\/uploads\/2026\/05\/1001744891-1024x900.jpg\" alt=\"\" class=\"wp-image-3456\" srcset=\"https:\/\/letrashipnoticas.org\/wp-content\/uploads\/2026\/05\/1001744891-1024x900.jpg 1024w, https:\/\/letrashipnoticas.org\/wp-content\/uploads\/2026\/05\/1001744891-300x264.jpg 300w, https:\/\/letrashipnoticas.org\/wp-content\/uploads\/2026\/05\/1001744891-768x675.jpg 768w, https:\/\/letrashipnoticas.org\/wp-content\/uploads\/2026\/05\/1001744891-478x420.jpg 478w, https:\/\/letrashipnoticas.org\/wp-content\/uploads\/2026\/05\/1001744891-150x132.jpg 150w, https:\/\/letrashipnoticas.org\/wp-content\/uploads\/2026\/05\/1001744891-696x612.jpg 696w, https:\/\/letrashipnoticas.org\/wp-content\/uploads\/2026\/05\/1001744891-1068x938.jpg 1068w, https:\/\/letrashipnoticas.org\/wp-content\/uploads\/2026\/05\/1001744891.jpg 1080w\" sizes=\"auto, (max-width: 1024px) 100vw, 1024px\" \/><\/figure>\n\n\n\n<p class=\"wp-block-paragraph\"><em>La civilizaci\u00f3n t\u00e9cnica y el \u00abni\u00f1o mimado\u00bb<\/em><\/p>\n\n\n\n<p class=\"wp-block-paragraph\">Uno de los an\u00e1lisis m\u00e1s agudos de Ortega se refiere a la relaci\u00f3n del hombre-masa con la t\u00e9cnica y la civilizaci\u00f3n. El hombre moderno disfruta de los prodigios de la t\u00e9cnica (autom\u00f3viles, medicina, comunicaciones, bienestar general) sin tener la menor idea de c\u00f3mo funcionan ni del esfuerzo colectivo que los hizo posibles.<\/p>\n\n\n\n<p class=\"wp-block-paragraph\">Ortega afirma que la civilizaci\u00f3n no fue construida por masas indiferenciadas, sino por minor\u00edas creativas, t\u00e9cnicas y exigentes: cient\u00edficos, ingenieros, artistas, pensadores y estadistas. Pero el hombre-masa, que ha heredado esta civilizaci\u00f3n sin haber contribuido a crearla, la utiliza como un ni\u00f1o mimado: la disfruta, la maltrata y la desperdicia, sin sentir la menor obligaci\u00f3n de mantenerla o mejorarla.<\/p>\n\n\n\n<p class=\"wp-block-paragraph\">Este <em>\u00abni\u00f1o mimado\u00bb<\/em> es el hombre que, como se\u00f1ala la RTVE, vive a la deriva escondido tras la masa, ha dejado de esforzarse y de desear mejorar. Es un ser ego\u00edsta cuya m\u00e1xima preocupaci\u00f3n es \u00e9l mismo y que, como indica filco.es, es el hombre del siglo XXI, preocupado por las tendencias y las apariencias, poco profundo.<\/p>\n\n\n\n<p class=\"wp-block-paragraph\"><em>La crisis de Europa y la p\u00e9rdida de direcci\u00f3n<\/em><\/p>\n\n\n\n<p class=\"wp-block-paragraph\">Para Ortega, la rebeli\u00f3n de las masas no es solo un problema pol\u00edtico o social, sino una crisis de la civilizaci\u00f3n occidental en su conjunto. Europa, que hab\u00eda sido el centro normativo del mundo y la fuente de los ideales de libertad, ciencia, t\u00e9cnica y progreso, ha dejado de serlo. Los hombres de Occidente no saben qu\u00e9 hacer ni qu\u00e9 ser, ni individual ni colectivamente.<\/p>\n\n\n\n<p class=\"wp-block-paragraph\">Esta p\u00e9rdida de direcci\u00f3n se debe a que los fundamentos de la civilizaci\u00f3n liberal (el respeto a la ley, la deliberaci\u00f3n p\u00fablica, la autonom\u00eda individual, la autoridad de la ciencia y la cultura) han sido arrasados por la masa. La masa no cree en nada que est\u00e9 por encima de ella, y por lo tanto no cree en la ley, en la tradici\u00f3n, en la autoridad moral o intelectual. Como se\u00f1ala S\u00e1nchez C\u00e1mara, el libro es un diagn\u00f3stico del esp\u00edritu crepuscular de una \u00e9poca y de las amenazas que pesaban sobre los fundamentos de la civilizaci\u00f3n liberal.<\/p>\n\n\n\n<p class=\"wp-block-paragraph\"><em>Cr\u00edtica al fascismo y al comunismo<\/em><\/p>\n\n\n\n<p class=\"wp-block-paragraph\">Un aspecto crucial y a menudo malinterpretado de La rebeli\u00f3n de las masas es su posici\u00f3n respecto al fascismo y al comunismo. Ortega no fue un te\u00f3rico fascista, como a veces se ha pretendido, sino un liberal conservador que defendi\u00f3 p\u00fablicamente el sistema liberal y el parlamentarismo. Consider\u00f3 tanto al fascismo como al comunismo como dos caras de la misma moneda: movimientos pol\u00edticos afines, derivados del nuevo tipo de hombre (masa) emergente en Occidente, caracterizados por su apolog\u00eda de la acci\u00f3n directa y su hostilidad hacia la democracia y el liberalismo.<\/p>\n\n\n\n<p class=\"wp-block-paragraph\">El fil\u00f3sofo espa\u00f1ol los trat\u00f3 como revoluciones est\u00e9riles, repetidas ya en la historia, incapaces de hacerla avanzar, y les achac\u00f3 su enfrentamiento con las tradiciones. Sin embargo, su elitismo intelectual y su cr\u00edtica a la democracia de masas fueron aprovechados por los promotores del fascismo espa\u00f1ol, que vieron en Ortega a un precursor.<\/p>\n\n\n\n<p class=\"wp-block-paragraph\"><em>La propuesta de Ortega: una Europa unida y una pedagog\u00eda cultural<\/em><\/p>\n\n\n\n<p class=\"wp-block-paragraph\">Frente a la crisis, Ortega no propone una vuelta a un pasado aristocr\u00e1tico ni el establecimiento de un gobierno de \u00e9lites por la fuerza. Su propuesta es m\u00e1s sutil y, en ciertos aspectos, sorprendentemente actual. En el \u00abEp\u00edlogo para ingleses\u00bb (1937), escrito en plena guerra civil espa\u00f1ola, Ortega apost\u00f3 por una uni\u00f3n europea que fomente la concordia sobre la base de una labor de pedagog\u00eda cultural que reajuste la sociedad.<\/p>\n\n\n\n<p class=\"wp-block-paragraph\">La soluci\u00f3n, para Ortega, pasa por reajustar la relaci\u00f3n entre masas y minor\u00edas mediante la educaci\u00f3n y la cultura. No se trata de excluir a las masas, sino de elevarlas, de hacerlas part\u00edcipes de los valores de la civilizaci\u00f3n. La minor\u00eda selecta tiene la responsabilidad de ejercer una funci\u00f3n rectora, no por privilegio, sino por exigencia: porque es la \u00fanica capaz de mantener vivos los ideales de excelencia, esfuerzo, libertad y pluralismo que han hecho grande a Europa.<\/p>\n\n\n\n<p class=\"wp-block-paragraph\">Ortega siempre estuvo persuadido de que solo lo que puede ser debe ser, de que el ideal solo puede realizarse si se asienta en la realidad y no en los sue\u00f1os revolucionarios de la raz\u00f3n. Por eso su antiutopismo y su oposici\u00f3n a los mesianismos revolucionarios son una constante en su obra.<\/p>\n\n\n\n<p class=\"wp-block-paragraph\"><em>Influencia y recepci\u00f3n de la obra<\/em><\/p>\n\n\n\n<p class=\"wp-block-paragraph\"><em>La rebeli\u00f3n de las masas<\/em> ha tenido una influencia enorme, pero tambi\u00e9n ha sido una de las obras m\u00e1s malinterpretadas del siglo XX.<\/p>\n\n\n\n<p class=\"wp-block-paragraph\">Como se\u00f1ala la Wikipedia, el libro ha sido traducido a m\u00e1s de veinte lenguas y sigue generando reacciones diversas.<\/p>\n\n\n\n<p class=\"wp-block-paragraph\">Para unos, Ortega era un refinado fil\u00f3sofo que ya vaticinaba la llegada de los reg\u00edmenes totalitaristas; para otros, su cr\u00edtica de la sociedad se asocia a la tradici\u00f3n de Oswald Spengler.<\/p>\n\n\n\n<p class=\"wp-block-paragraph\">En Espa\u00f1a, la polarizaci\u00f3n pol\u00edtica de los a\u00f1os de la Rep\u00fablica, la cerraz\u00f3n tradicionalista y la indigencia intelectual del progresismo neomarxista de los sesenta dificultaron una recepci\u00f3n normal de la obra. En el extranjero, el libro fue le\u00eddo a menudo como un manifiesto elitista y antidemocr\u00e1tico, lo que Ortega siempre neg\u00f3.<\/p>\n\n\n\n<p class=\"wp-block-paragraph\"><em>El fil\u00f3sofo Juli\u00e1n Mar\u00edas, disc\u00edpulo de Ortega, se\u00f1al\u00f3 que la obra estaba incompleta y que ser\u00eda El hombre y la gente la que la completar\u00eda.<\/em><\/p>\n\n\n\n<p class=\"wp-block-paragraph\">Esta observaci\u00f3n es importante porque sit\u00faa La rebeli\u00f3n de las masas dentro de un proyecto filos\u00f3fico m\u00e1s amplio: el an\u00e1lisis de la vida humana como realidad radical y de la convivencia social como su dimensi\u00f3n esencial.<\/p>\n\n\n\n<p class=\"wp-block-paragraph\"><em>Vigencia actual de la obra<\/em><\/p>\n\n\n\n<p class=\"wp-block-paragraph\">A casi un siglo de su publicaci\u00f3n, La rebeli\u00f3n de las masas sigue siendo una obra de rabiosa actualidad. Muchos de los fen\u00f3menos que Ortega describi\u00f3 se han acentuado en el siglo XXI: la cultura de la inmediatez y la apariencia, el auge de las redes sociales donde cualquiera opina sobre todo sin tener competencia, el \u00absabio ignorante\u00bb que se ha multiplicado en la era de Internet, la p\u00e9rdida de respeto por las instituciones y las autoridades leg\u00edtimas, y la crisis de la democracia liberal frente a los populismos.<\/p>\n\n\n\n<p class=\"wp-block-paragraph\"><em>El concepto de \u00abhombre-masa\u00bb<\/em> se aplica hoy a fen\u00f3menos como la posverdad, el negacionismo cient\u00edfico, la tiran\u00eda de las mayor\u00edas en las redes sociales y la cancelaci\u00f3n de todo lo que se sale de lo normativo. Como se\u00f1ala ethic.es, para Ortega la masa es una forma de indiferencia, el hombre-masa es una boya sin rumbo que est\u00e1 satisfecha en su deriva.<\/p>\n\n\n\n<p class=\"wp-block-paragraph\">Al mismo tiempo, la obra invita a reconsiderar la direcci\u00f3n de la sociedad contempor\u00e1nea y la forma en que se educa y se gu\u00eda a las nuevas generaciones.<\/p>\n\n\n\n<p class=\"wp-block-paragraph\">La pregunta que Ortega lanza a sus lectores sigue siendo v\u00e1lida hoy: \u00bfc\u00f3mo podemos mantener vivos los ideales de excelencia, esfuerzo y pluralismo en una sociedad que tiende a la homogeneizaci\u00f3n y a la mediocridad?<\/p>\n\n\n\n<p class=\"wp-block-paragraph\"><em>Primera Conclusi\u00f3n.<\/em><\/p>\n\n\n\n<p class=\"wp-block-paragraph\">La rebeli\u00f3n de las masas es mucho m\u00e1s que un libro de cr\u00edtica social o un panfleto pol\u00edtico. Es un ensayo filos\u00f3fico que aborda la crisis de la civilizaci\u00f3n occidental desde la perspectiva de la vida humana como realidad radical. Su tesis central es que el advenimiento de la masa al pleno poder\u00edo social, sin la correspondiente formaci\u00f3n y sentido de la responsabilidad, constituye la mayor amenaza para la libertad, la cultura y el progreso.<\/p>\n\n\n\n<p class=\"wp-block-paragraph\">Ortega no propone una soluci\u00f3n f\u00e1cil ni una vuelta al pasado. Su diagn\u00f3stico es amargo, pero su mirada no es pesimista: la \u00fanica salida pasa por la educaci\u00f3n, la cultura y el reajuste de las relaciones entre masas y minor\u00edas. En \u00faltima instancia, La rebeli\u00f3n de las masas es una llamada de atenci\u00f3n a la responsabilidad individual y colectiva, una invitaci\u00f3n a no conformarse con la mediocridad y a recuperar el sentido de la excelencia, el esfuerzo y el pluralismo que han hecho grande a la civilizaci\u00f3n europea.<\/p>\n\n\n\n<p class=\"wp-block-paragraph\">Como resumi\u00f3 el propio Ortega, <em>\u00abyo soy yo y mis circunstancias, y si no la salvo a ella no me salvo yo\u00bb<\/em>. En esa dial\u00e9ctica entre el individuo y su circunstancia social reside la clave para entender no solo la obra, sino tambi\u00e9n el proyecto filos\u00f3fico completo de Ortega y Gasset.<\/p>\n\n\n\n<p class=\"wp-block-paragraph\"><em>Apunte diario sobre Letras Hipn\u00f3ticas<\/em><\/p>\n\n\n\n<p class=\"wp-block-paragraph\"><em>Cap\u00edtulo II<\/em><\/p>\n\n\n\n<p class=\"wp-block-paragraph\"><em>Ortega y Gasset frente al espejo de Hispanoam\u00e9rica<\/em><\/p>\n\n\n\n<p class=\"wp-block-paragraph\"><em>El debate latinoamericano, el narco gobierno y la egemonia americana<\/em>.<\/p>\n\n\n\n<p class=\"wp-block-paragraph\"><em>Por Arturo V\u00e1squez Urdiales<\/em><\/p>\n\n\n\n<p class=\"wp-block-paragraph\"><em>Si en el primer cap\u00edtulo contemplamos al hombre-masa descrito por Jos\u00e9 Ortega y Gasset, en este segundo debemos preguntarnos algo m\u00e1s inc\u00f3modo:<\/em><\/p>\n\n\n\n<p class=\"wp-block-paragraph\"><em>\u00bfD\u00f3nde vive hoy ese hombre-masa?<\/em><\/p>\n\n\n\n<p class=\"wp-block-paragraph\"><em>\u00bfHabita \u00fanicamente en las p\u00e1ginas amarillentas de un libro publicado en 1930?<\/em><\/p>\n\n\n\n<p class=\"wp-block-paragraph\"><em>\u00bfO camina entre nosotros disfrazado de militante, de influencer, de propagandista, de bur\u00f3crata, de comentarista de redes sociales y hasta de gobernante?<\/em><\/p>\n\n\n\n<p class=\"wp-block-paragraph\"><em>Ortega escribi\u00f3 para una Europa convulsionada por el fascismo, el comunismo y la crisis de las democracias liberales. Sin embargo, muchas de sus advertencias parecen haber cruzado el Atl\u00e1ntico y haberse instalado en buena parte de Hispanoam\u00e9rica.<\/em><\/p>\n\n\n\n<p class=\"wp-block-paragraph\"><em>No porque las izquierdas sean necesariamente las responsables de todos los males.<\/em><\/p>\n\n\n\n<p class=\"wp-block-paragraph\"><em>No porque las derechas sean inocentes.<\/em><\/p>\n\n\n\n<p class=\"wp-block-paragraph\"><em>Sino porque el fen\u00f3meno que Ortega describi\u00f3 es anterior y superior a las etiquetas partidistas.<\/em><\/p>\n\n\n\n<p class=\"wp-block-paragraph\"><em>La verdadera tragedia comienza cuando el hombre-masa conquista el poder.<\/em><\/p>\n\n\n\n<p class=\"wp-block-paragraph\"><em>Y una vez conquistado, ya no importa si se viste de rojo, de azul o de verde.<\/em><\/p>\n\n\n\n<p class=\"wp-block-paragraph\"><em>La devastaci\u00f3n suele parecerse demasiado.<\/em><\/p>\n\n\n\n<figure class=\"wp-block-image size-large is-resized\"><img loading=\"lazy\" decoding=\"async\" width=\"670\" height=\"1024\" src=\"https:\/\/letrashipnoticas.org\/wp-content\/uploads\/2026\/05\/1001744892-670x1024.jpg\" alt=\"\" class=\"wp-image-3457\" style=\"aspect-ratio:0.6543746051800379;width:906px;height:auto\" srcset=\"https:\/\/letrashipnoticas.org\/wp-content\/uploads\/2026\/05\/1001744892-670x1024.jpg 670w, https:\/\/letrashipnoticas.org\/wp-content\/uploads\/2026\/05\/1001744892-196x300.jpg 196w, https:\/\/letrashipnoticas.org\/wp-content\/uploads\/2026\/05\/1001744892-768x1174.jpg 768w, https:\/\/letrashipnoticas.org\/wp-content\/uploads\/2026\/05\/1001744892-1005x1536.jpg 1005w, https:\/\/letrashipnoticas.org\/wp-content\/uploads\/2026\/05\/1001744892-275x420.jpg 275w, https:\/\/letrashipnoticas.org\/wp-content\/uploads\/2026\/05\/1001744892-150x229.jpg 150w, https:\/\/letrashipnoticas.org\/wp-content\/uploads\/2026\/05\/1001744892-300x458.jpg 300w, https:\/\/letrashipnoticas.org\/wp-content\/uploads\/2026\/05\/1001744892-696x1064.jpg 696w, https:\/\/letrashipnoticas.org\/wp-content\/uploads\/2026\/05\/1001744892.jpg 1047w\" sizes=\"auto, (max-width: 670px) 100vw, 670px\" \/><\/figure>\n\n\n\n<hr class=\"wp-block-separator has-alpha-channel-opacity\"\/>\n\n\n\n<p class=\"wp-block-paragraph\"><em>Desde una \u00f3ptica orteguiana, uno de los grandes dramas latinoamericanos ha sido la sustituci\u00f3n de la excelencia por la consigna.<\/em><\/p>\n\n\n\n<p class=\"wp-block-paragraph\"><em>El m\u00e9rito por la lealtad.<\/em><\/p>\n\n\n\n<p class=\"wp-block-paragraph\"><em>La capacidad por la obediencia.<\/em><\/p>\n\n\n\n<p class=\"wp-block-paragraph\"><em>La cr\u00edtica por el aplauso obligatorio.<\/em><\/p>\n\n\n\n<p class=\"wp-block-paragraph\"><em>El resultado ha sido visible en numerosos pa\u00edses.<\/em><\/p>\n\n\n\n<p class=\"wp-block-paragraph\"><em>La destrucci\u00f3n progresiva de instituciones que tardaron generaciones en construirse.<\/em><\/p>\n\n\n\n<p class=\"wp-block-paragraph\"><em>La colonizaci\u00f3n ideol\u00f3gica de universidades.<\/em><\/p>\n\n\n\n<p class=\"wp-block-paragraph\"><em>La conversi\u00f3n del debate p\u00fablico en una guerra de consignas.<\/em><\/p>\n\n\n\n<p class=\"wp-block-paragraph\"><em>La persecuci\u00f3n moral del discrepante.<\/em><\/p>\n\n\n\n<p class=\"wp-block-paragraph\"><em>La reducci\u00f3n de la complejidad a un relato infantil donde existen \u00fanicamente h\u00e9roes y villanos.<\/em><\/p>\n\n\n\n<p class=\"wp-block-paragraph\"><em>Ortega habr\u00eda reconocido inmediatamente el fen\u00f3meno<\/em>.<\/p>\n\n\n\n<p class=\"wp-block-paragraph\"><em>La masa no quiere discutir.<\/em><\/p>\n\n\n\n<p class=\"wp-block-paragraph\"><em>Quiere imponer.<\/em><\/p>\n\n\n\n<p class=\"wp-block-paragraph\"><em>No desea comprender.<\/em><\/p>\n\n\n\n<p class=\"wp-block-paragraph\"><em>Desea vencer.<\/em><\/p>\n\n\n\n<p class=\"wp-block-paragraph\"><em>No aspira a la verdad<\/em>.<\/p>\n\n\n\n<p class=\"wp-block-paragraph\"><em>Aspira a la unanimidad.<\/em><\/p>\n\n\n\n<p class=\"wp-block-paragraph\"><em>Y cuando la unanimidad se convierte en objetivo pol\u00edtico, la libertad comienza a agonizar.<\/em><\/p>\n\n\n\n<hr class=\"wp-block-separator has-alpha-channel-opacity\"\/>\n\n\n\n<p class=\"wp-block-paragraph\"><em>Cuba constituye quiz\u00e1 uno de los ejemplos m\u00e1s prolongados.<\/em><\/p>\n\n\n\n<p class=\"wp-block-paragraph\"><em>Una revoluci\u00f3n que prometi\u00f3 crear al hombre nuevo termin\u00f3 creando generaciones enteras dependientes del Estado.<\/em><\/p>\n\n\n\n<p class=\"wp-block-paragraph\">Una revoluci\u00f3n que prometi\u00f3 libertad termin\u00f3 produciendo una de las estructuras pol\u00edticas m\u00e1s r\u00edgidas del continente.<\/p>\n\n\n\n<p class=\"wp-block-paragraph\">Una revoluci\u00f3n que prometi\u00f3 prosperidad termin\u00f3 exportando millones de emigrantes.<\/p>\n\n\n\n<p class=\"wp-block-paragraph\">La tragedia cubana no puede explicarse \u00fanicamente por factores externos.<\/p>\n\n\n\n<p class=\"wp-block-paragraph\">Tampoco \u00fanicamente por errores internos.<\/p>\n\n\n\n<p class=\"wp-block-paragraph\">Pero ser\u00eda imposible negar que la promesa revolucionaria acab\u00f3 muy lejos del para\u00edso anunciado.<\/p>\n\n\n\n<p class=\"wp-block-paragraph\">Desde la perspectiva de Ortega, el problema habr\u00eda sido evidente.<\/p>\n\n\n\n<p class=\"wp-block-paragraph\">La sustituci\u00f3n del ciudadano por el creyente.<\/p>\n\n\n\n<p class=\"wp-block-paragraph\">La transformaci\u00f3n de la pol\u00edtica en religi\u00f3n.<\/p>\n\n\n\n<p class=\"wp-block-paragraph\">La desaparici\u00f3n de la cr\u00edtica como virtud c\u00edvica.<\/p>\n\n\n\n<hr class=\"wp-block-separator has-alpha-channel-opacity\"\/>\n\n\n\n<p class=\"wp-block-paragraph\"><em>Venezuela representa otro caso particularmente revelador.<\/em><\/p>\n\n\n\n<p class=\"wp-block-paragraph\"><em>Pocas naciones latinoamericanas pose\u00edan semejante riqueza potencial.<\/em><\/p>\n\n\n\n<p class=\"wp-block-paragraph\"><em>Petr\u00f3leo abundante.<\/em><\/p>\n\n\n\n<p class=\"wp-block-paragraph\"><em>Infraestructura considerable.<\/em><\/p>\n\n\n\n<p class=\"wp-block-paragraph\"><em>Recursos naturales extraordinarios.<\/em><\/p>\n\n\n\n<p class=\"wp-block-paragraph\"><em>Sin embargo, el pa\u00eds fue avanzando hacia una crisis econ\u00f3mica, institucional y migratoria que termin\u00f3 convirti\u00e9ndose en una de las mayores de la historia contempor\u00e1nea del continente.<\/em><\/p>\n\n\n\n<p class=\"wp-block-paragraph\">Ortega habr\u00eda visto all\u00ed la rebeli\u00f3n de las masas convertida en aparato estatal.<\/p>\n\n\n\n<p class=\"wp-block-paragraph\">La exaltaci\u00f3n permanente de la emoci\u00f3n sobre la t\u00e9cnica.<\/p>\n\n\n\n<p class=\"wp-block-paragraph\">La sospecha constante contra los expertos.<\/p>\n\n\n\n<p class=\"wp-block-paragraph\">La sustituci\u00f3n de la gesti\u00f3n por la propaganda.<\/p>\n\n\n\n<p class=\"wp-block-paragraph\">La convicci\u00f3n de que la voluntad pol\u00edtica puede reemplazar las leyes de la econom\u00eda.<\/p>\n\n\n\n<p class=\"wp-block-paragraph\">Pero la realidad posee una costumbre desagradable.<\/p>\n\n\n\n<p class=\"wp-block-paragraph\">Siempre termina cobrando sus facturas.<\/p>\n\n\n\n<hr class=\"wp-block-separator has-alpha-channel-opacity\"\/>\n\n\n\n<p class=\"wp-block-paragraph\"><em>M\u00e9xico merece un an\u00e1lisis m\u00e1s complejo.<\/em><\/p>\n\n\n\n<p class=\"wp-block-paragraph\">No porque est\u00e9 exento de errores.<\/p>\n\n\n\n<p class=\"wp-block-paragraph\"><em>Sino porque su historia demuestra que las patolog\u00edas descritas por Ortega pueden aparecer bajo gobiernos de muy distintos colores.<\/em><\/p>\n\n\n\n<p class=\"wp-block-paragraph\"><em>Sin embargo, el fen\u00f3meno populista ha encontrado terreno f\u00e9rtil.<\/em><\/p>\n\n\n\n<p class=\"wp-block-paragraph\"><em>La pol\u00edtica convertida en espect\u00e1culo.<\/em><\/p>\n\n\n\n<p class=\"wp-block-paragraph\"><em>La simplificaci\u00f3n de los problemas nacionales.<\/em><\/p>\n\n\n\n<p class=\"wp-block-paragraph\"><em>La divisi\u00f3n permanente entre buenos y malos.<\/em><\/p>\n\n\n\n<p class=\"wp-block-paragraph\"><em>La exaltaci\u00f3n del l\u00edder como int\u00e9rprete exclusivo de la voluntad popular.<\/em><\/p>\n\n\n\n<p class=\"wp-block-paragraph\"><em>La sospecha hacia organismos aut\u00f3nomos.<\/em><\/p>\n\n\n\n<p class=\"wp-block-paragraph\"><em>La erosi\u00f3n del prestigio t\u00e9cnico.<\/em><\/p>\n\n\n\n<p class=\"wp-block-paragraph\"><em>La transformaci\u00f3n del debate p\u00fablico en combate emocional.<\/em><\/p>\n\n\n\n<p class=\"wp-block-paragraph\"><em>Todo ello habr\u00eda despertado las alarmas de Ortega.<\/em><\/p>\n\n\n\n<p class=\"wp-block-paragraph\"><em>Porque para \u00e9l la democracia liberal no consist\u00eda simplemente en contar votos.<\/em><\/p>\n\n\n\n<p class=\"wp-block-paragraph\"><em>Consist\u00eda en respetar l\u00edmites.<\/em><\/p>\n\n\n\n<p class=\"wp-block-paragraph\"><em>Instituciones.<\/em><\/p>\n\n\n\n<p class=\"wp-block-paragraph\"><em>Contrapesos.<\/em><\/p>\n\n\n\n<p class=\"wp-block-paragraph\"><em>Especializaci\u00f3n.<\/em><\/p>\n\n\n\n<p class=\"wp-block-paragraph\"><em>Competencia.<\/em><\/p>\n\n\n\n<p class=\"wp-block-paragraph\"><em>Pluralismo.<\/em><\/p>\n\n\n\n<p class=\"wp-block-paragraph\"><em>Cuando esos elementos desaparecen, la democracia corre el riesgo de transformarse en una simple lucha por el control de las multitudes.<\/em><\/p>\n\n\n\n<hr class=\"wp-block-separator has-alpha-channel-opacity\"\/>\n\n\n\n<p class=\"wp-block-paragraph\"><em>Y entonces llegamos a Espa\u00f1a.<\/em><\/p>\n\n\n\n<p class=\"wp-block-paragraph\"><em>La patria intelectual de Ortega.<\/em><\/p>\n\n\n\n<p class=\"wp-block-paragraph\"><em>El pa\u00eds que \u00e9l so\u00f1\u00f3 europeizado, culto, moderno y reconciliado con la excelencia.<\/em><\/p>\n\n\n\n<p class=\"wp-block-paragraph\"><em>Las pol\u00e9micas contempor\u00e1neas en torno al gobierno de Pedro S\u00e1nchez, el papel de Jos\u00e9 Luis Rodr\u00edguez Zapatero en la pol\u00edtica internacional y las tensiones institucionales que atraviesa Espa\u00f1a ser\u00edan observadas por Ortega con preocupaci\u00f3n.<\/em><\/p>\n\n\n\n<p class=\"wp-block-paragraph\"><em>No necesariamente porque pertenecieran a una corriente ideol\u00f3gica determinada.<\/em><\/p>\n\n\n\n<p class=\"wp-block-paragraph\"><em>Sino porque reflejan una tendencia m\u00e1s profunda.<\/em><\/p>\n\n\n\n<p class=\"wp-block-paragraph\"><em>La pol\u00edtica convertida en marketing.<\/em><\/p>\n\n\n\n<p class=\"wp-block-paragraph\"><em>La sustituci\u00f3n del pensamiento por el eslogan.<\/em><\/p>\n\n\n\n<p class=\"wp-block-paragraph\"><em>La fragmentaci\u00f3n emocional de la sociedad.<\/em><\/p>\n\n\n\n<p class=\"wp-block-paragraph\"><em>La dependencia creciente de relatos simplificados.<\/em><\/p>\n\n\n\n<p class=\"wp-block-paragraph\"><em>La renuncia al gran proyecto nacional compartido.<\/em><\/p>\n\n\n\n<p class=\"wp-block-paragraph\"><em>Ortega escribi\u00f3 que Europa se hab\u00eda quedado sin programa para el ma\u00f1ana.<\/em><\/p>\n\n\n\n<p class=\"wp-block-paragraph\"><em>Quiz\u00e1 hoy podr\u00eda decir algo parecido de buena parte de Occidente.<\/em><\/p>\n\n\n\n<p class=\"wp-block-paragraph\"><em>Pero ser\u00eda injusto concluir que el problema pertenece exclusivamente a las izquierdas.<\/em><\/p>\n\n\n\n<p class=\"wp-block-paragraph\"><em>Ortega jam\u00e1s habr\u00eda aceptado una simplificaci\u00f3n tan elemental.<\/em><\/p>\n\n\n\n<p class=\"wp-block-paragraph\"><em>El hombre-masa tambi\u00e9n puede encontrarse en la derecha.<\/em><\/p>\n\n\n\n<p class=\"wp-block-paragraph\"><em>Puede encontrarse en el nacionalismo.<\/em><\/p>\n\n\n\n<p class=\"wp-block-paragraph\"><em>Puede encontrarse en el progresismo.<\/em><\/p>\n\n\n\n<p class=\"wp-block-paragraph\"><em>Puede encontrarse en el conservadurismo.<\/em><\/p>\n\n\n\n<p class=\"wp-block-paragraph\"><em>Puede encontrarse en cualquier lugar donde la consigna sustituya al pensamiento.<\/em><\/p>\n\n\n\n<p class=\"wp-block-paragraph\"><em>Donde la emoci\u00f3n sustituya al razonamiento.<\/em><\/p>\n\n\n\n<p class=\"wp-block-paragraph\"><em>Donde la tribu sustituya a la verdad<\/em>.<\/p>\n\n\n\n<p class=\"wp-block-paragraph\"><em>La enfermedad no tiene partido.<\/em><\/p>\n\n\n\n<p class=\"wp-block-paragraph\">Tiene naturaleza humana.<\/p>\n\n\n\n<hr class=\"wp-block-separator has-alpha-channel-opacity\"\/>\n\n\n\n<p class=\"wp-block-paragraph\"><em>Por eso La rebeli\u00f3n de las masas sigue siendo un libro inc\u00f3modo.<\/em><\/p>\n\n\n\n<p class=\"wp-block-paragraph\">Porque no acusa \u00fanicamente a los gobiernos.<\/p>\n\n\n\n<p class=\"wp-block-paragraph\">Nos acusa a todos.<\/p>\n\n\n\n<p class=\"wp-block-paragraph\">Acusa a quienes repiten sin leer.<\/p>\n\n\n\n<p class=\"wp-block-paragraph\">A quienes opinan sin estudiar.<\/p>\n\n\n\n<p class=\"wp-block-paragraph\">A quienes condenan sin comprender.<\/p>\n\n\n\n<p class=\"wp-block-paragraph\">A quienes aplauden sin analizar.<\/p>\n\n\n\n<p class=\"wp-block-paragraph\">A quienes convierten la ignorancia en orgullo.<\/p>\n\n\n\n<p class=\"wp-block-paragraph\">Y quiz\u00e1 esa sea la raz\u00f3n de su vigencia.<\/p>\n\n\n\n<p class=\"wp-block-paragraph\">La masa no es el otro.<\/p>\n\n\n\n<p class=\"wp-block-paragraph\">La masa puede habitar dentro de cada uno de nosotros.<\/p>\n\n\n\n<p class=\"wp-block-paragraph\">Y la verdadera batalla de la civilizaci\u00f3n comienza cuando decidimos exigirnos m\u00e1s de lo que exigimos a los dem\u00e1s.<\/p>\n\n\n\n<p class=\"wp-block-paragraph\">Porque la libertad no se conserva mediante consignas.<\/p>\n\n\n\n<p class=\"wp-block-paragraph\">La democracia no se sostiene mediante emociones.<\/p>\n\n\n\n<p class=\"wp-block-paragraph\">La cultura no sobrevive gracias a la comodidad.<\/p>\n\n\n\n<p class=\"wp-block-paragraph\">Y los pueblos no se elevan celebrando la mediocridad.<\/p>\n\n\n\n<p class=\"wp-block-paragraph\">Se elevan cuando vuelven a admirar la excelencia.<\/p>\n\n\n\n<p class=\"wp-block-paragraph\">Cuando vuelven a respetar el conocimiento.<\/p>\n\n\n\n<p class=\"wp-block-paragraph\">Cuando vuelven a comprender que la libertad exige responsabilidad.<\/p>\n\n\n\n<p class=\"wp-block-paragraph\">Y cuando recuerdan que ninguna civilizaci\u00f3n muere de repente.<\/p>\n\n\n\n<p class=\"wp-block-paragraph\">Primero deja de pensar.<\/p>\n\n\n\n<p class=\"wp-block-paragraph\">Despu\u00e9s deja de crear.<\/p>\n\n\n\n<p class=\"wp-block-paragraph\">Despu\u00e9s deja de esforzarse.<\/p>\n\n\n\n<p class=\"wp-block-paragraph\">Y finalmente se acostumbra a su propia decadencia.Como cr\u00edtica inspirada en Ortega, el argumento m\u00e1s s\u00f3lido no es que &#8220;la izquierda destruye pa\u00edses&#8221;, sino que cualquier movimiento \u2014de izquierda o de derecha\u2014 se vuelve peligroso cuando fomenta el conformismo intelectual, el culto al l\u00edder, el desprecio por la competencia t\u00e9cnica y la sustituci\u00f3n del debate por la adhesi\u00f3n emocional. Esa ser\u00eda probablemente una lectura m\u00e1s fiel al esp\u00edritu de Ortega y Gasset.<\/p>\n\n\n\n<p class=\"wp-block-paragraph\">Nota: Este resumen ha sido elaborado a partir de fuentes acad\u00e9micas y divulgativas sobre la obra, incluyendo la Wikipedia, gu\u00edas de lectura, art\u00edculos de an\u00e1lisis y el propio texto de Ortega y Gasset disponible en acceso abierto. Todas las citas directas han sido referenciadas con los n\u00fameros de p\u00e1gina y l\u00edneas correspondientes.<\/p>\n\n\n\n<p class=\"wp-block-paragraph\">Referencias citadas<\/p>\n\n\n\n<p class=\"wp-block-paragraph\">\u00b7 Wikipedia, La rebeli\u00f3n de las masas<br>\u00b7 getabstract, La rebeli\u00f3n de las masas: Resumen gratuito<br>\u00b7 Ignacio S\u00e1nchez C\u00e1mara, Jos\u00e9 Ortega y Gasset: La rebeli\u00f3n de las masas (Nueva Revista)<br>\u00b7 Monoskop, La rebeli\u00f3n de las masas (PDF)<br>\u00b7 #LibroDelViernes: La rebeli\u00f3n de las masas (Pol\u00edtica Creativa)<br>\u00b7 Jos\u00e9 Antonio Bru, Ortega y Gasset, el hombre-masa y el \u00abhombre ejemplar\u00bb<br>\u00b7 Fundaci\u00f3n Ortega-Mara\u00f1\u00f3n, Gu\u00eda de lectura: La rebeli\u00f3n de las masas<br>\u00b7 Agustina Miranda Giordano, Ortega y Gasset: el imperio pol\u00edtico de las masas (Diploactiva)<br>\u00b7 Filco.es, La rebeli\u00f3n de las masas, de Ortega y Gasset<br>\u00b7 RTVE, \u00bfEres hombre-masa o minor\u00eda selecta?<br>\u00b7 Varios resultados de b\u00fasqueda complementarios<\/p>\n","protected":false},"excerpt":{"rendered":"<p>Apunte diario sobre letras Hipn\u00f3ticas Arturo V\u00e1squez Urdiales. ((Prefacio: A continuaci\u00f3n, se presenta un resumen detallado de *La rebeli\u00f3n de las masas (1930) de *Jos\u00e9 Ortega y Gasset,* estructurado en los puntos clave que componen la obra, su diagn\u00f3stico sobre la crisis de la civilizaci\u00f3n occidental y su influencia posterior. Despu\u00e9s en el Cap\u00edtulo II [&hellip;]<\/p>\n","protected":false},"author":1,"featured_media":3454,"comment_status":"open","ping_status":"open","sticky":false,"template":"","format":"standard","meta":{"om_disable_all_campaigns":false,"_monsterinsights_skip_tracking":false,"footnotes":""},"categories":[1],"tags":[],"class_list":["post-3453","post","type-post","status-publish","format-standard","has-post-thumbnail","category-general"],"aioseo_notices":[],"aioseo_head":"\n\t\t<!-- All in One SEO 5.0.0.1 - aioseo.com -->\n\t<meta name=\"description\" content=\"Apunte diario sobre letras Hipn\u00f3ticas Arturo V\u00e1squez Urdiales. ((Prefacio: A continuaci\u00f3n, se presenta un resumen detallado de *La rebeli\u00f3n de las masas (1930) de *Jos\u00e9 Ortega y Gasset,* estructurado en los puntos clave que componen la obra, su diagn\u00f3stico sobre la crisis de la civilizaci\u00f3n occidental y su influencia posterior. Despu\u00e9s en el Cap\u00edtulo II\" \/>\n\t<meta name=\"robots\" content=\"max-image-preview:large\" \/>\n\t<meta name=\"author\" content=\"Dr. Arturo David V\u00e1squez Urdiales\"\/>\n\t<meta name=\"google-site-verification\" content=\"w1V7bRCSYMeOZjzLwWS_W8_n8jd94Z38sletBUa-LV0\" \/>\n\t<link rel=\"canonical\" href=\"https:\/\/letrashipnoticas.org\/?p=3453\" \/>\n\t<meta name=\"generator\" content=\"All in One SEO (AIOSEO) 5.0.0.1\" \/>\n\t\t<meta property=\"og:locale\" content=\"es_MX\" \/>\n\t\t<meta property=\"og:site_name\" content=\"Letras Hiptn\u00f3ticas - &quot;Descubre Apunte diario sobre letras hipn\u00f3ticas, un viaje literario envolvente que despierta el alma. Reflexiones profundas, historias cautivadoras y un estilo \u00fanico que hipnotiza en cada palabra.&quot; Apunte diario sobre letras Hipn\u00f3ticas Arturo V\u00e1squez Urdiales. ((Prefacio: A continuaci\u00f3n, se presenta un resumen detallado de *La rebeli\u00f3n de las masas (1930) de *Jos\u00e9 Ortega y Gasset,* estructurado en los puntos clave que componen la obra, su diagn\u00f3stico sobre la crisis de la civilizaci\u00f3n occidental y su influencia posterior. Despu\u00e9s en el Cap\u00edtulo II\" \/>\n\t\t<meta property=\"og:type\" content=\"article\" \/>\n\t\t<meta property=\"og:title\" content=\"Ortega y Gasset frente al espejo de Hispanoam\u00e9rica. - Letras Hiptn\u00f3ticas\" \/>\n\t\t<meta property=\"og:description\" content=\"Apunte diario sobre letras Hipn\u00f3ticas Arturo V\u00e1squez Urdiales. ((Prefacio: A continuaci\u00f3n, se presenta un resumen detallado de *La rebeli\u00f3n de las masas (1930) de *Jos\u00e9 Ortega y Gasset,* estructurado en los puntos clave que componen la obra, su diagn\u00f3stico sobre la crisis de la civilizaci\u00f3n occidental y su influencia posterior. Despu\u00e9s en el Cap\u00edtulo II\" \/>\n\t\t<meta property=\"og:url\" content=\"https:\/\/letrashipnoticas.org\/?p=3453\" \/>\n\t\t<meta property=\"og:image\" content=\"https:\/\/letrashipnoticas.org\/wp-content\/uploads\/2026\/05\/IMG-20260529-WA0008.jpg\" \/>\n\t\t<meta property=\"og:image:secure_url\" content=\"https:\/\/letrashipnoticas.org\/wp-content\/uploads\/2026\/05\/IMG-20260529-WA0008.jpg\" \/>\n\t\t<meta property=\"og:image:width\" content=\"1032\" \/>\n\t\t<meta property=\"og:image:height\" content=\"1600\" \/>\n\t\t<meta property=\"article:published_time\" content=\"2026-05-29T16:13:20+00:00\" \/>\n\t\t<meta property=\"article:modified_time\" content=\"2026-05-29T16:13:26+00:00\" \/>\n\t\t<meta name=\"twitter:card\" content=\"summary_large_image\" \/>\n\t\t<meta name=\"twitter:title\" content=\"Ortega y Gasset frente al espejo de Hispanoam\u00e9rica. - Letras Hiptn\u00f3ticas\" \/>\n\t\t<meta name=\"twitter:description\" content=\"Apunte diario sobre letras Hipn\u00f3ticas Arturo V\u00e1squez Urdiales. ((Prefacio: A continuaci\u00f3n, se presenta un resumen detallado de *La rebeli\u00f3n de las masas (1930) de *Jos\u00e9 Ortega y Gasset,* estructurado en los puntos clave que componen la obra, su diagn\u00f3stico sobre la crisis de la civilizaci\u00f3n occidental y su influencia posterior. Despu\u00e9s en el Cap\u00edtulo II\" \/>\n\t\t<meta name=\"twitter:image\" content=\"https:\/\/letrashipnoticas.org\/wp-content\/uploads\/2026\/05\/IMG-20260529-WA0008.jpg\" \/>\n\t\t<script type=\"application\/ld+json\" class=\"aioseo-schema\">\n\t\t\t{\"@context\":\"https:\\\/\\\/schema.org\",\"@graph\":[{\"@type\":\"BlogPosting\",\"@id\":\"https:\\\/\\\/letrashipnoticas.org\\\/?p=3453#blogposting\",\"name\":\"Ortega y Gasset frente al espejo de Hispanoam\\u00e9rica. - Letras Hiptn\\u00f3ticas\",\"headline\":\"Ortega y Gasset frente al espejo de Hispanoam\\u00e9rica.\",\"author\":{\"@id\":\"https:\\\/\\\/letrashipnoticas.org\\\/?author=1#author\"},\"publisher\":{\"@id\":\"https:\\\/\\\/letrashipnoticas.org\\\/#organization\"},\"image\":{\"@type\":\"ImageObject\",\"url\":\"https:\\\/\\\/letrashipnoticas.org\\\/wp-content\\\/uploads\\\/2026\\\/05\\\/IMG-20260529-WA0008.jpg\",\"width\":1032,\"height\":1600},\"datePublished\":\"2026-05-29T16:13:20+00:00\",\"dateModified\":\"2026-05-29T16:13:26+00:00\",\"inLanguage\":\"es-MX\",\"mainEntityOfPage\":{\"@id\":\"https:\\\/\\\/letrashipnoticas.org\\\/?p=3453#webpage\"},\"isPartOf\":{\"@id\":\"https:\\\/\\\/letrashipnoticas.org\\\/?p=3453#webpage\"},\"articleSection\":\"Las Letras Hipn\\u00f3ticas de hoy\"},{\"@type\":\"BreadcrumbList\",\"@id\":\"https:\\\/\\\/letrashipnoticas.org\\\/?p=3453#breadcrumblist\",\"itemListElement\":[{\"@type\":\"ListItem\",\"@id\":\"https:\\\/\\\/letrashipnoticas.org#listItem\",\"position\":1,\"name\":\"Inicio\",\"item\":\"https:\\\/\\\/letrashipnoticas.org\",\"nextItem\":{\"@type\":\"ListItem\",\"@id\":\"https:\\\/\\\/letrashipnoticas.org\\\/?cat=1#listItem\",\"name\":\"Las Letras Hipn\\u00f3ticas de hoy\"}},{\"@type\":\"ListItem\",\"@id\":\"https:\\\/\\\/letrashipnoticas.org\\\/?cat=1#listItem\",\"position\":2,\"name\":\"Las Letras Hipn\\u00f3ticas de hoy\",\"item\":\"https:\\\/\\\/letrashipnoticas.org\\\/?cat=1\",\"nextItem\":{\"@type\":\"ListItem\",\"@id\":\"https:\\\/\\\/letrashipnoticas.org\\\/?p=3453#listItem\",\"name\":\"Ortega y Gasset frente al espejo de Hispanoam\\u00e9rica.\"},\"previousItem\":{\"@type\":\"ListItem\",\"@id\":\"https:\\\/\\\/letrashipnoticas.org#listItem\",\"name\":\"Inicio\"}},{\"@type\":\"ListItem\",\"@id\":\"https:\\\/\\\/letrashipnoticas.org\\\/?p=3453#listItem\",\"position\":3,\"name\":\"Ortega y Gasset frente al espejo de Hispanoam\\u00e9rica.\",\"previousItem\":{\"@type\":\"ListItem\",\"@id\":\"https:\\\/\\\/letrashipnoticas.org\\\/?cat=1#listItem\",\"name\":\"Las Letras Hipn\\u00f3ticas de hoy\"}}]},{\"@type\":\"Organization\",\"@id\":\"https:\\\/\\\/letrashipnoticas.org\\\/#organization\",\"name\":\"Letras Hiptn\\u00f3ticas\",\"description\":\"\\\"Descubre Apunte diario sobre letras hipn\\u00f3ticas, un viaje literario envolvente que despierta el alma. Reflexiones profundas, historias cautivadoras y un estilo \\u00fanico que hipnotiza en cada palabra.\\\"\",\"url\":\"https:\\\/\\\/letrashipnoticas.org\\\/\",\"logo\":{\"@type\":\"ImageObject\",\"url\":\"https:\\\/\\\/letrashipnoticas.org\\\/wp-content\\\/uploads\\\/2024\\\/09\\\/LogoRetinaPNG.png\",\"@id\":\"https:\\\/\\\/letrashipnoticas.org\\\/?p=3453\\\/#organizationLogo\",\"width\":544,\"height\":180},\"image\":{\"@id\":\"https:\\\/\\\/letrashipnoticas.org\\\/?p=3453\\\/#organizationLogo\"}},{\"@type\":\"Person\",\"@id\":\"https:\\\/\\\/letrashipnoticas.org\\\/?author=1#author\",\"url\":\"https:\\\/\\\/letrashipnoticas.org\\\/?author=1\",\"name\":\"Dr. Arturo David V\\u00e1squez Urdiales\",\"image\":{\"@type\":\"ImageObject\",\"@id\":\"https:\\\/\\\/letrashipnoticas.org\\\/?p=3453#authorImage\",\"url\":\"https:\\\/\\\/secure.gravatar.com\\\/avatar\\\/1bbc04a2da05a8a25045693b6f4473cec684496aa6385880380b702aa43009f8?s=96&d=mm&r=g\",\"width\":96,\"height\":96,\"caption\":\"Dr. Arturo David V\\u00e1squez Urdiales\"}},{\"@type\":\"WebPage\",\"@id\":\"https:\\\/\\\/letrashipnoticas.org\\\/?p=3453#webpage\",\"url\":\"https:\\\/\\\/letrashipnoticas.org\\\/?p=3453\",\"name\":\"Ortega y Gasset frente al espejo de Hispanoam\\u00e9rica. - Letras Hiptn\\u00f3ticas\",\"description\":\"Apunte diario sobre letras Hipn\\u00f3ticas Arturo V\\u00e1squez Urdiales. ((Prefacio: A continuaci\\u00f3n, se presenta un resumen detallado de *La rebeli\\u00f3n de las masas (1930) de *Jos\\u00e9 Ortega y Gasset,* estructurado en los puntos clave que componen la obra, su diagn\\u00f3stico sobre la crisis de la civilizaci\\u00f3n occidental y su influencia posterior. Despu\\u00e9s en el Cap\\u00edtulo II\",\"inLanguage\":\"es-MX\",\"isPartOf\":{\"@id\":\"https:\\\/\\\/letrashipnoticas.org\\\/#website\"},\"breadcrumb\":{\"@id\":\"https:\\\/\\\/letrashipnoticas.org\\\/?p=3453#breadcrumblist\"},\"author\":{\"@id\":\"https:\\\/\\\/letrashipnoticas.org\\\/?author=1#author\"},\"creator\":{\"@id\":\"https:\\\/\\\/letrashipnoticas.org\\\/?author=1#author\"},\"image\":{\"@type\":\"ImageObject\",\"url\":\"https:\\\/\\\/letrashipnoticas.org\\\/wp-content\\\/uploads\\\/2026\\\/05\\\/IMG-20260529-WA0008.jpg\",\"@id\":\"https:\\\/\\\/letrashipnoticas.org\\\/?p=3453\\\/#mainImage\",\"width\":1032,\"height\":1600},\"primaryImageOfPage\":{\"@id\":\"https:\\\/\\\/letrashipnoticas.org\\\/?p=3453#mainImage\"},\"datePublished\":\"2026-05-29T16:13:20+00:00\",\"dateModified\":\"2026-05-29T16:13:26+00:00\"},{\"@type\":\"WebSite\",\"@id\":\"https:\\\/\\\/letrashipnoticas.org\\\/#website\",\"url\":\"https:\\\/\\\/letrashipnoticas.org\\\/\",\"name\":\"Letras Hiptn\\u00f3ticas\",\"description\":\"\\\"Descubre Apunte diario sobre letras hipn\\u00f3ticas, un viaje literario envolvente que despierta el alma. Reflexiones profundas, historias cautivadoras y un estilo \\u00fanico que hipnotiza en cada palabra.\\\"\",\"inLanguage\":\"es-MX\",\"publisher\":{\"@id\":\"https:\\\/\\\/letrashipnoticas.org\\\/#organization\"}}]}\n\t\t<\/script>\n\t\t<!-- All in One SEO -->\n\n","aioseo_head_json":{"title":"Ortega y Gasset frente al espejo de Hispanoam\u00e9rica. - Letras Hiptn\u00f3ticas","description":"Apunte diario sobre letras Hipn\u00f3ticas Arturo V\u00e1squez Urdiales. ((Prefacio: A continuaci\u00f3n, se presenta un resumen detallado de *La rebeli\u00f3n de las masas (1930) de *Jos\u00e9 Ortega y Gasset,* estructurado en los puntos clave que componen la obra, su diagn\u00f3stico sobre la crisis de la civilizaci\u00f3n occidental y su influencia posterior. Despu\u00e9s en el Cap\u00edtulo II","canonical_url":"https:\/\/letrashipnoticas.org\/?p=3453","robots":"max-image-preview:large","keywords":"","webmasterTools":{"google-site-verification":"w1V7bRCSYMeOZjzLwWS_W8_n8jd94Z38sletBUa-LV0","miscellaneous":""},"schema":{"@context":"https:\/\/schema.org","@graph":[{"@type":"BlogPosting","@id":"https:\/\/letrashipnoticas.org\/?p=3453#blogposting","name":"Ortega y Gasset frente al espejo de Hispanoam\u00e9rica. - Letras Hiptn\u00f3ticas","headline":"Ortega y Gasset frente al espejo de Hispanoam\u00e9rica.","author":{"@id":"https:\/\/letrashipnoticas.org\/?author=1#author"},"publisher":{"@id":"https:\/\/letrashipnoticas.org\/#organization"},"image":{"@type":"ImageObject","url":"https:\/\/letrashipnoticas.org\/wp-content\/uploads\/2026\/05\/IMG-20260529-WA0008.jpg","width":1032,"height":1600},"datePublished":"2026-05-29T16:13:20+00:00","dateModified":"2026-05-29T16:13:26+00:00","inLanguage":"es-MX","mainEntityOfPage":{"@id":"https:\/\/letrashipnoticas.org\/?p=3453#webpage"},"isPartOf":{"@id":"https:\/\/letrashipnoticas.org\/?p=3453#webpage"},"articleSection":"Las Letras Hipn\u00f3ticas de hoy"},{"@type":"BreadcrumbList","@id":"https:\/\/letrashipnoticas.org\/?p=3453#breadcrumblist","itemListElement":[{"@type":"ListItem","@id":"https:\/\/letrashipnoticas.org#listItem","position":1,"name":"Inicio","item":"https:\/\/letrashipnoticas.org","nextItem":{"@type":"ListItem","@id":"https:\/\/letrashipnoticas.org\/?cat=1#listItem","name":"Las Letras Hipn\u00f3ticas de hoy"}},{"@type":"ListItem","@id":"https:\/\/letrashipnoticas.org\/?cat=1#listItem","position":2,"name":"Las Letras Hipn\u00f3ticas de hoy","item":"https:\/\/letrashipnoticas.org\/?cat=1","nextItem":{"@type":"ListItem","@id":"https:\/\/letrashipnoticas.org\/?p=3453#listItem","name":"Ortega y Gasset frente al espejo de Hispanoam\u00e9rica."},"previousItem":{"@type":"ListItem","@id":"https:\/\/letrashipnoticas.org#listItem","name":"Inicio"}},{"@type":"ListItem","@id":"https:\/\/letrashipnoticas.org\/?p=3453#listItem","position":3,"name":"Ortega y Gasset frente al espejo de Hispanoam\u00e9rica.","previousItem":{"@type":"ListItem","@id":"https:\/\/letrashipnoticas.org\/?cat=1#listItem","name":"Las Letras Hipn\u00f3ticas de hoy"}}]},{"@type":"Organization","@id":"https:\/\/letrashipnoticas.org\/#organization","name":"Letras Hiptn\u00f3ticas","description":"\"Descubre Apunte diario sobre letras hipn\u00f3ticas, un viaje literario envolvente que despierta el alma. Reflexiones profundas, historias cautivadoras y un estilo \u00fanico que hipnotiza en cada palabra.\"","url":"https:\/\/letrashipnoticas.org\/","logo":{"@type":"ImageObject","url":"https:\/\/letrashipnoticas.org\/wp-content\/uploads\/2024\/09\/LogoRetinaPNG.png","@id":"https:\/\/letrashipnoticas.org\/?p=3453\/#organizationLogo","width":544,"height":180},"image":{"@id":"https:\/\/letrashipnoticas.org\/?p=3453\/#organizationLogo"}},{"@type":"Person","@id":"https:\/\/letrashipnoticas.org\/?author=1#author","url":"https:\/\/letrashipnoticas.org\/?author=1","name":"Dr. Arturo David V\u00e1squez Urdiales","image":{"@type":"ImageObject","@id":"https:\/\/letrashipnoticas.org\/?p=3453#authorImage","url":"https:\/\/secure.gravatar.com\/avatar\/1bbc04a2da05a8a25045693b6f4473cec684496aa6385880380b702aa43009f8?s=96&d=mm&r=g","width":96,"height":96,"caption":"Dr. Arturo David V\u00e1squez Urdiales"}},{"@type":"WebPage","@id":"https:\/\/letrashipnoticas.org\/?p=3453#webpage","url":"https:\/\/letrashipnoticas.org\/?p=3453","name":"Ortega y Gasset frente al espejo de Hispanoam\u00e9rica. - Letras Hiptn\u00f3ticas","description":"Apunte diario sobre letras Hipn\u00f3ticas Arturo V\u00e1squez Urdiales. ((Prefacio: A continuaci\u00f3n, se presenta un resumen detallado de *La rebeli\u00f3n de las masas (1930) de *Jos\u00e9 Ortega y Gasset,* estructurado en los puntos clave que componen la obra, su diagn\u00f3stico sobre la crisis de la civilizaci\u00f3n occidental y su influencia posterior. Despu\u00e9s en el Cap\u00edtulo II","inLanguage":"es-MX","isPartOf":{"@id":"https:\/\/letrashipnoticas.org\/#website"},"breadcrumb":{"@id":"https:\/\/letrashipnoticas.org\/?p=3453#breadcrumblist"},"author":{"@id":"https:\/\/letrashipnoticas.org\/?author=1#author"},"creator":{"@id":"https:\/\/letrashipnoticas.org\/?author=1#author"},"image":{"@type":"ImageObject","url":"https:\/\/letrashipnoticas.org\/wp-content\/uploads\/2026\/05\/IMG-20260529-WA0008.jpg","@id":"https:\/\/letrashipnoticas.org\/?p=3453\/#mainImage","width":1032,"height":1600},"primaryImageOfPage":{"@id":"https:\/\/letrashipnoticas.org\/?p=3453#mainImage"},"datePublished":"2026-05-29T16:13:20+00:00","dateModified":"2026-05-29T16:13:26+00:00"},{"@type":"WebSite","@id":"https:\/\/letrashipnoticas.org\/#website","url":"https:\/\/letrashipnoticas.org\/","name":"Letras Hiptn\u00f3ticas","description":"\"Descubre Apunte diario sobre letras hipn\u00f3ticas, un viaje literario envolvente que despierta el alma. Reflexiones profundas, historias cautivadoras y un estilo \u00fanico que hipnotiza en cada palabra.\"","inLanguage":"es-MX","publisher":{"@id":"https:\/\/letrashipnoticas.org\/#organization"}}]},"og:locale":"es_MX","og:site_name":"Letras Hiptn\u00f3ticas - &quot;Descubre Apunte diario sobre letras hipn\u00f3ticas, un viaje literario envolvente que despierta el alma. Reflexiones profundas, historias cautivadoras y un estilo \u00fanico que hipnotiza en cada palabra.&quot; Apunte diario sobre letras Hipn\u00f3ticas Arturo V\u00e1squez Urdiales. ((Prefacio: A continuaci\u00f3n, se presenta un resumen detallado de *La rebeli\u00f3n de las masas (1930) de *Jos\u00e9 Ortega y Gasset,* estructurado en los puntos clave que componen la obra, su diagn\u00f3stico sobre la crisis de la civilizaci\u00f3n occidental y su influencia posterior. Despu\u00e9s en el Cap\u00edtulo II","og:type":"article","og:title":"Ortega y Gasset frente al espejo de Hispanoam\u00e9rica. - Letras Hiptn\u00f3ticas","og:description":"Apunte diario sobre letras Hipn\u00f3ticas Arturo V\u00e1squez Urdiales. ((Prefacio: A continuaci\u00f3n, se presenta un resumen detallado de *La rebeli\u00f3n de las masas (1930) de *Jos\u00e9 Ortega y Gasset,* estructurado en los puntos clave que componen la obra, su diagn\u00f3stico sobre la crisis de la civilizaci\u00f3n occidental y su influencia posterior. Despu\u00e9s en el Cap\u00edtulo II","og:url":"https:\/\/letrashipnoticas.org\/?p=3453","og:image":"https:\/\/letrashipnoticas.org\/wp-content\/uploads\/2026\/05\/IMG-20260529-WA0008.jpg","og:image:secure_url":"https:\/\/letrashipnoticas.org\/wp-content\/uploads\/2026\/05\/IMG-20260529-WA0008.jpg","og:image:width":1032,"og:image:height":1600,"article:published_time":"2026-05-29T16:13:20+00:00","article:modified_time":"2026-05-29T16:13:26+00:00","twitter:card":"summary_large_image","twitter:title":"Ortega y Gasset frente al espejo de Hispanoam\u00e9rica. - Letras Hiptn\u00f3ticas","twitter:description":"Apunte diario sobre letras Hipn\u00f3ticas Arturo V\u00e1squez Urdiales. ((Prefacio: A continuaci\u00f3n, se presenta un resumen detallado de *La rebeli\u00f3n de las masas (1930) de *Jos\u00e9 Ortega y Gasset,* estructurado en los puntos clave que componen la obra, su diagn\u00f3stico sobre la crisis de la civilizaci\u00f3n occidental y su influencia posterior. Despu\u00e9s en el Cap\u00edtulo II","twitter:image":"https:\/\/letrashipnoticas.org\/wp-content\/uploads\/2026\/05\/IMG-20260529-WA0008.jpg"},"aioseo_meta_data":{"post_id":"3453","title":null,"description":null,"keywords":null,"keyphrases":{"focus":{"keyphrase":"","score":0,"analysis":{"keyphraseInTitle":{"score":0,"maxScore":9,"error":1}}},"additional":[]},"primary_term":null,"canonical_url":null,"og_title":null,"og_description":null,"og_object_type":"default","og_image_type":"default","og_image_url":null,"og_image_width":null,"og_image_height":null,"og_image_custom_url":null,"og_image_custom_fields":null,"og_video":"","og_custom_url":null,"og_article_section":null,"og_article_tags":null,"twitter_use_og":false,"twitter_card":"default","twitter_image_type":"default","twitter_image_url":null,"twitter_image_custom_url":null,"twitter_image_custom_fields":null,"twitter_title":null,"twitter_description":null,"schema":{"blockGraphs":[],"customGraphs":[],"default":{"data":{"Article":[],"Course":[],"Dataset":[],"FAQPage":[],"Movie":[],"Person":[],"Product":[],"ProductReview":[],"Car":[],"Recipe":[],"Service":[],"SoftwareApplication":[],"WebPage":[]},"graphName":"BlogPosting","isEnabled":true},"graphs":[]},"schema_type":"default","schema_type_options":null,"pillar_content":false,"robots_default":true,"robots_noindex":false,"robots_noarchive":false,"robots_nosnippet":false,"robots_nofollow":false,"robots_noimageindex":false,"robots_noodp":false,"robots_notranslate":false,"robots_max_snippet":"-1","robots_max_videopreview":"-1","robots_max_imagepreview":"large","priority":null,"frequency":"default","local_seo":null,"breadcrumb_settings":null,"limit_modified_date":false,"ai":{"faqs":[],"keyPoints":[],"titles":[],"descriptions":[],"socialPosts":{"email":[],"linkedin":[],"twitter":[],"facebook":[],"instagram":[]}},"created":"2026-05-29 16:13:26","updated":"2026-05-29 17:37:21","focus_keyword":null,"additional_keywords":null,"truseo_locale":null,"seo_analyzer_scan_date":null},"aioseo_breadcrumb":"<div class=\"aioseo-breadcrumbs\"><span class=\"aioseo-breadcrumb\">\n\t\t\t<a href=\"https:\/\/letrashipnoticas.org\" title=\"Inicio\">Inicio<\/a>\n\t\t<\/span><span class=\"aioseo-breadcrumb-separator\">&raquo;<\/span><span class=\"aioseo-breadcrumb\">\n\t\t\t<a href=\"https:\/\/letrashipnoticas.org\/?cat=1\" title=\"Las Letras Hipn\u00f3ticas de hoy\">Las Letras Hipn\u00f3ticas de hoy<\/a>\n\t\t<\/span><span class=\"aioseo-breadcrumb-separator\">&raquo;<\/span><span class=\"aioseo-breadcrumb\">\n\t\t\tOrtega y Gasset frente al espejo de Hispanoam\u00e9rica.\n\t\t<\/span><\/div>","aioseo_breadcrumb_json":[{"label":"Inicio","link":"https:\/\/letrashipnoticas.org"},{"label":"Las Letras Hipn\u00f3ticas de hoy","link":"https:\/\/letrashipnoticas.org\/?cat=1"},{"label":"Ortega y Gasset frente al espejo de Hispanoam\u00e9rica.","link":"https:\/\/letrashipnoticas.org\/?p=3453"}],"_links":{"self":[{"href":"https:\/\/letrashipnoticas.org\/index.php?rest_route=\/wp\/v2\/posts\/3453","targetHints":{"allow":["GET"]}}],"collection":[{"href":"https:\/\/letrashipnoticas.org\/index.php?rest_route=\/wp\/v2\/posts"}],"about":[{"href":"https:\/\/letrashipnoticas.org\/index.php?rest_route=\/wp\/v2\/types\/post"}],"author":[{"embeddable":true,"href":"https:\/\/letrashipnoticas.org\/index.php?rest_route=\/wp\/v2\/users\/1"}],"replies":[{"embeddable":true,"href":"https:\/\/letrashipnoticas.org\/index.php?rest_route=%2Fwp%2Fv2%2Fcomments&post=3453"}],"version-history":[{"count":1,"href":"https:\/\/letrashipnoticas.org\/index.php?rest_route=\/wp\/v2\/posts\/3453\/revisions"}],"predecessor-version":[{"id":3458,"href":"https:\/\/letrashipnoticas.org\/index.php?rest_route=\/wp\/v2\/posts\/3453\/revisions\/3458"}],"wp:featuredmedia":[{"embeddable":true,"href":"https:\/\/letrashipnoticas.org\/index.php?rest_route=\/wp\/v2\/media\/3454"}],"wp:attachment":[{"href":"https:\/\/letrashipnoticas.org\/index.php?rest_route=%2Fwp%2Fv2%2Fmedia&parent=3453"}],"wp:term":[{"taxonomy":"category","embeddable":true,"href":"https:\/\/letrashipnoticas.org\/index.php?rest_route=%2Fwp%2Fv2%2Fcategories&post=3453"},{"taxonomy":"post_tag","embeddable":true,"href":"https:\/\/letrashipnoticas.org\/index.php?rest_route=%2Fwp%2Fv2%2Ftags&post=3453"}],"curies":[{"name":"wp","href":"https:\/\/api.w.org\/{rel}","templated":true}]}}