{"id":3118,"date":"2026-04-23T18:38:42","date_gmt":"2026-04-23T18:38:42","guid":{"rendered":"https:\/\/letrashipnoticas.org\/?p=3118"},"modified":"2026-04-23T18:38:49","modified_gmt":"2026-04-23T18:38:49","slug":"la-masacre-de-guanajuato","status":"publish","type":"post","link":"https:\/\/letrashipnoticas.org\/?p=3118","title":{"rendered":"La Masacre de Guanajuato."},"content":{"rendered":"\n<p class=\"wp-block-paragraph\">El joven que vio arder el orden en la Alh\u00f3ndiga de Granaditas<\/p>\n\n\n\n<p class=\"wp-block-paragraph\">Por Arturo V\u00e1squez Urdiales<\/p>\n\n\n\n<p class=\"wp-block-paragraph\">I. Investigaci\u00f3n hist\u00f3rica: el fuego que abri\u00f3 la Independencia<\/p>\n\n\n\n<p class=\"wp-block-paragraph\">La toma de la Alh\u00f3ndiga de Granaditas, ocurrida el 28 de septiembre de 1810 en Guanajuato, constituye uno de los episodios m\u00e1s crudos y simb\u00f3licos del inicio de la Guerra de Independencia de M\u00e9xico. Aquel edificio, dise\u00f1ado como granero en el siglo XVIII, se transform\u00f3 en fortaleza improvisada y, despu\u00e9s, en un sepulcro colectivo.<\/p>\n\n\n\n<p class=\"wp-block-paragraph\">El movimiento insurgente, encabezado por Miguel Hidalgo y Costilla, hab\u00eda prendido apenas d\u00edas antes con el Grito de Dolores. La insurrecci\u00f3n creci\u00f3 como incendio en campo seco: mineros, campesinos, ind\u00edgenas y mestizos se unieron en masa. No era un ej\u00e9rcito disciplinado, sino una multitud herida por siglos de desigualdad.<\/p>\n\n\n\n<p class=\"wp-block-paragraph\">Dentro de la Alh\u00f3ndiga se refugiaron espa\u00f1oles peninsulares y criollos ricos, junto con sus familias y bienes. El intendente Juan Antonio Ria\u00f1o organiz\u00f3 la defensa. Resistieron durante horas. Pero la marea humana era incontenible.<\/p>\n\n\n\n<p class=\"wp-block-paragraph\">La tradici\u00f3n popular recuerda a un minero, Juan Jos\u00e9 de los Reyes Mart\u00ednez &#8220;El P\u00edpila&#8221;, quien habr\u00eda avanzado con una losa en la espalda para protegerse del fuego enemigo y prender la puerta. Aunque los historiadores debaten los detalles, el s\u00edmbolo permanece: el instante en que la resistencia cedi\u00f3.<\/p>\n\n\n\n<p class=\"wp-block-paragraph\">Cuando las puertas ardieron, la multitud entr\u00f3.<\/p>\n\n\n\n<p class=\"wp-block-paragraph\">Lo que sigui\u00f3 no fue una batalla convencional. Fue una irrupci\u00f3n violenta, ca\u00f3tica, desbordada. Murieron combatientes y civiles. Hubo saqueo, venganza, descontrol. La l\u00ednea entre justicia insurgente y furia colectiva se volvi\u00f3 invisible.<\/p>\n\n\n\n<p class=\"wp-block-paragraph\">Entre los testigos de aquel episodio estuvo un joven de 18 a\u00f1os: Lucas Alam\u00e1n. Pertenec\u00eda a una familia acomodada de Guanajuato. No era soldado. Era espectador forzado de una escena que marcar\u00eda su vida.<\/p>\n\n\n\n<p class=\"wp-block-paragraph\">A\u00f1os despu\u00e9s, Alam\u00e1n escribir\u00eda sobre aquellos d\u00edas con una mezcla de horror y lucidez. Para \u00e9l, la Independencia no naci\u00f3 como epopeya, sino como advertencia. Su pensamiento pol\u00edtico posterior \u2014centralista, conservador, defensor del orden\u2014 no puede comprenderse sin esa vivencia inicial.<\/p>\n\n\n\n<p class=\"wp-block-paragraph\">En el siglo XIX, Alam\u00e1n ser\u00eda una figura central: ministro, historiador, fundador del pensamiento conservador mexicano. Pero en el fondo de su obra siempre lat\u00eda aquella imagen: la multitud desatada, la sangre, el grito.<\/p>\n\n\n\n<p class=\"wp-block-paragraph\">La historiograf\u00eda moderna reconoce que la toma de la Alh\u00f3ndiga fue tanto un acto de rebeli\u00f3n leg\u00edtima contra un sistema injusto como un episodio de violencia extrema. No hay una sola lectura. Hay tensi\u00f3n, contradicci\u00f3n, memoria.<\/p>\n\n\n\n<p class=\"wp-block-paragraph\">Hoy, la Alh\u00f3ndiga es museo. Pero sus muros siguen siendo archivo de piedra: guardan el eco de un pa\u00eds que naci\u00f3 entre ideales y heridas.<\/p>\n\n\n\n<figure class=\"wp-block-image size-large is-resized\"><img loading=\"lazy\" decoding=\"async\" width=\"1024\" height=\"776\" src=\"https:\/\/letrashipnoticas.org\/wp-content\/uploads\/2026\/04\/WhatsApp-Image-2026-04-23-at-12.34.31-PM-1-1024x776.jpeg\" alt=\"\" class=\"wp-image-3120\" style=\"width:1055px;height:auto\" srcset=\"https:\/\/letrashipnoticas.org\/wp-content\/uploads\/2026\/04\/WhatsApp-Image-2026-04-23-at-12.34.31-PM-1-1024x776.jpeg 1024w, https:\/\/letrashipnoticas.org\/wp-content\/uploads\/2026\/04\/WhatsApp-Image-2026-04-23-at-12.34.31-PM-1-300x227.jpeg 300w, https:\/\/letrashipnoticas.org\/wp-content\/uploads\/2026\/04\/WhatsApp-Image-2026-04-23-at-12.34.31-PM-1-768x582.jpeg 768w, https:\/\/letrashipnoticas.org\/wp-content\/uploads\/2026\/04\/WhatsApp-Image-2026-04-23-at-12.34.31-PM-1-555x420.jpeg 555w, https:\/\/letrashipnoticas.org\/wp-content\/uploads\/2026\/04\/WhatsApp-Image-2026-04-23-at-12.34.31-PM-1-80x60.jpeg 80w, https:\/\/letrashipnoticas.org\/wp-content\/uploads\/2026\/04\/WhatsApp-Image-2026-04-23-at-12.34.31-PM-1-150x114.jpeg 150w, https:\/\/letrashipnoticas.org\/wp-content\/uploads\/2026\/04\/WhatsApp-Image-2026-04-23-at-12.34.31-PM-1-696x527.jpeg 696w, https:\/\/letrashipnoticas.org\/wp-content\/uploads\/2026\/04\/WhatsApp-Image-2026-04-23-at-12.34.31-PM-1-1068x809.jpeg 1068w, https:\/\/letrashipnoticas.org\/wp-content\/uploads\/2026\/04\/WhatsApp-Image-2026-04-23-at-12.34.31-PM-1.jpeg 1080w\" sizes=\"auto, (max-width: 1024px) 100vw, 1024px\" \/><\/figure>\n\n\n\n<p class=\"wp-block-paragraph\">&#8212;\u2696\ufe0f<\/p>\n\n\n\n<p class=\"wp-block-paragraph\">II. Alh\u00f3ndiga<\/p>\n\n\n\n<p class=\"wp-block-paragraph\">Hay momentos en la historia que no pasan: se quedan suspendidos como brasas en la conciencia de los hombres.<\/p>\n\n\n\n<p class=\"wp-block-paragraph\">Uno de esos momentos ocurri\u00f3 en la Alh\u00f3ndiga.<\/p>\n\n\n\n<p class=\"wp-block-paragraph\">No fue el incendio de una puerta. Fue el incendio de una idea.<\/p>\n\n\n\n<p class=\"wp-block-paragraph\">Un joven \u2014no a\u00fan el ide\u00f3logo, no a\u00fan el ministro, no a\u00fan el arquitecto del conservadurismo\u2014 miraba. Miraba sin poder cerrar los ojos. Miraba c\u00f3mo el orden, ese fr\u00e1gil pacto invisible que sostiene a las ciudades, se romp\u00eda como vidrio bajo la presi\u00f3n de la multitud.<\/p>\n\n\n\n<p class=\"wp-block-paragraph\">Ese joven era Lucas Alam\u00e1n.<\/p>\n\n\n\n<p class=\"wp-block-paragraph\">Y aquella tarde, la historia no le habl\u00f3 con palabras. Le habl\u00f3 con gritos.<\/p>\n\n\n\n<p class=\"wp-block-paragraph\">&#8212;\u2696\ufe0f<\/p>\n\n\n\n<p class=\"wp-block-paragraph\">La multitud no piensa: arde.<\/p>\n\n\n\n<p class=\"wp-block-paragraph\">Arde como arden los bosques cuando la sequ\u00eda es larga. Arde como arde el resentimiento cuando se acumula durante siglos. En cada golpe de machete, en cada piedra lanzada, no hab\u00eda solo violencia: hab\u00eda memoria, hab\u00eda hambre, hab\u00eda humillaci\u00f3n.<\/p>\n\n\n\n<p class=\"wp-block-paragraph\">Pero tambi\u00e9n hab\u00eda algo m\u00e1s.<\/p>\n\n\n\n<p class=\"wp-block-paragraph\">Hab\u00eda p\u00e9rdida de forma.<\/p>\n\n\n\n<p class=\"wp-block-paragraph\">El ser humano, cuando se disuelve en masa, deja de ser individuo y se convierte en fuerza. Y la fuerza no distingue entre justicia y exceso. Solo avanza.<\/p>\n\n\n\n<p class=\"wp-block-paragraph\">Alam\u00e1n comprendi\u00f3 eso sin necesidad de libros.<\/p>\n\n\n\n<p class=\"wp-block-paragraph\">Lo vio.<\/p>\n\n\n\n<p class=\"wp-block-paragraph\">&#8212;\u2696\ufe0f<\/p>\n\n\n\n<p class=\"wp-block-paragraph\">\u00bfPuede la libertad nacer del caos?<\/p>\n\n\n\n<p class=\"wp-block-paragraph\">Esa pregunta no lo abandon\u00f3 nunca.<\/p>\n\n\n\n<p class=\"wp-block-paragraph\">Para otros, la Independencia fue aurora. Para \u00e9l, fue rel\u00e1mpago. Un destello brutal que ilumina, s\u00ed, pero tambi\u00e9n revela el abismo.<\/p>\n\n\n\n<p class=\"wp-block-paragraph\">Porque la libertad sin estructura no es libertad: es v\u00e9rtigo.<\/p>\n\n\n\n<p class=\"wp-block-paragraph\">Y el v\u00e9rtigo, cuando se prolonga, se convierte en ca\u00edda.<\/p>\n\n\n\n<p class=\"wp-block-paragraph\">&#8212;\ud83e\ude8e<\/p>\n\n\n\n<p class=\"wp-block-paragraph\">Dicen que los hombres eligen sus ideas.<\/p>\n\n\n\n<p class=\"wp-block-paragraph\">Pero hay ideas que nacen de una herida.<\/p>\n\n\n\n<p class=\"wp-block-paragraph\">Alam\u00e1n no eligi\u00f3 el orden como quien elige un traje. Lo eligi\u00f3 como quien construye un muro despu\u00e9s de haber visto derrumbarse la casa.<\/p>\n\n\n\n<p class=\"wp-block-paragraph\">Su conservadurismo no fue una nostalgia. Fue un intento desesperado de contener el desborde.<\/p>\n\n\n\n<p class=\"wp-block-paragraph\">De domesticar el fuego.<\/p>\n\n\n\n<p class=\"wp-block-paragraph\">De impedir que la historia volviera a repetirse como un rugido sin control.<\/p>\n\n\n\n<figure class=\"wp-block-image size-large is-resized\"><img loading=\"lazy\" decoding=\"async\" width=\"1024\" height=\"647\" src=\"https:\/\/letrashipnoticas.org\/wp-content\/uploads\/2026\/04\/WhatsApp-Image-2026-04-23-at-12.34.31-PM-1024x647.jpeg\" alt=\"\" class=\"wp-image-3121\" style=\"width:1055px;height:auto\" srcset=\"https:\/\/letrashipnoticas.org\/wp-content\/uploads\/2026\/04\/WhatsApp-Image-2026-04-23-at-12.34.31-PM-1024x647.jpeg 1024w, https:\/\/letrashipnoticas.org\/wp-content\/uploads\/2026\/04\/WhatsApp-Image-2026-04-23-at-12.34.31-PM-300x189.jpeg 300w, https:\/\/letrashipnoticas.org\/wp-content\/uploads\/2026\/04\/WhatsApp-Image-2026-04-23-at-12.34.31-PM-768x485.jpeg 768w, https:\/\/letrashipnoticas.org\/wp-content\/uploads\/2026\/04\/WhatsApp-Image-2026-04-23-at-12.34.31-PM-665x420.jpeg 665w, https:\/\/letrashipnoticas.org\/wp-content\/uploads\/2026\/04\/WhatsApp-Image-2026-04-23-at-12.34.31-PM-150x95.jpeg 150w, https:\/\/letrashipnoticas.org\/wp-content\/uploads\/2026\/04\/WhatsApp-Image-2026-04-23-at-12.34.31-PM-696x440.jpeg 696w, https:\/\/letrashipnoticas.org\/wp-content\/uploads\/2026\/04\/WhatsApp-Image-2026-04-23-at-12.34.31-PM-1068x674.jpeg 1068w, https:\/\/letrashipnoticas.org\/wp-content\/uploads\/2026\/04\/WhatsApp-Image-2026-04-23-at-12.34.31-PM.jpeg 1080w\" sizes=\"auto, (max-width: 1024px) 100vw, 1024px\" \/><\/figure>\n\n\n\n<p class=\"wp-block-paragraph\">&#8212;\u2696\ufe0f\ud83d\udc4f\ud83c\udffb<\/p>\n\n\n\n<p class=\"wp-block-paragraph\">Pero la historia \u2014esa criatura antigua\u2014 no obedece a un solo testigo.<\/p>\n\n\n\n<p class=\"wp-block-paragraph\">Mientras Alam\u00e1n levantaba argumentos, otros levantaban banderas. Mientras \u00e9l ped\u00eda orden, otros ped\u00edan ruptura. Y M\u00e9xico, joven y tembloroso, qued\u00f3 atrapado entre dos pulsos: el de la libertad y el del miedo.<\/p>\n\n\n\n<p class=\"wp-block-paragraph\">Ambos leg\u00edtimos.<\/p>\n\n\n\n<p class=\"wp-block-paragraph\">Ambos peligrosos.<\/p>\n\n\n\n<p class=\"wp-block-paragraph\">&#8212;\ud83d\udef8<\/p>\n\n\n\n<p class=\"wp-block-paragraph\">\ud83c\udf35La Alh\u00f3ndiga sigue ah\u00ed.<\/p>\n\n\n\n<p class=\"wp-block-paragraph\">\ud83c\udf35Piedra sobre piedra. Silencio sobre silencio.<\/p>\n\n\n\n<p class=\"wp-block-paragraph\">\ud83d\udcd5Los visitantes caminan, observan, leen placas. Pero pocos escuchan.<\/p>\n\n\n\n<p class=\"wp-block-paragraph\">\ud83d\udc51Porque si uno escucha con atenci\u00f3n, a\u00fan puede o\u00edrlo:<\/p>\n\n\n\n<p class=\"wp-block-paragraph\">\ud83e\ude94El golpe en la puerta.<br>\ud83e\ude94El crepitar del fuego.<br>\ud83e\ude94El grito que no distingue nombres.<\/p>\n\n\n\n<p class=\"wp-block-paragraph\">Y en alg\u00fan rinc\u00f3n invisible, un joven que aprende demasiado pronto que la historia no es un relato limpio, sino una herida abierta.<\/p>\n\n\n\n<p class=\"wp-block-paragraph\">&#8212;\u2696\ufe0f<\/p>\n\n\n\n<p class=\"wp-block-paragraph\">\u2696\ufe0f Tal vez esa sea la verdadera lecci\u00f3n.<\/p>\n\n\n\n<p class=\"wp-block-paragraph\">No que uno tenga raz\u00f3n y el otro est\u00e9 equivocado.<\/p>\n\n\n\n<p class=\"wp-block-paragraph\">Sino que toda naci\u00f3n nace en tensi\u00f3n: entre el deseo de ser libre y el miedo de perderse.<\/p>\n\n\n\n<p class=\"wp-block-paragraph\">M\u00e9xico no naci\u00f3 en calma.<\/p>\n\n\n\n<p class=\"wp-block-paragraph\">Naci\u00f3 en llamas.<\/p>\n\n\n\n<p class=\"wp-block-paragraph\">Y esas llamas \u2014aunque hoy parezcan ceniza\u2014 siguen ardiendo, muy despacio, en el coraz\u00f3n de su memoria.<\/p>\n\n\n\n<p class=\"wp-block-paragraph\">Urdiales fundaci\u00f3n de letras hipn\u00f3ticas AC quienes le invitamos a compartir esta columna y desarrollar un mundo mejor llenitito de buenos lectores, agradezco mucho su atenci\u00f3n.\u00a9\u00ae<\/p>\n","protected":false},"excerpt":{"rendered":"<p>El joven que vio arder el orden en la Alh\u00f3ndiga de Granaditas Por Arturo V\u00e1squez Urdiales I. Investigaci\u00f3n hist\u00f3rica: el fuego que abri\u00f3 la Independencia La toma de la Alh\u00f3ndiga de Granaditas, ocurrida el 28 de septiembre de 1810 en Guanajuato, constituye uno de los episodios m\u00e1s crudos y simb\u00f3licos del inicio de la Guerra [&hellip;]<\/p>\n","protected":false},"author":1,"featured_media":3119,"comment_status":"open","ping_status":"open","sticky":false,"template":"","format":"standard","meta":{"om_disable_all_campaigns":false,"_monsterinsights_skip_tracking":false,"footnotes":""},"categories":[1],"tags":[],"class_list":["post-3118","post","type-post","status-publish","format-standard","has-post-thumbnail","category-general"],"aioseo_notices":[],"aioseo_head":"\n\t\t<!-- All in One SEO 5.0.0.1 - aioseo.com -->\n\t<meta name=\"description\" content=\"El joven que vio arder el orden en la Alh\u00f3ndiga de Granaditas Por Arturo V\u00e1squez Urdiales I. Investigaci\u00f3n hist\u00f3rica: el fuego que abri\u00f3 la Independencia La toma de la Alh\u00f3ndiga de Granaditas, ocurrida el 28 de septiembre de 1810 en Guanajuato, constituye uno de los episodios m\u00e1s crudos y simb\u00f3licos del inicio de la Guerra\" \/>\n\t<meta name=\"robots\" content=\"max-image-preview:large\" \/>\n\t<meta name=\"author\" content=\"Dr. Arturo David V\u00e1squez Urdiales\"\/>\n\t<meta name=\"google-site-verification\" content=\"w1V7bRCSYMeOZjzLwWS_W8_n8jd94Z38sletBUa-LV0\" \/>\n\t<link rel=\"canonical\" href=\"https:\/\/letrashipnoticas.org\/?p=3118\" \/>\n\t<meta name=\"generator\" content=\"All in One SEO (AIOSEO) 5.0.0.1\" \/>\n\t\t<meta property=\"og:locale\" content=\"es_MX\" \/>\n\t\t<meta property=\"og:site_name\" content=\"Letras Hiptn\u00f3ticas - &quot;Descubre Apunte diario sobre letras hipn\u00f3ticas, un viaje literario envolvente que despierta el alma. Reflexiones profundas, historias cautivadoras y un estilo \u00fanico que hipnotiza en cada palabra.&quot; El joven que vio arder el orden en la Alh\u00f3ndiga de Granaditas Por Arturo V\u00e1squez Urdiales I. Investigaci\u00f3n hist\u00f3rica: el fuego que abri\u00f3 la Independencia La toma de la Alh\u00f3ndiga de Granaditas, ocurrida el 28 de septiembre de 1810 en Guanajuato, constituye uno de los episodios m\u00e1s crudos y simb\u00f3licos del inicio de la Guerra\" \/>\n\t\t<meta property=\"og:type\" content=\"article\" \/>\n\t\t<meta property=\"og:title\" content=\"La Masacre de Guanajuato. - Letras Hiptn\u00f3ticas\" \/>\n\t\t<meta property=\"og:description\" content=\"El joven que vio arder el orden en la Alh\u00f3ndiga de Granaditas Por Arturo V\u00e1squez Urdiales I. Investigaci\u00f3n hist\u00f3rica: el fuego que abri\u00f3 la Independencia La toma de la Alh\u00f3ndiga de Granaditas, ocurrida el 28 de septiembre de 1810 en Guanajuato, constituye uno de los episodios m\u00e1s crudos y simb\u00f3licos del inicio de la Guerra\" \/>\n\t\t<meta property=\"og:url\" content=\"https:\/\/letrashipnoticas.org\/?p=3118\" \/>\n\t\t<meta property=\"og:image\" content=\"https:\/\/letrashipnoticas.org\/wp-content\/uploads\/2026\/04\/WhatsApp-Image-2026-04-23-at-12.34.31-PM-2.jpeg\" \/>\n\t\t<meta property=\"og:image:secure_url\" content=\"https:\/\/letrashipnoticas.org\/wp-content\/uploads\/2026\/04\/WhatsApp-Image-2026-04-23-at-12.34.31-PM-2.jpeg\" \/>\n\t\t<meta property=\"og:image:width\" content=\"1080\" \/>\n\t\t<meta property=\"og:image:height\" content=\"609\" \/>\n\t\t<meta property=\"article:published_time\" content=\"2026-04-23T18:38:42+00:00\" \/>\n\t\t<meta property=\"article:modified_time\" content=\"2026-04-23T18:38:49+00:00\" \/>\n\t\t<meta name=\"twitter:card\" content=\"summary_large_image\" \/>\n\t\t<meta name=\"twitter:title\" content=\"La Masacre de Guanajuato. - Letras Hiptn\u00f3ticas\" \/>\n\t\t<meta name=\"twitter:description\" content=\"El joven que vio arder el orden en la Alh\u00f3ndiga de Granaditas Por Arturo V\u00e1squez Urdiales I. Investigaci\u00f3n hist\u00f3rica: el fuego que abri\u00f3 la Independencia La toma de la Alh\u00f3ndiga de Granaditas, ocurrida el 28 de septiembre de 1810 en Guanajuato, constituye uno de los episodios m\u00e1s crudos y simb\u00f3licos del inicio de la Guerra\" \/>\n\t\t<meta name=\"twitter:image\" content=\"https:\/\/letrashipnoticas.org\/wp-content\/uploads\/2026\/04\/WhatsApp-Image-2026-04-23-at-12.34.31-PM-2.jpeg\" \/>\n\t\t<script type=\"application\/ld+json\" class=\"aioseo-schema\">\n\t\t\t{\"@context\":\"https:\\\/\\\/schema.org\",\"@graph\":[{\"@type\":\"BlogPosting\",\"@id\":\"https:\\\/\\\/letrashipnoticas.org\\\/?p=3118#blogposting\",\"name\":\"La Masacre de Guanajuato. - Letras Hiptn\\u00f3ticas\",\"headline\":\"La Masacre de Guanajuato.\",\"author\":{\"@id\":\"https:\\\/\\\/letrashipnoticas.org\\\/?author=1#author\"},\"publisher\":{\"@id\":\"https:\\\/\\\/letrashipnoticas.org\\\/#organization\"},\"image\":{\"@type\":\"ImageObject\",\"url\":\"https:\\\/\\\/letrashipnoticas.org\\\/wp-content\\\/uploads\\\/2026\\\/04\\\/WhatsApp-Image-2026-04-23-at-12.34.31-PM-2.jpeg\",\"width\":1080,\"height\":609},\"datePublished\":\"2026-04-23T18:38:42+00:00\",\"dateModified\":\"2026-04-23T18:38:49+00:00\",\"inLanguage\":\"es-MX\",\"mainEntityOfPage\":{\"@id\":\"https:\\\/\\\/letrashipnoticas.org\\\/?p=3118#webpage\"},\"isPartOf\":{\"@id\":\"https:\\\/\\\/letrashipnoticas.org\\\/?p=3118#webpage\"},\"articleSection\":\"Las Letras Hipn\\u00f3ticas de hoy\"},{\"@type\":\"BreadcrumbList\",\"@id\":\"https:\\\/\\\/letrashipnoticas.org\\\/?p=3118#breadcrumblist\",\"itemListElement\":[{\"@type\":\"ListItem\",\"@id\":\"https:\\\/\\\/letrashipnoticas.org#listItem\",\"position\":1,\"name\":\"Inicio\",\"item\":\"https:\\\/\\\/letrashipnoticas.org\",\"nextItem\":{\"@type\":\"ListItem\",\"@id\":\"https:\\\/\\\/letrashipnoticas.org\\\/?cat=1#listItem\",\"name\":\"Las Letras Hipn\\u00f3ticas de hoy\"}},{\"@type\":\"ListItem\",\"@id\":\"https:\\\/\\\/letrashipnoticas.org\\\/?cat=1#listItem\",\"position\":2,\"name\":\"Las Letras Hipn\\u00f3ticas de hoy\",\"item\":\"https:\\\/\\\/letrashipnoticas.org\\\/?cat=1\",\"nextItem\":{\"@type\":\"ListItem\",\"@id\":\"https:\\\/\\\/letrashipnoticas.org\\\/?p=3118#listItem\",\"name\":\"La Masacre de Guanajuato.\"},\"previousItem\":{\"@type\":\"ListItem\",\"@id\":\"https:\\\/\\\/letrashipnoticas.org#listItem\",\"name\":\"Inicio\"}},{\"@type\":\"ListItem\",\"@id\":\"https:\\\/\\\/letrashipnoticas.org\\\/?p=3118#listItem\",\"position\":3,\"name\":\"La Masacre de Guanajuato.\",\"previousItem\":{\"@type\":\"ListItem\",\"@id\":\"https:\\\/\\\/letrashipnoticas.org\\\/?cat=1#listItem\",\"name\":\"Las Letras Hipn\\u00f3ticas de hoy\"}}]},{\"@type\":\"Organization\",\"@id\":\"https:\\\/\\\/letrashipnoticas.org\\\/#organization\",\"name\":\"Letras Hiptn\\u00f3ticas\",\"description\":\"\\\"Descubre Apunte diario sobre letras hipn\\u00f3ticas, un viaje literario envolvente que despierta el alma. Reflexiones profundas, historias cautivadoras y un estilo \\u00fanico que hipnotiza en cada palabra.\\\"\",\"url\":\"https:\\\/\\\/letrashipnoticas.org\\\/\",\"logo\":{\"@type\":\"ImageObject\",\"url\":\"https:\\\/\\\/letrashipnoticas.org\\\/wp-content\\\/uploads\\\/2024\\\/09\\\/LogoRetinaPNG.png\",\"@id\":\"https:\\\/\\\/letrashipnoticas.org\\\/?p=3118\\\/#organizationLogo\",\"width\":544,\"height\":180},\"image\":{\"@id\":\"https:\\\/\\\/letrashipnoticas.org\\\/?p=3118\\\/#organizationLogo\"}},{\"@type\":\"Person\",\"@id\":\"https:\\\/\\\/letrashipnoticas.org\\\/?author=1#author\",\"url\":\"https:\\\/\\\/letrashipnoticas.org\\\/?author=1\",\"name\":\"Dr. Arturo David V\\u00e1squez Urdiales\",\"image\":{\"@type\":\"ImageObject\",\"@id\":\"https:\\\/\\\/letrashipnoticas.org\\\/?p=3118#authorImage\",\"url\":\"https:\\\/\\\/secure.gravatar.com\\\/avatar\\\/1bbc04a2da05a8a25045693b6f4473cec684496aa6385880380b702aa43009f8?s=96&d=mm&r=g\",\"width\":96,\"height\":96,\"caption\":\"Dr. Arturo David V\\u00e1squez Urdiales\"}},{\"@type\":\"WebPage\",\"@id\":\"https:\\\/\\\/letrashipnoticas.org\\\/?p=3118#webpage\",\"url\":\"https:\\\/\\\/letrashipnoticas.org\\\/?p=3118\",\"name\":\"La Masacre de Guanajuato. - Letras Hiptn\\u00f3ticas\",\"description\":\"El joven que vio arder el orden en la Alh\\u00f3ndiga de Granaditas Por Arturo V\\u00e1squez Urdiales I. Investigaci\\u00f3n hist\\u00f3rica: el fuego que abri\\u00f3 la Independencia La toma de la Alh\\u00f3ndiga de Granaditas, ocurrida el 28 de septiembre de 1810 en Guanajuato, constituye uno de los episodios m\\u00e1s crudos y simb\\u00f3licos del inicio de la Guerra\",\"inLanguage\":\"es-MX\",\"isPartOf\":{\"@id\":\"https:\\\/\\\/letrashipnoticas.org\\\/#website\"},\"breadcrumb\":{\"@id\":\"https:\\\/\\\/letrashipnoticas.org\\\/?p=3118#breadcrumblist\"},\"author\":{\"@id\":\"https:\\\/\\\/letrashipnoticas.org\\\/?author=1#author\"},\"creator\":{\"@id\":\"https:\\\/\\\/letrashipnoticas.org\\\/?author=1#author\"},\"image\":{\"@type\":\"ImageObject\",\"url\":\"https:\\\/\\\/letrashipnoticas.org\\\/wp-content\\\/uploads\\\/2026\\\/04\\\/WhatsApp-Image-2026-04-23-at-12.34.31-PM-2.jpeg\",\"@id\":\"https:\\\/\\\/letrashipnoticas.org\\\/?p=3118\\\/#mainImage\",\"width\":1080,\"height\":609},\"primaryImageOfPage\":{\"@id\":\"https:\\\/\\\/letrashipnoticas.org\\\/?p=3118#mainImage\"},\"datePublished\":\"2026-04-23T18:38:42+00:00\",\"dateModified\":\"2026-04-23T18:38:49+00:00\"},{\"@type\":\"WebSite\",\"@id\":\"https:\\\/\\\/letrashipnoticas.org\\\/#website\",\"url\":\"https:\\\/\\\/letrashipnoticas.org\\\/\",\"name\":\"Letras Hiptn\\u00f3ticas\",\"description\":\"\\\"Descubre Apunte diario sobre letras hipn\\u00f3ticas, un viaje literario envolvente que despierta el alma. Reflexiones profundas, historias cautivadoras y un estilo \\u00fanico que hipnotiza en cada palabra.\\\"\",\"inLanguage\":\"es-MX\",\"publisher\":{\"@id\":\"https:\\\/\\\/letrashipnoticas.org\\\/#organization\"}}]}\n\t\t<\/script>\n\t\t<!-- All in One SEO -->\n\n","aioseo_head_json":{"title":"La Masacre de Guanajuato. - Letras Hiptn\u00f3ticas","description":"El joven que vio arder el orden en la Alh\u00f3ndiga de Granaditas Por Arturo V\u00e1squez Urdiales I. Investigaci\u00f3n hist\u00f3rica: el fuego que abri\u00f3 la Independencia La toma de la Alh\u00f3ndiga de Granaditas, ocurrida el 28 de septiembre de 1810 en Guanajuato, constituye uno de los episodios m\u00e1s crudos y simb\u00f3licos del inicio de la Guerra","canonical_url":"https:\/\/letrashipnoticas.org\/?p=3118","robots":"max-image-preview:large","keywords":"","webmasterTools":{"google-site-verification":"w1V7bRCSYMeOZjzLwWS_W8_n8jd94Z38sletBUa-LV0","miscellaneous":""},"schema":{"@context":"https:\/\/schema.org","@graph":[{"@type":"BlogPosting","@id":"https:\/\/letrashipnoticas.org\/?p=3118#blogposting","name":"La Masacre de Guanajuato. - Letras Hiptn\u00f3ticas","headline":"La Masacre de Guanajuato.","author":{"@id":"https:\/\/letrashipnoticas.org\/?author=1#author"},"publisher":{"@id":"https:\/\/letrashipnoticas.org\/#organization"},"image":{"@type":"ImageObject","url":"https:\/\/letrashipnoticas.org\/wp-content\/uploads\/2026\/04\/WhatsApp-Image-2026-04-23-at-12.34.31-PM-2.jpeg","width":1080,"height":609},"datePublished":"2026-04-23T18:38:42+00:00","dateModified":"2026-04-23T18:38:49+00:00","inLanguage":"es-MX","mainEntityOfPage":{"@id":"https:\/\/letrashipnoticas.org\/?p=3118#webpage"},"isPartOf":{"@id":"https:\/\/letrashipnoticas.org\/?p=3118#webpage"},"articleSection":"Las Letras Hipn\u00f3ticas de hoy"},{"@type":"BreadcrumbList","@id":"https:\/\/letrashipnoticas.org\/?p=3118#breadcrumblist","itemListElement":[{"@type":"ListItem","@id":"https:\/\/letrashipnoticas.org#listItem","position":1,"name":"Inicio","item":"https:\/\/letrashipnoticas.org","nextItem":{"@type":"ListItem","@id":"https:\/\/letrashipnoticas.org\/?cat=1#listItem","name":"Las Letras Hipn\u00f3ticas de hoy"}},{"@type":"ListItem","@id":"https:\/\/letrashipnoticas.org\/?cat=1#listItem","position":2,"name":"Las Letras Hipn\u00f3ticas de hoy","item":"https:\/\/letrashipnoticas.org\/?cat=1","nextItem":{"@type":"ListItem","@id":"https:\/\/letrashipnoticas.org\/?p=3118#listItem","name":"La Masacre de Guanajuato."},"previousItem":{"@type":"ListItem","@id":"https:\/\/letrashipnoticas.org#listItem","name":"Inicio"}},{"@type":"ListItem","@id":"https:\/\/letrashipnoticas.org\/?p=3118#listItem","position":3,"name":"La Masacre de Guanajuato.","previousItem":{"@type":"ListItem","@id":"https:\/\/letrashipnoticas.org\/?cat=1#listItem","name":"Las Letras Hipn\u00f3ticas de hoy"}}]},{"@type":"Organization","@id":"https:\/\/letrashipnoticas.org\/#organization","name":"Letras Hiptn\u00f3ticas","description":"\"Descubre Apunte diario sobre letras hipn\u00f3ticas, un viaje literario envolvente que despierta el alma. Reflexiones profundas, historias cautivadoras y un estilo \u00fanico que hipnotiza en cada palabra.\"","url":"https:\/\/letrashipnoticas.org\/","logo":{"@type":"ImageObject","url":"https:\/\/letrashipnoticas.org\/wp-content\/uploads\/2024\/09\/LogoRetinaPNG.png","@id":"https:\/\/letrashipnoticas.org\/?p=3118\/#organizationLogo","width":544,"height":180},"image":{"@id":"https:\/\/letrashipnoticas.org\/?p=3118\/#organizationLogo"}},{"@type":"Person","@id":"https:\/\/letrashipnoticas.org\/?author=1#author","url":"https:\/\/letrashipnoticas.org\/?author=1","name":"Dr. Arturo David V\u00e1squez Urdiales","image":{"@type":"ImageObject","@id":"https:\/\/letrashipnoticas.org\/?p=3118#authorImage","url":"https:\/\/secure.gravatar.com\/avatar\/1bbc04a2da05a8a25045693b6f4473cec684496aa6385880380b702aa43009f8?s=96&d=mm&r=g","width":96,"height":96,"caption":"Dr. Arturo David V\u00e1squez Urdiales"}},{"@type":"WebPage","@id":"https:\/\/letrashipnoticas.org\/?p=3118#webpage","url":"https:\/\/letrashipnoticas.org\/?p=3118","name":"La Masacre de Guanajuato. - Letras Hiptn\u00f3ticas","description":"El joven que vio arder el orden en la Alh\u00f3ndiga de Granaditas Por Arturo V\u00e1squez Urdiales I. Investigaci\u00f3n hist\u00f3rica: el fuego que abri\u00f3 la Independencia La toma de la Alh\u00f3ndiga de Granaditas, ocurrida el 28 de septiembre de 1810 en Guanajuato, constituye uno de los episodios m\u00e1s crudos y simb\u00f3licos del inicio de la Guerra","inLanguage":"es-MX","isPartOf":{"@id":"https:\/\/letrashipnoticas.org\/#website"},"breadcrumb":{"@id":"https:\/\/letrashipnoticas.org\/?p=3118#breadcrumblist"},"author":{"@id":"https:\/\/letrashipnoticas.org\/?author=1#author"},"creator":{"@id":"https:\/\/letrashipnoticas.org\/?author=1#author"},"image":{"@type":"ImageObject","url":"https:\/\/letrashipnoticas.org\/wp-content\/uploads\/2026\/04\/WhatsApp-Image-2026-04-23-at-12.34.31-PM-2.jpeg","@id":"https:\/\/letrashipnoticas.org\/?p=3118\/#mainImage","width":1080,"height":609},"primaryImageOfPage":{"@id":"https:\/\/letrashipnoticas.org\/?p=3118#mainImage"},"datePublished":"2026-04-23T18:38:42+00:00","dateModified":"2026-04-23T18:38:49+00:00"},{"@type":"WebSite","@id":"https:\/\/letrashipnoticas.org\/#website","url":"https:\/\/letrashipnoticas.org\/","name":"Letras Hiptn\u00f3ticas","description":"\"Descubre Apunte diario sobre letras hipn\u00f3ticas, un viaje literario envolvente que despierta el alma. Reflexiones profundas, historias cautivadoras y un estilo \u00fanico que hipnotiza en cada palabra.\"","inLanguage":"es-MX","publisher":{"@id":"https:\/\/letrashipnoticas.org\/#organization"}}]},"og:locale":"es_MX","og:site_name":"Letras Hiptn\u00f3ticas - &quot;Descubre Apunte diario sobre letras hipn\u00f3ticas, un viaje literario envolvente que despierta el alma. Reflexiones profundas, historias cautivadoras y un estilo \u00fanico que hipnotiza en cada palabra.&quot; El joven que vio arder el orden en la Alh\u00f3ndiga de Granaditas Por Arturo V\u00e1squez Urdiales I. Investigaci\u00f3n hist\u00f3rica: el fuego que abri\u00f3 la Independencia La toma de la Alh\u00f3ndiga de Granaditas, ocurrida el 28 de septiembre de 1810 en Guanajuato, constituye uno de los episodios m\u00e1s crudos y simb\u00f3licos del inicio de la Guerra","og:type":"article","og:title":"La Masacre de Guanajuato. - Letras Hiptn\u00f3ticas","og:description":"El joven que vio arder el orden en la Alh\u00f3ndiga de Granaditas Por Arturo V\u00e1squez Urdiales I. Investigaci\u00f3n hist\u00f3rica: el fuego que abri\u00f3 la Independencia La toma de la Alh\u00f3ndiga de Granaditas, ocurrida el 28 de septiembre de 1810 en Guanajuato, constituye uno de los episodios m\u00e1s crudos y simb\u00f3licos del inicio de la Guerra","og:url":"https:\/\/letrashipnoticas.org\/?p=3118","og:image":"https:\/\/letrashipnoticas.org\/wp-content\/uploads\/2026\/04\/WhatsApp-Image-2026-04-23-at-12.34.31-PM-2.jpeg","og:image:secure_url":"https:\/\/letrashipnoticas.org\/wp-content\/uploads\/2026\/04\/WhatsApp-Image-2026-04-23-at-12.34.31-PM-2.jpeg","og:image:width":1080,"og:image:height":609,"article:published_time":"2026-04-23T18:38:42+00:00","article:modified_time":"2026-04-23T18:38:49+00:00","twitter:card":"summary_large_image","twitter:title":"La Masacre de Guanajuato. - Letras Hiptn\u00f3ticas","twitter:description":"El joven que vio arder el orden en la Alh\u00f3ndiga de Granaditas Por Arturo V\u00e1squez Urdiales I. Investigaci\u00f3n hist\u00f3rica: el fuego que abri\u00f3 la Independencia La toma de la Alh\u00f3ndiga de Granaditas, ocurrida el 28 de septiembre de 1810 en Guanajuato, constituye uno de los episodios m\u00e1s crudos y simb\u00f3licos del inicio de la Guerra","twitter:image":"https:\/\/letrashipnoticas.org\/wp-content\/uploads\/2026\/04\/WhatsApp-Image-2026-04-23-at-12.34.31-PM-2.jpeg"},"aioseo_meta_data":{"post_id":"3118","title":null,"description":null,"keywords":null,"keyphrases":{"focus":{"keyphrase":"","score":0,"analysis":{"keyphraseInTitle":{"score":0,"maxScore":9,"error":1}}},"additional":[]},"primary_term":null,"canonical_url":null,"og_title":null,"og_description":null,"og_object_type":"default","og_image_type":"default","og_image_url":null,"og_image_width":null,"og_image_height":null,"og_image_custom_url":null,"og_image_custom_fields":null,"og_video":"","og_custom_url":null,"og_article_section":null,"og_article_tags":null,"twitter_use_og":false,"twitter_card":"default","twitter_image_type":"default","twitter_image_url":null,"twitter_image_custom_url":null,"twitter_image_custom_fields":null,"twitter_title":null,"twitter_description":null,"schema":{"blockGraphs":[],"customGraphs":[],"default":{"data":{"Article":[],"Course":[],"Dataset":[],"FAQPage":[],"Movie":[],"Person":[],"Product":[],"ProductReview":[],"Car":[],"Recipe":[],"Service":[],"SoftwareApplication":[],"WebPage":[]},"graphName":"BlogPosting","isEnabled":true},"graphs":[]},"schema_type":"default","schema_type_options":null,"pillar_content":false,"robots_default":true,"robots_noindex":false,"robots_noarchive":false,"robots_nosnippet":false,"robots_nofollow":false,"robots_noimageindex":false,"robots_noodp":false,"robots_notranslate":false,"robots_max_snippet":"-1","robots_max_videopreview":"-1","robots_max_imagepreview":"large","priority":null,"frequency":"default","local_seo":null,"breadcrumb_settings":null,"limit_modified_date":false,"ai":{"faqs":[],"keyPoints":[],"titles":[],"descriptions":[],"socialPosts":{"email":[],"linkedin":[],"twitter":[],"facebook":[],"instagram":[]}},"created":"2026-04-23 18:38:50","updated":"2026-05-11 18:47:58","focus_keyword":null,"additional_keywords":null,"truseo_locale":null,"seo_analyzer_scan_date":null},"aioseo_breadcrumb":"<div class=\"aioseo-breadcrumbs\"><span class=\"aioseo-breadcrumb\">\n\t\t\t<a href=\"https:\/\/letrashipnoticas.org\" title=\"Inicio\">Inicio<\/a>\n\t\t<\/span><span class=\"aioseo-breadcrumb-separator\">&raquo;<\/span><span class=\"aioseo-breadcrumb\">\n\t\t\t<a href=\"https:\/\/letrashipnoticas.org\/?cat=1\" title=\"Las Letras Hipn\u00f3ticas de hoy\">Las Letras Hipn\u00f3ticas de hoy<\/a>\n\t\t<\/span><span class=\"aioseo-breadcrumb-separator\">&raquo;<\/span><span class=\"aioseo-breadcrumb\">\n\t\t\tLa Masacre de Guanajuato.\n\t\t<\/span><\/div>","aioseo_breadcrumb_json":[{"label":"Inicio","link":"https:\/\/letrashipnoticas.org"},{"label":"Las Letras Hipn\u00f3ticas de hoy","link":"https:\/\/letrashipnoticas.org\/?cat=1"},{"label":"La Masacre de Guanajuato.","link":"https:\/\/letrashipnoticas.org\/?p=3118"}],"_links":{"self":[{"href":"https:\/\/letrashipnoticas.org\/index.php?rest_route=\/wp\/v2\/posts\/3118","targetHints":{"allow":["GET"]}}],"collection":[{"href":"https:\/\/letrashipnoticas.org\/index.php?rest_route=\/wp\/v2\/posts"}],"about":[{"href":"https:\/\/letrashipnoticas.org\/index.php?rest_route=\/wp\/v2\/types\/post"}],"author":[{"embeddable":true,"href":"https:\/\/letrashipnoticas.org\/index.php?rest_route=\/wp\/v2\/users\/1"}],"replies":[{"embeddable":true,"href":"https:\/\/letrashipnoticas.org\/index.php?rest_route=%2Fwp%2Fv2%2Fcomments&post=3118"}],"version-history":[{"count":1,"href":"https:\/\/letrashipnoticas.org\/index.php?rest_route=\/wp\/v2\/posts\/3118\/revisions"}],"predecessor-version":[{"id":3122,"href":"https:\/\/letrashipnoticas.org\/index.php?rest_route=\/wp\/v2\/posts\/3118\/revisions\/3122"}],"wp:featuredmedia":[{"embeddable":true,"href":"https:\/\/letrashipnoticas.org\/index.php?rest_route=\/wp\/v2\/media\/3119"}],"wp:attachment":[{"href":"https:\/\/letrashipnoticas.org\/index.php?rest_route=%2Fwp%2Fv2%2Fmedia&parent=3118"}],"wp:term":[{"taxonomy":"category","embeddable":true,"href":"https:\/\/letrashipnoticas.org\/index.php?rest_route=%2Fwp%2Fv2%2Fcategories&post=3118"},{"taxonomy":"post_tag","embeddable":true,"href":"https:\/\/letrashipnoticas.org\/index.php?rest_route=%2Fwp%2Fv2%2Ftags&post=3118"}],"curies":[{"name":"wp","href":"https:\/\/api.w.org\/{rel}","templated":true}]}}