{"id":3009,"date":"2026-04-10T17:57:10","date_gmt":"2026-04-10T17:57:10","guid":{"rendered":"https:\/\/letrashipnoticas.org\/?p=3009"},"modified":"2026-04-10T17:57:16","modified_gmt":"2026-04-10T17:57:16","slug":"los-madero-entre-la-tierra-la-sangre-y-el-destino-de-mexico","status":"publish","type":"post","link":"https:\/\/letrashipnoticas.org\/?p=3009","title":{"rendered":"Los Madero: entre la tierra, la sangre y el destino de M\u00e9xico."},"content":{"rendered":"\n<p class=\"wp-block-paragraph\">Los Madero buenos. Los Madero malos. La patria en su espejo.<\/p>\n\n\n\n<p class=\"wp-block-paragraph\">Por Arturo V\u00e1squez Urdiales<\/p>\n\n\n\n<hr class=\"wp-block-separator has-alpha-channel-opacity\"\/>\n\n\n\n<p class=\"wp-block-paragraph\">I. El hombre de los siete machetes y la ra\u00edz del poder<\/p>\n\n\n\n<p class=\"wp-block-paragraph\">El 6 de abril de 1911, mientras el pa\u00eds comenzaba a arder en los fuegos de la Revoluci\u00f3n, mor\u00eda en Monterrey un hombre que parec\u00eda haber sido tallado con la misma dureza de la tierra que domin\u00f3: Evaristo Madero Elizondo.<\/p>\n\n\n\n<p class=\"wp-block-paragraph\">Le llamaban \u201csiete machetes\u201d, no como apodo de taberna, sino como s\u00edmbolo: siete veces hab\u00eda cruzado el filo del destino sin quebrarse. Nacido en 1828, en la Hacienda de Rosales \u2014hoy Villa Uni\u00f3n, Coahuila\u2014, hered\u00f3 no solo un apellido, sino una estructura mental: la del dominio, la de la acumulaci\u00f3n, la de la supervivencia en un M\u00e9xico a\u00fan informe, donde la ley era un murmullo y el poder, una extensi\u00f3n del car\u00e1cter.<\/p>\n\n\n\n<p class=\"wp-block-paragraph\">Hijo de autoridad y de sangre cruzada \u2014su madre, hermana de Ignacio Elizondo\u2014, Evaristo creci\u00f3 en un mundo donde la lealtad era fr\u00e1gil y la oportunidad, brutal. Y comprendi\u00f3 pronto que en M\u00e9xico no triunfa el m\u00e1s justo, sino el m\u00e1s resistente.<\/p>\n\n\n\n<hr class=\"wp-block-separator has-alpha-channel-opacity\"\/>\n\n\n\n<p class=\"wp-block-paragraph\">II. El oro invisible: algod\u00f3n, guerra y fortuna<\/p>\n\n\n\n<p class=\"wp-block-paragraph\">Entre 1861 y 1865, mientras los Estados Unidos se desgarraban en su propia guerra civil \u2014la Guerra de Secesi\u00f3n de Estados Unidos\u2014, el norte de M\u00e9xico encontr\u00f3 una veta silenciosa de riqueza: el contrabando.<\/p>\n\n\n\n<p class=\"wp-block-paragraph\">Evaristo Madero no fue un simple testigo de ese fen\u00f3meno; fue su arquitecto.<\/p>\n\n\n\n<p class=\"wp-block-paragraph\">Algod\u00f3n, armas, rutas invisibles que cruzaban la frontera como serpientes de polvo. El comercio ilegal, lejos de ser marginal, fue la semilla de algunas de las grandes fortunas regiomontanas. Y Evaristo, con la frialdad de quien entiende el tiempo hist\u00f3rico, se volvi\u00f3 intermediario entre la guerra ajena y la riqueza propia.<\/p>\n\n\n\n<p class=\"wp-block-paragraph\">As\u00ed creci\u00f3 su imperio.<\/p>\n\n\n\n<p class=\"wp-block-paragraph\">Trigales. Vi\u00f1edos. Tierras que parec\u00edan no tener fin. M\u00e1s de un mill\u00f3n de hect\u00e1reas bajo la sombra de su apellido. Solo un hombre en el norte pose\u00eda m\u00e1s: Luis Terrazas.<\/p>\n\n\n\n<p class=\"wp-block-paragraph\">Pero no era solo riqueza. Era poder territorial. Era la capacidad de moldear el paisaje humano: pueblos, peones, alianzas, silencios.<\/p>\n\n\n\n<p class=\"wp-block-paragraph\">M\u00e9xico, en esa \u00e9poca, no era un Estado. Era una suma de feudos.<\/p>\n\n\n\n<hr class=\"wp-block-separator has-alpha-channel-opacity\"\/>\n\n\n\n<p class=\"wp-block-paragraph\">III. La pol\u00edtica: el juego de las serpientes<\/p>\n\n\n\n<p class=\"wp-block-paragraph\">En la d\u00e9cada de 1870, Evaristo descendi\u00f3 del mundo de la tierra al de la pol\u00edtica. Invirti\u00f3 en Parras, en la Comarca Lagunera, en San Pedro de las Colonias. Y desde ah\u00ed, teji\u00f3 alianzas.<\/p>\n\n\n\n<p class=\"wp-block-paragraph\">Se acerc\u00f3 a generales, a caudillos, a hombres de hierro como Manuel Gonz\u00e1lez, Jer\u00f3nimo Trevi\u00f1o, y otros nombres que hoy duermen en los archivos, pero que entonces decid\u00edan destinos.<\/p>\n\n\n\n<p class=\"wp-block-paragraph\">En 1880, alcanz\u00f3 la gubernatura de Coahuila.<\/p>\n\n\n\n<p class=\"wp-block-paragraph\">No fue una victoria ideol\u00f3gica. Fue una victoria estructural.<\/p>\n\n\n\n<p class=\"wp-block-paragraph\">Pero el poder en M\u00e9xico siempre ha sido un pr\u00e9stamo, nunca una propiedad.<\/p>\n\n\n\n<p class=\"wp-block-paragraph\">Y pronto apareci\u00f3 la sombra mayor: Porfirio D\u00edaz.<\/p>\n\n\n\n<p class=\"wp-block-paragraph\">D\u00edaz no toleraba poderes paralelos. No compart\u00eda el sol.<\/p>\n\n\n\n<p class=\"wp-block-paragraph\">En 1884, Evaristo fue desplazado. Su hijo encarcelado.<\/p>\n\n\n\n<p class=\"wp-block-paragraph\">Ese Hijo encarcelado es ni m\u00e1s ni menos que Don Francisco Madero Hern\u00e1ndez quien fue padre del Ap\u00f3stol de la Revoluci\u00f3n, Don Francisco I Madero.<\/p>\n\n\n\n<p class=\"wp-block-paragraph\">Ese I no es del Indalecio inexistente de los come diablos. No. Su nombre correcto es Francisco Ignacio Madero.<\/p>\n\n\n\n<p class=\"wp-block-paragraph\">El nombre completo de Francisco I. Madero era Francisco Ignacio Madero Gonz\u00e1lez.<\/p>\n\n\n\n<p class=\"wp-block-paragraph\">Nacido el 30 de octubre de 1873 en Parras de la Fuente, Coahuila, fue un empresario y pol\u00edtico mexicano, conocido como el &#8220;Ap\u00f3stol de la Democracia&#8221;, quien lider\u00f3 la Revoluci\u00f3n Mexicana de 1910 contra Porfirio D\u00edaz y asumi\u00f3 la presidencia en 1911.<\/p>\n\n\n\n<p class=\"wp-block-paragraph\">Datos clave sobre su nombre:<br>Nombre real: Francisco Ignacio Madero Gonz\u00e1lez.<\/p>\n\n\n\n<p class=\"wp-block-paragraph\">Aclaraci\u00f3n hist\u00f3rica: Durante a\u00f1os se crey\u00f3 err\u00f3neamente que la &#8220;I&#8221; correspond\u00eda a &#8220;Indalecio&#8221;, pero su acta de nacimiento confirma que era Ignacio.<\/p>\n\n\n\n<p class=\"wp-block-paragraph\">Ortograf\u00eda antigua: En algunos documentos antiguos, su segundo nombre aparec\u00eda escrito como Ygnacio.<\/p>\n\n\n\n<p class=\"wp-block-paragraph\">Calles, boulevares, Avenidas, Ciudades y pueblos, comarcas y marcas llevan el nombre del Ap\u00f3stol Madero. Edificios, estatuas, bronces que elogian al nieto.<\/p>\n\n\n\n<p class=\"wp-block-paragraph\">El nieto, en Se\u00f1or Madero de los corridos, nuestro h\u00e9roe de la escuela primaria, ese hombre muerto en la decena tragica, fue un ingenuo<\/p>\n\n\n\n<p class=\"wp-block-paragraph\">Muerto con don Jos\u00e9 Mar\u00eda Pino Su\u00e1rez, ambos tienen estaciones del metro y grandes y elegantes calles.<\/p>\n\n\n\n<p class=\"wp-block-paragraph\">El amor de Pancho Villa. \u00c9l fue el derrocador de Don Porfirio, el gran hombre. El, fue un ingenuo.<\/p>\n\n\n\n<p class=\"wp-block-paragraph\">Espiritista.<\/p>\n\n\n\n<p class=\"wp-block-paragraph\">Un nieto tambi\u00e9n de Don Evaristo Madero Elizondo lo fue Fin Gustavo A. Madero, tiene nombre de una Delegaci\u00f3n de la Ciudad de M\u00e9xico .<\/p>\n\n\n\n<p class=\"wp-block-paragraph\">El, Gustavo y no su hermano, no fue un ingenuo. Hered\u00f3 la visi\u00f3n del abuelo y muri\u00f3 por el amor al hermano y en amor a M\u00e9xico. Pero esas son Letras Hipn\u00f3ticas<\/p>\n\n\n\n<p class=\"wp-block-paragraph\">Don Evaristo Madero Elizondo, en fin, continuamos:<\/p>\n\n\n\n<p class=\"wp-block-paragraph\">Su estructura debilitada. Y entonces ocurri\u00f3 lo inevitable: la negociaci\u00f3n.<\/p>\n\n\n\n<p class=\"wp-block-paragraph\">En 1887, Evaristo pact\u00f3.<\/p>\n\n\n\n<p class=\"wp-block-paragraph\">Se retirar\u00eda de la pol\u00edtica. A cambio, el r\u00e9gimen respetar\u00eda sus intereses econ\u00f3micos.<\/p>\n\n\n\n<p class=\"wp-block-paragraph\">No fue rendici\u00f3n. Fue adaptaci\u00f3n.<\/p>\n\n\n\n<p class=\"wp-block-paragraph\">En M\u00e9xico, sobrevivir es la forma m\u00e1s alta de inteligencia.<\/p>\n\n\n\n<figure class=\"wp-block-image size-full is-resized\"><img loading=\"lazy\" decoding=\"async\" width=\"630\" height=\"814\" src=\"https:\/\/letrashipnoticas.org\/wp-content\/uploads\/2026\/04\/WhatsApp-Image-2026-04-09-at-4.02.12-PM.jpeg\" alt=\"\" class=\"wp-image-3011\" style=\"width:1055px;height:auto\" srcset=\"https:\/\/letrashipnoticas.org\/wp-content\/uploads\/2026\/04\/WhatsApp-Image-2026-04-09-at-4.02.12-PM.jpeg 630w, https:\/\/letrashipnoticas.org\/wp-content\/uploads\/2026\/04\/WhatsApp-Image-2026-04-09-at-4.02.12-PM-232x300.jpeg 232w, https:\/\/letrashipnoticas.org\/wp-content\/uploads\/2026\/04\/WhatsApp-Image-2026-04-09-at-4.02.12-PM-325x420.jpeg 325w, https:\/\/letrashipnoticas.org\/wp-content\/uploads\/2026\/04\/WhatsApp-Image-2026-04-09-at-4.02.12-PM-150x194.jpeg 150w, https:\/\/letrashipnoticas.org\/wp-content\/uploads\/2026\/04\/WhatsApp-Image-2026-04-09-at-4.02.12-PM-300x388.jpeg 300w\" sizes=\"auto, (max-width: 630px) 100vw, 630px\" \/><\/figure>\n\n\n\n<hr class=\"wp-block-separator has-alpha-channel-opacity\"\/>\n\n\n\n<p class=\"wp-block-paragraph\">IV. La sombra del patriarca<\/p>\n\n\n\n<p class=\"wp-block-paragraph\">En los a\u00f1os siguientes, su casa se convirti\u00f3 en refugio de inconformes, conspiradores, ambiciosos. As\u00ed como en Chihuahua los opositores buscaban a Terrazas, en el noreste encontraban en Evaristo una figura tutelar, a quien fragmentar.<\/p>\n\n\n\n<p class=\"wp-block-paragraph\">Pero el viejo patriarca ya no era el mismo.<\/p>\n\n\n\n<p class=\"wp-block-paragraph\">Hab\u00eda entendido algo que muchos no: que el poder frontal destruye, pero el poder lateral perdura.<\/p>\n\n\n\n<p class=\"wp-block-paragraph\">En 1893, estall\u00f3 la revuelta de Catarino Garza. Sus ecos llegaron a la \u00f3rbita de los Madero. Parientes, aliados, clientes participaron. Entre ellos, nombres que luego cambiar\u00edan la historia: los hermanos Carranza.<\/p>\n\n\n\n<p class=\"wp-block-paragraph\">S\u00ed, entre esas l\u00edneas invisibles se mov\u00eda ya Venustiano Carranza.<\/p>\n\n\n\n<p class=\"wp-block-paragraph\">Pero las alianzas en M\u00e9xico son l\u00edquidas. Los Carranza abandonaron a Evaristo, se acercaron a Bernardo Reyes, y el mapa volvi\u00f3 a cambiar.<\/p>\n\n\n\n<p class=\"wp-block-paragraph\">As\u00ed ha sido siempre.<\/p>\n\n\n\n<p class=\"wp-block-paragraph\">La pol\u00edtica mexicana no es una l\u00ednea. Es un laberinto.<\/p>\n\n\n\n<hr class=\"wp-block-separator has-alpha-channel-opacity\"\/>\n\n\n\n<p class=\"wp-block-paragraph\">V. Los Madero: la fractura del alma<\/p>\n\n\n\n<p class=\"wp-block-paragraph\">Y entonces surge la gran pregunta:<\/p>\n\n\n\n<p class=\"wp-block-paragraph\">\u00bfQui\u00e9nes eran los Madero?<\/p>\n\n\n\n<p class=\"wp-block-paragraph\">\u00bfLos constructores o los incendiarios?<br>\u00bfLos terratenientes o los revolucionarios?<br>\u00bfLos buenos o los malos?<\/p>\n\n\n\n<p class=\"wp-block-paragraph\">Porque de ese tronco duro, casi mineral, naci\u00f3 un nieto que parec\u00eda de otra materia: Francisco I. Madero.<\/p>\n\n\n\n<p class=\"wp-block-paragraph\">El ap\u00f3stol.<\/p>\n\n\n\n<p class=\"wp-block-paragraph\">El espiritista.<\/p>\n\n\n\n<p class=\"wp-block-paragraph\">El hombre que crey\u00f3 que M\u00e9xico pod\u00eda cambiar sin sangre\u2026 en un pa\u00eds que siempre ha sangrado para cambiar.<\/p>\n\n\n\n<p class=\"wp-block-paragraph\">Francisco I. Madero no hered\u00f3 la l\u00f3gica del abuelo. Hered\u00f3 su nombre, pero no su instinto.<\/p>\n\n\n\n<p class=\"wp-block-paragraph\">Mientras Evaristo entend\u00eda el poder como territorio, Francisco lo entend\u00eda como moral.<\/p>\n\n\n\n<p class=\"wp-block-paragraph\">Y ah\u00ed comenz\u00f3 la tragedia.<\/p>\n\n\n\n<hr class=\"wp-block-separator has-alpha-channel-opacity\"\/>\n\n\n\n<p class=\"wp-block-paragraph\">VI. El M\u00e9xico real: entre haciendas y sue\u00f1os<\/p>\n\n\n\n<p class=\"wp-block-paragraph\">El M\u00e9xico de finales del siglo XIX era un pa\u00eds profundamente desigual. Las grandes haciendas dominaban el paisaje. Los campesinos trabajaban tierras que nunca ser\u00edan suyas. El progreso porfirista era visible\u2026 pero no distribuido.<\/p>\n\n\n\n<p class=\"wp-block-paragraph\">En ese contexto, los Madero representaban una contradicci\u00f3n viviente:<\/p>\n\n\n\n<p class=\"wp-block-paragraph\">Eran parte del sistema\u2026 pero tambi\u00e9n, en uno de sus miembros, su negaci\u00f3n.<\/p>\n\n\n\n<p class=\"wp-block-paragraph\">Evaristo construy\u00f3 riqueza dentro del orden existente. Francisco intent\u00f3 derribarlo.<\/p>\n\n\n\n<p class=\"wp-block-paragraph\">Uno acumul\u00f3 tierra.<br>El otro sembr\u00f3 ideas.<\/p>\n\n\n\n<p class=\"wp-block-paragraph\">Uno pact\u00f3 con el poder.<br>El otro lo desafi\u00f3.<\/p>\n\n\n\n<p class=\"wp-block-paragraph\">Y ambos, en su forma, fueron fieles a M\u00e9xico.<\/p>\n\n\n\n<p class=\"wp-block-paragraph\">Porque M\u00e9xico es eso: una tensi\u00f3n permanente entre la estabilidad y la ruptura.<\/p>\n\n\n\n<figure class=\"wp-block-image size-large is-resized\"><img loading=\"lazy\" decoding=\"async\" width=\"1024\" height=\"743\" src=\"https:\/\/letrashipnoticas.org\/wp-content\/uploads\/2026\/04\/WhatsApp-Image-2026-04-09-at-4.02.41-PM-1024x743.jpeg\" alt=\"\" class=\"wp-image-3012\" style=\"width:1055px;height:auto\" srcset=\"https:\/\/letrashipnoticas.org\/wp-content\/uploads\/2026\/04\/WhatsApp-Image-2026-04-09-at-4.02.41-PM-1024x743.jpeg 1024w, https:\/\/letrashipnoticas.org\/wp-content\/uploads\/2026\/04\/WhatsApp-Image-2026-04-09-at-4.02.41-PM-300x218.jpeg 300w, https:\/\/letrashipnoticas.org\/wp-content\/uploads\/2026\/04\/WhatsApp-Image-2026-04-09-at-4.02.41-PM-768x558.jpeg 768w, https:\/\/letrashipnoticas.org\/wp-content\/uploads\/2026\/04\/WhatsApp-Image-2026-04-09-at-4.02.41-PM-579x420.jpeg 579w, https:\/\/letrashipnoticas.org\/wp-content\/uploads\/2026\/04\/WhatsApp-Image-2026-04-09-at-4.02.41-PM-150x109.jpeg 150w, https:\/\/letrashipnoticas.org\/wp-content\/uploads\/2026\/04\/WhatsApp-Image-2026-04-09-at-4.02.41-PM-696x505.jpeg 696w, https:\/\/letrashipnoticas.org\/wp-content\/uploads\/2026\/04\/WhatsApp-Image-2026-04-09-at-4.02.41-PM-1068x775.jpeg 1068w, https:\/\/letrashipnoticas.org\/wp-content\/uploads\/2026\/04\/WhatsApp-Image-2026-04-09-at-4.02.41-PM-324x235.jpeg 324w, https:\/\/letrashipnoticas.org\/wp-content\/uploads\/2026\/04\/WhatsApp-Image-2026-04-09-at-4.02.41-PM.jpeg 1080w\" sizes=\"auto, (max-width: 1024px) 100vw, 1024px\" \/><\/figure>\n\n\n\n<hr class=\"wp-block-separator has-alpha-channel-opacity\"\/>\n\n\n\n<p class=\"wp-block-paragraph\">VII. Los buenos y los malos: una ilusi\u00f3n peligrosa<\/p>\n\n\n\n<p class=\"wp-block-paragraph\">Decir \u201clos Madero buenos\u201d y \u201clos Madero malos\u201d es, en el fondo, una simplificaci\u00f3n peligrosa.<\/p>\n\n\n\n<p class=\"wp-block-paragraph\">\u00bfFue Evaristo un villano por enriquecerse en un sistema desigual?<br>\u00bfO fue un producto l\u00f3gico de su tiempo?<\/p>\n\n\n\n<p class=\"wp-block-paragraph\">\u00bfFue Francisco un h\u00e9roe por iniciar la Revoluci\u00f3n?<br>\u00bfO un ingenuo que desat\u00f3 fuerzas que no pudo controlar?<\/p>\n\n\n\n<p class=\"wp-block-paragraph\">La historia no responde con claridad.<\/p>\n\n\n\n<p class=\"wp-block-paragraph\">Porque la historia no es moral. Es tr\u00e1gica.<\/p>\n\n\n\n<p class=\"wp-block-paragraph\">Evaristo garantiz\u00f3 estabilidad para su mundo.<br>Francisco rompi\u00f3 esa estabilidad para intentar justicia.<\/p>\n\n\n\n<p class=\"wp-block-paragraph\">Ambos actuaron desde convicciones distintas.<br>Ambos pagaron precios distintos.<\/p>\n\n\n\n<p class=\"wp-block-paragraph\">Pero ninguno escap\u00f3 al destino mexicano: el conflicto.<\/p>\n\n\n\n<hr class=\"wp-block-separator has-alpha-channel-opacity\"\/>\n\n\n\n<p class=\"wp-block-paragraph\">VIII. El eco que no se apaga<\/p>\n\n\n\n<p class=\"wp-block-paragraph\">Cuando Evaristo muri\u00f3 en 1911, el pa\u00eds ya no era el mismo. Su nieto hab\u00eda encendido la llama de la Revoluci\u00f3n. El viejo orden comenzaba a resquebrajarse.<\/p>\n\n\n\n<p class=\"wp-block-paragraph\">Pero en su tumba \u2014silenciosa, profunda\u2014 qued\u00f3 una pregunta que a\u00fan hoy nos persigue:<\/p>\n\n\n\n<p class=\"wp-block-paragraph\">\u00bfPuede M\u00e9xico reconciliar su pasado de poder con su anhelo de justicia?<\/p>\n\n\n\n<p class=\"wp-block-paragraph\">Porque los Madero no son solo una familia.<\/p>\n\n\n\n<p class=\"wp-block-paragraph\">Son un espejo.<\/p>\n\n\n\n<p class=\"wp-block-paragraph\">En ellos se reflejan nuestras contradicciones m\u00e1s profundas:<\/p>\n\n\n\n<p class=\"wp-block-paragraph\">La riqueza y la desigualdad.<br>La ley y la simulaci\u00f3n.<br>La esperanza y la violencia.<\/p>\n\n\n\n<hr class=\"wp-block-separator has-alpha-channel-opacity\"\/>\n\n\n\n<p class=\"wp-block-paragraph\">IX. Cantar final: el pa\u00eds que a\u00fan decide<\/p>\n\n\n\n<p class=\"wp-block-paragraph\">Hay un M\u00e9xico que construye haciendas invisibles: corporaciones, influencias, redes de poder.<br>Y hay otro M\u00e9xico que sue\u00f1a con derribarlas.<\/p>\n\n\n\n<p class=\"wp-block-paragraph\">Hay un M\u00e9xico que pacta.<br>Y otro que se levanta.<\/p>\n\n\n\n<p class=\"wp-block-paragraph\">En cada generaci\u00f3n, los Madero vuelven a nacer.<\/p>\n\n\n\n<p class=\"wp-block-paragraph\">En cada decisi\u00f3n, elegimos entre Evaristo y Francisco.<\/p>\n\n\n\n<p class=\"wp-block-paragraph\">Entre la permanencia y el cambio.<br>Entre el c\u00e1lculo y la fe.<\/p>\n\n\n\n<p class=\"wp-block-paragraph\">Pero quiz\u00e1 \u2014y solo quiz\u00e1\u2014 el verdadero destino de M\u00e9xico no est\u00e1 en elegir entre buenos y malos, sino en comprender que ambos habitan en el mismo cuerpo nacional.<\/p>\n\n\n\n<p class=\"wp-block-paragraph\">Porque la patria no es pura.<\/p>\n\n\n\n<p class=\"wp-block-paragraph\">Es compleja. Es contradictoria. Es humana.<\/p>\n\n\n\n<p class=\"wp-block-paragraph\">Y mientras no entendamos eso, seguiremos repitiendo la historia\u2026 con distintos nombres, pero con los mismos machetes.<\/p>\n\n\n\n<hr class=\"wp-block-separator has-alpha-channel-opacity\"\/>\n\n\n\n<figure class=\"wp-block-image size-large is-resized\"><img loading=\"lazy\" decoding=\"async\" width=\"732\" height=\"1024\" src=\"https:\/\/letrashipnoticas.org\/wp-content\/uploads\/2026\/04\/WhatsApp-Image-2026-04-09-at-4.03.27-PM-732x1024.jpeg\" alt=\"\" class=\"wp-image-3013\" style=\"width:1055px;height:auto\" srcset=\"https:\/\/letrashipnoticas.org\/wp-content\/uploads\/2026\/04\/WhatsApp-Image-2026-04-09-at-4.03.27-PM-732x1024.jpeg 732w, https:\/\/letrashipnoticas.org\/wp-content\/uploads\/2026\/04\/WhatsApp-Image-2026-04-09-at-4.03.27-PM-214x300.jpeg 214w, https:\/\/letrashipnoticas.org\/wp-content\/uploads\/2026\/04\/WhatsApp-Image-2026-04-09-at-4.03.27-PM-768x1074.jpeg 768w, https:\/\/letrashipnoticas.org\/wp-content\/uploads\/2026\/04\/WhatsApp-Image-2026-04-09-at-4.03.27-PM-300x420.jpeg 300w, https:\/\/letrashipnoticas.org\/wp-content\/uploads\/2026\/04\/WhatsApp-Image-2026-04-09-at-4.03.27-PM-150x210.jpeg 150w, https:\/\/letrashipnoticas.org\/wp-content\/uploads\/2026\/04\/WhatsApp-Image-2026-04-09-at-4.03.27-PM-696x974.jpeg 696w, https:\/\/letrashipnoticas.org\/wp-content\/uploads\/2026\/04\/WhatsApp-Image-2026-04-09-at-4.03.27-PM.jpeg 995w\" sizes=\"auto, (max-width: 732px) 100vw, 732px\" \/><\/figure>\n\n\n\n<p class=\"wp-block-paragraph\">Ep\u00edlogo<\/p>\n\n\n\n<p class=\"wp-block-paragraph\">El hombre de los siete machetes muri\u00f3 en silencio.<\/p>\n\n\n\n<p class=\"wp-block-paragraph\">El hombre de los ideales muri\u00f3 asesinado.<\/p>\n\n\n\n<p class=\"wp-block-paragraph\">Y M\u00e9xico\u2026 sigue caminando entre ambos.<\/p>\n\n\n\n<p class=\"wp-block-paragraph\">Urdiales Zuazubiskar fundaci\u00f3n de letras hipn\u00f3ticas AC \u00a9\u00ae quienes le invitamos a compartir esta columna y desarrollar un mundo mejor llenitito de buenos lectores, agradezco mucho su atenci\u00f3n.<\/p>\n","protected":false},"excerpt":{"rendered":"<p>Los Madero buenos. Los Madero malos. La patria en su espejo. Por Arturo V\u00e1squez Urdiales I. El hombre de los siete machetes y la ra\u00edz del poder El 6 de abril de 1911, mientras el pa\u00eds comenzaba a arder en los fuegos de la Revoluci\u00f3n, mor\u00eda en Monterrey un hombre que parec\u00eda haber sido tallado [&hellip;]<\/p>\n","protected":false},"author":1,"featured_media":3010,"comment_status":"open","ping_status":"open","sticky":false,"template":"","format":"standard","meta":{"om_disable_all_campaigns":false,"_monsterinsights_skip_tracking":false,"footnotes":""},"categories":[1],"tags":[],"class_list":["post-3009","post","type-post","status-publish","format-standard","has-post-thumbnail","category-general"],"aioseo_notices":[],"aioseo_head":"\n\t\t<!-- All in One SEO 5.0.0.1 - aioseo.com -->\n\t<meta name=\"description\" content=\"Los Madero buenos. Los Madero malos. La patria en su espejo. Por Arturo V\u00e1squez Urdiales I. El hombre de los siete machetes y la ra\u00edz del poder El 6 de abril de 1911, mientras el pa\u00eds comenzaba a arder en los fuegos de la Revoluci\u00f3n, mor\u00eda en Monterrey un hombre que parec\u00eda haber sido tallado\" \/>\n\t<meta name=\"robots\" content=\"max-image-preview:large\" \/>\n\t<meta name=\"author\" content=\"Dr. Arturo David V\u00e1squez Urdiales\"\/>\n\t<meta name=\"google-site-verification\" content=\"w1V7bRCSYMeOZjzLwWS_W8_n8jd94Z38sletBUa-LV0\" \/>\n\t<link rel=\"canonical\" href=\"https:\/\/letrashipnoticas.org\/?p=3009\" \/>\n\t<meta name=\"generator\" content=\"All in One SEO (AIOSEO) 5.0.0.1\" \/>\n\t\t<meta property=\"og:locale\" content=\"es_MX\" \/>\n\t\t<meta property=\"og:site_name\" content=\"Letras Hiptn\u00f3ticas - &quot;Descubre Apunte diario sobre letras hipn\u00f3ticas, un viaje literario envolvente que despierta el alma. Reflexiones profundas, historias cautivadoras y un estilo \u00fanico que hipnotiza en cada palabra.&quot; Los Madero buenos. Los Madero malos. La patria en su espejo. Por Arturo V\u00e1squez Urdiales I. El hombre de los siete machetes y la ra\u00edz del poder El 6 de abril de 1911, mientras el pa\u00eds comenzaba a arder en los fuegos de la Revoluci\u00f3n, mor\u00eda en Monterrey un hombre que parec\u00eda haber sido tallado\" \/>\n\t\t<meta property=\"og:type\" content=\"article\" \/>\n\t\t<meta property=\"og:title\" content=\"Los Madero: entre la tierra, la sangre y el destino de M\u00e9xico. - Letras Hiptn\u00f3ticas\" \/>\n\t\t<meta property=\"og:description\" content=\"Los Madero buenos. Los Madero malos. La patria en su espejo. Por Arturo V\u00e1squez Urdiales I. El hombre de los siete machetes y la ra\u00edz del poder El 6 de abril de 1911, mientras el pa\u00eds comenzaba a arder en los fuegos de la Revoluci\u00f3n, mor\u00eda en Monterrey un hombre que parec\u00eda haber sido tallado\" \/>\n\t\t<meta property=\"og:url\" content=\"https:\/\/letrashipnoticas.org\/?p=3009\" \/>\n\t\t<meta property=\"og:image\" content=\"https:\/\/letrashipnoticas.org\/wp-content\/uploads\/2026\/04\/WhatsApp-Image-2026-04-09-at-3.47.21-PM.jpeg\" \/>\n\t\t<meta property=\"og:image:secure_url\" content=\"https:\/\/letrashipnoticas.org\/wp-content\/uploads\/2026\/04\/WhatsApp-Image-2026-04-09-at-3.47.21-PM.jpeg\" \/>\n\t\t<meta property=\"og:image:width\" content=\"1080\" \/>\n\t\t<meta property=\"og:image:height\" content=\"1422\" \/>\n\t\t<meta property=\"article:published_time\" content=\"2026-04-10T17:57:10+00:00\" \/>\n\t\t<meta property=\"article:modified_time\" content=\"2026-04-10T17:57:16+00:00\" \/>\n\t\t<meta name=\"twitter:card\" content=\"summary_large_image\" \/>\n\t\t<meta name=\"twitter:title\" content=\"Los Madero: entre la tierra, la sangre y el destino de M\u00e9xico. - Letras Hiptn\u00f3ticas\" \/>\n\t\t<meta name=\"twitter:description\" content=\"Los Madero buenos. Los Madero malos. La patria en su espejo. Por Arturo V\u00e1squez Urdiales I. El hombre de los siete machetes y la ra\u00edz del poder El 6 de abril de 1911, mientras el pa\u00eds comenzaba a arder en los fuegos de la Revoluci\u00f3n, mor\u00eda en Monterrey un hombre que parec\u00eda haber sido tallado\" \/>\n\t\t<meta name=\"twitter:image\" content=\"https:\/\/letrashipnoticas.org\/wp-content\/uploads\/2026\/04\/WhatsApp-Image-2026-04-09-at-3.47.21-PM.jpeg\" \/>\n\t\t<script type=\"application\/ld+json\" class=\"aioseo-schema\">\n\t\t\t{\"@context\":\"https:\\\/\\\/schema.org\",\"@graph\":[{\"@type\":\"BlogPosting\",\"@id\":\"https:\\\/\\\/letrashipnoticas.org\\\/?p=3009#blogposting\",\"name\":\"Los Madero: entre la tierra, la sangre y el destino de M\\u00e9xico. - Letras Hiptn\\u00f3ticas\",\"headline\":\"Los Madero: entre la tierra, la sangre y el destino de M\\u00e9xico.\",\"author\":{\"@id\":\"https:\\\/\\\/letrashipnoticas.org\\\/?author=1#author\"},\"publisher\":{\"@id\":\"https:\\\/\\\/letrashipnoticas.org\\\/#organization\"},\"image\":{\"@type\":\"ImageObject\",\"url\":\"https:\\\/\\\/letrashipnoticas.org\\\/wp-content\\\/uploads\\\/2026\\\/04\\\/WhatsApp-Image-2026-04-09-at-3.47.21-PM.jpeg\",\"width\":1080,\"height\":1422},\"datePublished\":\"2026-04-10T17:57:10+00:00\",\"dateModified\":\"2026-04-10T17:57:16+00:00\",\"inLanguage\":\"es-MX\",\"mainEntityOfPage\":{\"@id\":\"https:\\\/\\\/letrashipnoticas.org\\\/?p=3009#webpage\"},\"isPartOf\":{\"@id\":\"https:\\\/\\\/letrashipnoticas.org\\\/?p=3009#webpage\"},\"articleSection\":\"Las Letras Hipn\\u00f3ticas de hoy\"},{\"@type\":\"BreadcrumbList\",\"@id\":\"https:\\\/\\\/letrashipnoticas.org\\\/?p=3009#breadcrumblist\",\"itemListElement\":[{\"@type\":\"ListItem\",\"@id\":\"https:\\\/\\\/letrashipnoticas.org#listItem\",\"position\":1,\"name\":\"Inicio\",\"item\":\"https:\\\/\\\/letrashipnoticas.org\",\"nextItem\":{\"@type\":\"ListItem\",\"@id\":\"https:\\\/\\\/letrashipnoticas.org\\\/?cat=1#listItem\",\"name\":\"Las Letras Hipn\\u00f3ticas de hoy\"}},{\"@type\":\"ListItem\",\"@id\":\"https:\\\/\\\/letrashipnoticas.org\\\/?cat=1#listItem\",\"position\":2,\"name\":\"Las Letras Hipn\\u00f3ticas de hoy\",\"item\":\"https:\\\/\\\/letrashipnoticas.org\\\/?cat=1\",\"nextItem\":{\"@type\":\"ListItem\",\"@id\":\"https:\\\/\\\/letrashipnoticas.org\\\/?p=3009#listItem\",\"name\":\"Los Madero: entre la tierra, la sangre y el destino de M\\u00e9xico.\"},\"previousItem\":{\"@type\":\"ListItem\",\"@id\":\"https:\\\/\\\/letrashipnoticas.org#listItem\",\"name\":\"Inicio\"}},{\"@type\":\"ListItem\",\"@id\":\"https:\\\/\\\/letrashipnoticas.org\\\/?p=3009#listItem\",\"position\":3,\"name\":\"Los Madero: entre la tierra, la sangre y el destino de M\\u00e9xico.\",\"previousItem\":{\"@type\":\"ListItem\",\"@id\":\"https:\\\/\\\/letrashipnoticas.org\\\/?cat=1#listItem\",\"name\":\"Las Letras Hipn\\u00f3ticas de hoy\"}}]},{\"@type\":\"Organization\",\"@id\":\"https:\\\/\\\/letrashipnoticas.org\\\/#organization\",\"name\":\"Letras Hiptn\\u00f3ticas\",\"description\":\"\\\"Descubre Apunte diario sobre letras hipn\\u00f3ticas, un viaje literario envolvente que despierta el alma. Reflexiones profundas, historias cautivadoras y un estilo \\u00fanico que hipnotiza en cada palabra.\\\"\",\"url\":\"https:\\\/\\\/letrashipnoticas.org\\\/\",\"logo\":{\"@type\":\"ImageObject\",\"url\":\"https:\\\/\\\/letrashipnoticas.org\\\/wp-content\\\/uploads\\\/2024\\\/09\\\/LogoRetinaPNG.png\",\"@id\":\"https:\\\/\\\/letrashipnoticas.org\\\/?p=3009\\\/#organizationLogo\",\"width\":544,\"height\":180},\"image\":{\"@id\":\"https:\\\/\\\/letrashipnoticas.org\\\/?p=3009\\\/#organizationLogo\"}},{\"@type\":\"Person\",\"@id\":\"https:\\\/\\\/letrashipnoticas.org\\\/?author=1#author\",\"url\":\"https:\\\/\\\/letrashipnoticas.org\\\/?author=1\",\"name\":\"Dr. Arturo David V\\u00e1squez Urdiales\",\"image\":{\"@type\":\"ImageObject\",\"@id\":\"https:\\\/\\\/letrashipnoticas.org\\\/?p=3009#authorImage\",\"url\":\"https:\\\/\\\/secure.gravatar.com\\\/avatar\\\/1bbc04a2da05a8a25045693b6f4473cec684496aa6385880380b702aa43009f8?s=96&d=mm&r=g\",\"width\":96,\"height\":96,\"caption\":\"Dr. Arturo David V\\u00e1squez Urdiales\"}},{\"@type\":\"WebPage\",\"@id\":\"https:\\\/\\\/letrashipnoticas.org\\\/?p=3009#webpage\",\"url\":\"https:\\\/\\\/letrashipnoticas.org\\\/?p=3009\",\"name\":\"Los Madero: entre la tierra, la sangre y el destino de M\\u00e9xico. - Letras Hiptn\\u00f3ticas\",\"description\":\"Los Madero buenos. Los Madero malos. La patria en su espejo. Por Arturo V\\u00e1squez Urdiales I. El hombre de los siete machetes y la ra\\u00edz del poder El 6 de abril de 1911, mientras el pa\\u00eds comenzaba a arder en los fuegos de la Revoluci\\u00f3n, mor\\u00eda en Monterrey un hombre que parec\\u00eda haber sido tallado\",\"inLanguage\":\"es-MX\",\"isPartOf\":{\"@id\":\"https:\\\/\\\/letrashipnoticas.org\\\/#website\"},\"breadcrumb\":{\"@id\":\"https:\\\/\\\/letrashipnoticas.org\\\/?p=3009#breadcrumblist\"},\"author\":{\"@id\":\"https:\\\/\\\/letrashipnoticas.org\\\/?author=1#author\"},\"creator\":{\"@id\":\"https:\\\/\\\/letrashipnoticas.org\\\/?author=1#author\"},\"image\":{\"@type\":\"ImageObject\",\"url\":\"https:\\\/\\\/letrashipnoticas.org\\\/wp-content\\\/uploads\\\/2026\\\/04\\\/WhatsApp-Image-2026-04-09-at-3.47.21-PM.jpeg\",\"@id\":\"https:\\\/\\\/letrashipnoticas.org\\\/?p=3009\\\/#mainImage\",\"width\":1080,\"height\":1422},\"primaryImageOfPage\":{\"@id\":\"https:\\\/\\\/letrashipnoticas.org\\\/?p=3009#mainImage\"},\"datePublished\":\"2026-04-10T17:57:10+00:00\",\"dateModified\":\"2026-04-10T17:57:16+00:00\"},{\"@type\":\"WebSite\",\"@id\":\"https:\\\/\\\/letrashipnoticas.org\\\/#website\",\"url\":\"https:\\\/\\\/letrashipnoticas.org\\\/\",\"name\":\"Letras Hiptn\\u00f3ticas\",\"description\":\"\\\"Descubre Apunte diario sobre letras hipn\\u00f3ticas, un viaje literario envolvente que despierta el alma. Reflexiones profundas, historias cautivadoras y un estilo \\u00fanico que hipnotiza en cada palabra.\\\"\",\"inLanguage\":\"es-MX\",\"publisher\":{\"@id\":\"https:\\\/\\\/letrashipnoticas.org\\\/#organization\"}}]}\n\t\t<\/script>\n\t\t<!-- All in One SEO -->\n\n","aioseo_head_json":{"title":"Los Madero: entre la tierra, la sangre y el destino de M\u00e9xico. - Letras Hiptn\u00f3ticas","description":"Los Madero buenos. Los Madero malos. La patria en su espejo. Por Arturo V\u00e1squez Urdiales I. El hombre de los siete machetes y la ra\u00edz del poder El 6 de abril de 1911, mientras el pa\u00eds comenzaba a arder en los fuegos de la Revoluci\u00f3n, mor\u00eda en Monterrey un hombre que parec\u00eda haber sido tallado","canonical_url":"https:\/\/letrashipnoticas.org\/?p=3009","robots":"max-image-preview:large","keywords":"","webmasterTools":{"google-site-verification":"w1V7bRCSYMeOZjzLwWS_W8_n8jd94Z38sletBUa-LV0","miscellaneous":""},"schema":{"@context":"https:\/\/schema.org","@graph":[{"@type":"BlogPosting","@id":"https:\/\/letrashipnoticas.org\/?p=3009#blogposting","name":"Los Madero: entre la tierra, la sangre y el destino de M\u00e9xico. - Letras Hiptn\u00f3ticas","headline":"Los Madero: entre la tierra, la sangre y el destino de M\u00e9xico.","author":{"@id":"https:\/\/letrashipnoticas.org\/?author=1#author"},"publisher":{"@id":"https:\/\/letrashipnoticas.org\/#organization"},"image":{"@type":"ImageObject","url":"https:\/\/letrashipnoticas.org\/wp-content\/uploads\/2026\/04\/WhatsApp-Image-2026-04-09-at-3.47.21-PM.jpeg","width":1080,"height":1422},"datePublished":"2026-04-10T17:57:10+00:00","dateModified":"2026-04-10T17:57:16+00:00","inLanguage":"es-MX","mainEntityOfPage":{"@id":"https:\/\/letrashipnoticas.org\/?p=3009#webpage"},"isPartOf":{"@id":"https:\/\/letrashipnoticas.org\/?p=3009#webpage"},"articleSection":"Las Letras Hipn\u00f3ticas de hoy"},{"@type":"BreadcrumbList","@id":"https:\/\/letrashipnoticas.org\/?p=3009#breadcrumblist","itemListElement":[{"@type":"ListItem","@id":"https:\/\/letrashipnoticas.org#listItem","position":1,"name":"Inicio","item":"https:\/\/letrashipnoticas.org","nextItem":{"@type":"ListItem","@id":"https:\/\/letrashipnoticas.org\/?cat=1#listItem","name":"Las Letras Hipn\u00f3ticas de hoy"}},{"@type":"ListItem","@id":"https:\/\/letrashipnoticas.org\/?cat=1#listItem","position":2,"name":"Las Letras Hipn\u00f3ticas de hoy","item":"https:\/\/letrashipnoticas.org\/?cat=1","nextItem":{"@type":"ListItem","@id":"https:\/\/letrashipnoticas.org\/?p=3009#listItem","name":"Los Madero: entre la tierra, la sangre y el destino de M\u00e9xico."},"previousItem":{"@type":"ListItem","@id":"https:\/\/letrashipnoticas.org#listItem","name":"Inicio"}},{"@type":"ListItem","@id":"https:\/\/letrashipnoticas.org\/?p=3009#listItem","position":3,"name":"Los Madero: entre la tierra, la sangre y el destino de M\u00e9xico.","previousItem":{"@type":"ListItem","@id":"https:\/\/letrashipnoticas.org\/?cat=1#listItem","name":"Las Letras Hipn\u00f3ticas de hoy"}}]},{"@type":"Organization","@id":"https:\/\/letrashipnoticas.org\/#organization","name":"Letras Hiptn\u00f3ticas","description":"\"Descubre Apunte diario sobre letras hipn\u00f3ticas, un viaje literario envolvente que despierta el alma. Reflexiones profundas, historias cautivadoras y un estilo \u00fanico que hipnotiza en cada palabra.\"","url":"https:\/\/letrashipnoticas.org\/","logo":{"@type":"ImageObject","url":"https:\/\/letrashipnoticas.org\/wp-content\/uploads\/2024\/09\/LogoRetinaPNG.png","@id":"https:\/\/letrashipnoticas.org\/?p=3009\/#organizationLogo","width":544,"height":180},"image":{"@id":"https:\/\/letrashipnoticas.org\/?p=3009\/#organizationLogo"}},{"@type":"Person","@id":"https:\/\/letrashipnoticas.org\/?author=1#author","url":"https:\/\/letrashipnoticas.org\/?author=1","name":"Dr. Arturo David V\u00e1squez Urdiales","image":{"@type":"ImageObject","@id":"https:\/\/letrashipnoticas.org\/?p=3009#authorImage","url":"https:\/\/secure.gravatar.com\/avatar\/1bbc04a2da05a8a25045693b6f4473cec684496aa6385880380b702aa43009f8?s=96&d=mm&r=g","width":96,"height":96,"caption":"Dr. Arturo David V\u00e1squez Urdiales"}},{"@type":"WebPage","@id":"https:\/\/letrashipnoticas.org\/?p=3009#webpage","url":"https:\/\/letrashipnoticas.org\/?p=3009","name":"Los Madero: entre la tierra, la sangre y el destino de M\u00e9xico. - Letras Hiptn\u00f3ticas","description":"Los Madero buenos. Los Madero malos. La patria en su espejo. Por Arturo V\u00e1squez Urdiales I. El hombre de los siete machetes y la ra\u00edz del poder El 6 de abril de 1911, mientras el pa\u00eds comenzaba a arder en los fuegos de la Revoluci\u00f3n, mor\u00eda en Monterrey un hombre que parec\u00eda haber sido tallado","inLanguage":"es-MX","isPartOf":{"@id":"https:\/\/letrashipnoticas.org\/#website"},"breadcrumb":{"@id":"https:\/\/letrashipnoticas.org\/?p=3009#breadcrumblist"},"author":{"@id":"https:\/\/letrashipnoticas.org\/?author=1#author"},"creator":{"@id":"https:\/\/letrashipnoticas.org\/?author=1#author"},"image":{"@type":"ImageObject","url":"https:\/\/letrashipnoticas.org\/wp-content\/uploads\/2026\/04\/WhatsApp-Image-2026-04-09-at-3.47.21-PM.jpeg","@id":"https:\/\/letrashipnoticas.org\/?p=3009\/#mainImage","width":1080,"height":1422},"primaryImageOfPage":{"@id":"https:\/\/letrashipnoticas.org\/?p=3009#mainImage"},"datePublished":"2026-04-10T17:57:10+00:00","dateModified":"2026-04-10T17:57:16+00:00"},{"@type":"WebSite","@id":"https:\/\/letrashipnoticas.org\/#website","url":"https:\/\/letrashipnoticas.org\/","name":"Letras Hiptn\u00f3ticas","description":"\"Descubre Apunte diario sobre letras hipn\u00f3ticas, un viaje literario envolvente que despierta el alma. Reflexiones profundas, historias cautivadoras y un estilo \u00fanico que hipnotiza en cada palabra.\"","inLanguage":"es-MX","publisher":{"@id":"https:\/\/letrashipnoticas.org\/#organization"}}]},"og:locale":"es_MX","og:site_name":"Letras Hiptn\u00f3ticas - &quot;Descubre Apunte diario sobre letras hipn\u00f3ticas, un viaje literario envolvente que despierta el alma. Reflexiones profundas, historias cautivadoras y un estilo \u00fanico que hipnotiza en cada palabra.&quot; Los Madero buenos. Los Madero malos. La patria en su espejo. Por Arturo V\u00e1squez Urdiales I. El hombre de los siete machetes y la ra\u00edz del poder El 6 de abril de 1911, mientras el pa\u00eds comenzaba a arder en los fuegos de la Revoluci\u00f3n, mor\u00eda en Monterrey un hombre que parec\u00eda haber sido tallado","og:type":"article","og:title":"Los Madero: entre la tierra, la sangre y el destino de M\u00e9xico. - Letras Hiptn\u00f3ticas","og:description":"Los Madero buenos. Los Madero malos. La patria en su espejo. Por Arturo V\u00e1squez Urdiales I. El hombre de los siete machetes y la ra\u00edz del poder El 6 de abril de 1911, mientras el pa\u00eds comenzaba a arder en los fuegos de la Revoluci\u00f3n, mor\u00eda en Monterrey un hombre que parec\u00eda haber sido tallado","og:url":"https:\/\/letrashipnoticas.org\/?p=3009","og:image":"https:\/\/letrashipnoticas.org\/wp-content\/uploads\/2026\/04\/WhatsApp-Image-2026-04-09-at-3.47.21-PM.jpeg","og:image:secure_url":"https:\/\/letrashipnoticas.org\/wp-content\/uploads\/2026\/04\/WhatsApp-Image-2026-04-09-at-3.47.21-PM.jpeg","og:image:width":1080,"og:image:height":1422,"article:published_time":"2026-04-10T17:57:10+00:00","article:modified_time":"2026-04-10T17:57:16+00:00","twitter:card":"summary_large_image","twitter:title":"Los Madero: entre la tierra, la sangre y el destino de M\u00e9xico. - Letras Hiptn\u00f3ticas","twitter:description":"Los Madero buenos. Los Madero malos. La patria en su espejo. Por Arturo V\u00e1squez Urdiales I. El hombre de los siete machetes y la ra\u00edz del poder El 6 de abril de 1911, mientras el pa\u00eds comenzaba a arder en los fuegos de la Revoluci\u00f3n, mor\u00eda en Monterrey un hombre que parec\u00eda haber sido tallado","twitter:image":"https:\/\/letrashipnoticas.org\/wp-content\/uploads\/2026\/04\/WhatsApp-Image-2026-04-09-at-3.47.21-PM.jpeg"},"aioseo_meta_data":{"post_id":"3009","title":null,"description":null,"keywords":null,"keyphrases":{"focus":{"keyphrase":"","score":0,"analysis":{"keyphraseInTitle":{"score":0,"maxScore":9,"error":1}}},"additional":[]},"primary_term":null,"canonical_url":null,"og_title":null,"og_description":null,"og_object_type":"default","og_image_type":"default","og_image_url":null,"og_image_width":null,"og_image_height":null,"og_image_custom_url":null,"og_image_custom_fields":null,"og_video":"","og_custom_url":null,"og_article_section":null,"og_article_tags":null,"twitter_use_og":false,"twitter_card":"default","twitter_image_type":"default","twitter_image_url":null,"twitter_image_custom_url":null,"twitter_image_custom_fields":null,"twitter_title":null,"twitter_description":null,"schema":{"blockGraphs":[],"customGraphs":[],"default":{"data":{"Article":[],"Course":[],"Dataset":[],"FAQPage":[],"Movie":[],"Person":[],"Product":[],"ProductReview":[],"Car":[],"Recipe":[],"Service":[],"SoftwareApplication":[],"WebPage":[]},"graphName":"BlogPosting","isEnabled":true},"graphs":[]},"schema_type":"default","schema_type_options":null,"pillar_content":false,"robots_default":true,"robots_noindex":false,"robots_noarchive":false,"robots_nosnippet":false,"robots_nofollow":false,"robots_noimageindex":false,"robots_noodp":false,"robots_notranslate":false,"robots_max_snippet":"-1","robots_max_videopreview":"-1","robots_max_imagepreview":"large","priority":null,"frequency":"default","local_seo":null,"breadcrumb_settings":null,"limit_modified_date":false,"ai":{"faqs":[],"keyPoints":[],"titles":[],"descriptions":[],"socialPosts":{"email":[],"linkedin":[],"twitter":[],"facebook":[],"instagram":[]}},"created":"2026-04-10 17:57:16","updated":"2026-05-11 18:43:55","focus_keyword":null,"additional_keywords":null,"truseo_locale":null,"seo_analyzer_scan_date":null},"aioseo_breadcrumb":"<div class=\"aioseo-breadcrumbs\"><span class=\"aioseo-breadcrumb\">\n\t\t\t<a href=\"https:\/\/letrashipnoticas.org\" title=\"Inicio\">Inicio<\/a>\n\t\t<\/span><span class=\"aioseo-breadcrumb-separator\">&raquo;<\/span><span class=\"aioseo-breadcrumb\">\n\t\t\t<a href=\"https:\/\/letrashipnoticas.org\/?cat=1\" title=\"Las Letras Hipn\u00f3ticas de hoy\">Las Letras Hipn\u00f3ticas de hoy<\/a>\n\t\t<\/span><span class=\"aioseo-breadcrumb-separator\">&raquo;<\/span><span class=\"aioseo-breadcrumb\">\n\t\t\tLos Madero: entre la tierra, la sangre y el destino de M\u00e9xico.\n\t\t<\/span><\/div>","aioseo_breadcrumb_json":[{"label":"Inicio","link":"https:\/\/letrashipnoticas.org"},{"label":"Las Letras Hipn\u00f3ticas de hoy","link":"https:\/\/letrashipnoticas.org\/?cat=1"},{"label":"Los Madero: entre la tierra, la sangre y el destino de M\u00e9xico.","link":"https:\/\/letrashipnoticas.org\/?p=3009"}],"_links":{"self":[{"href":"https:\/\/letrashipnoticas.org\/index.php?rest_route=\/wp\/v2\/posts\/3009","targetHints":{"allow":["GET"]}}],"collection":[{"href":"https:\/\/letrashipnoticas.org\/index.php?rest_route=\/wp\/v2\/posts"}],"about":[{"href":"https:\/\/letrashipnoticas.org\/index.php?rest_route=\/wp\/v2\/types\/post"}],"author":[{"embeddable":true,"href":"https:\/\/letrashipnoticas.org\/index.php?rest_route=\/wp\/v2\/users\/1"}],"replies":[{"embeddable":true,"href":"https:\/\/letrashipnoticas.org\/index.php?rest_route=%2Fwp%2Fv2%2Fcomments&post=3009"}],"version-history":[{"count":1,"href":"https:\/\/letrashipnoticas.org\/index.php?rest_route=\/wp\/v2\/posts\/3009\/revisions"}],"predecessor-version":[{"id":3014,"href":"https:\/\/letrashipnoticas.org\/index.php?rest_route=\/wp\/v2\/posts\/3009\/revisions\/3014"}],"wp:featuredmedia":[{"embeddable":true,"href":"https:\/\/letrashipnoticas.org\/index.php?rest_route=\/wp\/v2\/media\/3010"}],"wp:attachment":[{"href":"https:\/\/letrashipnoticas.org\/index.php?rest_route=%2Fwp%2Fv2%2Fmedia&parent=3009"}],"wp:term":[{"taxonomy":"category","embeddable":true,"href":"https:\/\/letrashipnoticas.org\/index.php?rest_route=%2Fwp%2Fv2%2Fcategories&post=3009"},{"taxonomy":"post_tag","embeddable":true,"href":"https:\/\/letrashipnoticas.org\/index.php?rest_route=%2Fwp%2Fv2%2Ftags&post=3009"}],"curies":[{"name":"wp","href":"https:\/\/api.w.org\/{rel}","templated":true}]}}