{"id":2731,"date":"2026-03-08T14:20:17","date_gmt":"2026-03-08T14:20:17","guid":{"rendered":"https:\/\/letrashipnoticas.org\/?p=2731"},"modified":"2026-03-08T14:20:24","modified_gmt":"2026-03-08T14:20:24","slug":"8-de-marzo-la-ciudad-morada-y-la-furia-de-las-calles","status":"publish","type":"post","link":"https:\/\/letrashipnoticas.org\/?p=2731","title":{"rendered":"8 de marzo: la ciudad morada y la furia de las calles."},"content":{"rendered":"\n<p class=\"wp-block-paragraph\">Por Arturo V\u00e1squez Urdiales.<\/p>\n\n\n\n<p class=\"wp-block-paragraph\">I. El origen del 8 de marzo<\/p>\n\n\n\n<p class=\"wp-block-paragraph\">La ra\u00edz hist\u00f3rica de una conmemoraci\u00f3n<\/p>\n\n\n\n<p class=\"wp-block-paragraph\">El 8 de marzo no naci\u00f3 como una fiesta, sino como un d\u00eda marcado por la memoria del sufrimiento y la lucha de las mujeres trabajadoras en los albores de la industrializaci\u00f3n.<\/p>\n\n\n\n<p class=\"wp-block-paragraph\">Su origen no se encuentra en un solo acontecimiento, sino en una constelaci\u00f3n de hechos hist\u00f3ricos que se fueron superponiendo hasta fijar la fecha.<\/p>\n\n\n\n<ol class=\"wp-block-list\">\n<li>Las obreras del siglo XIX.<\/li>\n<\/ol>\n\n\n\n<p class=\"wp-block-paragraph\">A finales del siglo XIX las mujeres trabajaban en condiciones brutales en f\u00e1bricas textiles de Europa y Estados Unidos.<\/p>\n\n\n\n<p class=\"wp-block-paragraph\">Jornadas de 12 a 16 horas<\/p>\n\n\n\n<p class=\"wp-block-paragraph\">Salarios mucho menores que los hombres<\/p>\n\n\n\n<p class=\"wp-block-paragraph\">Ambientes laborales peligrosos<\/p>\n\n\n\n<p class=\"wp-block-paragraph\">Sin derechos sindicales<\/p>\n\n\n\n<p class=\"wp-block-paragraph\">En 1857, seg\u00fan la tradici\u00f3n del movimiento obrero, obreras textiles de Nueva York protestaron contra estas condiciones. Aunque los historiadores debaten detalles del evento, el relato se volvi\u00f3 un s\u00edmbolo fundador del feminismo laboral.<\/p>\n\n\n\n<ol start=\"2\" class=\"wp-block-list\">\n<li>El incendio que marc\u00f3 la conciencia del mundo.<\/li>\n<\/ol>\n\n\n\n<p class=\"wp-block-paragraph\">El acontecimiento m\u00e1s tr\u00e1gico ocurri\u00f3 el 25 de marzo de 1911 en Nueva York: el incendio de la f\u00e1brica Triangle Shirtwaist.<\/p>\n\n\n\n<p class=\"wp-block-paragraph\">Murieron 146 trabajadores, la mayor\u00eda mujeres j\u00f3venes inmigrantes.<\/p>\n\n\n\n<p class=\"wp-block-paragraph\">Las puertas estaban cerradas con llave para evitar que las obreras abandonaran sus puestos.<\/p>\n\n\n\n<p class=\"wp-block-paragraph\">Muchas murieron:<\/p>\n\n\n\n<p class=\"wp-block-paragraph\">atrapadas entre las llamas<\/p>\n\n\n\n<p class=\"wp-block-paragraph\">asfixiadas<\/p>\n\n\n\n<p class=\"wp-block-paragraph\">o saltando desde los pisos superiores.<\/p>\n\n\n\n<p class=\"wp-block-paragraph\">Aquel incendio sacudi\u00f3 a la opini\u00f3n p\u00fablica mundial y evidenci\u00f3 la brutalidad del capitalismo industrial de la \u00e9poca.<\/p>\n\n\n\n<ol start=\"3\" class=\"wp-block-list\">\n<li>La propuesta pol\u00edtica<\/li>\n<\/ol>\n\n\n\n<p class=\"wp-block-paragraph\">En 1910, durante la Conferencia Internacional de Mujeres Socialistas en Copenhague, la pensadora alemana Clara Zetkin propuso establecer un d\u00eda internacional de lucha por los derechos de las mujeres.<\/p>\n\n\n\n<p class=\"wp-block-paragraph\">La propuesta fue aprobada por m\u00e1s de cien delegadas de 17 pa\u00edses.<\/p>\n\n\n\n<p class=\"wp-block-paragraph\">Pero a\u00fan no ten\u00eda fecha fija.<\/p>\n\n\n\n<ol start=\"4\" class=\"wp-block-list\">\n<li>La huelga que cambi\u00f3 la historia<\/li>\n<\/ol>\n\n\n\n<p class=\"wp-block-paragraph\">La fecha definitiva surgi\u00f3 en Rusia en 1917.<\/p>\n\n\n\n<p class=\"wp-block-paragraph\">Ese d\u00eda \u2014seg\u00fan el calendario gregoriano, el 8 de marzo\u2014 mujeres obreras salieron a las calles de Petrogrado exigiendo:<\/p>\n\n\n\n<p class=\"wp-block-paragraph\">pan<\/p>\n\n\n\n<p class=\"wp-block-paragraph\">paz<\/p>\n\n\n\n<p class=\"wp-block-paragraph\">el fin de la guerra<\/p>\n\n\n\n<p class=\"wp-block-paragraph\">mejores condiciones laborales.<\/p>\n\n\n\n<p class=\"wp-block-paragraph\">Aquella protesta desencaden\u00f3 una cadena de eventos que terminar\u00eda provocando la ca\u00edda del zarismo y el inicio de la Russian Revolution.<\/p>\n\n\n\n<p class=\"wp-block-paragraph\">El movimiento feminista internacional decidi\u00f3 adoptar esa fecha como s\u00edmbolo.<\/p>\n\n\n\n<ol start=\"5\" class=\"wp-block-list\">\n<li>Reconocimiento mundial<\/li>\n<\/ol>\n\n\n\n<p class=\"wp-block-paragraph\">D\u00e9cadas despu\u00e9s, en 1975, durante el A\u00f1o Internacional de la Mujer, la United Nations oficializ\u00f3 el 8 de marzo como D\u00eda Internacional de la Mujer.<\/p>\n\n\n\n<p class=\"wp-block-paragraph\">Desde entonces se conmemora globalmente.<\/p>\n\n\n\n<p class=\"wp-block-paragraph\">&#8212;\ud83d\udc90\ud83c\udf37\ud83c\udf39<\/p>\n\n\n\n<ol start=\"6\" class=\"wp-block-list\">\n<li>\u00bfPor qu\u00e9 no es una celebraci\u00f3n?<\/li>\n<\/ol>\n\n\n\n<p class=\"wp-block-paragraph\">Porque su esencia no es festiva.<\/p>\n\n\n\n<p class=\"wp-block-paragraph\">Es una memoria hist\u00f3rica.<\/p>\n\n\n\n<p class=\"wp-block-paragraph\">Recuerda:<\/p>\n\n\n\n<p class=\"wp-block-paragraph\">muertes en f\u00e1bricas<\/p>\n\n\n\n<p class=\"wp-block-paragraph\">explotaci\u00f3n laboral<\/p>\n\n\n\n<p class=\"wp-block-paragraph\">lucha por derechos civiles<\/p>\n\n\n\n<p class=\"wp-block-paragraph\">violencia estructural contra mujeres.<\/p>\n\n\n\n<p class=\"wp-block-paragraph\">Por eso muchas activistas insisten en decir:<\/p>\n\n\n\n<p class=\"wp-block-paragraph\">\u201cNo se celebra, se conmemora.\u201d<\/p>\n\n\n\n<p class=\"wp-block-paragraph\">Es un d\u00eda que mezcla:<\/p>\n\n\n\n<p class=\"wp-block-paragraph\">homenaje<\/p>\n\n\n\n<p class=\"wp-block-paragraph\">duelo<\/p>\n\n\n\n<p class=\"wp-block-paragraph\">protesta<\/p>\n\n\n\n<p class=\"wp-block-paragraph\">conciencia social.<\/p>\n\n\n\n<p class=\"wp-block-paragraph\">En otras palabras:<br>una jornada donde la historia recuerda que la igualdad nunca fue un regalo; siempre fue una conquista.<\/p>\n\n\n\n<p class=\"wp-block-paragraph\">&#8212;\ud83d\udc90\ud83c\udf37\ud83c\udf39<\/p>\n\n\n\n<p class=\"wp-block-paragraph\">II<\/p>\n\n\n\n<p class=\"wp-block-paragraph\">Las ciudades tienen d\u00edas en que cambian de color.<\/p>\n\n\n\n<p class=\"wp-block-paragraph\">No porque el cielo se modifique ni porque el concreto decida florecer.<br>Sucede porque la memoria humana, como una marea antigua, vuelve a subir.<\/p>\n\n\n\n<p class=\"wp-block-paragraph\">El 8 de marzo es uno de esos d\u00edas.<\/p>\n\n\n\n<p class=\"wp-block-paragraph\">La ciudad se vuelve morada.<\/p>\n\n\n\n<p class=\"wp-block-paragraph\">Moradas las pancartas.<br>Moradas las bufandas.<br>Moradas las consignas que suben por las avenidas como humo de incienso civil.<\/p>\n\n\n\n<p class=\"wp-block-paragraph\">Pero bajo ese color late algo m\u00e1s profundo.<\/p>\n\n\n\n<p class=\"wp-block-paragraph\">No es una fiesta.<\/p>\n\n\n\n<p class=\"wp-block-paragraph\">Es un ritual de memoria colectiva.<\/p>\n\n\n\n<p class=\"wp-block-paragraph\">Las sociedades modernas \u2014que presumen racionalidad y progreso\u2014 siguen necesitando d\u00edas espec\u00edficos para recordar lo que el tiempo intenta borrar.<\/p>\n\n\n\n<p class=\"wp-block-paragraph\">El calendario funciona entonces como un altar civil.<\/p>\n\n\n\n<p class=\"wp-block-paragraph\">Un lugar donde la historia vuelve a ser pronunciada.<\/p>\n\n\n\n<p class=\"wp-block-paragraph\">Los antiguos lo sab\u00edan bien.<\/p>\n\n\n\n<p class=\"wp-block-paragraph\">Los romanos ten\u00edan fiestas para recordar a sus muertos.<\/p>\n\n\n\n<p class=\"wp-block-paragraph\">Los griegos honraban a sus h\u00e9roes en d\u00edas se\u00f1alados.<\/p>\n\n\n\n<p class=\"wp-block-paragraph\">Los pueblos mesoamericanos guardaban calendarios sagrados donde cada fecha abr\u00eda una puerta entre el presente y el pasado.<\/p>\n\n\n\n<p class=\"wp-block-paragraph\">Nosotros hacemos lo mismo.<\/p>\n\n\n\n<p class=\"wp-block-paragraph\">Solo que en vez de templos tenemos avenidas.<\/p>\n\n\n\n<p class=\"wp-block-paragraph\">Y en vez de sacerdotes tenemos multitudes.<\/p>\n\n\n\n<p class=\"wp-block-paragraph\">El 8 de marzo es uno de esos d\u00edas en que la sociedad se mira al espejo.<\/p>\n\n\n\n<p class=\"wp-block-paragraph\">A veces ese espejo devuelve una imagen inc\u00f3moda.<\/p>\n\n\n\n<p class=\"wp-block-paragraph\">Por eso la ciudad no siempre responde con serenidad.<\/p>\n\n\n\n<p class=\"wp-block-paragraph\">Aparecen gritos.<\/p>\n\n\n\n<p class=\"wp-block-paragraph\">Aparecen consignas.<\/p>\n\n\n\n<p class=\"wp-block-paragraph\">Aparecen pintas sobre muros antiguos.<\/p>\n\n\n\n<p class=\"wp-block-paragraph\">Algunos llaman a esto vandalismo.<\/p>\n\n\n\n<p class=\"wp-block-paragraph\">Otros lo llaman desesperaci\u00f3n.<\/p>\n\n\n\n<p class=\"wp-block-paragraph\">La verdad es m\u00e1s compleja.<\/p>\n\n\n\n<p class=\"wp-block-paragraph\">Cuando una sociedad acumula tensiones durante a\u00f1os, el calendario se convierte en una v\u00e1lvula simb\u00f3lica.<\/p>\n\n\n\n<p class=\"wp-block-paragraph\">Un d\u00eda que concentra lo que durante meses permanece disperso.<\/p>\n\n\n\n<p class=\"wp-block-paragraph\">Por eso el 8 de marzo no es solo una marcha.<\/p>\n\n\n\n<p class=\"wp-block-paragraph\">Es una catarsis social.<\/p>\n\n\n\n<p class=\"wp-block-paragraph\">Un teatro colectivo donde se representan heridas que a\u00fan no han cerrado.<\/p>\n\n\n\n<p class=\"wp-block-paragraph\">Las calles se llenan entonces de voces.<\/p>\n\n\n\n<p class=\"wp-block-paragraph\">Voces j\u00f3venes.<br>Voces cansadas.<br>Voces que llevan nombres escritos en carteles de cart\u00f3n.<br>VOCES: MUCHAS VOCES!<\/p>\n\n\n\n<p class=\"wp-block-paragraph\">Cada nombre es una historia.<br>Cada historia es un recuerdo que se niega a desaparecer.<\/p>\n\n\n\n<p class=\"wp-block-paragraph\">Y as\u00ed la ciudad, cubierta de morado, se convierte por unas horas en un inmenso libro abierto.<\/p>\n\n\n\n<p class=\"wp-block-paragraph\">Un libro escrito con pasos.<\/p>\n\n\n\n<p class=\"wp-block-paragraph\">Un libro escrito con gritos.<\/p>\n\n\n\n<p class=\"wp-block-paragraph\">Un libro escrito con memoria.<\/p>\n\n\n\n<p class=\"wp-block-paragraph\">Quiz\u00e1 dentro de cien a\u00f1os las generaciones futuras mirar\u00e1n estas im\u00e1genes y se preguntar\u00e1n por qu\u00e9 fue necesario.<\/p>\n\n\n\n<p class=\"wp-block-paragraph\">Tal vez entonces el morado ya no sea un color de protesta.<\/p>\n\n\n\n<p class=\"wp-block-paragraph\">Tal vez sea solo un recuerdo.<\/p>\n\n\n\n<p class=\"wp-block-paragraph\">Pero mientras ese d\u00eda llega, las ciudades seguir\u00e1n teniendo jornadas en que cambian de color.<\/p>\n\n\n\n<p class=\"wp-block-paragraph\">Y cuando el calendario marque 8 de marzo, la historia volver\u00e1 a caminar por las avenidas.<\/p>\n\n\n\n<p class=\"wp-block-paragraph\">Porque la memoria \u2014como el r\u00edo del tiempo\u2014 nunca se detiene.<\/p>\n\n\n\n<p class=\"wp-block-paragraph\">Con respeto y admiraci\u00f3n<\/p>\n\n\n\n<p class=\"wp-block-paragraph\">Arturo.<\/p>\n","protected":false},"excerpt":{"rendered":"<p>Por Arturo V\u00e1squez Urdiales. I. El origen del 8 de marzo La ra\u00edz hist\u00f3rica de una conmemoraci\u00f3n El 8 de marzo no naci\u00f3 como una fiesta, sino como un d\u00eda marcado por la memoria del sufrimiento y la lucha de las mujeres trabajadoras en los albores de la industrializaci\u00f3n. Su origen no se encuentra en [&hellip;]<\/p>\n","protected":false},"author":1,"featured_media":2732,"comment_status":"open","ping_status":"open","sticky":false,"template":"","format":"standard","meta":{"om_disable_all_campaigns":false,"_monsterinsights_skip_tracking":false,"footnotes":""},"categories":[1],"tags":[],"class_list":["post-2731","post","type-post","status-publish","format-standard","has-post-thumbnail","category-general"],"aioseo_notices":[],"aioseo_head":"\n\t\t<!-- All in One SEO 5.0.0.1 - aioseo.com -->\n\t<meta name=\"description\" content=\"Por Arturo V\u00e1squez Urdiales. I. El origen del 8 de marzo La ra\u00edz hist\u00f3rica de una conmemoraci\u00f3n El 8 de marzo no naci\u00f3 como una fiesta, sino como un d\u00eda marcado por la memoria del sufrimiento y la lucha de las mujeres trabajadoras en los albores de la industrializaci\u00f3n. Su origen no se encuentra en\" \/>\n\t<meta name=\"robots\" content=\"max-image-preview:large\" \/>\n\t<meta name=\"author\" content=\"Dr. Arturo David V\u00e1squez Urdiales\"\/>\n\t<meta name=\"google-site-verification\" content=\"w1V7bRCSYMeOZjzLwWS_W8_n8jd94Z38sletBUa-LV0\" \/>\n\t<link rel=\"canonical\" href=\"https:\/\/letrashipnoticas.org\/?p=2731\" \/>\n\t<meta name=\"generator\" content=\"All in One SEO (AIOSEO) 5.0.0.1\" \/>\n\t\t<meta property=\"og:locale\" content=\"es_MX\" \/>\n\t\t<meta property=\"og:site_name\" content=\"Letras Hiptn\u00f3ticas - &quot;Descubre Apunte diario sobre letras hipn\u00f3ticas, un viaje literario envolvente que despierta el alma. Reflexiones profundas, historias cautivadoras y un estilo \u00fanico que hipnotiza en cada palabra.&quot; Por Arturo V\u00e1squez Urdiales. I. El origen del 8 de marzo La ra\u00edz hist\u00f3rica de una conmemoraci\u00f3n El 8 de marzo no naci\u00f3 como una fiesta, sino como un d\u00eda marcado por la memoria del sufrimiento y la lucha de las mujeres trabajadoras en los albores de la industrializaci\u00f3n. Su origen no se encuentra en\" \/>\n\t\t<meta property=\"og:type\" content=\"article\" \/>\n\t\t<meta property=\"og:title\" content=\"8 de marzo: la ciudad morada y la furia de las calles. - Letras Hiptn\u00f3ticas\" \/>\n\t\t<meta property=\"og:description\" content=\"Por Arturo V\u00e1squez Urdiales. I. El origen del 8 de marzo La ra\u00edz hist\u00f3rica de una conmemoraci\u00f3n El 8 de marzo no naci\u00f3 como una fiesta, sino como un d\u00eda marcado por la memoria del sufrimiento y la lucha de las mujeres trabajadoras en los albores de la industrializaci\u00f3n. Su origen no se encuentra en\" \/>\n\t\t<meta property=\"og:url\" content=\"https:\/\/letrashipnoticas.org\/?p=2731\" \/>\n\t\t<meta property=\"og:image\" content=\"https:\/\/letrashipnoticas.org\/wp-content\/uploads\/2026\/03\/WhatsApp-Image-2026-03-08-at-7.30.01-AM.jpeg\" \/>\n\t\t<meta property=\"og:image:secure_url\" content=\"https:\/\/letrashipnoticas.org\/wp-content\/uploads\/2026\/03\/WhatsApp-Image-2026-03-08-at-7.30.01-AM.jpeg\" \/>\n\t\t<meta property=\"og:image:width\" content=\"1064\" \/>\n\t\t<meta property=\"og:image:height\" content=\"1600\" \/>\n\t\t<meta property=\"article:published_time\" content=\"2026-03-08T14:20:17+00:00\" \/>\n\t\t<meta property=\"article:modified_time\" content=\"2026-03-08T14:20:24+00:00\" \/>\n\t\t<meta name=\"twitter:card\" content=\"summary_large_image\" \/>\n\t\t<meta name=\"twitter:title\" content=\"8 de marzo: la ciudad morada y la furia de las calles. - Letras Hiptn\u00f3ticas\" \/>\n\t\t<meta name=\"twitter:description\" content=\"Por Arturo V\u00e1squez Urdiales. I. El origen del 8 de marzo La ra\u00edz hist\u00f3rica de una conmemoraci\u00f3n El 8 de marzo no naci\u00f3 como una fiesta, sino como un d\u00eda marcado por la memoria del sufrimiento y la lucha de las mujeres trabajadoras en los albores de la industrializaci\u00f3n. Su origen no se encuentra en\" \/>\n\t\t<meta name=\"twitter:image\" content=\"https:\/\/letrashipnoticas.org\/wp-content\/uploads\/2026\/03\/WhatsApp-Image-2026-03-08-at-7.30.01-AM.jpeg\" \/>\n\t\t<script type=\"application\/ld+json\" class=\"aioseo-schema\">\n\t\t\t{\"@context\":\"https:\\\/\\\/schema.org\",\"@graph\":[{\"@type\":\"BlogPosting\",\"@id\":\"https:\\\/\\\/letrashipnoticas.org\\\/?p=2731#blogposting\",\"name\":\"8 de marzo: la ciudad morada y la furia de las calles. - Letras Hiptn\\u00f3ticas\",\"headline\":\"8 de marzo: la ciudad morada y la furia de las calles.\",\"author\":{\"@id\":\"https:\\\/\\\/letrashipnoticas.org\\\/?author=1#author\"},\"publisher\":{\"@id\":\"https:\\\/\\\/letrashipnoticas.org\\\/#organization\"},\"image\":{\"@type\":\"ImageObject\",\"url\":\"https:\\\/\\\/letrashipnoticas.org\\\/wp-content\\\/uploads\\\/2026\\\/03\\\/WhatsApp-Image-2026-03-08-at-7.30.01-AM.jpeg\",\"width\":1064,\"height\":1600},\"datePublished\":\"2026-03-08T14:20:17+00:00\",\"dateModified\":\"2026-03-08T14:20:24+00:00\",\"inLanguage\":\"es-MX\",\"mainEntityOfPage\":{\"@id\":\"https:\\\/\\\/letrashipnoticas.org\\\/?p=2731#webpage\"},\"isPartOf\":{\"@id\":\"https:\\\/\\\/letrashipnoticas.org\\\/?p=2731#webpage\"},\"articleSection\":\"Las Letras Hipn\\u00f3ticas de hoy\"},{\"@type\":\"BreadcrumbList\",\"@id\":\"https:\\\/\\\/letrashipnoticas.org\\\/?p=2731#breadcrumblist\",\"itemListElement\":[{\"@type\":\"ListItem\",\"@id\":\"https:\\\/\\\/letrashipnoticas.org#listItem\",\"position\":1,\"name\":\"Inicio\",\"item\":\"https:\\\/\\\/letrashipnoticas.org\",\"nextItem\":{\"@type\":\"ListItem\",\"@id\":\"https:\\\/\\\/letrashipnoticas.org\\\/?cat=1#listItem\",\"name\":\"Las Letras Hipn\\u00f3ticas de hoy\"}},{\"@type\":\"ListItem\",\"@id\":\"https:\\\/\\\/letrashipnoticas.org\\\/?cat=1#listItem\",\"position\":2,\"name\":\"Las Letras Hipn\\u00f3ticas de hoy\",\"item\":\"https:\\\/\\\/letrashipnoticas.org\\\/?cat=1\",\"nextItem\":{\"@type\":\"ListItem\",\"@id\":\"https:\\\/\\\/letrashipnoticas.org\\\/?p=2731#listItem\",\"name\":\"8 de marzo: la ciudad morada y la furia de las calles.\"},\"previousItem\":{\"@type\":\"ListItem\",\"@id\":\"https:\\\/\\\/letrashipnoticas.org#listItem\",\"name\":\"Inicio\"}},{\"@type\":\"ListItem\",\"@id\":\"https:\\\/\\\/letrashipnoticas.org\\\/?p=2731#listItem\",\"position\":3,\"name\":\"8 de marzo: la ciudad morada y la furia de las calles.\",\"previousItem\":{\"@type\":\"ListItem\",\"@id\":\"https:\\\/\\\/letrashipnoticas.org\\\/?cat=1#listItem\",\"name\":\"Las Letras Hipn\\u00f3ticas de hoy\"}}]},{\"@type\":\"Organization\",\"@id\":\"https:\\\/\\\/letrashipnoticas.org\\\/#organization\",\"name\":\"Letras Hiptn\\u00f3ticas\",\"description\":\"\\\"Descubre Apunte diario sobre letras hipn\\u00f3ticas, un viaje literario envolvente que despierta el alma. Reflexiones profundas, historias cautivadoras y un estilo \\u00fanico que hipnotiza en cada palabra.\\\"\",\"url\":\"https:\\\/\\\/letrashipnoticas.org\\\/\",\"logo\":{\"@type\":\"ImageObject\",\"url\":\"https:\\\/\\\/letrashipnoticas.org\\\/wp-content\\\/uploads\\\/2024\\\/09\\\/LogoRetinaPNG.png\",\"@id\":\"https:\\\/\\\/letrashipnoticas.org\\\/?p=2731\\\/#organizationLogo\",\"width\":544,\"height\":180},\"image\":{\"@id\":\"https:\\\/\\\/letrashipnoticas.org\\\/?p=2731\\\/#organizationLogo\"}},{\"@type\":\"Person\",\"@id\":\"https:\\\/\\\/letrashipnoticas.org\\\/?author=1#author\",\"url\":\"https:\\\/\\\/letrashipnoticas.org\\\/?author=1\",\"name\":\"Dr. Arturo David V\\u00e1squez Urdiales\",\"image\":{\"@type\":\"ImageObject\",\"@id\":\"https:\\\/\\\/letrashipnoticas.org\\\/?p=2731#authorImage\",\"url\":\"https:\\\/\\\/secure.gravatar.com\\\/avatar\\\/1bbc04a2da05a8a25045693b6f4473cec684496aa6385880380b702aa43009f8?s=96&d=mm&r=g\",\"width\":96,\"height\":96,\"caption\":\"Dr. Arturo David V\\u00e1squez Urdiales\"}},{\"@type\":\"WebPage\",\"@id\":\"https:\\\/\\\/letrashipnoticas.org\\\/?p=2731#webpage\",\"url\":\"https:\\\/\\\/letrashipnoticas.org\\\/?p=2731\",\"name\":\"8 de marzo: la ciudad morada y la furia de las calles. - Letras Hiptn\\u00f3ticas\",\"description\":\"Por Arturo V\\u00e1squez Urdiales. I. El origen del 8 de marzo La ra\\u00edz hist\\u00f3rica de una conmemoraci\\u00f3n El 8 de marzo no naci\\u00f3 como una fiesta, sino como un d\\u00eda marcado por la memoria del sufrimiento y la lucha de las mujeres trabajadoras en los albores de la industrializaci\\u00f3n. Su origen no se encuentra en\",\"inLanguage\":\"es-MX\",\"isPartOf\":{\"@id\":\"https:\\\/\\\/letrashipnoticas.org\\\/#website\"},\"breadcrumb\":{\"@id\":\"https:\\\/\\\/letrashipnoticas.org\\\/?p=2731#breadcrumblist\"},\"author\":{\"@id\":\"https:\\\/\\\/letrashipnoticas.org\\\/?author=1#author\"},\"creator\":{\"@id\":\"https:\\\/\\\/letrashipnoticas.org\\\/?author=1#author\"},\"image\":{\"@type\":\"ImageObject\",\"url\":\"https:\\\/\\\/letrashipnoticas.org\\\/wp-content\\\/uploads\\\/2026\\\/03\\\/WhatsApp-Image-2026-03-08-at-7.30.01-AM.jpeg\",\"@id\":\"https:\\\/\\\/letrashipnoticas.org\\\/?p=2731\\\/#mainImage\",\"width\":1064,\"height\":1600},\"primaryImageOfPage\":{\"@id\":\"https:\\\/\\\/letrashipnoticas.org\\\/?p=2731#mainImage\"},\"datePublished\":\"2026-03-08T14:20:17+00:00\",\"dateModified\":\"2026-03-08T14:20:24+00:00\"},{\"@type\":\"WebSite\",\"@id\":\"https:\\\/\\\/letrashipnoticas.org\\\/#website\",\"url\":\"https:\\\/\\\/letrashipnoticas.org\\\/\",\"name\":\"Letras Hiptn\\u00f3ticas\",\"description\":\"\\\"Descubre Apunte diario sobre letras hipn\\u00f3ticas, un viaje literario envolvente que despierta el alma. Reflexiones profundas, historias cautivadoras y un estilo \\u00fanico que hipnotiza en cada palabra.\\\"\",\"inLanguage\":\"es-MX\",\"publisher\":{\"@id\":\"https:\\\/\\\/letrashipnoticas.org\\\/#organization\"}}]}\n\t\t<\/script>\n\t\t<!-- All in One SEO -->\n\n","aioseo_head_json":{"title":"8 de marzo: la ciudad morada y la furia de las calles. - Letras Hiptn\u00f3ticas","description":"Por Arturo V\u00e1squez Urdiales. I. El origen del 8 de marzo La ra\u00edz hist\u00f3rica de una conmemoraci\u00f3n El 8 de marzo no naci\u00f3 como una fiesta, sino como un d\u00eda marcado por la memoria del sufrimiento y la lucha de las mujeres trabajadoras en los albores de la industrializaci\u00f3n. Su origen no se encuentra en","canonical_url":"https:\/\/letrashipnoticas.org\/?p=2731","robots":"max-image-preview:large","keywords":"","webmasterTools":{"google-site-verification":"w1V7bRCSYMeOZjzLwWS_W8_n8jd94Z38sletBUa-LV0","miscellaneous":""},"schema":{"@context":"https:\/\/schema.org","@graph":[{"@type":"BlogPosting","@id":"https:\/\/letrashipnoticas.org\/?p=2731#blogposting","name":"8 de marzo: la ciudad morada y la furia de las calles. - Letras Hiptn\u00f3ticas","headline":"8 de marzo: la ciudad morada y la furia de las calles.","author":{"@id":"https:\/\/letrashipnoticas.org\/?author=1#author"},"publisher":{"@id":"https:\/\/letrashipnoticas.org\/#organization"},"image":{"@type":"ImageObject","url":"https:\/\/letrashipnoticas.org\/wp-content\/uploads\/2026\/03\/WhatsApp-Image-2026-03-08-at-7.30.01-AM.jpeg","width":1064,"height":1600},"datePublished":"2026-03-08T14:20:17+00:00","dateModified":"2026-03-08T14:20:24+00:00","inLanguage":"es-MX","mainEntityOfPage":{"@id":"https:\/\/letrashipnoticas.org\/?p=2731#webpage"},"isPartOf":{"@id":"https:\/\/letrashipnoticas.org\/?p=2731#webpage"},"articleSection":"Las Letras Hipn\u00f3ticas de hoy"},{"@type":"BreadcrumbList","@id":"https:\/\/letrashipnoticas.org\/?p=2731#breadcrumblist","itemListElement":[{"@type":"ListItem","@id":"https:\/\/letrashipnoticas.org#listItem","position":1,"name":"Inicio","item":"https:\/\/letrashipnoticas.org","nextItem":{"@type":"ListItem","@id":"https:\/\/letrashipnoticas.org\/?cat=1#listItem","name":"Las Letras Hipn\u00f3ticas de hoy"}},{"@type":"ListItem","@id":"https:\/\/letrashipnoticas.org\/?cat=1#listItem","position":2,"name":"Las Letras Hipn\u00f3ticas de hoy","item":"https:\/\/letrashipnoticas.org\/?cat=1","nextItem":{"@type":"ListItem","@id":"https:\/\/letrashipnoticas.org\/?p=2731#listItem","name":"8 de marzo: la ciudad morada y la furia de las calles."},"previousItem":{"@type":"ListItem","@id":"https:\/\/letrashipnoticas.org#listItem","name":"Inicio"}},{"@type":"ListItem","@id":"https:\/\/letrashipnoticas.org\/?p=2731#listItem","position":3,"name":"8 de marzo: la ciudad morada y la furia de las calles.","previousItem":{"@type":"ListItem","@id":"https:\/\/letrashipnoticas.org\/?cat=1#listItem","name":"Las Letras Hipn\u00f3ticas de hoy"}}]},{"@type":"Organization","@id":"https:\/\/letrashipnoticas.org\/#organization","name":"Letras Hiptn\u00f3ticas","description":"\"Descubre Apunte diario sobre letras hipn\u00f3ticas, un viaje literario envolvente que despierta el alma. Reflexiones profundas, historias cautivadoras y un estilo \u00fanico que hipnotiza en cada palabra.\"","url":"https:\/\/letrashipnoticas.org\/","logo":{"@type":"ImageObject","url":"https:\/\/letrashipnoticas.org\/wp-content\/uploads\/2024\/09\/LogoRetinaPNG.png","@id":"https:\/\/letrashipnoticas.org\/?p=2731\/#organizationLogo","width":544,"height":180},"image":{"@id":"https:\/\/letrashipnoticas.org\/?p=2731\/#organizationLogo"}},{"@type":"Person","@id":"https:\/\/letrashipnoticas.org\/?author=1#author","url":"https:\/\/letrashipnoticas.org\/?author=1","name":"Dr. Arturo David V\u00e1squez Urdiales","image":{"@type":"ImageObject","@id":"https:\/\/letrashipnoticas.org\/?p=2731#authorImage","url":"https:\/\/secure.gravatar.com\/avatar\/1bbc04a2da05a8a25045693b6f4473cec684496aa6385880380b702aa43009f8?s=96&d=mm&r=g","width":96,"height":96,"caption":"Dr. Arturo David V\u00e1squez Urdiales"}},{"@type":"WebPage","@id":"https:\/\/letrashipnoticas.org\/?p=2731#webpage","url":"https:\/\/letrashipnoticas.org\/?p=2731","name":"8 de marzo: la ciudad morada y la furia de las calles. - Letras Hiptn\u00f3ticas","description":"Por Arturo V\u00e1squez Urdiales. I. El origen del 8 de marzo La ra\u00edz hist\u00f3rica de una conmemoraci\u00f3n El 8 de marzo no naci\u00f3 como una fiesta, sino como un d\u00eda marcado por la memoria del sufrimiento y la lucha de las mujeres trabajadoras en los albores de la industrializaci\u00f3n. Su origen no se encuentra en","inLanguage":"es-MX","isPartOf":{"@id":"https:\/\/letrashipnoticas.org\/#website"},"breadcrumb":{"@id":"https:\/\/letrashipnoticas.org\/?p=2731#breadcrumblist"},"author":{"@id":"https:\/\/letrashipnoticas.org\/?author=1#author"},"creator":{"@id":"https:\/\/letrashipnoticas.org\/?author=1#author"},"image":{"@type":"ImageObject","url":"https:\/\/letrashipnoticas.org\/wp-content\/uploads\/2026\/03\/WhatsApp-Image-2026-03-08-at-7.30.01-AM.jpeg","@id":"https:\/\/letrashipnoticas.org\/?p=2731\/#mainImage","width":1064,"height":1600},"primaryImageOfPage":{"@id":"https:\/\/letrashipnoticas.org\/?p=2731#mainImage"},"datePublished":"2026-03-08T14:20:17+00:00","dateModified":"2026-03-08T14:20:24+00:00"},{"@type":"WebSite","@id":"https:\/\/letrashipnoticas.org\/#website","url":"https:\/\/letrashipnoticas.org\/","name":"Letras Hiptn\u00f3ticas","description":"\"Descubre Apunte diario sobre letras hipn\u00f3ticas, un viaje literario envolvente que despierta el alma. Reflexiones profundas, historias cautivadoras y un estilo \u00fanico que hipnotiza en cada palabra.\"","inLanguage":"es-MX","publisher":{"@id":"https:\/\/letrashipnoticas.org\/#organization"}}]},"og:locale":"es_MX","og:site_name":"Letras Hiptn\u00f3ticas - &quot;Descubre Apunte diario sobre letras hipn\u00f3ticas, un viaje literario envolvente que despierta el alma. Reflexiones profundas, historias cautivadoras y un estilo \u00fanico que hipnotiza en cada palabra.&quot; Por Arturo V\u00e1squez Urdiales. I. El origen del 8 de marzo La ra\u00edz hist\u00f3rica de una conmemoraci\u00f3n El 8 de marzo no naci\u00f3 como una fiesta, sino como un d\u00eda marcado por la memoria del sufrimiento y la lucha de las mujeres trabajadoras en los albores de la industrializaci\u00f3n. Su origen no se encuentra en","og:type":"article","og:title":"8 de marzo: la ciudad morada y la furia de las calles. - Letras Hiptn\u00f3ticas","og:description":"Por Arturo V\u00e1squez Urdiales. I. El origen del 8 de marzo La ra\u00edz hist\u00f3rica de una conmemoraci\u00f3n El 8 de marzo no naci\u00f3 como una fiesta, sino como un d\u00eda marcado por la memoria del sufrimiento y la lucha de las mujeres trabajadoras en los albores de la industrializaci\u00f3n. Su origen no se encuentra en","og:url":"https:\/\/letrashipnoticas.org\/?p=2731","og:image":"https:\/\/letrashipnoticas.org\/wp-content\/uploads\/2026\/03\/WhatsApp-Image-2026-03-08-at-7.30.01-AM.jpeg","og:image:secure_url":"https:\/\/letrashipnoticas.org\/wp-content\/uploads\/2026\/03\/WhatsApp-Image-2026-03-08-at-7.30.01-AM.jpeg","og:image:width":1064,"og:image:height":1600,"article:published_time":"2026-03-08T14:20:17+00:00","article:modified_time":"2026-03-08T14:20:24+00:00","twitter:card":"summary_large_image","twitter:title":"8 de marzo: la ciudad morada y la furia de las calles. - Letras Hiptn\u00f3ticas","twitter:description":"Por Arturo V\u00e1squez Urdiales. I. El origen del 8 de marzo La ra\u00edz hist\u00f3rica de una conmemoraci\u00f3n El 8 de marzo no naci\u00f3 como una fiesta, sino como un d\u00eda marcado por la memoria del sufrimiento y la lucha de las mujeres trabajadoras en los albores de la industrializaci\u00f3n. Su origen no se encuentra en","twitter:image":"https:\/\/letrashipnoticas.org\/wp-content\/uploads\/2026\/03\/WhatsApp-Image-2026-03-08-at-7.30.01-AM.jpeg"},"aioseo_meta_data":{"post_id":"2731","title":null,"description":null,"keywords":null,"keyphrases":{"focus":{"keyphrase":"","score":0,"analysis":{"keyphraseInTitle":{"score":0,"maxScore":9,"error":1}}},"additional":[]},"primary_term":null,"canonical_url":null,"og_title":null,"og_description":null,"og_object_type":"default","og_image_type":"default","og_image_url":null,"og_image_width":null,"og_image_height":null,"og_image_custom_url":null,"og_image_custom_fields":null,"og_video":"","og_custom_url":null,"og_article_section":null,"og_article_tags":null,"twitter_use_og":false,"twitter_card":"default","twitter_image_type":"default","twitter_image_url":null,"twitter_image_custom_url":null,"twitter_image_custom_fields":null,"twitter_title":null,"twitter_description":null,"schema":{"blockGraphs":[],"customGraphs":[],"default":{"data":{"Article":[],"Course":[],"Dataset":[],"FAQPage":[],"Movie":[],"Person":[],"Product":[],"ProductReview":[],"Car":[],"Recipe":[],"Service":[],"SoftwareApplication":[],"WebPage":[]},"graphName":"BlogPosting","isEnabled":true},"graphs":[]},"schema_type":"default","schema_type_options":null,"pillar_content":false,"robots_default":true,"robots_noindex":false,"robots_noarchive":false,"robots_nosnippet":false,"robots_nofollow":false,"robots_noimageindex":false,"robots_noodp":false,"robots_notranslate":false,"robots_max_snippet":"-1","robots_max_videopreview":"-1","robots_max_imagepreview":"large","priority":null,"frequency":"default","local_seo":null,"breadcrumb_settings":null,"limit_modified_date":false,"ai":{"faqs":[],"keyPoints":[],"titles":[],"descriptions":[],"socialPosts":{"email":[],"linkedin":[],"twitter":[],"facebook":[],"instagram":[]}},"created":"2026-03-08 14:20:24","updated":"2026-05-11 18:38:02","focus_keyword":null,"additional_keywords":null,"truseo_locale":null,"seo_analyzer_scan_date":null},"aioseo_breadcrumb":"<div class=\"aioseo-breadcrumbs\"><span class=\"aioseo-breadcrumb\">\n\t\t\t<a href=\"https:\/\/letrashipnoticas.org\" title=\"Inicio\">Inicio<\/a>\n\t\t<\/span><span class=\"aioseo-breadcrumb-separator\">&raquo;<\/span><span class=\"aioseo-breadcrumb\">\n\t\t\t<a href=\"https:\/\/letrashipnoticas.org\/?cat=1\" title=\"Las Letras Hipn\u00f3ticas de hoy\">Las Letras Hipn\u00f3ticas de hoy<\/a>\n\t\t<\/span><span class=\"aioseo-breadcrumb-separator\">&raquo;<\/span><span class=\"aioseo-breadcrumb\">\n\t\t\t8 de marzo: la ciudad morada y la furia de las calles.\n\t\t<\/span><\/div>","aioseo_breadcrumb_json":[{"label":"Inicio","link":"https:\/\/letrashipnoticas.org"},{"label":"Las Letras Hipn\u00f3ticas de hoy","link":"https:\/\/letrashipnoticas.org\/?cat=1"},{"label":"8 de marzo: la ciudad morada y la furia de las calles.","link":"https:\/\/letrashipnoticas.org\/?p=2731"}],"_links":{"self":[{"href":"https:\/\/letrashipnoticas.org\/index.php?rest_route=\/wp\/v2\/posts\/2731","targetHints":{"allow":["GET"]}}],"collection":[{"href":"https:\/\/letrashipnoticas.org\/index.php?rest_route=\/wp\/v2\/posts"}],"about":[{"href":"https:\/\/letrashipnoticas.org\/index.php?rest_route=\/wp\/v2\/types\/post"}],"author":[{"embeddable":true,"href":"https:\/\/letrashipnoticas.org\/index.php?rest_route=\/wp\/v2\/users\/1"}],"replies":[{"embeddable":true,"href":"https:\/\/letrashipnoticas.org\/index.php?rest_route=%2Fwp%2Fv2%2Fcomments&post=2731"}],"version-history":[{"count":1,"href":"https:\/\/letrashipnoticas.org\/index.php?rest_route=\/wp\/v2\/posts\/2731\/revisions"}],"predecessor-version":[{"id":2733,"href":"https:\/\/letrashipnoticas.org\/index.php?rest_route=\/wp\/v2\/posts\/2731\/revisions\/2733"}],"wp:featuredmedia":[{"embeddable":true,"href":"https:\/\/letrashipnoticas.org\/index.php?rest_route=\/wp\/v2\/media\/2732"}],"wp:attachment":[{"href":"https:\/\/letrashipnoticas.org\/index.php?rest_route=%2Fwp%2Fv2%2Fmedia&parent=2731"}],"wp:term":[{"taxonomy":"category","embeddable":true,"href":"https:\/\/letrashipnoticas.org\/index.php?rest_route=%2Fwp%2Fv2%2Fcategories&post=2731"},{"taxonomy":"post_tag","embeddable":true,"href":"https:\/\/letrashipnoticas.org\/index.php?rest_route=%2Fwp%2Fv2%2Ftags&post=2731"}],"curies":[{"name":"wp","href":"https:\/\/api.w.org\/{rel}","templated":true}]}}