{"id":2666,"date":"2026-02-28T17:29:08","date_gmt":"2026-02-28T17:29:08","guid":{"rendered":"https:\/\/letrashipnoticas.org\/?p=2666"},"modified":"2026-02-28T17:29:20","modified_gmt":"2026-02-28T17:29:20","slug":"el-yo-soy-el-lio-y-la-luz","status":"publish","type":"post","link":"https:\/\/letrashipnoticas.org\/?p=2666","title":{"rendered":"EL YO SOY: EL L\u00cdO Y LA LUZ."},"content":{"rendered":"\n<p class=\"wp-block-paragraph\">Segundilla: La ant\u00edtesis de El ser y la nada<br>Por Arturo V\u00e1squez Urdiales<\/p>\n\n\n\n<p class=\"wp-block-paragraph\">El siglo XX dej\u00f3 al hombre frente al espejo del vac\u00edo.<br>La intemperie fue su paisaje y la angustia su m\u00e9todo. La filosof\u00eda existencial proclam\u00f3 que no hab\u00eda esencia que nos precediera, ni fundamento que nos sostuviera. Primero existimos; despu\u00e9s nos inventamos. La frase fue un rel\u00e1mpago. Y el rel\u00e1mpago ilumin\u00f3 el abismo.<\/p>\n\n\n\n<p class=\"wp-block-paragraph\">Pero todo rel\u00e1mpago envejece.<\/p>\n\n\n\n<p class=\"wp-block-paragraph\">La mirada de Jean-Paul Sartre fue necesaria: despoj\u00f3 al sujeto de sus ilusiones metaf\u00edsicas. Rompi\u00f3 las m\u00e1scaras del determinismo. Desnud\u00f3 la comodidad del destino. Sin embargo, su diagn\u00f3stico pertenece a un mundo anterior al v\u00e9rtigo digital, anterior a la multiplicaci\u00f3n infinita de identidades, anterior al algoritmo que decide qu\u00e9 rostro mostrar y qu\u00e9 deseo estimular.<\/p>\n\n\n\n<p class=\"wp-block-paragraph\">Sartre habl\u00f3 del ser y la nada en una \u00e9poca donde el sujeto a\u00fan pod\u00eda imaginarse solo ante el mundo. Hoy el sujeto no est\u00e1 solo: est\u00e1 fragmentado por exceso. La nada ya no es el problema central. El problema es la saturaci\u00f3n.<\/p>\n\n\n\n<p class=\"wp-block-paragraph\">El siglo XXI no vive \u00fanicamente la ausencia de fundamento. Vive la dispersi\u00f3n sin centro.<\/p>\n\n\n\n<p class=\"wp-block-paragraph\">Y ah\u00ed es donde El Yo Soy: El L\u00edo y la Luz levanta su voz.<\/p>\n\n\n\n<hr class=\"wp-block-separator has-alpha-channel-opacity\"\/>\n\n\n\n<p class=\"wp-block-paragraph\">I. La ca\u00edda del existencialismo como \u00faltima palabra<\/p>\n\n\n\n<p class=\"wp-block-paragraph\">El existencialismo afirm\u00f3 la libertad como condena.<br>El hombre estaba arrojado.<br>Libre sin esencia.<br>Responsable sin gu\u00eda.<\/p>\n\n\n\n<p class=\"wp-block-paragraph\">Pero esa libertad, concebida como vac\u00edo abierto, termin\u00f3 derivando \u2014en la cultura popular\u2014 en relativismo, subjetivismo extremo y desorientaci\u00f3n colectiva. El yo sin esencia fue malinterpretado como el yo sin l\u00edmites. La nada como apertura fue convertida en nihilismo cotidiano.<\/p>\n\n\n\n<p class=\"wp-block-paragraph\">Sartre abri\u00f3 el espacio de la posibilidad.<br>No ofreci\u00f3 arquitectura.<\/p>\n\n\n\n<p class=\"wp-block-paragraph\">Y el siglo XXI exige arquitectura.<\/p>\n\n\n\n<p class=\"wp-block-paragraph\">No basta decir que no hay esencia.<br>No basta decir que somos libertad.<br>La pregunta ahora es: \u00bfqu\u00e9 hacemos con esa libertad en un mundo saturado de espejos?<\/p>\n\n\n\n<hr class=\"wp-block-separator has-alpha-channel-opacity\"\/>\n\n\n\n<p class=\"wp-block-paragraph\">II. El L\u00edo como condici\u00f3n contempor\u00e1nea<\/p>\n\n\n\n<p class=\"wp-block-paragraph\">Vivimos en multiplicidad permanente.<br>Somos perfiles digitales y cuerpos f\u00edsicos.<br>Somos opini\u00f3n p\u00fablica y duda privada.<br>Somos discurso y contradicci\u00f3n.<\/p>\n\n\n\n<p class=\"wp-block-paragraph\">La modernidad proclam\u00f3 la libertad.<br>La posmodernidad fragment\u00f3 el relato.<br>La era digital multiplic\u00f3 los reflejos.<\/p>\n\n\n\n<p class=\"wp-block-paragraph\">El resultado no es vac\u00edo puro. Es l\u00edo estructural.<\/p>\n\n\n\n<p class=\"wp-block-paragraph\">Pero el l\u00edo no es decadencia. Es materia prima.<\/p>\n\n\n\n<p class=\"wp-block-paragraph\">El error contempor\u00e1neo consiste en buscar salida por dos extremos:<\/p>\n\n\n\n<p class=\"wp-block-paragraph\">\u2014 la nostalgia de una unidad absoluta que ya no existe,<br>\u2014 o la celebraci\u00f3n nihilista del vac\u00edo total.<\/p>\n\n\n\n<p class=\"wp-block-paragraph\">El Yo Soy rechaza ambos caminos.<\/p>\n\n\n\n<hr class=\"wp-block-separator has-alpha-channel-opacity\"\/>\n\n\n\n<p class=\"wp-block-paragraph\">III. El Yo Soy como respuesta activa<\/p>\n\n\n\n<p class=\"wp-block-paragraph\">El \u201cYo Soy\u201d del siglo XXI no es esencia cerrada. No es dogma. No es autoafirmaci\u00f3n narcisista. Es acto consciente.<\/p>\n\n\n\n<p class=\"wp-block-paragraph\">Decir \u201cYo Soy\u201d hoy significa:<\/p>\n\n\n\n<p class=\"wp-block-paragraph\">Asumo mi fragmentaci\u00f3n.<br>Reconozco mi tensi\u00f3n interna.<br>Trabajo mi contradicci\u00f3n.<\/p>\n\n\n\n<p class=\"wp-block-paragraph\">El Yo Soy no niega la nada; la atraviesa.<br>No niega el conflicto; lo ordena.<br>No niega la herida; la integra.<\/p>\n\n\n\n<p class=\"wp-block-paragraph\">Si el siglo XX demostr\u00f3 que no existe esencia previa, el XXI debe comprender que la ausencia de esencia no implica ausencia de construcci\u00f3n.<\/p>\n\n\n\n<p class=\"wp-block-paragraph\">La libertad no es solo peso. Es herramienta.<\/p>\n\n\n\n<hr class=\"wp-block-separator has-alpha-channel-opacity\"\/>\n\n\n\n<p class=\"wp-block-paragraph\">IV. La Luz como horizonte<\/p>\n\n\n\n<p class=\"wp-block-paragraph\">La luz no es ingenuidad espiritual ni optimismo barato. Es direcci\u00f3n elegida.<\/p>\n\n\n\n<p class=\"wp-block-paragraph\">En un mundo pol\u00edticamente polarizado, tecnol\u00f3gicamente acelerado y culturalmente fragmentado, el verdadero peligro no es la nada. Es la dispersi\u00f3n sin horizonte.<\/p>\n\n\n\n<p class=\"wp-block-paragraph\">La luz es proyecto.<\/p>\n\n\n\n<p class=\"wp-block-paragraph\">No viene impuesta desde fuera.<br>No es revelaci\u00f3n dogm\u00e1tica.<br>Es orientaci\u00f3n consciente.<\/p>\n\n\n\n<p class=\"wp-block-paragraph\">La dignidad humana no reside en alcanzar perfecci\u00f3n absoluta. Reside en sostener direcci\u00f3n dentro del caos.<\/p>\n\n\n\n<hr class=\"wp-block-separator has-alpha-channel-opacity\"\/>\n\n\n\n<p class=\"wp-block-paragraph\">V. Filosof\u00eda de costura<\/p>\n\n\n\n<p class=\"wp-block-paragraph\">La propuesta central puede formularse con claridad:<\/p>\n\n\n\n<blockquote class=\"wp-block-quote is-layout-flow wp-block-quote-is-layout-flow\">\n<p class=\"wp-block-paragraph\">El ser humano no es sustancia fija ni vac\u00edo absoluto;<br>es proceso consciente de integraci\u00f3n din\u00e1mica.<\/p>\n<\/blockquote>\n\n\n\n<p class=\"wp-block-paragraph\">No aspiramos a reconciliaci\u00f3n total con el mundo ni aceptamos la condena permanente a la angustia. Proponemos una tercera v\u00eda: la costura l\u00facida.<\/p>\n\n\n\n<p class=\"wp-block-paragraph\">La fragmentaci\u00f3n es real.<br>La libertad es real.<br>La responsabilidad es ineludible.<\/p>\n\n\n\n<p class=\"wp-block-paragraph\">Entre el ser y la nada se abre un espacio activo: el Yo Soy que teje sentido.<\/p>\n\n\n\n<hr class=\"wp-block-separator has-alpha-channel-opacity\"\/>\n\n\n\n<p class=\"wp-block-paragraph\">VI. Presentaci\u00f3n del libro<\/p>\n\n\n\n<p class=\"wp-block-paragraph\">El Yo Soy: El L\u00edo y la Luz es un manifiesto filos\u00f3fico para el siglo XXI. No reconstruye sistemas cerrados. No funda metaf\u00edsica tradicional. No se entrega al relativismo.<\/p>\n\n\n\n<p class=\"wp-block-paragraph\">Define al ser humano como:<\/p>\n\n\n\n<p class=\"wp-block-paragraph\">fragmento en proceso,<br>libertad situada,<br>conciencia relacional,<br>arquitecto de significado.<\/p>\n\n\n\n<p class=\"wp-block-paragraph\">No promete casa definitiva.<br>No niega el abismo.<br>Pero afirma algo decisivo:<\/p>\n\n\n\n<blockquote class=\"wp-block-quote is-layout-flow wp-block-quote-is-layout-flow\">\n<p class=\"wp-block-paragraph\">En medio del l\u00edo, podemos elegir direcci\u00f3n.<br>En medio de la nada, podemos afirmar presencia.<br>En medio del mundo invertido, podemos decir \u2014con responsabilidad creadora\u2014:<br>Yo Soy.<\/p>\n<\/blockquote>\n\n\n\n<p class=\"wp-block-paragraph\">Y esa afirmaci\u00f3n no es metaf\u00edsica r\u00edgida. Es decisi\u00f3n.<\/p>\n\n\n\n<p class=\"wp-block-paragraph\">El siglo XX desmont\u00f3 el escenario.<br>El siglo XXI debe construir el andamiaje.<\/p>\n\n\n\n<p class=\"wp-block-paragraph\">Sartre nos ense\u00f1\u00f3 que no hab\u00eda esencia.<br>Urdiales responde: no hay esencia\u2026 pero hay obra.<\/p>\n\n\n\n<p class=\"wp-block-paragraph\">Y en esa obra comienza la filosof\u00eda del porvenir.<\/p>\n","protected":false},"excerpt":{"rendered":"<p>Segundilla: La ant\u00edtesis de El ser y la nadaPor Arturo V\u00e1squez Urdiales El siglo XX dej\u00f3 al hombre frente al espejo del vac\u00edo.La intemperie fue su paisaje y la angustia su m\u00e9todo. La filosof\u00eda existencial proclam\u00f3 que no hab\u00eda esencia que nos precediera, ni fundamento que nos sostuviera. Primero existimos; despu\u00e9s nos inventamos. La frase [&hellip;]<\/p>\n","protected":false},"author":1,"featured_media":2667,"comment_status":"open","ping_status":"open","sticky":false,"template":"","format":"standard","meta":{"om_disable_all_campaigns":false,"_monsterinsights_skip_tracking":false,"footnotes":""},"categories":[1],"tags":[],"class_list":["post-2666","post","type-post","status-publish","format-standard","has-post-thumbnail","category-general"],"aioseo_notices":[],"aioseo_head":"\n\t\t<!-- All in One SEO 5.0.0.1 - aioseo.com -->\n\t<meta name=\"description\" content=\"Segundilla: La ant\u00edtesis de El ser y la nadaPor Arturo V\u00e1squez Urdiales El siglo XX dej\u00f3 al hombre frente al espejo del vac\u00edo.La intemperie fue su paisaje y la angustia su m\u00e9todo. La filosof\u00eda existencial proclam\u00f3 que no hab\u00eda esencia que nos precediera, ni fundamento que nos sostuviera. Primero existimos; despu\u00e9s nos inventamos. La frase\" \/>\n\t<meta name=\"robots\" content=\"max-image-preview:large\" \/>\n\t<meta name=\"author\" content=\"Dr. Arturo David V\u00e1squez Urdiales\"\/>\n\t<meta name=\"google-site-verification\" content=\"w1V7bRCSYMeOZjzLwWS_W8_n8jd94Z38sletBUa-LV0\" \/>\n\t<link rel=\"canonical\" href=\"https:\/\/letrashipnoticas.org\/?p=2666\" \/>\n\t<meta name=\"generator\" content=\"All in One SEO (AIOSEO) 5.0.0.1\" \/>\n\t\t<meta property=\"og:locale\" content=\"es_MX\" \/>\n\t\t<meta property=\"og:site_name\" content=\"Letras Hiptn\u00f3ticas - &quot;Descubre Apunte diario sobre letras hipn\u00f3ticas, un viaje literario envolvente que despierta el alma. Reflexiones profundas, historias cautivadoras y un estilo \u00fanico que hipnotiza en cada palabra.&quot; Segundilla: La ant\u00edtesis de El ser y la nadaPor Arturo V\u00e1squez Urdiales El siglo XX dej\u00f3 al hombre frente al espejo del vac\u00edo.La intemperie fue su paisaje y la angustia su m\u00e9todo. La filosof\u00eda existencial proclam\u00f3 que no hab\u00eda esencia que nos precediera, ni fundamento que nos sostuviera. Primero existimos; despu\u00e9s nos inventamos. La frase\" \/>\n\t\t<meta property=\"og:type\" content=\"article\" \/>\n\t\t<meta property=\"og:title\" content=\"EL YO SOY: EL L\u00cdO Y LA LUZ. - Letras Hiptn\u00f3ticas\" \/>\n\t\t<meta property=\"og:description\" content=\"Segundilla: La ant\u00edtesis de El ser y la nadaPor Arturo V\u00e1squez Urdiales El siglo XX dej\u00f3 al hombre frente al espejo del vac\u00edo.La intemperie fue su paisaje y la angustia su m\u00e9todo. La filosof\u00eda existencial proclam\u00f3 que no hab\u00eda esencia que nos precediera, ni fundamento que nos sostuviera. Primero existimos; despu\u00e9s nos inventamos. La frase\" \/>\n\t\t<meta property=\"og:url\" content=\"https:\/\/letrashipnoticas.org\/?p=2666\" \/>\n\t\t<meta property=\"og:image\" content=\"https:\/\/letrashipnoticas.org\/wp-content\/uploads\/2026\/02\/WhatsApp-Image-2026-02-28-at-10.58.27-AM.jpeg\" \/>\n\t\t<meta property=\"og:image:secure_url\" content=\"https:\/\/letrashipnoticas.org\/wp-content\/uploads\/2026\/02\/WhatsApp-Image-2026-02-28-at-10.58.27-AM.jpeg\" \/>\n\t\t<meta property=\"og:image:width\" content=\"1080\" \/>\n\t\t<meta property=\"og:image:height\" content=\"1587\" \/>\n\t\t<meta property=\"article:published_time\" content=\"2026-02-28T17:29:08+00:00\" \/>\n\t\t<meta property=\"article:modified_time\" content=\"2026-02-28T17:29:20+00:00\" \/>\n\t\t<meta name=\"twitter:card\" content=\"summary_large_image\" \/>\n\t\t<meta name=\"twitter:title\" content=\"EL YO SOY: EL L\u00cdO Y LA LUZ. - Letras Hiptn\u00f3ticas\" \/>\n\t\t<meta name=\"twitter:description\" content=\"Segundilla: La ant\u00edtesis de El ser y la nadaPor Arturo V\u00e1squez Urdiales El siglo XX dej\u00f3 al hombre frente al espejo del vac\u00edo.La intemperie fue su paisaje y la angustia su m\u00e9todo. La filosof\u00eda existencial proclam\u00f3 que no hab\u00eda esencia que nos precediera, ni fundamento que nos sostuviera. Primero existimos; despu\u00e9s nos inventamos. La frase\" \/>\n\t\t<meta name=\"twitter:image\" content=\"https:\/\/letrashipnoticas.org\/wp-content\/uploads\/2026\/02\/WhatsApp-Image-2026-02-28-at-10.58.27-AM.jpeg\" \/>\n\t\t<script type=\"application\/ld+json\" class=\"aioseo-schema\">\n\t\t\t{\"@context\":\"https:\\\/\\\/schema.org\",\"@graph\":[{\"@type\":\"BlogPosting\",\"@id\":\"https:\\\/\\\/letrashipnoticas.org\\\/?p=2666#blogposting\",\"name\":\"EL YO SOY: EL L\\u00cdO Y LA LUZ. - Letras Hiptn\\u00f3ticas\",\"headline\":\"EL YO SOY: EL L\\u00cdO Y LA LUZ.\",\"author\":{\"@id\":\"https:\\\/\\\/letrashipnoticas.org\\\/?author=1#author\"},\"publisher\":{\"@id\":\"https:\\\/\\\/letrashipnoticas.org\\\/#organization\"},\"image\":{\"@type\":\"ImageObject\",\"url\":\"https:\\\/\\\/letrashipnoticas.org\\\/wp-content\\\/uploads\\\/2026\\\/02\\\/WhatsApp-Image-2026-02-28-at-10.58.27-AM.jpeg\",\"width\":1080,\"height\":1587},\"datePublished\":\"2026-02-28T17:29:08+00:00\",\"dateModified\":\"2026-02-28T17:29:20+00:00\",\"inLanguage\":\"es-MX\",\"mainEntityOfPage\":{\"@id\":\"https:\\\/\\\/letrashipnoticas.org\\\/?p=2666#webpage\"},\"isPartOf\":{\"@id\":\"https:\\\/\\\/letrashipnoticas.org\\\/?p=2666#webpage\"},\"articleSection\":\"Las Letras Hipn\\u00f3ticas de hoy\"},{\"@type\":\"BreadcrumbList\",\"@id\":\"https:\\\/\\\/letrashipnoticas.org\\\/?p=2666#breadcrumblist\",\"itemListElement\":[{\"@type\":\"ListItem\",\"@id\":\"https:\\\/\\\/letrashipnoticas.org#listItem\",\"position\":1,\"name\":\"Inicio\",\"item\":\"https:\\\/\\\/letrashipnoticas.org\",\"nextItem\":{\"@type\":\"ListItem\",\"@id\":\"https:\\\/\\\/letrashipnoticas.org\\\/?cat=1#listItem\",\"name\":\"Las Letras Hipn\\u00f3ticas de hoy\"}},{\"@type\":\"ListItem\",\"@id\":\"https:\\\/\\\/letrashipnoticas.org\\\/?cat=1#listItem\",\"position\":2,\"name\":\"Las Letras Hipn\\u00f3ticas de hoy\",\"item\":\"https:\\\/\\\/letrashipnoticas.org\\\/?cat=1\",\"nextItem\":{\"@type\":\"ListItem\",\"@id\":\"https:\\\/\\\/letrashipnoticas.org\\\/?p=2666#listItem\",\"name\":\"EL YO SOY: EL L\\u00cdO Y LA LUZ.\"},\"previousItem\":{\"@type\":\"ListItem\",\"@id\":\"https:\\\/\\\/letrashipnoticas.org#listItem\",\"name\":\"Inicio\"}},{\"@type\":\"ListItem\",\"@id\":\"https:\\\/\\\/letrashipnoticas.org\\\/?p=2666#listItem\",\"position\":3,\"name\":\"EL YO SOY: EL L\\u00cdO Y LA LUZ.\",\"previousItem\":{\"@type\":\"ListItem\",\"@id\":\"https:\\\/\\\/letrashipnoticas.org\\\/?cat=1#listItem\",\"name\":\"Las Letras Hipn\\u00f3ticas de hoy\"}}]},{\"@type\":\"Organization\",\"@id\":\"https:\\\/\\\/letrashipnoticas.org\\\/#organization\",\"name\":\"Letras Hiptn\\u00f3ticas\",\"description\":\"\\\"Descubre Apunte diario sobre letras hipn\\u00f3ticas, un viaje literario envolvente que despierta el alma. Reflexiones profundas, historias cautivadoras y un estilo \\u00fanico que hipnotiza en cada palabra.\\\"\",\"url\":\"https:\\\/\\\/letrashipnoticas.org\\\/\",\"logo\":{\"@type\":\"ImageObject\",\"url\":\"https:\\\/\\\/letrashipnoticas.org\\\/wp-content\\\/uploads\\\/2024\\\/09\\\/LogoRetinaPNG.png\",\"@id\":\"https:\\\/\\\/letrashipnoticas.org\\\/?p=2666\\\/#organizationLogo\",\"width\":544,\"height\":180},\"image\":{\"@id\":\"https:\\\/\\\/letrashipnoticas.org\\\/?p=2666\\\/#organizationLogo\"}},{\"@type\":\"Person\",\"@id\":\"https:\\\/\\\/letrashipnoticas.org\\\/?author=1#author\",\"url\":\"https:\\\/\\\/letrashipnoticas.org\\\/?author=1\",\"name\":\"Dr. Arturo David V\\u00e1squez Urdiales\",\"image\":{\"@type\":\"ImageObject\",\"@id\":\"https:\\\/\\\/letrashipnoticas.org\\\/?p=2666#authorImage\",\"url\":\"https:\\\/\\\/secure.gravatar.com\\\/avatar\\\/1bbc04a2da05a8a25045693b6f4473cec684496aa6385880380b702aa43009f8?s=96&d=mm&r=g\",\"width\":96,\"height\":96,\"caption\":\"Dr. Arturo David V\\u00e1squez Urdiales\"}},{\"@type\":\"WebPage\",\"@id\":\"https:\\\/\\\/letrashipnoticas.org\\\/?p=2666#webpage\",\"url\":\"https:\\\/\\\/letrashipnoticas.org\\\/?p=2666\",\"name\":\"EL YO SOY: EL L\\u00cdO Y LA LUZ. - Letras Hiptn\\u00f3ticas\",\"description\":\"Segundilla: La ant\\u00edtesis de El ser y la nadaPor Arturo V\\u00e1squez Urdiales El siglo XX dej\\u00f3 al hombre frente al espejo del vac\\u00edo.La intemperie fue su paisaje y la angustia su m\\u00e9todo. La filosof\\u00eda existencial proclam\\u00f3 que no hab\\u00eda esencia que nos precediera, ni fundamento que nos sostuviera. Primero existimos; despu\\u00e9s nos inventamos. La frase\",\"inLanguage\":\"es-MX\",\"isPartOf\":{\"@id\":\"https:\\\/\\\/letrashipnoticas.org\\\/#website\"},\"breadcrumb\":{\"@id\":\"https:\\\/\\\/letrashipnoticas.org\\\/?p=2666#breadcrumblist\"},\"author\":{\"@id\":\"https:\\\/\\\/letrashipnoticas.org\\\/?author=1#author\"},\"creator\":{\"@id\":\"https:\\\/\\\/letrashipnoticas.org\\\/?author=1#author\"},\"image\":{\"@type\":\"ImageObject\",\"url\":\"https:\\\/\\\/letrashipnoticas.org\\\/wp-content\\\/uploads\\\/2026\\\/02\\\/WhatsApp-Image-2026-02-28-at-10.58.27-AM.jpeg\",\"@id\":\"https:\\\/\\\/letrashipnoticas.org\\\/?p=2666\\\/#mainImage\",\"width\":1080,\"height\":1587},\"primaryImageOfPage\":{\"@id\":\"https:\\\/\\\/letrashipnoticas.org\\\/?p=2666#mainImage\"},\"datePublished\":\"2026-02-28T17:29:08+00:00\",\"dateModified\":\"2026-02-28T17:29:20+00:00\"},{\"@type\":\"WebSite\",\"@id\":\"https:\\\/\\\/letrashipnoticas.org\\\/#website\",\"url\":\"https:\\\/\\\/letrashipnoticas.org\\\/\",\"name\":\"Letras Hiptn\\u00f3ticas\",\"description\":\"\\\"Descubre Apunte diario sobre letras hipn\\u00f3ticas, un viaje literario envolvente que despierta el alma. Reflexiones profundas, historias cautivadoras y un estilo \\u00fanico que hipnotiza en cada palabra.\\\"\",\"inLanguage\":\"es-MX\",\"publisher\":{\"@id\":\"https:\\\/\\\/letrashipnoticas.org\\\/#organization\"}}]}\n\t\t<\/script>\n\t\t<!-- All in One SEO -->\n\n","aioseo_head_json":{"title":"EL YO SOY: EL L\u00cdO Y LA LUZ. - Letras Hiptn\u00f3ticas","description":"Segundilla: La ant\u00edtesis de El ser y la nadaPor Arturo V\u00e1squez Urdiales El siglo XX dej\u00f3 al hombre frente al espejo del vac\u00edo.La intemperie fue su paisaje y la angustia su m\u00e9todo. La filosof\u00eda existencial proclam\u00f3 que no hab\u00eda esencia que nos precediera, ni fundamento que nos sostuviera. Primero existimos; despu\u00e9s nos inventamos. La frase","canonical_url":"https:\/\/letrashipnoticas.org\/?p=2666","robots":"max-image-preview:large","keywords":"","webmasterTools":{"google-site-verification":"w1V7bRCSYMeOZjzLwWS_W8_n8jd94Z38sletBUa-LV0","miscellaneous":""},"schema":{"@context":"https:\/\/schema.org","@graph":[{"@type":"BlogPosting","@id":"https:\/\/letrashipnoticas.org\/?p=2666#blogposting","name":"EL YO SOY: EL L\u00cdO Y LA LUZ. - Letras Hiptn\u00f3ticas","headline":"EL YO SOY: EL L\u00cdO Y LA LUZ.","author":{"@id":"https:\/\/letrashipnoticas.org\/?author=1#author"},"publisher":{"@id":"https:\/\/letrashipnoticas.org\/#organization"},"image":{"@type":"ImageObject","url":"https:\/\/letrashipnoticas.org\/wp-content\/uploads\/2026\/02\/WhatsApp-Image-2026-02-28-at-10.58.27-AM.jpeg","width":1080,"height":1587},"datePublished":"2026-02-28T17:29:08+00:00","dateModified":"2026-02-28T17:29:20+00:00","inLanguage":"es-MX","mainEntityOfPage":{"@id":"https:\/\/letrashipnoticas.org\/?p=2666#webpage"},"isPartOf":{"@id":"https:\/\/letrashipnoticas.org\/?p=2666#webpage"},"articleSection":"Las Letras Hipn\u00f3ticas de hoy"},{"@type":"BreadcrumbList","@id":"https:\/\/letrashipnoticas.org\/?p=2666#breadcrumblist","itemListElement":[{"@type":"ListItem","@id":"https:\/\/letrashipnoticas.org#listItem","position":1,"name":"Inicio","item":"https:\/\/letrashipnoticas.org","nextItem":{"@type":"ListItem","@id":"https:\/\/letrashipnoticas.org\/?cat=1#listItem","name":"Las Letras Hipn\u00f3ticas de hoy"}},{"@type":"ListItem","@id":"https:\/\/letrashipnoticas.org\/?cat=1#listItem","position":2,"name":"Las Letras Hipn\u00f3ticas de hoy","item":"https:\/\/letrashipnoticas.org\/?cat=1","nextItem":{"@type":"ListItem","@id":"https:\/\/letrashipnoticas.org\/?p=2666#listItem","name":"EL YO SOY: EL L\u00cdO Y LA LUZ."},"previousItem":{"@type":"ListItem","@id":"https:\/\/letrashipnoticas.org#listItem","name":"Inicio"}},{"@type":"ListItem","@id":"https:\/\/letrashipnoticas.org\/?p=2666#listItem","position":3,"name":"EL YO SOY: EL L\u00cdO Y LA LUZ.","previousItem":{"@type":"ListItem","@id":"https:\/\/letrashipnoticas.org\/?cat=1#listItem","name":"Las Letras Hipn\u00f3ticas de hoy"}}]},{"@type":"Organization","@id":"https:\/\/letrashipnoticas.org\/#organization","name":"Letras Hiptn\u00f3ticas","description":"\"Descubre Apunte diario sobre letras hipn\u00f3ticas, un viaje literario envolvente que despierta el alma. Reflexiones profundas, historias cautivadoras y un estilo \u00fanico que hipnotiza en cada palabra.\"","url":"https:\/\/letrashipnoticas.org\/","logo":{"@type":"ImageObject","url":"https:\/\/letrashipnoticas.org\/wp-content\/uploads\/2024\/09\/LogoRetinaPNG.png","@id":"https:\/\/letrashipnoticas.org\/?p=2666\/#organizationLogo","width":544,"height":180},"image":{"@id":"https:\/\/letrashipnoticas.org\/?p=2666\/#organizationLogo"}},{"@type":"Person","@id":"https:\/\/letrashipnoticas.org\/?author=1#author","url":"https:\/\/letrashipnoticas.org\/?author=1","name":"Dr. Arturo David V\u00e1squez Urdiales","image":{"@type":"ImageObject","@id":"https:\/\/letrashipnoticas.org\/?p=2666#authorImage","url":"https:\/\/secure.gravatar.com\/avatar\/1bbc04a2da05a8a25045693b6f4473cec684496aa6385880380b702aa43009f8?s=96&d=mm&r=g","width":96,"height":96,"caption":"Dr. Arturo David V\u00e1squez Urdiales"}},{"@type":"WebPage","@id":"https:\/\/letrashipnoticas.org\/?p=2666#webpage","url":"https:\/\/letrashipnoticas.org\/?p=2666","name":"EL YO SOY: EL L\u00cdO Y LA LUZ. - Letras Hiptn\u00f3ticas","description":"Segundilla: La ant\u00edtesis de El ser y la nadaPor Arturo V\u00e1squez Urdiales El siglo XX dej\u00f3 al hombre frente al espejo del vac\u00edo.La intemperie fue su paisaje y la angustia su m\u00e9todo. La filosof\u00eda existencial proclam\u00f3 que no hab\u00eda esencia que nos precediera, ni fundamento que nos sostuviera. Primero existimos; despu\u00e9s nos inventamos. La frase","inLanguage":"es-MX","isPartOf":{"@id":"https:\/\/letrashipnoticas.org\/#website"},"breadcrumb":{"@id":"https:\/\/letrashipnoticas.org\/?p=2666#breadcrumblist"},"author":{"@id":"https:\/\/letrashipnoticas.org\/?author=1#author"},"creator":{"@id":"https:\/\/letrashipnoticas.org\/?author=1#author"},"image":{"@type":"ImageObject","url":"https:\/\/letrashipnoticas.org\/wp-content\/uploads\/2026\/02\/WhatsApp-Image-2026-02-28-at-10.58.27-AM.jpeg","@id":"https:\/\/letrashipnoticas.org\/?p=2666\/#mainImage","width":1080,"height":1587},"primaryImageOfPage":{"@id":"https:\/\/letrashipnoticas.org\/?p=2666#mainImage"},"datePublished":"2026-02-28T17:29:08+00:00","dateModified":"2026-02-28T17:29:20+00:00"},{"@type":"WebSite","@id":"https:\/\/letrashipnoticas.org\/#website","url":"https:\/\/letrashipnoticas.org\/","name":"Letras Hiptn\u00f3ticas","description":"\"Descubre Apunte diario sobre letras hipn\u00f3ticas, un viaje literario envolvente que despierta el alma. Reflexiones profundas, historias cautivadoras y un estilo \u00fanico que hipnotiza en cada palabra.\"","inLanguage":"es-MX","publisher":{"@id":"https:\/\/letrashipnoticas.org\/#organization"}}]},"og:locale":"es_MX","og:site_name":"Letras Hiptn\u00f3ticas - &quot;Descubre Apunte diario sobre letras hipn\u00f3ticas, un viaje literario envolvente que despierta el alma. Reflexiones profundas, historias cautivadoras y un estilo \u00fanico que hipnotiza en cada palabra.&quot; Segundilla: La ant\u00edtesis de El ser y la nadaPor Arturo V\u00e1squez Urdiales El siglo XX dej\u00f3 al hombre frente al espejo del vac\u00edo.La intemperie fue su paisaje y la angustia su m\u00e9todo. La filosof\u00eda existencial proclam\u00f3 que no hab\u00eda esencia que nos precediera, ni fundamento que nos sostuviera. Primero existimos; despu\u00e9s nos inventamos. La frase","og:type":"article","og:title":"EL YO SOY: EL L\u00cdO Y LA LUZ. - Letras Hiptn\u00f3ticas","og:description":"Segundilla: La ant\u00edtesis de El ser y la nadaPor Arturo V\u00e1squez Urdiales El siglo XX dej\u00f3 al hombre frente al espejo del vac\u00edo.La intemperie fue su paisaje y la angustia su m\u00e9todo. La filosof\u00eda existencial proclam\u00f3 que no hab\u00eda esencia que nos precediera, ni fundamento que nos sostuviera. Primero existimos; despu\u00e9s nos inventamos. La frase","og:url":"https:\/\/letrashipnoticas.org\/?p=2666","og:image":"https:\/\/letrashipnoticas.org\/wp-content\/uploads\/2026\/02\/WhatsApp-Image-2026-02-28-at-10.58.27-AM.jpeg","og:image:secure_url":"https:\/\/letrashipnoticas.org\/wp-content\/uploads\/2026\/02\/WhatsApp-Image-2026-02-28-at-10.58.27-AM.jpeg","og:image:width":1080,"og:image:height":1587,"article:published_time":"2026-02-28T17:29:08+00:00","article:modified_time":"2026-02-28T17:29:20+00:00","twitter:card":"summary_large_image","twitter:title":"EL YO SOY: EL L\u00cdO Y LA LUZ. - Letras Hiptn\u00f3ticas","twitter:description":"Segundilla: La ant\u00edtesis de El ser y la nadaPor Arturo V\u00e1squez Urdiales El siglo XX dej\u00f3 al hombre frente al espejo del vac\u00edo.La intemperie fue su paisaje y la angustia su m\u00e9todo. La filosof\u00eda existencial proclam\u00f3 que no hab\u00eda esencia que nos precediera, ni fundamento que nos sostuviera. Primero existimos; despu\u00e9s nos inventamos. La frase","twitter:image":"https:\/\/letrashipnoticas.org\/wp-content\/uploads\/2026\/02\/WhatsApp-Image-2026-02-28-at-10.58.27-AM.jpeg"},"aioseo_meta_data":{"post_id":"2666","title":null,"description":null,"keywords":null,"keyphrases":{"focus":{"keyphrase":"","score":0,"analysis":{"keyphraseInTitle":{"score":0,"maxScore":9,"error":1}}},"additional":[]},"primary_term":null,"canonical_url":null,"og_title":null,"og_description":null,"og_object_type":"default","og_image_type":"default","og_image_url":null,"og_image_width":null,"og_image_height":null,"og_image_custom_url":null,"og_image_custom_fields":null,"og_video":"","og_custom_url":null,"og_article_section":null,"og_article_tags":null,"twitter_use_og":false,"twitter_card":"default","twitter_image_type":"default","twitter_image_url":null,"twitter_image_custom_url":null,"twitter_image_custom_fields":null,"twitter_title":null,"twitter_description":null,"schema":{"blockGraphs":[],"customGraphs":[],"default":{"data":{"Article":[],"Course":[],"Dataset":[],"FAQPage":[],"Movie":[],"Person":[],"Product":[],"ProductReview":[],"Car":[],"Recipe":[],"Service":[],"SoftwareApplication":[],"WebPage":[]},"graphName":"BlogPosting","isEnabled":true},"graphs":[]},"schema_type":"default","schema_type_options":null,"pillar_content":false,"robots_default":true,"robots_noindex":false,"robots_noarchive":false,"robots_nosnippet":false,"robots_nofollow":false,"robots_noimageindex":false,"robots_noodp":false,"robots_notranslate":false,"robots_max_snippet":"-1","robots_max_videopreview":"-1","robots_max_imagepreview":"large","priority":null,"frequency":"default","local_seo":null,"breadcrumb_settings":null,"limit_modified_date":false,"ai":{"faqs":[],"keyPoints":[],"titles":[],"descriptions":[],"socialPosts":{"email":[],"linkedin":[],"twitter":[],"facebook":[],"instagram":[]}},"created":"2026-02-28 17:29:20","updated":"2026-05-11 18:32:48","focus_keyword":null,"additional_keywords":null,"truseo_locale":null,"seo_analyzer_scan_date":null},"aioseo_breadcrumb":"<div class=\"aioseo-breadcrumbs\"><span class=\"aioseo-breadcrumb\">\n\t\t\t<a href=\"https:\/\/letrashipnoticas.org\" title=\"Inicio\">Inicio<\/a>\n\t\t<\/span><span class=\"aioseo-breadcrumb-separator\">&raquo;<\/span><span class=\"aioseo-breadcrumb\">\n\t\t\t<a href=\"https:\/\/letrashipnoticas.org\/?cat=1\" title=\"Las Letras Hipn\u00f3ticas de hoy\">Las Letras Hipn\u00f3ticas de hoy<\/a>\n\t\t<\/span><span class=\"aioseo-breadcrumb-separator\">&raquo;<\/span><span class=\"aioseo-breadcrumb\">\n\t\t\tEL YO SOY: EL L\u00cdO Y LA LUZ.\n\t\t<\/span><\/div>","aioseo_breadcrumb_json":[{"label":"Inicio","link":"https:\/\/letrashipnoticas.org"},{"label":"Las Letras Hipn\u00f3ticas de hoy","link":"https:\/\/letrashipnoticas.org\/?cat=1"},{"label":"EL YO SOY: EL L\u00cdO Y LA LUZ.","link":"https:\/\/letrashipnoticas.org\/?p=2666"}],"_links":{"self":[{"href":"https:\/\/letrashipnoticas.org\/index.php?rest_route=\/wp\/v2\/posts\/2666","targetHints":{"allow":["GET"]}}],"collection":[{"href":"https:\/\/letrashipnoticas.org\/index.php?rest_route=\/wp\/v2\/posts"}],"about":[{"href":"https:\/\/letrashipnoticas.org\/index.php?rest_route=\/wp\/v2\/types\/post"}],"author":[{"embeddable":true,"href":"https:\/\/letrashipnoticas.org\/index.php?rest_route=\/wp\/v2\/users\/1"}],"replies":[{"embeddable":true,"href":"https:\/\/letrashipnoticas.org\/index.php?rest_route=%2Fwp%2Fv2%2Fcomments&post=2666"}],"version-history":[{"count":1,"href":"https:\/\/letrashipnoticas.org\/index.php?rest_route=\/wp\/v2\/posts\/2666\/revisions"}],"predecessor-version":[{"id":2668,"href":"https:\/\/letrashipnoticas.org\/index.php?rest_route=\/wp\/v2\/posts\/2666\/revisions\/2668"}],"wp:featuredmedia":[{"embeddable":true,"href":"https:\/\/letrashipnoticas.org\/index.php?rest_route=\/wp\/v2\/media\/2667"}],"wp:attachment":[{"href":"https:\/\/letrashipnoticas.org\/index.php?rest_route=%2Fwp%2Fv2%2Fmedia&parent=2666"}],"wp:term":[{"taxonomy":"category","embeddable":true,"href":"https:\/\/letrashipnoticas.org\/index.php?rest_route=%2Fwp%2Fv2%2Fcategories&post=2666"},{"taxonomy":"post_tag","embeddable":true,"href":"https:\/\/letrashipnoticas.org\/index.php?rest_route=%2Fwp%2Fv2%2Ftags&post=2666"}],"curies":[{"name":"wp","href":"https:\/\/api.w.org\/{rel}","templated":true}]}}