{"id":265,"date":"2024-11-11T14:44:31","date_gmt":"2024-11-11T14:44:31","guid":{"rendered":"https:\/\/letrashipnoticas.org\/?p=265"},"modified":"2024-11-11T14:44:33","modified_gmt":"2024-11-11T14:44:33","slug":"francisco-xavier-mina","status":"publish","type":"post","link":"https:\/\/letrashipnoticas.org\/?p=265","title":{"rendered":"Francisco Xavier Mina"},"content":{"rendered":"\n<p class=\"wp-block-paragraph\"><strong>11 de noviembre de 2024<\/strong><\/p>\n\n\n\n<p class=\"wp-block-paragraph\"><em>Por Arturo V\u00e1squez Urdiales<\/em><\/p>\n\n\n\n<p class=\"wp-block-paragraph\">La calle donde viv\u00ed durante muchos a\u00f1os en alg\u00fan rinc\u00f3n del mundo lleva el nombre de <em>&#8220;Mina&#8221;<\/em>.<\/p>\n\n\n\n<p class=\"wp-block-paragraph\">Crec\u00ed pensando que era en honor a <em>Don Francisco Xavier Mina,<\/em> el h\u00e9roe insurgente, el hombre que entreg\u00f3 su vida por esta patria nuestra.<\/p>\n\n\n\n<p class=\"wp-block-paragraph\">As\u00ed que, una vez, al hablar de este personaje con un anciano del lugar, narr\u00e9 c\u00f3mo el <em>General Mina, nacido en Navarra<\/em>, luch\u00f3 en tierras lejanas por la libertad de un pa\u00eds que apenas conoci\u00f3.<\/p>\n\n\n\n<p class=\"wp-block-paragraph\">Me corrigi\u00f3 con una sonrisa triste: *\u201cNo, Licenciado, aqu\u00ed no sabemos de ese Francisco Javier. La calle se llama as\u00ed porque originalmente era el *camino a la mina*, no por ese espa\u00f1ol que menciona. <em>Pero pobre hombre, venir tan lejos a morir\u2026\u201d<\/em><\/p>\n\n\n\n<p class=\"wp-block-paragraph\"><em>Est\u00e1 es la historia del c\u00e9lebre guerrillero Don Francisco Xavier Mina Larrea<\/em><\/p>\n\n\n\n<p class=\"wp-block-paragraph\"><em>Hace exactamente 207 a\u00f1os, el 11 de noviembre de 1817, Francisco Xavier Mina encontr\u00f3 su fin en el Cerro del Bellaco, cerca de P\u00e9njamo, Guanajuato. Fue fusilado por traici\u00f3n a la Corona Espa\u00f1ola, un extranjero condenado en un rinc\u00f3n de la Nueva Espa\u00f1a, lejos de sus tierras y de su familia.<\/em><\/p>\n\n\n\n<p class=\"wp-block-paragraph\"><em>Hoy, sus restos descansan en la Columna de la Independencia, en el coraz\u00f3n de la Ciudad de M\u00e9xico, junto a otros h\u00e9roes que dieron su vida por la libertad de M\u00e9xico.<\/em><\/p>\n\n\n\n<h3 class=\"wp-block-heading\"><em>El joven guerrero de Navarra<\/em>.<\/h3>\n\n\n\n<p class=\"wp-block-paragraph\"><em>Xavier Mart\u00edn Mina Larrea,<\/em> conocido en M\u00e9xico como <em>Francisco Xavier Mina<\/em>, naci\u00f3 el 1 de julio de 1789 en Otano, Navarra, en una familia de labradores acomodados. Desde joven mostr\u00f3 una mente inquieta y valiente, influenciada por ideas de libertad y resistencia.<\/p>\n\n\n\n<p class=\"wp-block-paragraph\">Estudi\u00f3 en Pamplona y luego en Zaragoza, donde presenci\u00f3 los eventos que encendieron la llama de su fervor por la independencia. Mina no solo combati\u00f3 a los invasores franceses en su tierra natal, sino que tambi\u00e9n abraz\u00f3 las ideas liberales que comenzaban a extenderse por Europa.<\/p>\n\n\n\n<p class=\"wp-block-paragraph\">Particip\u00f3 en la Guerra de la Independencia Espa\u00f1ola, destac\u00e1ndose como un pionero de la guerra de guerrillas. Bajo el liderazgo del coronel Ar\u00e9izaga y el general Blake, Mina lider\u00f3 una resistencia efectiva y astuta, atacando en varios puntos de Navarra y Aragon, en un ir y venir constante contra las fuerzas napole\u00f3nicas.<\/p>\n\n\n\n<p class=\"wp-block-paragraph\">Sin embargo, fue capturado en 1810 y encarcelado en Francia. All\u00ed, su esp\u00edritu no se dobleg\u00f3. Durante su encierro en Par\u00eds, tuvo contacto con otros revolucionarios e incluso continu\u00f3 su formaci\u00f3n militar, prepar\u00e1ndose para el destino que lo aguardaba en Am\u00e9rica.<\/p>\n\n\n\n<h3 class=\"wp-block-heading\"><em>La Independencia de M\u00e9xico: Un \u00faltimo sacrificio<\/em>.<\/h3>\n\n\n\n<p class=\"wp-block-paragraph\">Tras recuperar su libertad, Mina se traslad\u00f3 a Inglaterra, donde conoci\u00f3 a Fray Servando Teresa de Mier. Inspirado por las historias y la resistencia contra el dominio espa\u00f1ol, Mina decidi\u00f3 embarcarse hacia el Nuevo Mundo, dispuesto a luchar contra la opresi\u00f3n en M\u00e9xico.<\/p>\n\n\n\n<p class=\"wp-block-paragraph\">Desembarc\u00f3 en Soto la Marina, Tamaulipas, el 25 de abril de 1817, con un peque\u00f1o ej\u00e9rcito de 300 hombres. All\u00ed, proclam\u00f3 su compromiso con la causa mexicana en una declaraci\u00f3n hist\u00f3rica que a\u00fan resuena: <em>\u201cHubo tambi\u00e9n espa\u00f1oles liberales y patriotas que sacrificaron su reposo y su vida por nuestro bien.\u201d<\/em><\/p>\n\n\n\n<p class=\"wp-block-paragraph\">Durante los meses que siguieron, Mina llev\u00f3 a cabo una campa\u00f1a osada en San Luis Potos\u00ed, Zacatecas y Guanajuato. Su llegada trajo esperanzas renovadas a los insurgentes que, desgastados por a\u00f1os de lucha, recibieron a <em>Mina<\/em> como un s\u00edmbolo de la solidaridad internacional. La habilidad militar y la audacia de Mina mantuvieron a las fuerzas realistas en constante tensi\u00f3n. Sin embargo, la resistencia en el Fuerte del Sombrero, donde fue sitiado y rodeado, debilit\u00f3 sus fuerzas. El hero\u00edsmo de Mina y su peque\u00f1a tropa fue insuficiente ante el poder\u00edo mon\u00e1rquico.<\/p>\n\n\n\n<p class=\"wp-block-paragraph\">Finalmente, el 27 de octubre de 1817, en el Rancho del Venadito, Mina fue capturado despu\u00e9s de una cruenta batalla en la que perdi\u00f3 a su compa\u00f1ero, el insurgente Pedro Moreno. Sin embargo, aun prisionero y enfrentando una muerte inminente, Mina no flaque\u00f3. Fue llevado ante el virrey Apodaca y, tras un juicio sumario, condenado a muerte.<\/p>\n\n\n\n<p class=\"wp-block-paragraph\">A las 4 de la tarde del 11 de noviembre de 1817, Francisco Xavier Mina fue fusilado en el Cerro del Bellaco. Su ejecuci\u00f3n, en manos de soldados realistas, cerr\u00f3 el cap\u00edtulo de su vida, pero abri\u00f3 uno nuevo en la historia de M\u00e9xico.<\/p>\n\n\n\n<p class=\"wp-block-paragraph\">[ <em>Por esta captura, naci\u00f3 un conde, El conde del venadito jocosa forma de llamar a un h\u00e9roe de guerra (del otro bando), Pero esa es otra venganza y otras letras hipn\u00f3ticas<\/em>.]<\/p>\n\n\n\n<h3 class=\"wp-block-heading\"><em>La herencia de Mina: un esp\u00edritu de libertad<\/em><\/h3>\n\n\n<div class=\"wp-block-image\">\n<figure class=\"alignleft size-large is-resized\"><img loading=\"lazy\" decoding=\"async\" width=\"768\" height=\"1024\" src=\"https:\/\/letrashipnoticas.org\/wp-content\/uploads\/2024\/11\/IMG-20241111-WA0003-1-768x1024.jpg\" alt=\"\" class=\"wp-image-267\" style=\"width:619px;height:auto\" srcset=\"https:\/\/letrashipnoticas.org\/wp-content\/uploads\/2024\/11\/IMG-20241111-WA0003-1-768x1023.jpg 768w, https:\/\/letrashipnoticas.org\/wp-content\/uploads\/2024\/11\/IMG-20241111-WA0003-1-225x300.jpg 225w, https:\/\/letrashipnoticas.org\/wp-content\/uploads\/2024\/11\/IMG-20241111-WA0003-1-315x420.jpg 315w, https:\/\/letrashipnoticas.org\/wp-content\/uploads\/2024\/11\/IMG-20241111-WA0003-1-150x200.jpg 150w, https:\/\/letrashipnoticas.org\/wp-content\/uploads\/2024\/11\/IMG-20241111-WA0003-1-300x400.jpg 300w, https:\/\/letrashipnoticas.org\/wp-content\/uploads\/2024\/11\/IMG-20241111-WA0003-1-696x928.jpg 696w, https:\/\/letrashipnoticas.org\/wp-content\/uploads\/2024\/11\/IMG-20241111-WA0003-1.jpg 1001w\" sizes=\"auto, (max-width: 768px) 100vw, 768px\" \/><\/figure>\n<\/div>\n\n\n<p class=\"wp-block-paragraph\">El sacrificio de Mina fue breve pero de gran trascendencia. Aunque su campa\u00f1a en M\u00e9xico dur\u00f3 apenas ocho meses, dej\u00f3 un legado de valent\u00eda y lucha por la libertad, recordado a trav\u00e9s de generaciones.<\/p>\n\n\n\n<p class=\"wp-block-paragraph\">Desde 1910, sus restos yacen en la Columna de la Independencia en la Ciudad de M\u00e9xico, junto a otros h\u00e9roes de la patria, en una avenida que es el latido de la naci\u00f3n.<\/p>\n\n\n\n<p class=\"wp-block-paragraph\"><em>Don Francisco Xavier Mina<\/em> fue el s\u00edmbolo de una entrega sin fronteras, de una lucha en la que sacrific\u00f3 su comodidad, su futuro y, finalmente, su vida.<\/p>\n\n\n\n<p class=\"wp-block-paragraph\">En su honor, recordamos que la libertad es un ideal que trasciende pa\u00edses y or\u00edgenes, y que personajes como \u00e9l nos inspiran a luchar por lo que es justo. Es el h\u00e9roe que no alz\u00f3 la mano para obtener algo para s\u00ed mismo, sino para darlo todo por la independencia de un pa\u00eds que a\u00fan hoy lo recuerda como un gran hombre y guerrillero.<\/p>\n\n\n\n<p class=\"wp-block-paragraph\"><em>Francisco Xavier Mina,<\/em> a quien la historia mexicana adopt\u00f3, fue, y siempre ser\u00e1, una de las grandes figuras de nuestra independencia.<\/p>\n\n\n\n<p class=\"wp-block-paragraph\"><em>Por ah\u00ed se pidi\u00f3 al Rey de Espa\u00f1a, diera disculpas oto\u00f1ales por la invasi\u00f3n y conquista de M\u00e9xico.<\/em><\/p>\n\n\n\n<p class=\"wp-block-paragraph\"><em>Yo no s\u00e9 si ese lejano Rey pueda, tenga y quiera andarse disculpando, o si tiene facultades para hacerlo. Lo que si se es lo siguiente:<\/em><\/p>\n\n\n\n<p class=\"wp-block-paragraph\"><em>Don Francisco Xavier Mina suscribi\u00f3 esas cartas de disculpas con honor militar, con gallardia de hombre y con la osad\u00eda de un guerrillero, y firm\u00f3 la misiva con la noble sangre de sus venas, que reg\u00f3 la f\u00e9rtil y amada tierra Mexicana y el fruto de su siembra es un pa\u00eds libre y soberano, incomprendido, multicultural y castigado, Pero al fin, es nuestra Suave Patria<\/em><\/p>\n\n\n\n<p class=\"wp-block-paragraph\"><em>Hecho est\u00e1 y por ello sus honorables restos descansan en la columna de la Independencia, eso s\u00ed, porque el destino de las naciones es as\u00ed, raro e inexplicable, su estatua conmemorativa da la cara a la Embajada de Estados Unidos de Norteam\u00e9rica.<\/em><\/p>\n\n\n\n<p class=\"wp-block-paragraph\"><em>O a Sambor&#8217;s, a qu\u00e9 caray, como usted quiera verla.<\/em><\/p>\n\n\n\n<p class=\"wp-block-paragraph\"><em>URDIALES Zuazubiskar fundaci\u00f3n de letras hipn\u00f3ticas AC \u00ae \u00a9<\/em><\/p>\n\n\n\n<p class=\"wp-block-paragraph\"><em>Estimadios 3 lectores y medio, les invitamos a compartir esta columna y desarrollar un mundo mejor llenitito de buenos lectores agradezco mucho su atenci\u00f3n y compartici\u00f3n.<\/em><\/p>\n\n\n\n<p class=\"wp-block-paragraph\">\u2764\ufe0f<\/p>\n","protected":false},"excerpt":{"rendered":"<p>11 de noviembre de 2024 Por Arturo V\u00e1squez Urdiales La calle donde viv\u00ed durante muchos a\u00f1os en alg\u00fan rinc\u00f3n del mundo lleva el nombre de &#8220;Mina&#8221;. Crec\u00ed pensando que era en honor a Don Francisco Xavier Mina, el h\u00e9roe insurgente, el hombre que entreg\u00f3 su vida por esta patria nuestra. As\u00ed que, una vez, al [&hellip;]<\/p>\n","protected":false},"author":1,"featured_media":267,"comment_status":"open","ping_status":"open","sticky":false,"template":"","format":"standard","meta":{"om_disable_all_campaigns":false,"_monsterinsights_skip_tracking":false,"footnotes":""},"categories":[1],"tags":[],"class_list":["post-265","post","type-post","status-publish","format-standard","has-post-thumbnail","category-general"],"aioseo_notices":[],"aioseo_head":"\n\t\t<!-- All in One SEO 5.0.0.1 - aioseo.com -->\n\t<meta name=\"description\" content=\"11 de noviembre de 2024 Por Arturo V\u00e1squez Urdiales La calle donde viv\u00ed durante muchos a\u00f1os en alg\u00fan rinc\u00f3n del mundo lleva el nombre de &quot;Mina&quot;. Crec\u00ed pensando que era en honor a Don Francisco Xavier Mina, el h\u00e9roe insurgente, el hombre que entreg\u00f3 su vida por esta patria nuestra. As\u00ed que, una vez, al\" \/>\n\t<meta name=\"robots\" content=\"max-image-preview:large\" \/>\n\t<meta name=\"author\" content=\"Dr. Arturo David V\u00e1squez Urdiales\"\/>\n\t<meta name=\"google-site-verification\" content=\"w1V7bRCSYMeOZjzLwWS_W8_n8jd94Z38sletBUa-LV0\" \/>\n\t<link rel=\"canonical\" href=\"https:\/\/letrashipnoticas.org\/?p=265\" \/>\n\t<meta name=\"generator\" content=\"All in One SEO (AIOSEO) 5.0.0.1\" \/>\n\t\t<meta property=\"og:locale\" content=\"es_MX\" \/>\n\t\t<meta property=\"og:site_name\" content=\"Letras Hiptn\u00f3ticas - &quot;Descubre Apunte diario sobre letras hipn\u00f3ticas, un viaje literario envolvente que despierta el alma. Reflexiones profundas, historias cautivadoras y un estilo \u00fanico que hipnotiza en cada palabra.&quot; 11 de noviembre de 2024 Por Arturo V\u00e1squez Urdiales La calle donde viv\u00ed durante muchos a\u00f1os en alg\u00fan rinc\u00f3n del mundo lleva el nombre de &quot;Mina&quot;. Crec\u00ed pensando que era en honor a Don Francisco Xavier Mina, el h\u00e9roe insurgente, el hombre que entreg\u00f3 su vida por esta patria nuestra. As\u00ed que, una vez, al\" \/>\n\t\t<meta property=\"og:type\" content=\"article\" \/>\n\t\t<meta property=\"og:title\" content=\"Francisco Xavier Mina - Letras Hiptn\u00f3ticas\" \/>\n\t\t<meta property=\"og:description\" content=\"11 de noviembre de 2024 Por Arturo V\u00e1squez Urdiales La calle donde viv\u00ed durante muchos a\u00f1os en alg\u00fan rinc\u00f3n del mundo lleva el nombre de &quot;Mina&quot;. Crec\u00ed pensando que era en honor a Don Francisco Xavier Mina, el h\u00e9roe insurgente, el hombre que entreg\u00f3 su vida por esta patria nuestra. As\u00ed que, una vez, al\" \/>\n\t\t<meta property=\"og:url\" content=\"https:\/\/letrashipnoticas.org\/?p=265\" \/>\n\t\t<meta property=\"og:image\" content=\"https:\/\/letrashipnoticas.org\/wp-content\/uploads\/2024\/11\/IMG-20241111-WA0003-1.jpg\" \/>\n\t\t<meta property=\"og:image:secure_url\" content=\"https:\/\/letrashipnoticas.org\/wp-content\/uploads\/2024\/11\/IMG-20241111-WA0003-1.jpg\" \/>\n\t\t<meta property=\"og:image:width\" content=\"1001\" \/>\n\t\t<meta property=\"og:image:height\" content=\"1334\" \/>\n\t\t<meta property=\"article:published_time\" content=\"2024-11-11T14:44:31+00:00\" \/>\n\t\t<meta property=\"article:modified_time\" content=\"2024-11-11T14:44:33+00:00\" \/>\n\t\t<meta name=\"twitter:card\" content=\"summary_large_image\" \/>\n\t\t<meta name=\"twitter:title\" content=\"Francisco Xavier Mina - Letras Hiptn\u00f3ticas\" \/>\n\t\t<meta name=\"twitter:description\" content=\"11 de noviembre de 2024 Por Arturo V\u00e1squez Urdiales La calle donde viv\u00ed durante muchos a\u00f1os en alg\u00fan rinc\u00f3n del mundo lleva el nombre de &quot;Mina&quot;. Crec\u00ed pensando que era en honor a Don Francisco Xavier Mina, el h\u00e9roe insurgente, el hombre que entreg\u00f3 su vida por esta patria nuestra. As\u00ed que, una vez, al\" \/>\n\t\t<meta name=\"twitter:image\" content=\"https:\/\/letrashipnoticas.org\/wp-content\/uploads\/2024\/11\/IMG-20241111-WA0003-1.jpg\" \/>\n\t\t<script type=\"application\/ld+json\" class=\"aioseo-schema\">\n\t\t\t{\"@context\":\"https:\\\/\\\/schema.org\",\"@graph\":[{\"@type\":\"BlogPosting\",\"@id\":\"https:\\\/\\\/letrashipnoticas.org\\\/?p=265#blogposting\",\"name\":\"Francisco Xavier Mina - Letras Hiptn\\u00f3ticas\",\"headline\":\"Francisco Xavier Mina\",\"author\":{\"@id\":\"https:\\\/\\\/letrashipnoticas.org\\\/?author=1#author\"},\"publisher\":{\"@id\":\"https:\\\/\\\/letrashipnoticas.org\\\/#organization\"},\"image\":{\"@type\":\"ImageObject\",\"url\":\"https:\\\/\\\/letrashipnoticas.org\\\/wp-content\\\/uploads\\\/2024\\\/11\\\/IMG-20241111-WA0003-1.jpg\",\"width\":1001,\"height\":1334},\"datePublished\":\"2024-11-11T14:44:31+00:00\",\"dateModified\":\"2024-11-11T14:44:33+00:00\",\"inLanguage\":\"es-MX\",\"mainEntityOfPage\":{\"@id\":\"https:\\\/\\\/letrashipnoticas.org\\\/?p=265#webpage\"},\"isPartOf\":{\"@id\":\"https:\\\/\\\/letrashipnoticas.org\\\/?p=265#webpage\"},\"articleSection\":\"Las Letras Hipn\\u00f3ticas de hoy\"},{\"@type\":\"BreadcrumbList\",\"@id\":\"https:\\\/\\\/letrashipnoticas.org\\\/?p=265#breadcrumblist\",\"itemListElement\":[{\"@type\":\"ListItem\",\"@id\":\"https:\\\/\\\/letrashipnoticas.org#listItem\",\"position\":1,\"name\":\"Inicio\",\"item\":\"https:\\\/\\\/letrashipnoticas.org\",\"nextItem\":{\"@type\":\"ListItem\",\"@id\":\"https:\\\/\\\/letrashipnoticas.org\\\/?cat=1#listItem\",\"name\":\"Las Letras Hipn\\u00f3ticas de hoy\"}},{\"@type\":\"ListItem\",\"@id\":\"https:\\\/\\\/letrashipnoticas.org\\\/?cat=1#listItem\",\"position\":2,\"name\":\"Las Letras Hipn\\u00f3ticas de hoy\",\"item\":\"https:\\\/\\\/letrashipnoticas.org\\\/?cat=1\",\"nextItem\":{\"@type\":\"ListItem\",\"@id\":\"https:\\\/\\\/letrashipnoticas.org\\\/?p=265#listItem\",\"name\":\"Francisco Xavier Mina\"},\"previousItem\":{\"@type\":\"ListItem\",\"@id\":\"https:\\\/\\\/letrashipnoticas.org#listItem\",\"name\":\"Inicio\"}},{\"@type\":\"ListItem\",\"@id\":\"https:\\\/\\\/letrashipnoticas.org\\\/?p=265#listItem\",\"position\":3,\"name\":\"Francisco Xavier Mina\",\"previousItem\":{\"@type\":\"ListItem\",\"@id\":\"https:\\\/\\\/letrashipnoticas.org\\\/?cat=1#listItem\",\"name\":\"Las Letras Hipn\\u00f3ticas de hoy\"}}]},{\"@type\":\"Organization\",\"@id\":\"https:\\\/\\\/letrashipnoticas.org\\\/#organization\",\"name\":\"Letras Hiptn\\u00f3ticas\",\"description\":\"\\\"Descubre Apunte diario sobre letras hipn\\u00f3ticas, un viaje literario envolvente que despierta el alma. Reflexiones profundas, historias cautivadoras y un estilo \\u00fanico que hipnotiza en cada palabra.\\\"\",\"url\":\"https:\\\/\\\/letrashipnoticas.org\\\/\",\"logo\":{\"@type\":\"ImageObject\",\"url\":\"https:\\\/\\\/letrashipnoticas.org\\\/wp-content\\\/uploads\\\/2024\\\/09\\\/LogoRetinaPNG.png\",\"@id\":\"https:\\\/\\\/letrashipnoticas.org\\\/?p=265\\\/#organizationLogo\",\"width\":544,\"height\":180},\"image\":{\"@id\":\"https:\\\/\\\/letrashipnoticas.org\\\/?p=265\\\/#organizationLogo\"}},{\"@type\":\"Person\",\"@id\":\"https:\\\/\\\/letrashipnoticas.org\\\/?author=1#author\",\"url\":\"https:\\\/\\\/letrashipnoticas.org\\\/?author=1\",\"name\":\"Dr. Arturo David V\\u00e1squez Urdiales\",\"image\":{\"@type\":\"ImageObject\",\"@id\":\"https:\\\/\\\/letrashipnoticas.org\\\/?p=265#authorImage\",\"url\":\"https:\\\/\\\/secure.gravatar.com\\\/avatar\\\/1bbc04a2da05a8a25045693b6f4473cec684496aa6385880380b702aa43009f8?s=96&d=mm&r=g\",\"width\":96,\"height\":96,\"caption\":\"Dr. Arturo David V\\u00e1squez Urdiales\"}},{\"@type\":\"WebPage\",\"@id\":\"https:\\\/\\\/letrashipnoticas.org\\\/?p=265#webpage\",\"url\":\"https:\\\/\\\/letrashipnoticas.org\\\/?p=265\",\"name\":\"Francisco Xavier Mina - Letras Hiptn\\u00f3ticas\",\"description\":\"11 de noviembre de 2024 Por Arturo V\\u00e1squez Urdiales La calle donde viv\\u00ed durante muchos a\\u00f1os en alg\\u00fan rinc\\u00f3n del mundo lleva el nombre de \\\"Mina\\\". Crec\\u00ed pensando que era en honor a Don Francisco Xavier Mina, el h\\u00e9roe insurgente, el hombre que entreg\\u00f3 su vida por esta patria nuestra. As\\u00ed que, una vez, al\",\"inLanguage\":\"es-MX\",\"isPartOf\":{\"@id\":\"https:\\\/\\\/letrashipnoticas.org\\\/#website\"},\"breadcrumb\":{\"@id\":\"https:\\\/\\\/letrashipnoticas.org\\\/?p=265#breadcrumblist\"},\"author\":{\"@id\":\"https:\\\/\\\/letrashipnoticas.org\\\/?author=1#author\"},\"creator\":{\"@id\":\"https:\\\/\\\/letrashipnoticas.org\\\/?author=1#author\"},\"image\":{\"@type\":\"ImageObject\",\"url\":\"https:\\\/\\\/letrashipnoticas.org\\\/wp-content\\\/uploads\\\/2024\\\/11\\\/IMG-20241111-WA0003-1.jpg\",\"@id\":\"https:\\\/\\\/letrashipnoticas.org\\\/?p=265\\\/#mainImage\",\"width\":1001,\"height\":1334},\"primaryImageOfPage\":{\"@id\":\"https:\\\/\\\/letrashipnoticas.org\\\/?p=265#mainImage\"},\"datePublished\":\"2024-11-11T14:44:31+00:00\",\"dateModified\":\"2024-11-11T14:44:33+00:00\"},{\"@type\":\"WebSite\",\"@id\":\"https:\\\/\\\/letrashipnoticas.org\\\/#website\",\"url\":\"https:\\\/\\\/letrashipnoticas.org\\\/\",\"name\":\"Letras Hiptn\\u00f3ticas\",\"description\":\"\\\"Descubre Apunte diario sobre letras hipn\\u00f3ticas, un viaje literario envolvente que despierta el alma. Reflexiones profundas, historias cautivadoras y un estilo \\u00fanico que hipnotiza en cada palabra.\\\"\",\"inLanguage\":\"es-MX\",\"publisher\":{\"@id\":\"https:\\\/\\\/letrashipnoticas.org\\\/#organization\"}}]}\n\t\t<\/script>\n\t\t<!-- All in One SEO -->\n\n","aioseo_head_json":{"title":"Francisco Xavier Mina - Letras Hiptn\u00f3ticas","description":"11 de noviembre de 2024 Por Arturo V\u00e1squez Urdiales La calle donde viv\u00ed durante muchos a\u00f1os en alg\u00fan rinc\u00f3n del mundo lleva el nombre de \"Mina\". Crec\u00ed pensando que era en honor a Don Francisco Xavier Mina, el h\u00e9roe insurgente, el hombre que entreg\u00f3 su vida por esta patria nuestra. As\u00ed que, una vez, al","canonical_url":"https:\/\/letrashipnoticas.org\/?p=265","robots":"max-image-preview:large","keywords":"","webmasterTools":{"google-site-verification":"w1V7bRCSYMeOZjzLwWS_W8_n8jd94Z38sletBUa-LV0","miscellaneous":""},"schema":{"@context":"https:\/\/schema.org","@graph":[{"@type":"BlogPosting","@id":"https:\/\/letrashipnoticas.org\/?p=265#blogposting","name":"Francisco Xavier Mina - Letras Hiptn\u00f3ticas","headline":"Francisco Xavier Mina","author":{"@id":"https:\/\/letrashipnoticas.org\/?author=1#author"},"publisher":{"@id":"https:\/\/letrashipnoticas.org\/#organization"},"image":{"@type":"ImageObject","url":"https:\/\/letrashipnoticas.org\/wp-content\/uploads\/2024\/11\/IMG-20241111-WA0003-1.jpg","width":1001,"height":1334},"datePublished":"2024-11-11T14:44:31+00:00","dateModified":"2024-11-11T14:44:33+00:00","inLanguage":"es-MX","mainEntityOfPage":{"@id":"https:\/\/letrashipnoticas.org\/?p=265#webpage"},"isPartOf":{"@id":"https:\/\/letrashipnoticas.org\/?p=265#webpage"},"articleSection":"Las Letras Hipn\u00f3ticas de hoy"},{"@type":"BreadcrumbList","@id":"https:\/\/letrashipnoticas.org\/?p=265#breadcrumblist","itemListElement":[{"@type":"ListItem","@id":"https:\/\/letrashipnoticas.org#listItem","position":1,"name":"Inicio","item":"https:\/\/letrashipnoticas.org","nextItem":{"@type":"ListItem","@id":"https:\/\/letrashipnoticas.org\/?cat=1#listItem","name":"Las Letras Hipn\u00f3ticas de hoy"}},{"@type":"ListItem","@id":"https:\/\/letrashipnoticas.org\/?cat=1#listItem","position":2,"name":"Las Letras Hipn\u00f3ticas de hoy","item":"https:\/\/letrashipnoticas.org\/?cat=1","nextItem":{"@type":"ListItem","@id":"https:\/\/letrashipnoticas.org\/?p=265#listItem","name":"Francisco Xavier Mina"},"previousItem":{"@type":"ListItem","@id":"https:\/\/letrashipnoticas.org#listItem","name":"Inicio"}},{"@type":"ListItem","@id":"https:\/\/letrashipnoticas.org\/?p=265#listItem","position":3,"name":"Francisco Xavier Mina","previousItem":{"@type":"ListItem","@id":"https:\/\/letrashipnoticas.org\/?cat=1#listItem","name":"Las Letras Hipn\u00f3ticas de hoy"}}]},{"@type":"Organization","@id":"https:\/\/letrashipnoticas.org\/#organization","name":"Letras Hiptn\u00f3ticas","description":"\"Descubre Apunte diario sobre letras hipn\u00f3ticas, un viaje literario envolvente que despierta el alma. Reflexiones profundas, historias cautivadoras y un estilo \u00fanico que hipnotiza en cada palabra.\"","url":"https:\/\/letrashipnoticas.org\/","logo":{"@type":"ImageObject","url":"https:\/\/letrashipnoticas.org\/wp-content\/uploads\/2024\/09\/LogoRetinaPNG.png","@id":"https:\/\/letrashipnoticas.org\/?p=265\/#organizationLogo","width":544,"height":180},"image":{"@id":"https:\/\/letrashipnoticas.org\/?p=265\/#organizationLogo"}},{"@type":"Person","@id":"https:\/\/letrashipnoticas.org\/?author=1#author","url":"https:\/\/letrashipnoticas.org\/?author=1","name":"Dr. Arturo David V\u00e1squez Urdiales","image":{"@type":"ImageObject","@id":"https:\/\/letrashipnoticas.org\/?p=265#authorImage","url":"https:\/\/secure.gravatar.com\/avatar\/1bbc04a2da05a8a25045693b6f4473cec684496aa6385880380b702aa43009f8?s=96&d=mm&r=g","width":96,"height":96,"caption":"Dr. Arturo David V\u00e1squez Urdiales"}},{"@type":"WebPage","@id":"https:\/\/letrashipnoticas.org\/?p=265#webpage","url":"https:\/\/letrashipnoticas.org\/?p=265","name":"Francisco Xavier Mina - Letras Hiptn\u00f3ticas","description":"11 de noviembre de 2024 Por Arturo V\u00e1squez Urdiales La calle donde viv\u00ed durante muchos a\u00f1os en alg\u00fan rinc\u00f3n del mundo lleva el nombre de \"Mina\". Crec\u00ed pensando que era en honor a Don Francisco Xavier Mina, el h\u00e9roe insurgente, el hombre que entreg\u00f3 su vida por esta patria nuestra. As\u00ed que, una vez, al","inLanguage":"es-MX","isPartOf":{"@id":"https:\/\/letrashipnoticas.org\/#website"},"breadcrumb":{"@id":"https:\/\/letrashipnoticas.org\/?p=265#breadcrumblist"},"author":{"@id":"https:\/\/letrashipnoticas.org\/?author=1#author"},"creator":{"@id":"https:\/\/letrashipnoticas.org\/?author=1#author"},"image":{"@type":"ImageObject","url":"https:\/\/letrashipnoticas.org\/wp-content\/uploads\/2024\/11\/IMG-20241111-WA0003-1.jpg","@id":"https:\/\/letrashipnoticas.org\/?p=265\/#mainImage","width":1001,"height":1334},"primaryImageOfPage":{"@id":"https:\/\/letrashipnoticas.org\/?p=265#mainImage"},"datePublished":"2024-11-11T14:44:31+00:00","dateModified":"2024-11-11T14:44:33+00:00"},{"@type":"WebSite","@id":"https:\/\/letrashipnoticas.org\/#website","url":"https:\/\/letrashipnoticas.org\/","name":"Letras Hiptn\u00f3ticas","description":"\"Descubre Apunte diario sobre letras hipn\u00f3ticas, un viaje literario envolvente que despierta el alma. Reflexiones profundas, historias cautivadoras y un estilo \u00fanico que hipnotiza en cada palabra.\"","inLanguage":"es-MX","publisher":{"@id":"https:\/\/letrashipnoticas.org\/#organization"}}]},"og:locale":"es_MX","og:site_name":"Letras Hiptn\u00f3ticas - &quot;Descubre Apunte diario sobre letras hipn\u00f3ticas, un viaje literario envolvente que despierta el alma. Reflexiones profundas, historias cautivadoras y un estilo \u00fanico que hipnotiza en cada palabra.&quot; 11 de noviembre de 2024 Por Arturo V\u00e1squez Urdiales La calle donde viv\u00ed durante muchos a\u00f1os en alg\u00fan rinc\u00f3n del mundo lleva el nombre de &quot;Mina&quot;. Crec\u00ed pensando que era en honor a Don Francisco Xavier Mina, el h\u00e9roe insurgente, el hombre que entreg\u00f3 su vida por esta patria nuestra. As\u00ed que, una vez, al","og:type":"article","og:title":"Francisco Xavier Mina - Letras Hiptn\u00f3ticas","og:description":"11 de noviembre de 2024 Por Arturo V\u00e1squez Urdiales La calle donde viv\u00ed durante muchos a\u00f1os en alg\u00fan rinc\u00f3n del mundo lleva el nombre de &quot;Mina&quot;. Crec\u00ed pensando que era en honor a Don Francisco Xavier Mina, el h\u00e9roe insurgente, el hombre que entreg\u00f3 su vida por esta patria nuestra. As\u00ed que, una vez, al","og:url":"https:\/\/letrashipnoticas.org\/?p=265","og:image":"https:\/\/letrashipnoticas.org\/wp-content\/uploads\/2024\/11\/IMG-20241111-WA0003-1.jpg","og:image:secure_url":"https:\/\/letrashipnoticas.org\/wp-content\/uploads\/2024\/11\/IMG-20241111-WA0003-1.jpg","og:image:width":1001,"og:image:height":1334,"article:published_time":"2024-11-11T14:44:31+00:00","article:modified_time":"2024-11-11T14:44:33+00:00","twitter:card":"summary_large_image","twitter:title":"Francisco Xavier Mina - Letras Hiptn\u00f3ticas","twitter:description":"11 de noviembre de 2024 Por Arturo V\u00e1squez Urdiales La calle donde viv\u00ed durante muchos a\u00f1os en alg\u00fan rinc\u00f3n del mundo lleva el nombre de &quot;Mina&quot;. Crec\u00ed pensando que era en honor a Don Francisco Xavier Mina, el h\u00e9roe insurgente, el hombre que entreg\u00f3 su vida por esta patria nuestra. As\u00ed que, una vez, al","twitter:image":"https:\/\/letrashipnoticas.org\/wp-content\/uploads\/2024\/11\/IMG-20241111-WA0003-1.jpg"},"aioseo_meta_data":{"post_id":"265","title":null,"description":null,"keywords":null,"keyphrases":{"focus":{"keyphrase":"","score":0,"analysis":{"keyphraseInTitle":{"score":0,"maxScore":9,"error":1}}},"additional":[]},"primary_term":null,"canonical_url":null,"og_title":null,"og_description":null,"og_object_type":"default","og_image_type":"default","og_image_url":null,"og_image_width":null,"og_image_height":null,"og_image_custom_url":null,"og_image_custom_fields":null,"og_video":"","og_custom_url":null,"og_article_section":null,"og_article_tags":null,"twitter_use_og":false,"twitter_card":"default","twitter_image_type":"default","twitter_image_url":null,"twitter_image_custom_url":null,"twitter_image_custom_fields":null,"twitter_title":null,"twitter_description":null,"schema":{"blockGraphs":[],"customGraphs":[],"default":{"data":{"Article":[],"Course":[],"Dataset":[],"FAQPage":[],"Movie":[],"Person":[],"Product":[],"ProductReview":[],"Car":[],"Recipe":[],"Service":[],"SoftwareApplication":[],"WebPage":[]},"graphName":"BlogPosting","isEnabled":true},"graphs":[]},"schema_type":"default","schema_type_options":null,"pillar_content":false,"robots_default":true,"robots_noindex":false,"robots_noarchive":false,"robots_nosnippet":false,"robots_nofollow":false,"robots_noimageindex":false,"robots_noodp":false,"robots_notranslate":false,"robots_max_snippet":"-1","robots_max_videopreview":"-1","robots_max_imagepreview":"large","priority":null,"frequency":"default","local_seo":null,"breadcrumb_settings":null,"limit_modified_date":false,"ai":null,"created":"2024-11-11 14:44:34","updated":"2025-08-08 04:50:23","focus_keyword":null,"additional_keywords":null,"truseo_locale":null,"seo_analyzer_scan_date":null},"aioseo_breadcrumb":"<div class=\"aioseo-breadcrumbs\"><span class=\"aioseo-breadcrumb\">\n\t\t\t<a href=\"https:\/\/letrashipnoticas.org\" title=\"Inicio\">Inicio<\/a>\n\t\t<\/span><span class=\"aioseo-breadcrumb-separator\">&raquo;<\/span><span class=\"aioseo-breadcrumb\">\n\t\t\t<a href=\"https:\/\/letrashipnoticas.org\/?cat=1\" title=\"Las Letras Hipn\u00f3ticas de hoy\">Las Letras Hipn\u00f3ticas de hoy<\/a>\n\t\t<\/span><span class=\"aioseo-breadcrumb-separator\">&raquo;<\/span><span class=\"aioseo-breadcrumb\">\n\t\t\tFrancisco Xavier Mina\n\t\t<\/span><\/div>","aioseo_breadcrumb_json":[{"label":"Inicio","link":"https:\/\/letrashipnoticas.org"},{"label":"Las Letras Hipn\u00f3ticas de hoy","link":"https:\/\/letrashipnoticas.org\/?cat=1"},{"label":"Francisco Xavier Mina","link":"https:\/\/letrashipnoticas.org\/?p=265"}],"_links":{"self":[{"href":"https:\/\/letrashipnoticas.org\/index.php?rest_route=\/wp\/v2\/posts\/265","targetHints":{"allow":["GET"]}}],"collection":[{"href":"https:\/\/letrashipnoticas.org\/index.php?rest_route=\/wp\/v2\/posts"}],"about":[{"href":"https:\/\/letrashipnoticas.org\/index.php?rest_route=\/wp\/v2\/types\/post"}],"author":[{"embeddable":true,"href":"https:\/\/letrashipnoticas.org\/index.php?rest_route=\/wp\/v2\/users\/1"}],"replies":[{"embeddable":true,"href":"https:\/\/letrashipnoticas.org\/index.php?rest_route=%2Fwp%2Fv2%2Fcomments&post=265"}],"version-history":[{"count":1,"href":"https:\/\/letrashipnoticas.org\/index.php?rest_route=\/wp\/v2\/posts\/265\/revisions"}],"predecessor-version":[{"id":268,"href":"https:\/\/letrashipnoticas.org\/index.php?rest_route=\/wp\/v2\/posts\/265\/revisions\/268"}],"wp:featuredmedia":[{"embeddable":true,"href":"https:\/\/letrashipnoticas.org\/index.php?rest_route=\/wp\/v2\/media\/267"}],"wp:attachment":[{"href":"https:\/\/letrashipnoticas.org\/index.php?rest_route=%2Fwp%2Fv2%2Fmedia&parent=265"}],"wp:term":[{"taxonomy":"category","embeddable":true,"href":"https:\/\/letrashipnoticas.org\/index.php?rest_route=%2Fwp%2Fv2%2Fcategories&post=265"},{"taxonomy":"post_tag","embeddable":true,"href":"https:\/\/letrashipnoticas.org\/index.php?rest_route=%2Fwp%2Fv2%2Ftags&post=265"}],"curies":[{"name":"wp","href":"https:\/\/api.w.org\/{rel}","templated":true}]}}