{"id":2645,"date":"2026-02-24T16:35:05","date_gmt":"2026-02-24T16:35:05","guid":{"rendered":"https:\/\/letrashipnoticas.org\/?p=2645"},"modified":"2026-02-24T16:35:20","modified_gmt":"2026-02-24T16:35:20","slug":"marcelina-bautista-la-nina-de-la-mixteca-que-puso-dignidad-en-el-trabajo-del-hogar","status":"publish","type":"post","link":"https:\/\/letrashipnoticas.org\/?p=2645","title":{"rendered":"Marcelina Bautista: La ni\u00f1a de la Mixteca que puso dignidad en el trabajo del hogar."},"content":{"rendered":"\n<p class=\"wp-block-paragraph\">Por Arturo V\u00e1squez Urdiales<\/p>\n\n\n\n<p class=\"wp-block-paragraph\">&#8212;\u2696\ufe0f<\/p>\n\n\n\n<p class=\"wp-block-paragraph\">I. Hypnos y el sue\u00f1o de la dignidad olvidada<\/p>\n\n\n\n<p class=\"wp-block-paragraph\">En la mitolog\u00eda griega, Hypnos \u2014el sue\u00f1o\u2014 habitaba una cueva profunda donde ning\u00fan rayo de sol pod\u00eda penetrar. A la entrada crec\u00edan adormideras y hierbas somn\u00edferas, y del lecho del dios manaba el r\u00edo Lete, el olvido. Sus hijos, los oniroi, visitaban a los mortales para tejer visiones. Pero hay quienes sue\u00f1an despiertos con algo m\u00e1s poderoso que cualquier visi\u00f3n: la dignidad.<\/p>\n\n\n\n<p class=\"wp-block-paragraph\">El lenguaje hipn\u00f3tico \u2014las letras hipn\u00f3ticas\u2014 participa de esa misma ra\u00edz on\u00edrica: busca desplazar el pensamiento lineal para acceder a lo que los psic\u00f3logos denominan b\u00fasqueda transderivacional, esa capacidad de encontrar nuevas soluciones, de dar sentido diverso a aquello que se manifiesta como conflicto insoluble. Y qu\u00e9 conflicto m\u00e1s profundo que el de quienes trabajan en las sombras de los hogares ajenos, invisibles para la ley, olvidados por el Estado.<\/p>\n\n\n\n<p class=\"wp-block-paragraph\">Pero hay una mujer que decidi\u00f3 que eso cambiara. Una mujer que so\u00f1\u00f3 con un convenio internacional cuando apenas hab\u00eda aprendido a leer. Una mujer que barri\u00f3 injusticias con la misma escoba con la que limpiaba pisos.<\/p>\n\n\n\n<p class=\"wp-block-paragraph\">Hablo de Marcelina Bautista.<\/p>\n\n\n\n<p class=\"wp-block-paragraph\">&#8212;\u2696\ufe0f<\/p>\n\n\n\n<p class=\"wp-block-paragraph\">II. La ni\u00f1a que no sab\u00eda espa\u00f1ol<\/p>\n\n\n\n<p class=\"wp-block-paragraph\">(Tierra Colorada Apasco, Nochixtl\u00e1n, Oaxaca, a\u00f1os 70)<\/p>\n\n\n\n<p class=\"wp-block-paragraph\">En la Mixteca oaxaque\u00f1a, en la comunidad de Tierra Colorada Apasco, distrito de Nochixtl\u00e1n, naci\u00f3 Marcelina Bautista. Era la segunda hija de doce hermanos en una familia ind\u00edgena mixteca, donde la lengua materna no era el espa\u00f1ol, sino una lengua originaria de la regi\u00f3n, heredera de siglos de historia.<\/p>\n\n\n\n<p class=\"wp-block-paragraph\">A los 14 a\u00f1os, Marcelina hizo lo que miles de ni\u00f1as ind\u00edgenas han hecho antes y despu\u00e9s: migr\u00f3. Pero su destino no fue Estados Unidos, como el de tantos paisanos. Fue la Ciudad de M\u00e9xico, esa monstruosa urbe de asfalto y smog que todo lo devora. Dej\u00f3 atr\u00e1s su pueblo, su familia, su lengua. No sab\u00eda una palabra de espa\u00f1ol. Nunca hab\u00eda salido de su comunidad.<\/p>\n\n\n\n<p class=\"wp-block-paragraph\">Lleg\u00f3 a trabajar a una casa ajena. No hab\u00eda contrato, no hab\u00eda horario, no hab\u00eda derechos. Solo hab\u00eda trabajo: de sol a sol, lavar ropa, limpiar pisos, sacudir, planchar, cuidar ni\u00f1os. A cambio, un sueldo que apenas alcanzaba para mandar algo a su familia y, quiz\u00e1, para sobrevivir. Marcelina se olvid\u00f3 de jugar, de ir a la escuela con sus amigos. Se olvid\u00f3 de ser ni\u00f1a.<\/p>\n\n\n\n<p class=\"wp-block-paragraph\">&#8212;\u2696\ufe0f<\/p>\n\n\n\n<p class=\"wp-block-paragraph\">III. El despertar: aprender, organizarse, resistir<\/p>\n\n\n\n<p class=\"wp-block-paragraph\">Pero Marcelina ten\u00eda algo que no se ense\u00f1a en las escuelas: curiosidad y rebeld\u00eda.<\/p>\n\n\n\n<p class=\"wp-block-paragraph\">Decidi\u00f3 que la falta de estudios no ser\u00eda un obst\u00e1culo. Fue a la escuela de noche, mientras trabajaba de d\u00eda. Termin\u00f3 estudios b\u00e1sicos, tom\u00f3 cursos, se capacit\u00f3, asisti\u00f3 a talleres, busc\u00f3 formaci\u00f3n incluso en instituciones acad\u00e9micas como la Universidad Iberoamericana. No se detuvo.<\/p>\n\n\n\n<p class=\"wp-block-paragraph\">Y mientras estudiaba, comenz\u00f3 a ver con claridad lo que antes solo intu\u00eda: las injusticias que viv\u00edan sus compa\u00f1eras, sus hermanas, ella misma.<\/p>\n\n\n\n<p class=\"wp-block-paragraph\">Las trabajadoras del hogar no ten\u00edan derechos laborales plenos. No ten\u00edan contrato. No ten\u00edan seguridad social. No ten\u00edan vacaciones. No ten\u00edan nada. Eran invisibles para la ley, y por tanto, vulnerables a todo.<\/p>\n\n\n\n<p class=\"wp-block-paragraph\">Hace d\u00e9cadas comenz\u00f3 a unirse a grupos como la Juventud Obrera Cristiana. Empez\u00f3 a escuchar historias, a estudiar legislaci\u00f3n laboral, a organizar peque\u00f1os c\u00edrculos de reflexi\u00f3n que poco a poco se convirtieron en movimiento.<\/p>\n\n\n\n<p class=\"wp-block-paragraph\">&#8212;\u2696\ufe0f<\/p>\n\n\n\n<p class=\"wp-block-paragraph\">IV. El Centro de Ayuda y la beca MacArthur (2000)<\/p>\n\n\n\n<p class=\"wp-block-paragraph\">En el a\u00f1o 2000, Marcelina fund\u00f3 el Centro de Apoyo y Capacitaci\u00f3n para Empleadas del Hogar (CACEH), un espacio donde las trabajadoras pod\u00edan informarse, capacitarse, organizarse y conocer sus derechos.<\/p>\n\n\n\n<p class=\"wp-block-paragraph\">Ese mismo a\u00f1o ocurri\u00f3 algo que parec\u00eda imposible:<\/p>\n\n\n\n<p class=\"wp-block-paragraph\">Marcelina recibi\u00f3 la Beca MacArthur, uno de los reconocimientos internacionales m\u00e1s prestigiosos, otorgado a personas con extraordinaria creatividad y compromiso social.<\/p>\n\n\n\n<p class=\"wp-block-paragraph\">Una mujer ind\u00edgena que hab\u00eda llegado a los 14 a\u00f1os sin hablar espa\u00f1ol, que hab\u00eda limpiado casas ajenas durante a\u00f1os, era reconocida internacionalmente por su lucha.<\/p>\n\n\n\n<p class=\"wp-block-paragraph\">No fue el sue\u00f1o americano.<\/p>\n\n\n\n<p class=\"wp-block-paragraph\">Fue el sue\u00f1o de la dignidad.<\/p>\n\n\n\n<p class=\"wp-block-paragraph\">&#8212;\u2696\ufe0f<\/p>\n\n\n\n<p class=\"wp-block-paragraph\">V. La construcci\u00f3n de una red internacional<\/p>\n\n\n\n<p class=\"wp-block-paragraph\">Desde finales del siglo XX, Marcelina particip\u00f3 en encuentros internacionales de trabajadoras del hogar en Am\u00e9rica Latina, dentro de la CONLACTRAHO, organizaci\u00f3n regional fundada en 1988.<\/p>\n\n\n\n<p class=\"wp-block-paragraph\">En noviembre de 2006, en Amsterdam, Pa\u00edses Bajos, se realiz\u00f3 un encuentro mundial de trabajadoras del hogar que reuni\u00f3 por primera vez a organizaciones de distintos continentes. Ese encuentro sembr\u00f3 la idea de una articulaci\u00f3n global del movimiento, que a\u00f1os despu\u00e9s dar\u00eda origen a redes internacionales formales del sector.<\/p>\n\n\n\n<p class=\"wp-block-paragraph\">Ese mismo periodo, Marcelina fue elegida Secretaria General de CONLACTRAHO, representando a trabajadoras del hogar de toda la regi\u00f3n latinoamericana.<\/p>\n\n\n\n<p class=\"wp-block-paragraph\">La ni\u00f1a migrante de Oaxaca estaba ya sentada en mesas internacionales.<\/p>\n\n\n\n<p class=\"wp-block-paragraph\">&#8212;\u2696\ufe0f<\/p>\n\n\n\n<p class=\"wp-block-paragraph\">VI. Ginebra, 2011: el Convenio 189<\/p>\n\n\n\n<p class=\"wp-block-paragraph\">En junio de 2011, Marcelina viaj\u00f3 a Ginebra, a la 100\u00aa Conferencia de la Organizaci\u00f3n Internacional del Trabajo.<\/p>\n\n\n\n<p class=\"wp-block-paragraph\">All\u00ed, despu\u00e9s de d\u00e9cadas de lucha global, se aprob\u00f3 el Convenio 189 sobre Trabajo Decente para las Trabajadoras y los Trabajadores Dom\u00e9sticos, acompa\u00f1ado de la Recomendaci\u00f3n 201.<\/p>\n\n\n\n<p class=\"wp-block-paragraph\">Era hist\u00f3rico.<\/p>\n\n\n\n<p class=\"wp-block-paragraph\">Por primera vez, el trabajo dom\u00e9stico era reconocido formalmente como trabajo con derechos:<\/p>\n\n\n\n<p class=\"wp-block-paragraph\">jornada laboral<\/p>\n\n\n\n<p class=\"wp-block-paragraph\">descansos<\/p>\n\n\n\n<p class=\"wp-block-paragraph\">seguridad social<\/p>\n\n\n\n<p class=\"wp-block-paragraph\">protecci\u00f3n contra abusos<\/p>\n\n\n\n<p class=\"wp-block-paragraph\">igualdad jur\u00eddica<\/p>\n\n\n\n<p class=\"wp-block-paragraph\">Marcelina, la ni\u00f1a que hab\u00eda llegado sin hablar espa\u00f1ol, hab\u00eda participado en la construcci\u00f3n de una norma internacional.<\/p>\n\n\n\n<p class=\"wp-block-paragraph\">&#8212;\u2696\ufe0f<\/p>\n\n\n\n<p class=\"wp-block-paragraph\">VII. La ratificaci\u00f3n mexicana: el tiempo largo de la justicia<\/p>\n\n\n\n<p class=\"wp-block-paragraph\">Pero Ginebra no bastaba.<\/p>\n\n\n\n<p class=\"wp-block-paragraph\">M\u00e9xico tard\u00f3.<\/p>\n\n\n\n<p class=\"wp-block-paragraph\">A\u00f1os de presi\u00f3n, campa\u00f1as p\u00fablicas, incidencia social, organizaci\u00f3n colectiva.<\/p>\n\n\n\n<p class=\"wp-block-paragraph\">Finalmente:<\/p>\n\n\n\n<p class=\"wp-block-paragraph\">Diciembre 2019: el Senado ratific\u00f3 el Convenio 189<\/p>\n\n\n\n<p class=\"wp-block-paragraph\">3 de julio de 2020: M\u00e9xico deposit\u00f3 formalmente el instrumento<\/p>\n\n\n\n<p class=\"wp-block-paragraph\">3 de julio de 2021: el convenio entr\u00f3 en vigor para el pa\u00eds<\/p>\n\n\n\n<p class=\"wp-block-paragraph\">La ley tard\u00f3.<\/p>\n\n\n\n<p class=\"wp-block-paragraph\">La dignidad no.<\/p>\n\n\n\n<hr class=\"wp-block-separator has-alpha-channel-opacity\"\/>\n\n\n\n<figure class=\"wp-block-image size-large\"><img loading=\"lazy\" decoding=\"async\" width=\"1024\" height=\"1024\" src=\"https:\/\/letrashipnoticas.org\/wp-content\/uploads\/2026\/02\/WhatsApp-Image-2026-02-24-at-6.48.36-AM-1-1024x1024.jpeg\" alt=\"\" class=\"wp-image-2647\" srcset=\"https:\/\/letrashipnoticas.org\/wp-content\/uploads\/2026\/02\/WhatsApp-Image-2026-02-24-at-6.48.36-AM-1-1024x1024.jpeg 1024w, https:\/\/letrashipnoticas.org\/wp-content\/uploads\/2026\/02\/WhatsApp-Image-2026-02-24-at-6.48.36-AM-1-300x300.jpeg 300w, https:\/\/letrashipnoticas.org\/wp-content\/uploads\/2026\/02\/WhatsApp-Image-2026-02-24-at-6.48.36-AM-1-150x150.jpeg 150w, https:\/\/letrashipnoticas.org\/wp-content\/uploads\/2026\/02\/WhatsApp-Image-2026-02-24-at-6.48.36-AM-1-768x767.jpeg 768w, https:\/\/letrashipnoticas.org\/wp-content\/uploads\/2026\/02\/WhatsApp-Image-2026-02-24-at-6.48.36-AM-1-420x420.jpeg 420w, https:\/\/letrashipnoticas.org\/wp-content\/uploads\/2026\/02\/WhatsApp-Image-2026-02-24-at-6.48.36-AM-1-696x695.jpeg 696w, https:\/\/letrashipnoticas.org\/wp-content\/uploads\/2026\/02\/WhatsApp-Image-2026-02-24-at-6.48.36-AM-1-1068x1067.jpeg 1068w, https:\/\/letrashipnoticas.org\/wp-content\/uploads\/2026\/02\/WhatsApp-Image-2026-02-24-at-6.48.36-AM-1.jpeg 1080w\" sizes=\"auto, (max-width: 1024px) 100vw, 1024px\" \/><\/figure>\n\n\n\n<p class=\"wp-block-paragraph\">VIII. Hipn\u00f3ticas reflexiones sobre una hero\u00edna civil<\/p>\n\n\n\n<p class=\"wp-block-paragraph\">Las letras hipn\u00f3ticas participan del sue\u00f1o. Pero hay sue\u00f1os que construyen realidades.<\/p>\n\n\n\n<p class=\"wp-block-paragraph\">Marcelina es, ante todo, una migrante interna.<\/p>\n\n\n\n<p class=\"wp-block-paragraph\">Migr\u00f3 de su pueblo a la ciudad.<br>De su lengua originaria al espa\u00f1ol.<br>De la invisibilidad a la representaci\u00f3n internacional.<\/p>\n\n\n\n<p class=\"wp-block-paragraph\">Como los soldados que hemos retratado en otras columnas, ella tambi\u00e9n luch\u00f3. Pero su campo de batalla no fueron trincheras, sino cocinas. Sus armas no fueron fusiles, sino convenios, sindicatos, redes, educaci\u00f3n.<\/p>\n\n\n\n<p class=\"wp-block-paragraph\">&#8212;\u2696\ufe0f<\/p>\n\n\n\n<p class=\"wp-block-paragraph\">IX. La estirpe de los que no se rinden<\/p>\n\n\n\n<p class=\"wp-block-paragraph\">Lo extraordinario de Marcelina no es solo lo que logr\u00f3, sino de d\u00f3nde vino.<\/p>\n\n\n\n<p class=\"wp-block-paragraph\">De un pueblo peque\u00f1o.<br>De una infancia sin privilegios.<br>De un sistema que parec\u00eda decidido a que nunca hablara.<\/p>\n\n\n\n<p class=\"wp-block-paragraph\">Podr\u00eda haber sido una estad\u00edstica.<\/p>\n\n\n\n<p class=\"wp-block-paragraph\">Decidi\u00f3 ser historia.<\/p>\n\n\n\n<p class=\"wp-block-paragraph\">Citas de Marcelina<\/p>\n\n\n\n<p class=\"wp-block-paragraph\">Citas aut\u00e9nticas de Marcelina Bautista<\/p>\n\n\n\n<p class=\"wp-block-paragraph\">CITA I \u2014 sobre la invisibilidad del trabajo del hogar.<\/p>\n\n\n\n<p class=\"wp-block-paragraph\">\u201cEl trabajo del hogar siempre ha existido, pero no siempre ha sido reconocido como trabajo.\u201d<\/p>\n\n\n\n<p class=\"wp-block-paragraph\">(Esta frase ha sido repetida por Marcelina en entrevistas p\u00fablicas del movimiento de trabajadoras del hogar y materiales de CACEH.)<\/p>\n\n\n\n<p class=\"wp-block-paragraph\">CITA II \u2014 sobre la lucha colectiva<\/p>\n\n\n\n<p class=\"wp-block-paragraph\">\u201cNada de lo que hemos logrado ha sido un regalo; todo ha sido resultado de la organizaci\u00f3n de las trabajadoras.\u201d<\/p>\n\n\n\n<p class=\"wp-block-paragraph\">(Declaraci\u00f3n reiterada en foros laborales internacionales y campa\u00f1as por la ratificaci\u00f3n del Convenio 189.)<\/p>\n\n\n\n<p class=\"wp-block-paragraph\">CITA III \u2014 sobre la dignidad<\/p>\n\n\n\n<p class=\"wp-block-paragraph\">\u201cLas trabajadoras del hogar no pedimos privilegios; pedimos los mismos derechos que cualquier trabajador.\u201d<\/p>\n\n\n\n<p class=\"wp-block-paragraph\">(Expresi\u00f3n p\u00fablica usada en conferencias y posicionamientos del movimiento.)<\/p>\n\n\n\n<p class=\"wp-block-paragraph\">\u2696\ufe0f Micro-Recuadro Jur\u00eddico (Modo Notario ADV<\/p>\n\n\n\n<p class=\"wp-block-paragraph\">Impacto del Convenio 189 en M\u00e9xico)<\/p>\n\n\n\n<p class=\"wp-block-paragraph\">EL CONVENIO 189 DE LA OIT EN EL DERECHO MEXICANO Naturaleza jur\u00eddica:<\/p>\n\n\n\n<p class=\"wp-block-paragraph\">Tratado internacional laboral vinculante sobre trabajo dom\u00e9stico digno.<\/p>\n\n\n\n<p class=\"wp-block-paragraph\">Ratificaci\u00f3n mexicana:<\/p>\n\n\n\n<p class=\"wp-block-paragraph\">Senado: diciembre de 2019<\/p>\n\n\n\n<p class=\"wp-block-paragraph\">Dep\u00f3sito internacional: 3 julio 2020<\/p>\n\n\n\n<p class=\"wp-block-paragraph\">Entrada en vigor: 3 julio 2021<\/p>\n\n\n\n<p class=\"wp-block-paragraph\">Efectos legales concretos en M\u00e9xico:<\/p>\n\n\n\n<p class=\"wp-block-paragraph\">Reconocimiento pleno del trabajo dom\u00e9stico como relaci\u00f3n laboral.<\/p>\n\n\n\n<p class=\"wp-block-paragraph\">Obligaci\u00f3n progresiva de afiliaci\u00f3n al IMSS para trabajadoras del hogar.<\/p>\n\n\n\n<p class=\"wp-block-paragraph\">Derecho a jornada razonable y descanso semanal.<\/p>\n\n\n\n<p class=\"wp-block-paragraph\">Derecho a salario pagado en efectivo y documentado.<\/p>\n\n\n\n<p class=\"wp-block-paragraph\">Protecci\u00f3n contra despido arbitrario y abuso.<\/p>\n\n\n\n<p class=\"wp-block-paragraph\">Reconocimiento del principio de igualdad laboral frente a cualquier trabajador.<\/p>\n\n\n\n<p class=\"wp-block-paragraph\">Consecuencia hist\u00f3rica:<\/p>\n\n\n\n<p class=\"wp-block-paragraph\">El trabajo dom\u00e9stico dej\u00f3 de ser jur\u00eddicamente una relaci\u00f3n \u201cespecial\u201d tolerada y pas\u00f3 a integrarse al sistema laboral general bajo principios constitucionales de igualdad, dignidad humana y no discriminaci\u00f3n.<\/p>\n\n\n\n<p class=\"wp-block-paragraph\">Interpretaci\u00f3n notarial ADVU:<\/p>\n\n\n\n<p class=\"wp-block-paragraph\">El Convenio 189 no solo reform\u00f3 leyes laborales;<br>reform\u00f3 la estructura moral del contrato dom\u00e9stico en M\u00e9xico,<br>sac\u00e1ndolo del \u00e1mbito de la costumbre<br>y coloc\u00e1ndolo en el terreno del derecho exigible.<\/p>\n\n\n\n<p class=\"wp-block-paragraph\">&#8212;\u2696\ufe0f<\/p>\n\n\n\n<p class=\"wp-block-paragraph\">X. Ep\u00edlogo: la cueva de Hypnos y la luz de la dignidad<\/p>\n\n\n\n<p class=\"wp-block-paragraph\">La cueva de Hypnos hac\u00eda olvidar.<\/p>\n\n\n\n<p class=\"wp-block-paragraph\">Marcelina no olvid\u00f3.<\/p>\n\n\n\n<p class=\"wp-block-paragraph\">Record\u00f3 siempre de d\u00f3nde ven\u00eda.<\/p>\n\n\n\n<p class=\"wp-block-paragraph\">Y en ese recordar, construy\u00f3 un legado.<\/p>\n\n\n\n<p class=\"wp-block-paragraph\">Hoy, cuando una trabajadora del hogar sabe que tiene derecho a contrato, seguridad social, vacaciones, salario digno, debe saber que eso no cay\u00f3 del cielo.<\/p>\n\n\n\n<p class=\"wp-block-paragraph\">Lo conquistaron mujeres que limpiaban casas mientras organizaban sindicatos.<\/p>\n\n\n\n<p class=\"wp-block-paragraph\">La ni\u00f1a que no sab\u00eda espa\u00f1ol se convirti\u00f3 en la voz de millones.<\/p>\n\n\n\n<p class=\"wp-block-paragraph\">Esa es la estirpe de los que no se rinden.<\/p>\n\n\n\n<p class=\"wp-block-paragraph\">Y nosotros, desde esta columna, la contamos.<\/p>\n\n\n\n<p class=\"wp-block-paragraph\">Con afecto y admiraci\u00f3n perpetua:<\/p>\n\n\n\n<p class=\"wp-block-paragraph\">Arturo V\u00e1squez Urdiales<\/p>\n\n\n\n<p class=\"wp-block-paragraph\">&#8212; Urdiales Zuazubiskar fundaci\u00f3n de letras hipn\u00f3ticas AC quienes le invitamos a compartir esta columna y desarrollar un mundo mejor llenitito de buenos lectores, agradezco mucho su atenci\u00f3n \u00a9\u00ae<\/p>\n","protected":false},"excerpt":{"rendered":"<p>Por Arturo V\u00e1squez Urdiales &#8212;\u2696\ufe0f I. Hypnos y el sue\u00f1o de la dignidad olvidada En la mitolog\u00eda griega, Hypnos \u2014el sue\u00f1o\u2014 habitaba una cueva profunda donde ning\u00fan rayo de sol pod\u00eda penetrar. A la entrada crec\u00edan adormideras y hierbas somn\u00edferas, y del lecho del dios manaba el r\u00edo Lete, el olvido. Sus hijos, los oniroi, [&hellip;]<\/p>\n","protected":false},"author":1,"featured_media":2646,"comment_status":"open","ping_status":"open","sticky":false,"template":"","format":"standard","meta":{"om_disable_all_campaigns":false,"_monsterinsights_skip_tracking":false,"footnotes":""},"categories":[1],"tags":[],"class_list":["post-2645","post","type-post","status-publish","format-standard","has-post-thumbnail","category-general"],"aioseo_notices":[],"aioseo_head":"\n\t\t<!-- All in One SEO 5.0.0.1 - aioseo.com -->\n\t<meta name=\"description\" content=\"Por Arturo V\u00e1squez Urdiales ---\u2696\ufe0f I. Hypnos y el sue\u00f1o de la dignidad olvidada En la mitolog\u00eda griega, Hypnos \u2014el sue\u00f1o\u2014 habitaba una cueva profunda donde ning\u00fan rayo de sol pod\u00eda penetrar. A la entrada crec\u00edan adormideras y hierbas somn\u00edferas, y del lecho del dios manaba el r\u00edo Lete, el olvido. Sus hijos, los oniroi,\" \/>\n\t<meta name=\"robots\" content=\"max-image-preview:large\" \/>\n\t<meta name=\"author\" content=\"Dr. Arturo David V\u00e1squez Urdiales\"\/>\n\t<meta name=\"google-site-verification\" content=\"w1V7bRCSYMeOZjzLwWS_W8_n8jd94Z38sletBUa-LV0\" \/>\n\t<link rel=\"canonical\" href=\"https:\/\/letrashipnoticas.org\/?p=2645\" \/>\n\t<meta name=\"generator\" content=\"All in One SEO (AIOSEO) 5.0.0.1\" \/>\n\t\t<meta property=\"og:locale\" content=\"es_MX\" \/>\n\t\t<meta property=\"og:site_name\" content=\"Letras Hiptn\u00f3ticas - &quot;Descubre Apunte diario sobre letras hipn\u00f3ticas, un viaje literario envolvente que despierta el alma. Reflexiones profundas, historias cautivadoras y un estilo \u00fanico que hipnotiza en cada palabra.&quot; Por Arturo V\u00e1squez Urdiales ---\u2696\ufe0f I. Hypnos y el sue\u00f1o de la dignidad olvidada En la mitolog\u00eda griega, Hypnos \u2014el sue\u00f1o\u2014 habitaba una cueva profunda donde ning\u00fan rayo de sol pod\u00eda penetrar. A la entrada crec\u00edan adormideras y hierbas somn\u00edferas, y del lecho del dios manaba el r\u00edo Lete, el olvido. Sus hijos, los oniroi,\" \/>\n\t\t<meta property=\"og:type\" content=\"article\" \/>\n\t\t<meta property=\"og:title\" content=\"Marcelina Bautista: La ni\u00f1a de la Mixteca que puso dignidad en el trabajo del hogar. - Letras Hiptn\u00f3ticas\" \/>\n\t\t<meta property=\"og:description\" content=\"Por Arturo V\u00e1squez Urdiales ---\u2696\ufe0f I. Hypnos y el sue\u00f1o de la dignidad olvidada En la mitolog\u00eda griega, Hypnos \u2014el sue\u00f1o\u2014 habitaba una cueva profunda donde ning\u00fan rayo de sol pod\u00eda penetrar. A la entrada crec\u00edan adormideras y hierbas somn\u00edferas, y del lecho del dios manaba el r\u00edo Lete, el olvido. Sus hijos, los oniroi,\" \/>\n\t\t<meta property=\"og:url\" content=\"https:\/\/letrashipnoticas.org\/?p=2645\" \/>\n\t\t<meta property=\"og:image\" content=\"https:\/\/letrashipnoticas.org\/wp-content\/uploads\/2026\/02\/WhatsApp-Image-2026-02-24-at-6.48.36-AM.jpeg\" \/>\n\t\t<meta property=\"og:image:secure_url\" content=\"https:\/\/letrashipnoticas.org\/wp-content\/uploads\/2026\/02\/WhatsApp-Image-2026-02-24-at-6.48.36-AM.jpeg\" \/>\n\t\t<meta property=\"og:image:width\" content=\"785\" \/>\n\t\t<meta property=\"og:image:height\" content=\"760\" \/>\n\t\t<meta property=\"article:published_time\" content=\"2026-02-24T16:35:05+00:00\" \/>\n\t\t<meta property=\"article:modified_time\" content=\"2026-02-24T16:35:20+00:00\" \/>\n\t\t<meta name=\"twitter:card\" content=\"summary_large_image\" \/>\n\t\t<meta name=\"twitter:title\" content=\"Marcelina Bautista: La ni\u00f1a de la Mixteca que puso dignidad en el trabajo del hogar. - Letras Hiptn\u00f3ticas\" \/>\n\t\t<meta name=\"twitter:description\" content=\"Por Arturo V\u00e1squez Urdiales ---\u2696\ufe0f I. Hypnos y el sue\u00f1o de la dignidad olvidada En la mitolog\u00eda griega, Hypnos \u2014el sue\u00f1o\u2014 habitaba una cueva profunda donde ning\u00fan rayo de sol pod\u00eda penetrar. A la entrada crec\u00edan adormideras y hierbas somn\u00edferas, y del lecho del dios manaba el r\u00edo Lete, el olvido. Sus hijos, los oniroi,\" \/>\n\t\t<meta name=\"twitter:image\" content=\"https:\/\/letrashipnoticas.org\/wp-content\/uploads\/2026\/02\/WhatsApp-Image-2026-02-24-at-6.48.36-AM.jpeg\" \/>\n\t\t<script type=\"application\/ld+json\" class=\"aioseo-schema\">\n\t\t\t{\"@context\":\"https:\\\/\\\/schema.org\",\"@graph\":[{\"@type\":\"BlogPosting\",\"@id\":\"https:\\\/\\\/letrashipnoticas.org\\\/?p=2645#blogposting\",\"name\":\"Marcelina Bautista: La ni\\u00f1a de la Mixteca que puso dignidad en el trabajo del hogar. - Letras Hiptn\\u00f3ticas\",\"headline\":\"Marcelina Bautista: La ni\\u00f1a de la Mixteca que puso dignidad en el trabajo del hogar.\",\"author\":{\"@id\":\"https:\\\/\\\/letrashipnoticas.org\\\/?author=1#author\"},\"publisher\":{\"@id\":\"https:\\\/\\\/letrashipnoticas.org\\\/#organization\"},\"image\":{\"@type\":\"ImageObject\",\"url\":\"https:\\\/\\\/letrashipnoticas.org\\\/wp-content\\\/uploads\\\/2026\\\/02\\\/WhatsApp-Image-2026-02-24-at-6.48.36-AM.jpeg\",\"width\":785,\"height\":760},\"datePublished\":\"2026-02-24T16:35:05+00:00\",\"dateModified\":\"2026-02-24T16:35:20+00:00\",\"inLanguage\":\"es-MX\",\"mainEntityOfPage\":{\"@id\":\"https:\\\/\\\/letrashipnoticas.org\\\/?p=2645#webpage\"},\"isPartOf\":{\"@id\":\"https:\\\/\\\/letrashipnoticas.org\\\/?p=2645#webpage\"},\"articleSection\":\"Las Letras Hipn\\u00f3ticas de hoy\"},{\"@type\":\"BreadcrumbList\",\"@id\":\"https:\\\/\\\/letrashipnoticas.org\\\/?p=2645#breadcrumblist\",\"itemListElement\":[{\"@type\":\"ListItem\",\"@id\":\"https:\\\/\\\/letrashipnoticas.org#listItem\",\"position\":1,\"name\":\"Inicio\",\"item\":\"https:\\\/\\\/letrashipnoticas.org\",\"nextItem\":{\"@type\":\"ListItem\",\"@id\":\"https:\\\/\\\/letrashipnoticas.org\\\/?cat=1#listItem\",\"name\":\"Las Letras Hipn\\u00f3ticas de hoy\"}},{\"@type\":\"ListItem\",\"@id\":\"https:\\\/\\\/letrashipnoticas.org\\\/?cat=1#listItem\",\"position\":2,\"name\":\"Las Letras Hipn\\u00f3ticas de hoy\",\"item\":\"https:\\\/\\\/letrashipnoticas.org\\\/?cat=1\",\"nextItem\":{\"@type\":\"ListItem\",\"@id\":\"https:\\\/\\\/letrashipnoticas.org\\\/?p=2645#listItem\",\"name\":\"Marcelina Bautista: La ni\\u00f1a de la Mixteca que puso dignidad en el trabajo del hogar.\"},\"previousItem\":{\"@type\":\"ListItem\",\"@id\":\"https:\\\/\\\/letrashipnoticas.org#listItem\",\"name\":\"Inicio\"}},{\"@type\":\"ListItem\",\"@id\":\"https:\\\/\\\/letrashipnoticas.org\\\/?p=2645#listItem\",\"position\":3,\"name\":\"Marcelina Bautista: La ni\\u00f1a de la Mixteca que puso dignidad en el trabajo del hogar.\",\"previousItem\":{\"@type\":\"ListItem\",\"@id\":\"https:\\\/\\\/letrashipnoticas.org\\\/?cat=1#listItem\",\"name\":\"Las Letras Hipn\\u00f3ticas de hoy\"}}]},{\"@type\":\"Organization\",\"@id\":\"https:\\\/\\\/letrashipnoticas.org\\\/#organization\",\"name\":\"Letras Hiptn\\u00f3ticas\",\"description\":\"\\\"Descubre Apunte diario sobre letras hipn\\u00f3ticas, un viaje literario envolvente que despierta el alma. Reflexiones profundas, historias cautivadoras y un estilo \\u00fanico que hipnotiza en cada palabra.\\\"\",\"url\":\"https:\\\/\\\/letrashipnoticas.org\\\/\",\"logo\":{\"@type\":\"ImageObject\",\"url\":\"https:\\\/\\\/letrashipnoticas.org\\\/wp-content\\\/uploads\\\/2024\\\/09\\\/LogoRetinaPNG.png\",\"@id\":\"https:\\\/\\\/letrashipnoticas.org\\\/?p=2645\\\/#organizationLogo\",\"width\":544,\"height\":180},\"image\":{\"@id\":\"https:\\\/\\\/letrashipnoticas.org\\\/?p=2645\\\/#organizationLogo\"}},{\"@type\":\"Person\",\"@id\":\"https:\\\/\\\/letrashipnoticas.org\\\/?author=1#author\",\"url\":\"https:\\\/\\\/letrashipnoticas.org\\\/?author=1\",\"name\":\"Dr. Arturo David V\\u00e1squez Urdiales\",\"image\":{\"@type\":\"ImageObject\",\"@id\":\"https:\\\/\\\/letrashipnoticas.org\\\/?p=2645#authorImage\",\"url\":\"https:\\\/\\\/secure.gravatar.com\\\/avatar\\\/1bbc04a2da05a8a25045693b6f4473cec684496aa6385880380b702aa43009f8?s=96&d=mm&r=g\",\"width\":96,\"height\":96,\"caption\":\"Dr. Arturo David V\\u00e1squez Urdiales\"}},{\"@type\":\"WebPage\",\"@id\":\"https:\\\/\\\/letrashipnoticas.org\\\/?p=2645#webpage\",\"url\":\"https:\\\/\\\/letrashipnoticas.org\\\/?p=2645\",\"name\":\"Marcelina Bautista: La ni\\u00f1a de la Mixteca que puso dignidad en el trabajo del hogar. - Letras Hiptn\\u00f3ticas\",\"description\":\"Por Arturo V\\u00e1squez Urdiales ---\\u2696\\ufe0f I. Hypnos y el sue\\u00f1o de la dignidad olvidada En la mitolog\\u00eda griega, Hypnos \\u2014el sue\\u00f1o\\u2014 habitaba una cueva profunda donde ning\\u00fan rayo de sol pod\\u00eda penetrar. A la entrada crec\\u00edan adormideras y hierbas somn\\u00edferas, y del lecho del dios manaba el r\\u00edo Lete, el olvido. Sus hijos, los oniroi,\",\"inLanguage\":\"es-MX\",\"isPartOf\":{\"@id\":\"https:\\\/\\\/letrashipnoticas.org\\\/#website\"},\"breadcrumb\":{\"@id\":\"https:\\\/\\\/letrashipnoticas.org\\\/?p=2645#breadcrumblist\"},\"author\":{\"@id\":\"https:\\\/\\\/letrashipnoticas.org\\\/?author=1#author\"},\"creator\":{\"@id\":\"https:\\\/\\\/letrashipnoticas.org\\\/?author=1#author\"},\"image\":{\"@type\":\"ImageObject\",\"url\":\"https:\\\/\\\/letrashipnoticas.org\\\/wp-content\\\/uploads\\\/2026\\\/02\\\/WhatsApp-Image-2026-02-24-at-6.48.36-AM.jpeg\",\"@id\":\"https:\\\/\\\/letrashipnoticas.org\\\/?p=2645\\\/#mainImage\",\"width\":785,\"height\":760},\"primaryImageOfPage\":{\"@id\":\"https:\\\/\\\/letrashipnoticas.org\\\/?p=2645#mainImage\"},\"datePublished\":\"2026-02-24T16:35:05+00:00\",\"dateModified\":\"2026-02-24T16:35:20+00:00\"},{\"@type\":\"WebSite\",\"@id\":\"https:\\\/\\\/letrashipnoticas.org\\\/#website\",\"url\":\"https:\\\/\\\/letrashipnoticas.org\\\/\",\"name\":\"Letras Hiptn\\u00f3ticas\",\"description\":\"\\\"Descubre Apunte diario sobre letras hipn\\u00f3ticas, un viaje literario envolvente que despierta el alma. Reflexiones profundas, historias cautivadoras y un estilo \\u00fanico que hipnotiza en cada palabra.\\\"\",\"inLanguage\":\"es-MX\",\"publisher\":{\"@id\":\"https:\\\/\\\/letrashipnoticas.org\\\/#organization\"}}]}\n\t\t<\/script>\n\t\t<!-- All in One SEO -->\n\n","aioseo_head_json":{"title":"Marcelina Bautista: La ni\u00f1a de la Mixteca que puso dignidad en el trabajo del hogar. - Letras Hiptn\u00f3ticas","description":"Por Arturo V\u00e1squez Urdiales ---\u2696\ufe0f I. Hypnos y el sue\u00f1o de la dignidad olvidada En la mitolog\u00eda griega, Hypnos \u2014el sue\u00f1o\u2014 habitaba una cueva profunda donde ning\u00fan rayo de sol pod\u00eda penetrar. A la entrada crec\u00edan adormideras y hierbas somn\u00edferas, y del lecho del dios manaba el r\u00edo Lete, el olvido. Sus hijos, los oniroi,","canonical_url":"https:\/\/letrashipnoticas.org\/?p=2645","robots":"max-image-preview:large","keywords":"","webmasterTools":{"google-site-verification":"w1V7bRCSYMeOZjzLwWS_W8_n8jd94Z38sletBUa-LV0","miscellaneous":""},"schema":{"@context":"https:\/\/schema.org","@graph":[{"@type":"BlogPosting","@id":"https:\/\/letrashipnoticas.org\/?p=2645#blogposting","name":"Marcelina Bautista: La ni\u00f1a de la Mixteca que puso dignidad en el trabajo del hogar. - Letras Hiptn\u00f3ticas","headline":"Marcelina Bautista: La ni\u00f1a de la Mixteca que puso dignidad en el trabajo del hogar.","author":{"@id":"https:\/\/letrashipnoticas.org\/?author=1#author"},"publisher":{"@id":"https:\/\/letrashipnoticas.org\/#organization"},"image":{"@type":"ImageObject","url":"https:\/\/letrashipnoticas.org\/wp-content\/uploads\/2026\/02\/WhatsApp-Image-2026-02-24-at-6.48.36-AM.jpeg","width":785,"height":760},"datePublished":"2026-02-24T16:35:05+00:00","dateModified":"2026-02-24T16:35:20+00:00","inLanguage":"es-MX","mainEntityOfPage":{"@id":"https:\/\/letrashipnoticas.org\/?p=2645#webpage"},"isPartOf":{"@id":"https:\/\/letrashipnoticas.org\/?p=2645#webpage"},"articleSection":"Las Letras Hipn\u00f3ticas de hoy"},{"@type":"BreadcrumbList","@id":"https:\/\/letrashipnoticas.org\/?p=2645#breadcrumblist","itemListElement":[{"@type":"ListItem","@id":"https:\/\/letrashipnoticas.org#listItem","position":1,"name":"Inicio","item":"https:\/\/letrashipnoticas.org","nextItem":{"@type":"ListItem","@id":"https:\/\/letrashipnoticas.org\/?cat=1#listItem","name":"Las Letras Hipn\u00f3ticas de hoy"}},{"@type":"ListItem","@id":"https:\/\/letrashipnoticas.org\/?cat=1#listItem","position":2,"name":"Las Letras Hipn\u00f3ticas de hoy","item":"https:\/\/letrashipnoticas.org\/?cat=1","nextItem":{"@type":"ListItem","@id":"https:\/\/letrashipnoticas.org\/?p=2645#listItem","name":"Marcelina Bautista: La ni\u00f1a de la Mixteca que puso dignidad en el trabajo del hogar."},"previousItem":{"@type":"ListItem","@id":"https:\/\/letrashipnoticas.org#listItem","name":"Inicio"}},{"@type":"ListItem","@id":"https:\/\/letrashipnoticas.org\/?p=2645#listItem","position":3,"name":"Marcelina Bautista: La ni\u00f1a de la Mixteca que puso dignidad en el trabajo del hogar.","previousItem":{"@type":"ListItem","@id":"https:\/\/letrashipnoticas.org\/?cat=1#listItem","name":"Las Letras Hipn\u00f3ticas de hoy"}}]},{"@type":"Organization","@id":"https:\/\/letrashipnoticas.org\/#organization","name":"Letras Hiptn\u00f3ticas","description":"\"Descubre Apunte diario sobre letras hipn\u00f3ticas, un viaje literario envolvente que despierta el alma. Reflexiones profundas, historias cautivadoras y un estilo \u00fanico que hipnotiza en cada palabra.\"","url":"https:\/\/letrashipnoticas.org\/","logo":{"@type":"ImageObject","url":"https:\/\/letrashipnoticas.org\/wp-content\/uploads\/2024\/09\/LogoRetinaPNG.png","@id":"https:\/\/letrashipnoticas.org\/?p=2645\/#organizationLogo","width":544,"height":180},"image":{"@id":"https:\/\/letrashipnoticas.org\/?p=2645\/#organizationLogo"}},{"@type":"Person","@id":"https:\/\/letrashipnoticas.org\/?author=1#author","url":"https:\/\/letrashipnoticas.org\/?author=1","name":"Dr. Arturo David V\u00e1squez Urdiales","image":{"@type":"ImageObject","@id":"https:\/\/letrashipnoticas.org\/?p=2645#authorImage","url":"https:\/\/secure.gravatar.com\/avatar\/1bbc04a2da05a8a25045693b6f4473cec684496aa6385880380b702aa43009f8?s=96&d=mm&r=g","width":96,"height":96,"caption":"Dr. Arturo David V\u00e1squez Urdiales"}},{"@type":"WebPage","@id":"https:\/\/letrashipnoticas.org\/?p=2645#webpage","url":"https:\/\/letrashipnoticas.org\/?p=2645","name":"Marcelina Bautista: La ni\u00f1a de la Mixteca que puso dignidad en el trabajo del hogar. - Letras Hiptn\u00f3ticas","description":"Por Arturo V\u00e1squez Urdiales ---\u2696\ufe0f I. Hypnos y el sue\u00f1o de la dignidad olvidada En la mitolog\u00eda griega, Hypnos \u2014el sue\u00f1o\u2014 habitaba una cueva profunda donde ning\u00fan rayo de sol pod\u00eda penetrar. A la entrada crec\u00edan adormideras y hierbas somn\u00edferas, y del lecho del dios manaba el r\u00edo Lete, el olvido. Sus hijos, los oniroi,","inLanguage":"es-MX","isPartOf":{"@id":"https:\/\/letrashipnoticas.org\/#website"},"breadcrumb":{"@id":"https:\/\/letrashipnoticas.org\/?p=2645#breadcrumblist"},"author":{"@id":"https:\/\/letrashipnoticas.org\/?author=1#author"},"creator":{"@id":"https:\/\/letrashipnoticas.org\/?author=1#author"},"image":{"@type":"ImageObject","url":"https:\/\/letrashipnoticas.org\/wp-content\/uploads\/2026\/02\/WhatsApp-Image-2026-02-24-at-6.48.36-AM.jpeg","@id":"https:\/\/letrashipnoticas.org\/?p=2645\/#mainImage","width":785,"height":760},"primaryImageOfPage":{"@id":"https:\/\/letrashipnoticas.org\/?p=2645#mainImage"},"datePublished":"2026-02-24T16:35:05+00:00","dateModified":"2026-02-24T16:35:20+00:00"},{"@type":"WebSite","@id":"https:\/\/letrashipnoticas.org\/#website","url":"https:\/\/letrashipnoticas.org\/","name":"Letras Hiptn\u00f3ticas","description":"\"Descubre Apunte diario sobre letras hipn\u00f3ticas, un viaje literario envolvente que despierta el alma. Reflexiones profundas, historias cautivadoras y un estilo \u00fanico que hipnotiza en cada palabra.\"","inLanguage":"es-MX","publisher":{"@id":"https:\/\/letrashipnoticas.org\/#organization"}}]},"og:locale":"es_MX","og:site_name":"Letras Hiptn\u00f3ticas - &quot;Descubre Apunte diario sobre letras hipn\u00f3ticas, un viaje literario envolvente que despierta el alma. Reflexiones profundas, historias cautivadoras y un estilo \u00fanico que hipnotiza en cada palabra.&quot; Por Arturo V\u00e1squez Urdiales ---\u2696\ufe0f I. Hypnos y el sue\u00f1o de la dignidad olvidada En la mitolog\u00eda griega, Hypnos \u2014el sue\u00f1o\u2014 habitaba una cueva profunda donde ning\u00fan rayo de sol pod\u00eda penetrar. A la entrada crec\u00edan adormideras y hierbas somn\u00edferas, y del lecho del dios manaba el r\u00edo Lete, el olvido. Sus hijos, los oniroi,","og:type":"article","og:title":"Marcelina Bautista: La ni\u00f1a de la Mixteca que puso dignidad en el trabajo del hogar. - Letras Hiptn\u00f3ticas","og:description":"Por Arturo V\u00e1squez Urdiales ---\u2696\ufe0f I. Hypnos y el sue\u00f1o de la dignidad olvidada En la mitolog\u00eda griega, Hypnos \u2014el sue\u00f1o\u2014 habitaba una cueva profunda donde ning\u00fan rayo de sol pod\u00eda penetrar. A la entrada crec\u00edan adormideras y hierbas somn\u00edferas, y del lecho del dios manaba el r\u00edo Lete, el olvido. Sus hijos, los oniroi,","og:url":"https:\/\/letrashipnoticas.org\/?p=2645","og:image":"https:\/\/letrashipnoticas.org\/wp-content\/uploads\/2026\/02\/WhatsApp-Image-2026-02-24-at-6.48.36-AM.jpeg","og:image:secure_url":"https:\/\/letrashipnoticas.org\/wp-content\/uploads\/2026\/02\/WhatsApp-Image-2026-02-24-at-6.48.36-AM.jpeg","og:image:width":785,"og:image:height":760,"article:published_time":"2026-02-24T16:35:05+00:00","article:modified_time":"2026-02-24T16:35:20+00:00","twitter:card":"summary_large_image","twitter:title":"Marcelina Bautista: La ni\u00f1a de la Mixteca que puso dignidad en el trabajo del hogar. - Letras Hiptn\u00f3ticas","twitter:description":"Por Arturo V\u00e1squez Urdiales ---\u2696\ufe0f I. Hypnos y el sue\u00f1o de la dignidad olvidada En la mitolog\u00eda griega, Hypnos \u2014el sue\u00f1o\u2014 habitaba una cueva profunda donde ning\u00fan rayo de sol pod\u00eda penetrar. A la entrada crec\u00edan adormideras y hierbas somn\u00edferas, y del lecho del dios manaba el r\u00edo Lete, el olvido. Sus hijos, los oniroi,","twitter:image":"https:\/\/letrashipnoticas.org\/wp-content\/uploads\/2026\/02\/WhatsApp-Image-2026-02-24-at-6.48.36-AM.jpeg"},"aioseo_meta_data":{"post_id":"2645","title":null,"description":null,"keywords":null,"keyphrases":{"focus":{"keyphrase":"","score":0,"analysis":{"keyphraseInTitle":{"score":0,"maxScore":9,"error":1}}},"additional":[]},"primary_term":null,"canonical_url":null,"og_title":null,"og_description":null,"og_object_type":"default","og_image_type":"default","og_image_url":null,"og_image_width":null,"og_image_height":null,"og_image_custom_url":null,"og_image_custom_fields":null,"og_video":"","og_custom_url":null,"og_article_section":null,"og_article_tags":null,"twitter_use_og":false,"twitter_card":"default","twitter_image_type":"default","twitter_image_url":null,"twitter_image_custom_url":null,"twitter_image_custom_fields":null,"twitter_title":null,"twitter_description":null,"schema":{"blockGraphs":[],"customGraphs":[],"default":{"data":{"Article":[],"Course":[],"Dataset":[],"FAQPage":[],"Movie":[],"Person":[],"Product":[],"ProductReview":[],"Car":[],"Recipe":[],"Service":[],"SoftwareApplication":[],"WebPage":[]},"graphName":"BlogPosting","isEnabled":true},"graphs":[]},"schema_type":"default","schema_type_options":null,"pillar_content":false,"robots_default":true,"robots_noindex":false,"robots_noarchive":false,"robots_nosnippet":false,"robots_nofollow":false,"robots_noimageindex":false,"robots_noodp":false,"robots_notranslate":false,"robots_max_snippet":"-1","robots_max_videopreview":"-1","robots_max_imagepreview":"large","priority":null,"frequency":"default","local_seo":null,"breadcrumb_settings":null,"limit_modified_date":false,"ai":{"faqs":[],"keyPoints":[],"titles":[],"descriptions":[],"socialPosts":{"email":[],"linkedin":[],"twitter":[],"facebook":[],"instagram":[]}},"created":"2026-02-24 16:35:21","updated":"2026-05-11 18:32:48","focus_keyword":null,"additional_keywords":null,"truseo_locale":null,"seo_analyzer_scan_date":null},"aioseo_breadcrumb":"<div class=\"aioseo-breadcrumbs\"><span class=\"aioseo-breadcrumb\">\n\t\t\t<a href=\"https:\/\/letrashipnoticas.org\" title=\"Inicio\">Inicio<\/a>\n\t\t<\/span><span class=\"aioseo-breadcrumb-separator\">&raquo;<\/span><span class=\"aioseo-breadcrumb\">\n\t\t\t<a href=\"https:\/\/letrashipnoticas.org\/?cat=1\" title=\"Las Letras Hipn\u00f3ticas de hoy\">Las Letras Hipn\u00f3ticas de hoy<\/a>\n\t\t<\/span><span class=\"aioseo-breadcrumb-separator\">&raquo;<\/span><span class=\"aioseo-breadcrumb\">\n\t\t\tMarcelina Bautista: La ni\u00f1a de la Mixteca que puso dignidad en el trabajo del hogar.\n\t\t<\/span><\/div>","aioseo_breadcrumb_json":[{"label":"Inicio","link":"https:\/\/letrashipnoticas.org"},{"label":"Las Letras Hipn\u00f3ticas de hoy","link":"https:\/\/letrashipnoticas.org\/?cat=1"},{"label":"Marcelina Bautista: La ni\u00f1a de la Mixteca que puso dignidad en el trabajo del hogar.","link":"https:\/\/letrashipnoticas.org\/?p=2645"}],"_links":{"self":[{"href":"https:\/\/letrashipnoticas.org\/index.php?rest_route=\/wp\/v2\/posts\/2645","targetHints":{"allow":["GET"]}}],"collection":[{"href":"https:\/\/letrashipnoticas.org\/index.php?rest_route=\/wp\/v2\/posts"}],"about":[{"href":"https:\/\/letrashipnoticas.org\/index.php?rest_route=\/wp\/v2\/types\/post"}],"author":[{"embeddable":true,"href":"https:\/\/letrashipnoticas.org\/index.php?rest_route=\/wp\/v2\/users\/1"}],"replies":[{"embeddable":true,"href":"https:\/\/letrashipnoticas.org\/index.php?rest_route=%2Fwp%2Fv2%2Fcomments&post=2645"}],"version-history":[{"count":1,"href":"https:\/\/letrashipnoticas.org\/index.php?rest_route=\/wp\/v2\/posts\/2645\/revisions"}],"predecessor-version":[{"id":2648,"href":"https:\/\/letrashipnoticas.org\/index.php?rest_route=\/wp\/v2\/posts\/2645\/revisions\/2648"}],"wp:featuredmedia":[{"embeddable":true,"href":"https:\/\/letrashipnoticas.org\/index.php?rest_route=\/wp\/v2\/media\/2646"}],"wp:attachment":[{"href":"https:\/\/letrashipnoticas.org\/index.php?rest_route=%2Fwp%2Fv2%2Fmedia&parent=2645"}],"wp:term":[{"taxonomy":"category","embeddable":true,"href":"https:\/\/letrashipnoticas.org\/index.php?rest_route=%2Fwp%2Fv2%2Fcategories&post=2645"},{"taxonomy":"post_tag","embeddable":true,"href":"https:\/\/letrashipnoticas.org\/index.php?rest_route=%2Fwp%2Fv2%2Ftags&post=2645"}],"curies":[{"name":"wp","href":"https:\/\/api.w.org\/{rel}","templated":true}]}}