{"id":2640,"date":"2026-02-23T18:34:44","date_gmt":"2026-02-23T18:34:44","guid":{"rendered":"https:\/\/letrashipnoticas.org\/?p=2640"},"modified":"2026-02-23T18:34:54","modified_gmt":"2026-02-23T18:34:54","slug":"marcelino-serna-el-indocumentado-que-fue-el-soldado-mas-condecorado-de-texas","status":"publish","type":"post","link":"https:\/\/letrashipnoticas.org\/?p=2640","title":{"rendered":"Marcelino Serna: El indocumentado que fue el soldado m\u00e1s condecorado de Texas"},"content":{"rendered":"\n<p class=\"wp-block-paragraph\">Por Arturo V\u00e1squez Urdiales<\/p>\n\n\n\n<p class=\"wp-block-paragraph\">&#8212;\ud83d\udca3<\/p>\n\n\n\n<p class=\"wp-block-paragraph\">I. Hypnos y la frontera de los sue\u00f1os<\/p>\n\n\n\n<p class=\"wp-block-paragraph\">En la mitolog\u00eda griega, Hypnos \u2014el sue\u00f1o\u2014 habitaba una cueva profunda donde ning\u00fan rayo de sol pod\u00eda penetrar. A la entrada crec\u00edan adormideras y hierbas somn\u00edferas, y del lecho del dios manaba el r\u00edo Lete, el olvido . Pero hay otra frontera, igualmente sombr\u00eda, por la que atraviesan los que buscan una vida mejor: el r\u00edo Bravo, el Grande, ese cauce que separa y une a la vez.<\/p>\n\n\n\n<p class=\"wp-block-paragraph\">Los hijos de Hypnos, los oniroi, visitaban a los mortales para tejer visiones. Morfeo modelaba rostros humanos, Fob\u00e9tor tomaba formas de bestias para infundir terror, y Fantaso se manifestaba como rocas, \u00e1rboles o aguas . Pero hay sue\u00f1os que no necesitan de dioses: los que cruzan la frontera sin papeles, los que buscan trabajo en tierras extra\u00f1as, los que terminan, sin saberlo, en las trincheras de una guerra que no es suya.<\/p>\n\n\n\n<p class=\"wp-block-paragraph\">Hablo de Marcelino Serna.<\/p>\n\n\n\n<p class=\"wp-block-paragraph\">&#8212;\ud83d\udca3<\/p>\n\n\n\n<p class=\"wp-block-paragraph\">\ud83d\udca3II. El ni\u00f1o de Chihuahua (1896-1916)\ud83d\udca3<\/p>\n\n\n\n<p class=\"wp-block-paragraph\">Marcelino Serna naci\u00f3 en 1896 en la ciudad de Chihuahua, en el seno de una familia pobre . No hay registros precisos de su infancia, pero sabemos que creci\u00f3 en los a\u00f1os turbulentos de la Revoluci\u00f3n Mexicana, cuando el pa\u00eds se desangraba en facciones y el futuro era incierto para todos, especialmente para los pobres.<\/p>\n\n\n\n<p class=\"wp-block-paragraph\">A los veinte a\u00f1os, como tantos otros, tom\u00f3 una decisi\u00f3n que cambiar\u00eda su vida: emigrar a Estados Unidos en busca de una vida mejor. Desde Ciudad Ju\u00e1rez cruz\u00f3 el r\u00edo Bravo \u2014r\u00edo Grande, del otro lado\u2014 y termin\u00f3 en El Paso, Texas. No hablaba ingl\u00e9s. Solo pudo encontrar empleos precarios de mantenimiento, trabajos que nadie m\u00e1s quer\u00eda .<\/p>\n\n\n\n<p class=\"wp-block-paragraph\">Pronto se traslad\u00f3 a Denver, Colorado, donde trabaj\u00f3 como pe\u00f3n en un campo de remolachas. Era una vida dura, solitaria, de sol a sol. Pero era una vida, y eso bastaba .<\/p>\n\n\n\n<p class=\"wp-block-paragraph\">&#8212;\ud83d\udca3<\/p>\n\n\n\n<p class=\"wp-block-paragraph\">\ud83d\udca3III. El indocumentado que eligi\u00f3 la guerra (1917)\ud83d\udca3<\/p>\n\n\n\n<p class=\"wp-block-paragraph\">En 1917, Estados Unidos declar\u00f3 la guerra a Alemania. La Primera Guerra Mundial, la Gran Guerra, llevaba tres a\u00f1os devastando Europa, y ahora los estadounidenses se preparaban para enviar soldados al otro lado del Atl\u00e1ntico.<\/p>\n\n\n\n<p class=\"wp-block-paragraph\">Ese a\u00f1o, funcionarios federales realizaron una redada en Denver. Reunieron a un grupo de j\u00f3venes, entre ellos Marcelino Serna, y los retuvieron mientras verificaban su situaci\u00f3n legal. Serna era indocumentado, un mexicano sin papeles en tierra extranjera. La opci\u00f3n m\u00e1s probable era la deportaci\u00f3n .<\/p>\n\n\n\n<p class=\"wp-block-paragraph\">Pero ocurri\u00f3 algo inesperado. Ante los oficiales de inmigraci\u00f3n, Marcelino tom\u00f3 una decisi\u00f3n que desaf\u00eda cualquier l\u00f3gica: se ofreci\u00f3 como voluntario para el Ej\u00e9rcito de los Estados Unidos. Iba a pelear en una guerra que no era la suya, por un pa\u00eds que no era el suyo, en un continente que nunca hab\u00eda visto. Y todo, probablemente, para evitar ser devuelto a la pobreza de la que hab\u00eda escapado .<\/p>\n\n\n\n<p class=\"wp-block-paragraph\">&#8212;\ud83d\udca3<\/p>\n\n\n\n<p class=\"wp-block-paragraph\">\ud83d\udca3IV. Tres semanas de entrenamiento y un barco a Liverpool\ud83d\udca3<\/p>\n\n\n\n<p class=\"wp-block-paragraph\">Con apenas tres semanas de entrenamiento, insuficientes para cualquier est\u00e1ndar militar, Marcelino Serna fue enviado a Liverpool, Inglaterra, con la Divisi\u00f3n de Infanter\u00eda 89, conocida como la &#8220;Divisi\u00f3n del Medio Oeste&#8221; porque la mayor\u00eda de sus soldados proced\u00edan de Kansas, Colorado, Utah, Dakota del Sur, Nuevo M\u00e9xico y Arizona .<\/p>\n\n\n\n<p class=\"wp-block-paragraph\">Serna no hablaba ingl\u00e9s. Se comunicaba a trav\u00e9s de un compa\u00f1ero biling\u00fce. Cuando lleg\u00f3 a Francia, el ej\u00e9rcito descubri\u00f3 que era ciudadano mexicano y le dijeron que no ten\u00eda por qu\u00e9 estar ah\u00ed: pod\u00eda volverse a casa. Marcelino, seg\u00fan cont\u00f3 despu\u00e9s, respondi\u00f3 que prefer\u00eda quedarse con sus amigos .<\/p>\n\n\n\n<p class=\"wp-block-paragraph\">Esa frase \u2014&#8221;quedarse con sus amigos&#8221;\u2014 revela algo profundo sobre el esp\u00edritu humano. En medio de la guerra, en tierra extra\u00f1a, aquellos soldados se hab\u00edan convertido en su familia. Y \u00e9l no los abandonar\u00eda.<\/p>\n\n\n\n<p class=\"wp-block-paragraph\">&#8212;\ud83d\udca3<\/p>\n\n\n\n<p class=\"wp-block-paragraph\">V. Saint-Mihiel: el d\u00eda que un mexicano captur\u00f3 a un pelot\u00f3n alem\u00e1n<\/p>\n\n\n\n<p class=\"wp-block-paragraph\">La unidad de Serna particip\u00f3 en operaciones cruciales para la victoria aliada, especialmente la ofensiva de Meuse-Argonne, una de las m\u00e1s sangrientas de la guerra. Pero fue durante la batalla de Saint-Mihiel cuando ocurri\u00f3 la haza\u00f1a que lo convertir\u00eda en leyenda .<\/p>\n\n\n\n<p class=\"wp-block-paragraph\">Su unidad avanzaba bajo una fuerte lluvia. Un ametrallador alem\u00e1n hab\u00eda matado ya a doce soldados. Mientras otros se cubr\u00edan, Serna, que era el explorador de su unidad, sigui\u00f3 adelante solo.<\/p>\n\n\n\n<p class=\"wp-block-paragraph\">A\u00f1os despu\u00e9s, cont\u00f3 la escena a un periodista del El Paso Times:<\/p>\n\n\n\n<p class=\"wp-block-paragraph\">&#8220;Me puse de pie, corr\u00ed unos diez metros y me met\u00ed en la tierra. Cuando me acerqu\u00e9 lo suficiente, arroj\u00e9 cuatro granadas en el nido. Ocho alemanes salieron con las manos levantadas, otros seis murieron. Retuve a mis prisioneros hasta que lleg\u00f3 la ayuda&#8221; .<\/p>\n\n\n\n<p class=\"wp-block-paragraph\">Un solo hombre, con cuatro granadas, hab\u00eda neutralizado un nido de ametralladoras enemigo, matado a seis soldados alemanes y capturado a ocho m\u00e1s. Y los retuvo, \u00e9l solo, hasta que llegaron refuerzos. Los anales militares registran pocas haza\u00f1as individuales comparables.<\/p>\n\n\n\n<p class=\"wp-block-paragraph\">&#8212;\ud83d\udca3<\/p>\n\n\n\n<figure class=\"wp-block-image size-large\"><img loading=\"lazy\" decoding=\"async\" width=\"730\" height=\"1024\" src=\"https:\/\/letrashipnoticas.org\/wp-content\/uploads\/2026\/02\/WhatsApp-Image-2026-02-23-at-11.52.15-AM-2-730x1024.jpeg\" alt=\"\" class=\"wp-image-2642\" srcset=\"https:\/\/letrashipnoticas.org\/wp-content\/uploads\/2026\/02\/WhatsApp-Image-2026-02-23-at-11.52.15-AM-2-730x1024.jpeg 730w, https:\/\/letrashipnoticas.org\/wp-content\/uploads\/2026\/02\/WhatsApp-Image-2026-02-23-at-11.52.15-AM-2-214x300.jpeg 214w, https:\/\/letrashipnoticas.org\/wp-content\/uploads\/2026\/02\/WhatsApp-Image-2026-02-23-at-11.52.15-AM-2-768x1077.jpeg 768w, https:\/\/letrashipnoticas.org\/wp-content\/uploads\/2026\/02\/WhatsApp-Image-2026-02-23-at-11.52.15-AM-2-300x421.jpeg 300w, https:\/\/letrashipnoticas.org\/wp-content\/uploads\/2026\/02\/WhatsApp-Image-2026-02-23-at-11.52.15-AM-2-150x210.jpeg 150w, https:\/\/letrashipnoticas.org\/wp-content\/uploads\/2026\/02\/WhatsApp-Image-2026-02-23-at-11.52.15-AM-2-696x976.jpeg 696w, https:\/\/letrashipnoticas.org\/wp-content\/uploads\/2026\/02\/WhatsApp-Image-2026-02-23-at-11.52.15-AM-2.jpeg 913w\" sizes=\"auto, (max-width: 730px) 100vw, 730px\" \/><\/figure>\n\n\n\n<p class=\"wp-block-paragraph\">VI. El francotirador y las piernas heridas<\/p>\n\n\n\n<p class=\"wp-block-paragraph\">Marcelino Serna sobrevivi\u00f3 a innumerables combates sin un rasgu\u00f1o. Parec\u00eda tener un \u00e1ngel de la guarda. Pero ese \u00e1ngel no lo acompa\u00f1ar\u00eda hasta el final.<\/p>\n\n\n\n<p class=\"wp-block-paragraph\">Cuatro d\u00edas antes del armisticio \u2014el 11 de noviembre de 1918, cuando la guerra terminar\u00eda\u2014 un francotirador alem\u00e1n lo alcanz\u00f3 en ambas piernas . Herido, sangrando, logr\u00f3 arrastrarse de regreso a las l\u00edneas estadounidenses usando su rifle como muleta. No se rindi\u00f3. No pidi\u00f3 ayuda. Regres\u00f3 solo.<\/p>\n\n\n\n<p class=\"wp-block-paragraph\">En el hospital de campa\u00f1a, un general norteamericano le impuso la Cruz por Servicio Distinguido, la segunda condecoraci\u00f3n militar m\u00e1s importante de Estados Unidos, solo detr\u00e1s de la Medalla de Honor .<\/p>\n\n\n\n<p class=\"wp-block-paragraph\">&#8212;\ud83d\udca3<\/p>\n\n\n\n<p class=\"wp-block-paragraph\">VII. Las medallas de un h\u00e9roe an\u00f3nimo<\/p>\n\n\n\n<p class=\"wp-block-paragraph\">La lista de condecoraciones de Marcelino Serna es asombrosa. Adem\u00e1s de la Cruz por Servicio Distinguido \u2014convirti\u00e9ndose en el primer hispano en recibirla\u2014, obtuvo :<\/p>\n\n\n\n<p class=\"wp-block-paragraph\">\u00b7 Dos Croix de Guerre francesas (la m\u00e1s alta condecoraci\u00f3n b\u00e9lica de Francia)<br>\u00b7 La Croce al merito di guerra italiana<br>\u00b7 La m\u00e9daille militaire francesa<br>\u00b7 La medalla conmemorativa francesa<br>\u00b7 La Medalla de la Victoria con cinco estrellas de la Primera Guerra Mundial<br>\u00b7 La Medalla de la Victoria con tres barras de campa\u00f1a<br>\u00b7 La Medalla de St. Mihiel<br>\u00b7 La Medalla de Verd\u00fan<br>\u00b7 Dos Corazones P\u00farpuras de las Fuerzas Armadas<\/p>\n\n\n\n<p class=\"wp-block-paragraph\">Con todo esto, Marcelino Serna se convirti\u00f3 en el soldado m\u00e1s condecorado de Texas en la Primera Guerra Mundial .<\/p>\n\n\n\n<p class=\"wp-block-paragraph\">Pero hay un detalle crucial: nunca recibi\u00f3 la Medalla de Honor, la m\u00e1xima condecoraci\u00f3n estadounidense. \u00bfLa raz\u00f3n? Era un soldado raso, mexicano, sin papeles . En 1918, el origen \u00e9tnico pesaba m\u00e1s que el valor demostrado en el campo de batalla.<\/p>\n\n\n\n<p class=\"wp-block-paragraph\">&#8212;\ud83d\udca3<\/p>\n\n\n\n<p class=\"wp-block-paragraph\">VIII. El regreso a casa (1919-1992)<\/p>\n\n\n\n<p class=\"wp-block-paragraph\">Terminada la guerra, Marcelino Serna regres\u00f3 a Estados Unidos. A diferencia de muchos veteranos que regresaron con traumas y dificultades, \u00e9l logr\u00f3 construir una vida. Se estableci\u00f3 en El Paso, Texas, donde continu\u00f3 viviendo hasta su muerte.<\/p>\n\n\n\n<p class=\"wp-block-paragraph\">Se convirti\u00f3 en ciudadano estadounidense. Trabaj\u00f3, form\u00f3 una familia, vivi\u00f3 en paz. Pero nunca busc\u00f3 notoriedad. Su historia permaneci\u00f3 pr\u00e1cticamente desconocida durante d\u00e9cadas, incluso en Texas, el estado que lo hab\u00eda adoptado y al que hab\u00eda dado tanto .<\/p>\n\n\n\n<p class=\"wp-block-paragraph\">Muri\u00f3 en 1992 en El Paso, a los 96 a\u00f1os. Para entonces, pocos recordaban al indocumentado que se hab\u00eda ofrecido como voluntario para la guerra, al soldado que solo hab\u00eda capturado a ocho alemanes, al hombre que hab\u00eda regresado herido arrastr\u00e1ndose con su fusil.<\/p>\n\n\n\n<p class=\"wp-block-paragraph\">&#8212;\ud83d\udca3<\/p>\n\n\n\n<p class=\"wp-block-paragraph\">IX. El reconocimiento tard\u00edo<\/p>\n\n\n\n<p class=\"wp-block-paragraph\">En las \u00faltimas d\u00e9cadas, historiadores y veteranos han comenzado a recuperar la memoria de Marcelino Serna. Se han publicado art\u00edculos, se han realizado documentales, se ha intentado \u2014sin \u00e9xito hasta ahora\u2014 que reciba p\u00f3stumamente la Medalla de Honor que mereci\u00f3 y que le fue negada por prejuicios \u00e9tnicos .<\/p>\n\n\n\n<p class=\"wp-block-paragraph\">En 2014, el presidente Barack Obama condecor\u00f3 a 24 veteranos hispanos de la Segunda Guerra Mundial, Corea y Vietnam con la Medalla de Honor, en un acto de reparaci\u00f3n hist\u00f3rica por la discriminaci\u00f3n sufrida. Entre ellos estaban Pedro Cano, nacido en Tijuana, y Jes\u00fas Dur\u00e1n, nacido en Ciudad Ju\u00e1rez . Pero Marcelino Serna, de la Primera Guerra Mundial, no estaba en esa lista.<\/p>\n\n\n\n<p class=\"wp-block-paragraph\">Su caso sigue pendiente.<\/p>\n\n\n\n<p class=\"wp-block-paragraph\">&#8212;\ud83d\udca3<\/p>\n\n\n\n<p class=\"wp-block-paragraph\">X. Hipn\u00f3ticas reflexiones<\/p>\n\n\n\n<p class=\"wp-block-paragraph\">Las letras hipn\u00f3ticas, dec\u00edamos al principio, participan del sue\u00f1o. Y la historia de Marcelino Serna tiene algo de sue\u00f1o \u2014o de pesadilla\u2014 seg\u00fan se mire.<\/p>\n\n\n\n<p class=\"wp-block-paragraph\">Porque este hombre, que cruz\u00f3 el r\u00edo sin papeles, que trabaj\u00f3 en campos de remolacha por un salario de hambre, que fue detenido por inmigraci\u00f3n y eligi\u00f3 la guerra antes que la deportaci\u00f3n, este hombre dio todo por un pa\u00eds que no lo reconocer\u00eda plenamente. Mat\u00f3 enemigos, captur\u00f3 prisioneros, arriesg\u00f3 su vida, qued\u00f3 herido. Y a cambio, le negaron la m\u00e1xima condecoraci\u00f3n por su origen.<\/p>\n\n\n\n<p class=\"wp-block-paragraph\">Hoy, m\u00e1s de cien a\u00f1os despu\u00e9s, la frontera que cruz\u00f3 Marcelino Serna sigue siendo motivo de disputa. Los migrantes mexicanos son perseguidos, criminalizados, encerrados en jaulas. Se olvida \u2014o se ignora deliberadamente\u2014 que hombres como Serna construyeron con su sangre el derecho a llamarse estadounidenses. Que en las trincheras de Francia, en los bosques de las Ardenas, en las selvas de Vietnam, hab\u00eda miles de apellidos como el suyo: Gonz\u00e1lez, Ram\u00edrez, Fern\u00e1ndez, L\u00f3pez, Serna. Mexicanos. Migrantes. H\u00e9roes.<\/p>\n\n\n\n<p class=\"wp-block-paragraph\">Marcelino Serna no busc\u00f3 la gloria. Cuando le preguntaban por la guerra, respond\u00eda con sencillez. No se consideraba un h\u00e9roe. Solo un hombre que hizo lo que ten\u00eda que hacer.<\/p>\n\n\n\n<p class=\"wp-block-paragraph\">Pero los pueblos necesitan h\u00e9roes. Necesitan recordar que la grandeza no entiende de papeles, ni de fronteras, ni de idiomas. Que un indocumentado puede ser m\u00e1s valiente que un general. Que un pe\u00f3n de remolacha puede ense\u00f1arle al mundo lo que significa el honor.<\/p>\n\n\n\n<p class=\"wp-block-paragraph\">El soldado m\u00e1s condecorado de Texas fue un mexicano sin papeles. Que esa paradoja nos acompa\u00f1e en las discusiones sobre migrantes, sobre muros, sobre qui\u00e9n merece llamarse estadounidense.<\/p>\n\n\n\n<p class=\"wp-block-paragraph\">&#8212;\ud83d\udca3<\/p>\n\n\n\n<figure class=\"wp-block-image size-large\"><img loading=\"lazy\" decoding=\"async\" width=\"759\" height=\"1024\" src=\"https:\/\/letrashipnoticas.org\/wp-content\/uploads\/2026\/02\/WhatsApp-Image-2026-02-23-at-11.52.15-AM-759x1024.jpeg\" alt=\"\" class=\"wp-image-2643\" srcset=\"https:\/\/letrashipnoticas.org\/wp-content\/uploads\/2026\/02\/WhatsApp-Image-2026-02-23-at-11.52.15-AM-759x1024.jpeg 759w, https:\/\/letrashipnoticas.org\/wp-content\/uploads\/2026\/02\/WhatsApp-Image-2026-02-23-at-11.52.15-AM-222x300.jpeg 222w, https:\/\/letrashipnoticas.org\/wp-content\/uploads\/2026\/02\/WhatsApp-Image-2026-02-23-at-11.52.15-AM-768x1036.jpeg 768w, https:\/\/letrashipnoticas.org\/wp-content\/uploads\/2026\/02\/WhatsApp-Image-2026-02-23-at-11.52.15-AM-311x420.jpeg 311w, https:\/\/letrashipnoticas.org\/wp-content\/uploads\/2026\/02\/WhatsApp-Image-2026-02-23-at-11.52.15-AM-150x202.jpeg 150w, https:\/\/letrashipnoticas.org\/wp-content\/uploads\/2026\/02\/WhatsApp-Image-2026-02-23-at-11.52.15-AM-300x405.jpeg 300w, https:\/\/letrashipnoticas.org\/wp-content\/uploads\/2026\/02\/WhatsApp-Image-2026-02-23-at-11.52.15-AM-696x939.jpeg 696w, https:\/\/letrashipnoticas.org\/wp-content\/uploads\/2026\/02\/WhatsApp-Image-2026-02-23-at-11.52.15-AM.jpeg 949w\" sizes=\"auto, (max-width: 759px) 100vw, 759px\" \/><\/figure>\n\n\n\n<p class=\"wp-block-paragraph\">XI. Ep\u00edlogo en la cueva de Hypnos<\/p>\n\n\n\n<p class=\"wp-block-paragraph\">La cueva de Hypnos, la del dios del sue\u00f1o, ten\u00eda una entrada cubierta de adormideras. Quienes entraban, olvidaban. Quienes sal\u00edan, recordaban apenas sombras.<\/p>\n\n\n\n<p class=\"wp-block-paragraph\">Pero hay hombres que no necesitan entrar en ninguna cueva para ser inolvidables. Marcelino Serna, el indocumentado de Chihuahua, el soldado m\u00e1s condecorado de Texas, el hombre que captur\u00f3 a ocho alemanes con cuatro granadas, sigue vivo mientras su historia se cuente.<\/p>\n\n\n\n<p class=\"wp-block-paragraph\">Y nosotros, desde esta columna, la contamos.<\/p>\n\n\n\n<p class=\"wp-block-paragraph\">Con afecto y admiraci\u00f3n perpetua,<\/p>\n\n\n\n<p class=\"wp-block-paragraph\">Arturo V\u00e1squez Urdiales<\/p>\n\n\n\n<p class=\"wp-block-paragraph\">&#8212;\ud83d\udca3<\/p>\n\n\n\n<p class=\"wp-block-paragraph\">Fuentes: Gizmodo \/ EPCC Libraries ; El Diario NY \/ Notimex ; Vanguardia MX \/ SDP Noticias ; investigaciones hist\u00f3ricas sobre veteranos hispanos en la Primera Guerra Mundial.<\/p>\n\n\n\n<p class=\"wp-block-paragraph\"><\/p>\n","protected":false},"excerpt":{"rendered":"<p>Por Arturo V\u00e1squez Urdiales &#8212;\ud83d\udca3 I. Hypnos y la frontera de los sue\u00f1os En la mitolog\u00eda griega, Hypnos \u2014el sue\u00f1o\u2014 habitaba una cueva profunda donde ning\u00fan rayo de sol pod\u00eda penetrar. A la entrada crec\u00edan adormideras y hierbas somn\u00edferas, y del lecho del dios manaba el r\u00edo Lete, el olvido . Pero hay otra frontera, [&hellip;]<\/p>\n","protected":false},"author":1,"featured_media":2641,"comment_status":"open","ping_status":"open","sticky":false,"template":"","format":"standard","meta":{"om_disable_all_campaigns":false,"_monsterinsights_skip_tracking":false,"footnotes":""},"categories":[1],"tags":[],"class_list":["post-2640","post","type-post","status-publish","format-standard","has-post-thumbnail","category-general"],"aioseo_notices":[],"aioseo_head":"\n\t\t<!-- All in One SEO 5.0.0.1 - aioseo.com -->\n\t<meta name=\"description\" content=\"Por Arturo V\u00e1squez Urdiales ---\ud83d\udca3 I. Hypnos y la frontera de los sue\u00f1os En la mitolog\u00eda griega, Hypnos \u2014el sue\u00f1o\u2014 habitaba una cueva profunda donde ning\u00fan rayo de sol pod\u00eda penetrar. A la entrada crec\u00edan adormideras y hierbas somn\u00edferas, y del lecho del dios manaba el r\u00edo Lete, el olvido . Pero hay otra frontera,\" \/>\n\t<meta name=\"robots\" content=\"max-image-preview:large\" \/>\n\t<meta name=\"author\" content=\"Dr. Arturo David V\u00e1squez Urdiales\"\/>\n\t<meta name=\"google-site-verification\" content=\"w1V7bRCSYMeOZjzLwWS_W8_n8jd94Z38sletBUa-LV0\" \/>\n\t<link rel=\"canonical\" href=\"https:\/\/letrashipnoticas.org\/?p=2640\" \/>\n\t<meta name=\"generator\" content=\"All in One SEO (AIOSEO) 5.0.0.1\" \/>\n\t\t<meta property=\"og:locale\" content=\"es_MX\" \/>\n\t\t<meta property=\"og:site_name\" content=\"Letras Hiptn\u00f3ticas - &quot;Descubre Apunte diario sobre letras hipn\u00f3ticas, un viaje literario envolvente que despierta el alma. Reflexiones profundas, historias cautivadoras y un estilo \u00fanico que hipnotiza en cada palabra.&quot; Por Arturo V\u00e1squez Urdiales ---\ud83d\udca3 I. Hypnos y la frontera de los sue\u00f1os En la mitolog\u00eda griega, Hypnos \u2014el sue\u00f1o\u2014 habitaba una cueva profunda donde ning\u00fan rayo de sol pod\u00eda penetrar. A la entrada crec\u00edan adormideras y hierbas somn\u00edferas, y del lecho del dios manaba el r\u00edo Lete, el olvido . Pero hay otra frontera,\" \/>\n\t\t<meta property=\"og:type\" content=\"article\" \/>\n\t\t<meta property=\"og:title\" content=\"Marcelino Serna: El indocumentado que fue el soldado m\u00e1s condecorado de Texas - Letras Hiptn\u00f3ticas\" \/>\n\t\t<meta property=\"og:description\" content=\"Por Arturo V\u00e1squez Urdiales ---\ud83d\udca3 I. Hypnos y la frontera de los sue\u00f1os En la mitolog\u00eda griega, Hypnos \u2014el sue\u00f1o\u2014 habitaba una cueva profunda donde ning\u00fan rayo de sol pod\u00eda penetrar. A la entrada crec\u00edan adormideras y hierbas somn\u00edferas, y del lecho del dios manaba el r\u00edo Lete, el olvido . Pero hay otra frontera,\" \/>\n\t\t<meta property=\"og:url\" content=\"https:\/\/letrashipnoticas.org\/?p=2640\" \/>\n\t\t<meta property=\"og:image\" content=\"https:\/\/letrashipnoticas.org\/wp-content\/uploads\/2026\/02\/WhatsApp-Image-2026-02-23-at-11.52.15-AM-1.jpeg\" \/>\n\t\t<meta property=\"og:image:secure_url\" content=\"https:\/\/letrashipnoticas.org\/wp-content\/uploads\/2026\/02\/WhatsApp-Image-2026-02-23-at-11.52.15-AM-1.jpeg\" \/>\n\t\t<meta property=\"og:image:width\" content=\"1080\" \/>\n\t\t<meta property=\"og:image:height\" content=\"551\" \/>\n\t\t<meta property=\"article:published_time\" content=\"2026-02-23T18:34:44+00:00\" \/>\n\t\t<meta property=\"article:modified_time\" content=\"2026-02-23T18:34:54+00:00\" \/>\n\t\t<meta name=\"twitter:card\" content=\"summary_large_image\" \/>\n\t\t<meta name=\"twitter:title\" content=\"Marcelino Serna: El indocumentado que fue el soldado m\u00e1s condecorado de Texas - Letras Hiptn\u00f3ticas\" \/>\n\t\t<meta name=\"twitter:description\" content=\"Por Arturo V\u00e1squez Urdiales ---\ud83d\udca3 I. Hypnos y la frontera de los sue\u00f1os En la mitolog\u00eda griega, Hypnos \u2014el sue\u00f1o\u2014 habitaba una cueva profunda donde ning\u00fan rayo de sol pod\u00eda penetrar. A la entrada crec\u00edan adormideras y hierbas somn\u00edferas, y del lecho del dios manaba el r\u00edo Lete, el olvido . Pero hay otra frontera,\" \/>\n\t\t<meta name=\"twitter:image\" content=\"https:\/\/letrashipnoticas.org\/wp-content\/uploads\/2026\/02\/WhatsApp-Image-2026-02-23-at-11.52.15-AM-1.jpeg\" \/>\n\t\t<script type=\"application\/ld+json\" class=\"aioseo-schema\">\n\t\t\t{\"@context\":\"https:\\\/\\\/schema.org\",\"@graph\":[{\"@type\":\"BlogPosting\",\"@id\":\"https:\\\/\\\/letrashipnoticas.org\\\/?p=2640#blogposting\",\"name\":\"Marcelino Serna: El indocumentado que fue el soldado m\\u00e1s condecorado de Texas - Letras Hiptn\\u00f3ticas\",\"headline\":\"Marcelino Serna: El indocumentado que fue el soldado m\\u00e1s condecorado de Texas\",\"author\":{\"@id\":\"https:\\\/\\\/letrashipnoticas.org\\\/?author=1#author\"},\"publisher\":{\"@id\":\"https:\\\/\\\/letrashipnoticas.org\\\/#organization\"},\"image\":{\"@type\":\"ImageObject\",\"url\":\"https:\\\/\\\/letrashipnoticas.org\\\/wp-content\\\/uploads\\\/2026\\\/02\\\/WhatsApp-Image-2026-02-23-at-11.52.15-AM-1.jpeg\",\"width\":1080,\"height\":551},\"datePublished\":\"2026-02-23T18:34:44+00:00\",\"dateModified\":\"2026-02-23T18:34:54+00:00\",\"inLanguage\":\"es-MX\",\"mainEntityOfPage\":{\"@id\":\"https:\\\/\\\/letrashipnoticas.org\\\/?p=2640#webpage\"},\"isPartOf\":{\"@id\":\"https:\\\/\\\/letrashipnoticas.org\\\/?p=2640#webpage\"},\"articleSection\":\"Las Letras Hipn\\u00f3ticas de hoy\"},{\"@type\":\"BreadcrumbList\",\"@id\":\"https:\\\/\\\/letrashipnoticas.org\\\/?p=2640#breadcrumblist\",\"itemListElement\":[{\"@type\":\"ListItem\",\"@id\":\"https:\\\/\\\/letrashipnoticas.org#listItem\",\"position\":1,\"name\":\"Inicio\",\"item\":\"https:\\\/\\\/letrashipnoticas.org\",\"nextItem\":{\"@type\":\"ListItem\",\"@id\":\"https:\\\/\\\/letrashipnoticas.org\\\/?cat=1#listItem\",\"name\":\"Las Letras Hipn\\u00f3ticas de hoy\"}},{\"@type\":\"ListItem\",\"@id\":\"https:\\\/\\\/letrashipnoticas.org\\\/?cat=1#listItem\",\"position\":2,\"name\":\"Las Letras Hipn\\u00f3ticas de hoy\",\"item\":\"https:\\\/\\\/letrashipnoticas.org\\\/?cat=1\",\"nextItem\":{\"@type\":\"ListItem\",\"@id\":\"https:\\\/\\\/letrashipnoticas.org\\\/?p=2640#listItem\",\"name\":\"Marcelino Serna: El indocumentado que fue el soldado m\\u00e1s condecorado de Texas\"},\"previousItem\":{\"@type\":\"ListItem\",\"@id\":\"https:\\\/\\\/letrashipnoticas.org#listItem\",\"name\":\"Inicio\"}},{\"@type\":\"ListItem\",\"@id\":\"https:\\\/\\\/letrashipnoticas.org\\\/?p=2640#listItem\",\"position\":3,\"name\":\"Marcelino Serna: El indocumentado que fue el soldado m\\u00e1s condecorado de Texas\",\"previousItem\":{\"@type\":\"ListItem\",\"@id\":\"https:\\\/\\\/letrashipnoticas.org\\\/?cat=1#listItem\",\"name\":\"Las Letras Hipn\\u00f3ticas de hoy\"}}]},{\"@type\":\"Organization\",\"@id\":\"https:\\\/\\\/letrashipnoticas.org\\\/#organization\",\"name\":\"Letras Hiptn\\u00f3ticas\",\"description\":\"\\\"Descubre Apunte diario sobre letras hipn\\u00f3ticas, un viaje literario envolvente que despierta el alma. Reflexiones profundas, historias cautivadoras y un estilo \\u00fanico que hipnotiza en cada palabra.\\\"\",\"url\":\"https:\\\/\\\/letrashipnoticas.org\\\/\",\"logo\":{\"@type\":\"ImageObject\",\"url\":\"https:\\\/\\\/letrashipnoticas.org\\\/wp-content\\\/uploads\\\/2024\\\/09\\\/LogoRetinaPNG.png\",\"@id\":\"https:\\\/\\\/letrashipnoticas.org\\\/?p=2640\\\/#organizationLogo\",\"width\":544,\"height\":180},\"image\":{\"@id\":\"https:\\\/\\\/letrashipnoticas.org\\\/?p=2640\\\/#organizationLogo\"}},{\"@type\":\"Person\",\"@id\":\"https:\\\/\\\/letrashipnoticas.org\\\/?author=1#author\",\"url\":\"https:\\\/\\\/letrashipnoticas.org\\\/?author=1\",\"name\":\"Dr. Arturo David V\\u00e1squez Urdiales\",\"image\":{\"@type\":\"ImageObject\",\"@id\":\"https:\\\/\\\/letrashipnoticas.org\\\/?p=2640#authorImage\",\"url\":\"https:\\\/\\\/secure.gravatar.com\\\/avatar\\\/1bbc04a2da05a8a25045693b6f4473cec684496aa6385880380b702aa43009f8?s=96&d=mm&r=g\",\"width\":96,\"height\":96,\"caption\":\"Dr. Arturo David V\\u00e1squez Urdiales\"}},{\"@type\":\"WebPage\",\"@id\":\"https:\\\/\\\/letrashipnoticas.org\\\/?p=2640#webpage\",\"url\":\"https:\\\/\\\/letrashipnoticas.org\\\/?p=2640\",\"name\":\"Marcelino Serna: El indocumentado que fue el soldado m\\u00e1s condecorado de Texas - Letras Hiptn\\u00f3ticas\",\"description\":\"Por Arturo V\\u00e1squez Urdiales ---\\ud83d\\udca3 I. Hypnos y la frontera de los sue\\u00f1os En la mitolog\\u00eda griega, Hypnos \\u2014el sue\\u00f1o\\u2014 habitaba una cueva profunda donde ning\\u00fan rayo de sol pod\\u00eda penetrar. A la entrada crec\\u00edan adormideras y hierbas somn\\u00edferas, y del lecho del dios manaba el r\\u00edo Lete, el olvido . Pero hay otra frontera,\",\"inLanguage\":\"es-MX\",\"isPartOf\":{\"@id\":\"https:\\\/\\\/letrashipnoticas.org\\\/#website\"},\"breadcrumb\":{\"@id\":\"https:\\\/\\\/letrashipnoticas.org\\\/?p=2640#breadcrumblist\"},\"author\":{\"@id\":\"https:\\\/\\\/letrashipnoticas.org\\\/?author=1#author\"},\"creator\":{\"@id\":\"https:\\\/\\\/letrashipnoticas.org\\\/?author=1#author\"},\"image\":{\"@type\":\"ImageObject\",\"url\":\"https:\\\/\\\/letrashipnoticas.org\\\/wp-content\\\/uploads\\\/2026\\\/02\\\/WhatsApp-Image-2026-02-23-at-11.52.15-AM-1.jpeg\",\"@id\":\"https:\\\/\\\/letrashipnoticas.org\\\/?p=2640\\\/#mainImage\",\"width\":1080,\"height\":551},\"primaryImageOfPage\":{\"@id\":\"https:\\\/\\\/letrashipnoticas.org\\\/?p=2640#mainImage\"},\"datePublished\":\"2026-02-23T18:34:44+00:00\",\"dateModified\":\"2026-02-23T18:34:54+00:00\"},{\"@type\":\"WebSite\",\"@id\":\"https:\\\/\\\/letrashipnoticas.org\\\/#website\",\"url\":\"https:\\\/\\\/letrashipnoticas.org\\\/\",\"name\":\"Letras Hiptn\\u00f3ticas\",\"description\":\"\\\"Descubre Apunte diario sobre letras hipn\\u00f3ticas, un viaje literario envolvente que despierta el alma. Reflexiones profundas, historias cautivadoras y un estilo \\u00fanico que hipnotiza en cada palabra.\\\"\",\"inLanguage\":\"es-MX\",\"publisher\":{\"@id\":\"https:\\\/\\\/letrashipnoticas.org\\\/#organization\"}}]}\n\t\t<\/script>\n\t\t<!-- All in One SEO -->\n\n","aioseo_head_json":{"title":"Marcelino Serna: El indocumentado que fue el soldado m\u00e1s condecorado de Texas - Letras Hiptn\u00f3ticas","description":"Por Arturo V\u00e1squez Urdiales ---\ud83d\udca3 I. Hypnos y la frontera de los sue\u00f1os En la mitolog\u00eda griega, Hypnos \u2014el sue\u00f1o\u2014 habitaba una cueva profunda donde ning\u00fan rayo de sol pod\u00eda penetrar. A la entrada crec\u00edan adormideras y hierbas somn\u00edferas, y del lecho del dios manaba el r\u00edo Lete, el olvido . Pero hay otra frontera,","canonical_url":"https:\/\/letrashipnoticas.org\/?p=2640","robots":"max-image-preview:large","keywords":"","webmasterTools":{"google-site-verification":"w1V7bRCSYMeOZjzLwWS_W8_n8jd94Z38sletBUa-LV0","miscellaneous":""},"schema":{"@context":"https:\/\/schema.org","@graph":[{"@type":"BlogPosting","@id":"https:\/\/letrashipnoticas.org\/?p=2640#blogposting","name":"Marcelino Serna: El indocumentado que fue el soldado m\u00e1s condecorado de Texas - Letras Hiptn\u00f3ticas","headline":"Marcelino Serna: El indocumentado que fue el soldado m\u00e1s condecorado de Texas","author":{"@id":"https:\/\/letrashipnoticas.org\/?author=1#author"},"publisher":{"@id":"https:\/\/letrashipnoticas.org\/#organization"},"image":{"@type":"ImageObject","url":"https:\/\/letrashipnoticas.org\/wp-content\/uploads\/2026\/02\/WhatsApp-Image-2026-02-23-at-11.52.15-AM-1.jpeg","width":1080,"height":551},"datePublished":"2026-02-23T18:34:44+00:00","dateModified":"2026-02-23T18:34:54+00:00","inLanguage":"es-MX","mainEntityOfPage":{"@id":"https:\/\/letrashipnoticas.org\/?p=2640#webpage"},"isPartOf":{"@id":"https:\/\/letrashipnoticas.org\/?p=2640#webpage"},"articleSection":"Las Letras Hipn\u00f3ticas de hoy"},{"@type":"BreadcrumbList","@id":"https:\/\/letrashipnoticas.org\/?p=2640#breadcrumblist","itemListElement":[{"@type":"ListItem","@id":"https:\/\/letrashipnoticas.org#listItem","position":1,"name":"Inicio","item":"https:\/\/letrashipnoticas.org","nextItem":{"@type":"ListItem","@id":"https:\/\/letrashipnoticas.org\/?cat=1#listItem","name":"Las Letras Hipn\u00f3ticas de hoy"}},{"@type":"ListItem","@id":"https:\/\/letrashipnoticas.org\/?cat=1#listItem","position":2,"name":"Las Letras Hipn\u00f3ticas de hoy","item":"https:\/\/letrashipnoticas.org\/?cat=1","nextItem":{"@type":"ListItem","@id":"https:\/\/letrashipnoticas.org\/?p=2640#listItem","name":"Marcelino Serna: El indocumentado que fue el soldado m\u00e1s condecorado de Texas"},"previousItem":{"@type":"ListItem","@id":"https:\/\/letrashipnoticas.org#listItem","name":"Inicio"}},{"@type":"ListItem","@id":"https:\/\/letrashipnoticas.org\/?p=2640#listItem","position":3,"name":"Marcelino Serna: El indocumentado que fue el soldado m\u00e1s condecorado de Texas","previousItem":{"@type":"ListItem","@id":"https:\/\/letrashipnoticas.org\/?cat=1#listItem","name":"Las Letras Hipn\u00f3ticas de hoy"}}]},{"@type":"Organization","@id":"https:\/\/letrashipnoticas.org\/#organization","name":"Letras Hiptn\u00f3ticas","description":"\"Descubre Apunte diario sobre letras hipn\u00f3ticas, un viaje literario envolvente que despierta el alma. Reflexiones profundas, historias cautivadoras y un estilo \u00fanico que hipnotiza en cada palabra.\"","url":"https:\/\/letrashipnoticas.org\/","logo":{"@type":"ImageObject","url":"https:\/\/letrashipnoticas.org\/wp-content\/uploads\/2024\/09\/LogoRetinaPNG.png","@id":"https:\/\/letrashipnoticas.org\/?p=2640\/#organizationLogo","width":544,"height":180},"image":{"@id":"https:\/\/letrashipnoticas.org\/?p=2640\/#organizationLogo"}},{"@type":"Person","@id":"https:\/\/letrashipnoticas.org\/?author=1#author","url":"https:\/\/letrashipnoticas.org\/?author=1","name":"Dr. Arturo David V\u00e1squez Urdiales","image":{"@type":"ImageObject","@id":"https:\/\/letrashipnoticas.org\/?p=2640#authorImage","url":"https:\/\/secure.gravatar.com\/avatar\/1bbc04a2da05a8a25045693b6f4473cec684496aa6385880380b702aa43009f8?s=96&d=mm&r=g","width":96,"height":96,"caption":"Dr. Arturo David V\u00e1squez Urdiales"}},{"@type":"WebPage","@id":"https:\/\/letrashipnoticas.org\/?p=2640#webpage","url":"https:\/\/letrashipnoticas.org\/?p=2640","name":"Marcelino Serna: El indocumentado que fue el soldado m\u00e1s condecorado de Texas - Letras Hiptn\u00f3ticas","description":"Por Arturo V\u00e1squez Urdiales ---\ud83d\udca3 I. Hypnos y la frontera de los sue\u00f1os En la mitolog\u00eda griega, Hypnos \u2014el sue\u00f1o\u2014 habitaba una cueva profunda donde ning\u00fan rayo de sol pod\u00eda penetrar. A la entrada crec\u00edan adormideras y hierbas somn\u00edferas, y del lecho del dios manaba el r\u00edo Lete, el olvido . Pero hay otra frontera,","inLanguage":"es-MX","isPartOf":{"@id":"https:\/\/letrashipnoticas.org\/#website"},"breadcrumb":{"@id":"https:\/\/letrashipnoticas.org\/?p=2640#breadcrumblist"},"author":{"@id":"https:\/\/letrashipnoticas.org\/?author=1#author"},"creator":{"@id":"https:\/\/letrashipnoticas.org\/?author=1#author"},"image":{"@type":"ImageObject","url":"https:\/\/letrashipnoticas.org\/wp-content\/uploads\/2026\/02\/WhatsApp-Image-2026-02-23-at-11.52.15-AM-1.jpeg","@id":"https:\/\/letrashipnoticas.org\/?p=2640\/#mainImage","width":1080,"height":551},"primaryImageOfPage":{"@id":"https:\/\/letrashipnoticas.org\/?p=2640#mainImage"},"datePublished":"2026-02-23T18:34:44+00:00","dateModified":"2026-02-23T18:34:54+00:00"},{"@type":"WebSite","@id":"https:\/\/letrashipnoticas.org\/#website","url":"https:\/\/letrashipnoticas.org\/","name":"Letras Hiptn\u00f3ticas","description":"\"Descubre Apunte diario sobre letras hipn\u00f3ticas, un viaje literario envolvente que despierta el alma. Reflexiones profundas, historias cautivadoras y un estilo \u00fanico que hipnotiza en cada palabra.\"","inLanguage":"es-MX","publisher":{"@id":"https:\/\/letrashipnoticas.org\/#organization"}}]},"og:locale":"es_MX","og:site_name":"Letras Hiptn\u00f3ticas - &quot;Descubre Apunte diario sobre letras hipn\u00f3ticas, un viaje literario envolvente que despierta el alma. Reflexiones profundas, historias cautivadoras y un estilo \u00fanico que hipnotiza en cada palabra.&quot; Por Arturo V\u00e1squez Urdiales ---\ud83d\udca3 I. Hypnos y la frontera de los sue\u00f1os En la mitolog\u00eda griega, Hypnos \u2014el sue\u00f1o\u2014 habitaba una cueva profunda donde ning\u00fan rayo de sol pod\u00eda penetrar. A la entrada crec\u00edan adormideras y hierbas somn\u00edferas, y del lecho del dios manaba el r\u00edo Lete, el olvido . Pero hay otra frontera,","og:type":"article","og:title":"Marcelino Serna: El indocumentado que fue el soldado m\u00e1s condecorado de Texas - Letras Hiptn\u00f3ticas","og:description":"Por Arturo V\u00e1squez Urdiales ---\ud83d\udca3 I. Hypnos y la frontera de los sue\u00f1os En la mitolog\u00eda griega, Hypnos \u2014el sue\u00f1o\u2014 habitaba una cueva profunda donde ning\u00fan rayo de sol pod\u00eda penetrar. A la entrada crec\u00edan adormideras y hierbas somn\u00edferas, y del lecho del dios manaba el r\u00edo Lete, el olvido . Pero hay otra frontera,","og:url":"https:\/\/letrashipnoticas.org\/?p=2640","og:image":"https:\/\/letrashipnoticas.org\/wp-content\/uploads\/2026\/02\/WhatsApp-Image-2026-02-23-at-11.52.15-AM-1.jpeg","og:image:secure_url":"https:\/\/letrashipnoticas.org\/wp-content\/uploads\/2026\/02\/WhatsApp-Image-2026-02-23-at-11.52.15-AM-1.jpeg","og:image:width":1080,"og:image:height":551,"article:published_time":"2026-02-23T18:34:44+00:00","article:modified_time":"2026-02-23T18:34:54+00:00","twitter:card":"summary_large_image","twitter:title":"Marcelino Serna: El indocumentado que fue el soldado m\u00e1s condecorado de Texas - Letras Hiptn\u00f3ticas","twitter:description":"Por Arturo V\u00e1squez Urdiales ---\ud83d\udca3 I. Hypnos y la frontera de los sue\u00f1os En la mitolog\u00eda griega, Hypnos \u2014el sue\u00f1o\u2014 habitaba una cueva profunda donde ning\u00fan rayo de sol pod\u00eda penetrar. A la entrada crec\u00edan adormideras y hierbas somn\u00edferas, y del lecho del dios manaba el r\u00edo Lete, el olvido . Pero hay otra frontera,","twitter:image":"https:\/\/letrashipnoticas.org\/wp-content\/uploads\/2026\/02\/WhatsApp-Image-2026-02-23-at-11.52.15-AM-1.jpeg"},"aioseo_meta_data":{"post_id":"2640","title":null,"description":null,"keywords":null,"keyphrases":{"focus":{"keyphrase":"","score":0,"analysis":{"keyphraseInTitle":{"score":0,"maxScore":9,"error":1}}},"additional":[]},"primary_term":null,"canonical_url":null,"og_title":null,"og_description":null,"og_object_type":"default","og_image_type":"default","og_image_url":null,"og_image_width":null,"og_image_height":null,"og_image_custom_url":null,"og_image_custom_fields":null,"og_video":"","og_custom_url":null,"og_article_section":null,"og_article_tags":null,"twitter_use_og":false,"twitter_card":"default","twitter_image_type":"default","twitter_image_url":null,"twitter_image_custom_url":null,"twitter_image_custom_fields":null,"twitter_title":null,"twitter_description":null,"schema":{"blockGraphs":[],"customGraphs":[],"default":{"data":{"Article":[],"Course":[],"Dataset":[],"FAQPage":[],"Movie":[],"Person":[],"Product":[],"ProductReview":[],"Car":[],"Recipe":[],"Service":[],"SoftwareApplication":[],"WebPage":[]},"graphName":"BlogPosting","isEnabled":true},"graphs":[]},"schema_type":"default","schema_type_options":null,"pillar_content":false,"robots_default":true,"robots_noindex":false,"robots_noarchive":false,"robots_nosnippet":false,"robots_nofollow":false,"robots_noimageindex":false,"robots_noodp":false,"robots_notranslate":false,"robots_max_snippet":"-1","robots_max_videopreview":"-1","robots_max_imagepreview":"large","priority":null,"frequency":"default","local_seo":null,"breadcrumb_settings":null,"limit_modified_date":false,"ai":{"faqs":[],"keyPoints":[],"titles":[],"descriptions":[],"socialPosts":{"email":[],"linkedin":[],"twitter":[],"facebook":[],"instagram":[]}},"created":"2026-02-23 18:34:58","updated":"2026-05-11 18:32:48","focus_keyword":null,"additional_keywords":null,"truseo_locale":null,"seo_analyzer_scan_date":null},"aioseo_breadcrumb":"<div class=\"aioseo-breadcrumbs\"><span class=\"aioseo-breadcrumb\">\n\t\t\t<a href=\"https:\/\/letrashipnoticas.org\" title=\"Inicio\">Inicio<\/a>\n\t\t<\/span><span class=\"aioseo-breadcrumb-separator\">&raquo;<\/span><span class=\"aioseo-breadcrumb\">\n\t\t\t<a href=\"https:\/\/letrashipnoticas.org\/?cat=1\" title=\"Las Letras Hipn\u00f3ticas de hoy\">Las Letras Hipn\u00f3ticas de hoy<\/a>\n\t\t<\/span><span class=\"aioseo-breadcrumb-separator\">&raquo;<\/span><span class=\"aioseo-breadcrumb\">\n\t\t\tMarcelino Serna: El indocumentado que fue el soldado m\u00e1s condecorado de Texas\n\t\t<\/span><\/div>","aioseo_breadcrumb_json":[{"label":"Inicio","link":"https:\/\/letrashipnoticas.org"},{"label":"Las Letras Hipn\u00f3ticas de hoy","link":"https:\/\/letrashipnoticas.org\/?cat=1"},{"label":"Marcelino Serna: El indocumentado que fue el soldado m\u00e1s condecorado de Texas","link":"https:\/\/letrashipnoticas.org\/?p=2640"}],"_links":{"self":[{"href":"https:\/\/letrashipnoticas.org\/index.php?rest_route=\/wp\/v2\/posts\/2640","targetHints":{"allow":["GET"]}}],"collection":[{"href":"https:\/\/letrashipnoticas.org\/index.php?rest_route=\/wp\/v2\/posts"}],"about":[{"href":"https:\/\/letrashipnoticas.org\/index.php?rest_route=\/wp\/v2\/types\/post"}],"author":[{"embeddable":true,"href":"https:\/\/letrashipnoticas.org\/index.php?rest_route=\/wp\/v2\/users\/1"}],"replies":[{"embeddable":true,"href":"https:\/\/letrashipnoticas.org\/index.php?rest_route=%2Fwp%2Fv2%2Fcomments&post=2640"}],"version-history":[{"count":1,"href":"https:\/\/letrashipnoticas.org\/index.php?rest_route=\/wp\/v2\/posts\/2640\/revisions"}],"predecessor-version":[{"id":2644,"href":"https:\/\/letrashipnoticas.org\/index.php?rest_route=\/wp\/v2\/posts\/2640\/revisions\/2644"}],"wp:featuredmedia":[{"embeddable":true,"href":"https:\/\/letrashipnoticas.org\/index.php?rest_route=\/wp\/v2\/media\/2641"}],"wp:attachment":[{"href":"https:\/\/letrashipnoticas.org\/index.php?rest_route=%2Fwp%2Fv2%2Fmedia&parent=2640"}],"wp:term":[{"taxonomy":"category","embeddable":true,"href":"https:\/\/letrashipnoticas.org\/index.php?rest_route=%2Fwp%2Fv2%2Fcategories&post=2640"},{"taxonomy":"post_tag","embeddable":true,"href":"https:\/\/letrashipnoticas.org\/index.php?rest_route=%2Fwp%2Fv2%2Ftags&post=2640"}],"curies":[{"name":"wp","href":"https:\/\/api.w.org\/{rel}","templated":true}]}}