{"id":2269,"date":"2025-12-09T16:22:22","date_gmt":"2025-12-09T16:22:22","guid":{"rendered":"https:\/\/letrashipnoticas.org\/?p=2269"},"modified":"2025-12-09T16:22:28","modified_gmt":"2025-12-09T16:22:28","slug":"bernal-diaz-del-castillo-o-la-sombra-literaria-de-hernan-cortes","status":"publish","type":"post","link":"https:\/\/letrashipnoticas.org\/?p=2269","title":{"rendered":"\u201cBernal D\u00edaz del Castillo o la sombra literaria de Hern\u00e1n Cort\u00e9s\u201d"},"content":{"rendered":"\n<p class=\"wp-block-paragraph\">APUNTE DIARIO SOBRE LETRAS HIPN\u00d3TICAS<\/p>\n\n\n\n<p class=\"wp-block-paragraph\"><em>\u201cBernal D\u00edaz del Castillo o la sombra literaria de Hern\u00e1n Cort\u00e9s\u201d<\/em><\/p>\n\n\n\n<p class=\"wp-block-paragraph\">Por Arturo V\u00e1squez Urdiales<\/p>\n\n\n\n<p class=\"wp-block-paragraph\">Un 2 de diciembre de 1547, en Castilleja de la Cuesta, cerca de Sevilla, mor\u00eda Hern\u00e1n Cort\u00e9s. No muri\u00f3 en la c\u00faspide del poder, rodeado de estandartes y trompetas; muri\u00f3 m\u00e1s bien como tantos viejos guerreros: sintiendo que el mundo que ayud\u00f3 a forjar ya comenzaba a olvidarlo.<\/p>\n\n\n\n<p class=\"wp-block-paragraph\">Su cuerpo fue llevado y tra\u00eddo, sus restos cambiaron de tumba, sus honores se disputaron y se borraron. Pero algo permaneci\u00f3 flotando en la tinta: las palabras. Primero en las Cartas de relaci\u00f3n y, siglos despu\u00e9s, en una duda que hoy vuelve a encender la imaginaci\u00f3n:<\/p>\n\n\n\n<p class=\"wp-block-paragraph\">\u00bfy si la gran cr\u00f3nica de la Conquista, la Historia verdadera de la conquista de la Nueva Espa\u00f1a, no hubiera sido escrita por el soldado Bernal D\u00edaz del Castillo, sino por el propio Cort\u00e9s, escondido tras una m\u00e1scara?<\/p>\n\n\n\n<p class=\"wp-block-paragraph\">El historiador franc\u00e9s Christian Duverger lanz\u00f3 esta hip\u00f3tesis como quien arroja una piedra a un lago muy quieto: las ondas llegaron a todas partes.<\/p>\n\n\n\n<p class=\"wp-block-paragraph\">Porque si eso fuera cierto, la historia de la Conquista girar\u00eda un grado m\u00e1s hacia el enigma: el conquistador no s\u00f3lo habr\u00eda mandado en el campo de batalla, sino tambi\u00e9n en el territorio secreto de la literatura.<\/p>\n\n\n\n<p class=\"wp-block-paragraph\">Esta columna no pretende decidir el caso \u2014los tribunales de la filolog\u00eda a\u00fan debaten en voz baja\u2014, pero s\u00ed invitar a pasear por el borde del misterio.<\/p>\n\n\n\n<p class=\"wp-block-paragraph\">&#8212;\ud83e\udec6<\/p>\n\n\n\n<p class=\"wp-block-paragraph\">I. La voz que sale de la niebla<\/p>\n\n\n\n<p class=\"wp-block-paragraph\">La Historia verdadera se abre como una memoria que se sabe vieja. Habla un hombre que se presenta como Bernal D\u00edaz del Castillo, soldado de Medina del Campo, muy anciano, instalado en Guatemala, dispuesto a contar lo que vio \u201ccon estos ojos\u201d para corregir a los cronistas de escritorio.<\/p>\n\n\n\n<p class=\"wp-block-paragraph\">La voz tiene algo entra\u00f1able: se repite, divaga, se indigna, se contradice. Al mismo tiempo, despliega escenas deslumbrantes:<\/p>\n\n\n\n<p class=\"wp-block-paragraph\">la primera visi\u00f3n de Tenochtitlan, ciudad flotando sobre el agua como un espejismo de piedra;<\/p>\n\n\n\n<p class=\"wp-block-paragraph\">las noches de Tlaxcala, llenas de fogatas y rumores;<\/p>\n\n\n\n<p class=\"wp-block-paragraph\">el di\u00e1logo lleno de signos y silencios con Moctezuma;<\/p>\n\n\n\n<p class=\"wp-block-paragraph\">la ca\u00edda de la ciudad, el humo, los cuerpos, la paciencia fr\u00eda de Cort\u00e9s.<\/p>\n\n\n\n<p class=\"wp-block-paragraph\">Durante siglos, se acept\u00f3 sin m\u00e1s que esa voz pertenec\u00eda al soldado. Hasta que Duverger hizo dos preguntas inc\u00f3modas, casi insolentes:<\/p>\n\n\n\n<ol class=\"wp-block-list\">\n<li>\u00bfC\u00f3mo pudo un soldado raso, sin estudios conocidos, escribir con semejante riqueza literaria, lleno de giros, comparaciones, ecos de la cultura cl\u00e1sica?<\/li>\n\n\n\n<li>\u00bfC\u00f3mo es que est\u00e1 en todas partes al lado de Cort\u00e9s, ve lo que nadie ve, escucha conversaciones en palacios europeos y, sin embargo, apenas aparece en otros documentos?<\/li>\n<\/ol>\n\n\n\n<p class=\"wp-block-paragraph\">Entonces la niebla se hizo m\u00e1s densa. El viejo Bernal empez\u00f3 a verse como una figura a contraluz: se sabe que existi\u00f3, pero su perfil biogr\u00e1fico tiene demasiadas sombras. All\u00ed entra Duverger con una linterna distinta: la sospecha de que el narrador puede ser otro.<\/p>\n\n\n\n<p class=\"wp-block-paragraph\">&#8212;\ud83e\udec6<\/p>\n\n\n\n<p class=\"wp-block-paragraph\">II. El Cort\u00e9s que sabe matar y sabe escribir<\/p>\n\n\n\n<p class=\"wp-block-paragraph\">La historia suele recordar a Cort\u00e9s como estratega, pol\u00edtico, intrigante incansable. Se le ve marchando entre aliados ind\u00edgenas, quemando naves reales o imaginarias, dictando \u00f3rdenes en la noche, escribiendo cartas al rey para explicar lo inexplicable: que un pu\u00f1ado de hombres, montados sobre caballos que parec\u00edan demonios, hab\u00edan derribado un imperio solar.<\/p>\n\n\n\n<p class=\"wp-block-paragraph\">Hay, sin embargo, otro Cort\u00e9s menos difundido: el escritor. Sus cartas no son simples informes administrativos; est\u00e1n construidas con conciencia de estilo. Hay en ellas im\u00e1genes poderosas, descripciones detalladas, el pulso de alguien que no s\u00f3lo narra hechos, sino que intenta organizar un sentido para esos hechos.<\/p>\n\n\n\n<p class=\"wp-block-paragraph\">Ese Cort\u00e9s renacentista, culto, que conoce humanistas, participa en tertulias, cita autores y se preocupa por su fama, es el que fascina a Duverger. Ese hombre, afirma, no se resign\u00f3 a que otros contaran su historia. Impedido pol\u00edticamente para publicar m\u00e1s, habr\u00eda buscado un atajo genial: inventarse un testigo.<\/p>\n\n\n\n<p class=\"wp-block-paragraph\">Un soldado cualquiera, viejo, de voz \u00e1spera, ser\u00eda la coartada perfecta para decirlo todo sin firmar nada. Bajo ese disfraz, Cort\u00e9s contar\u00eda su propia haza\u00f1a con humildad prestada, dejando que sea \u201cel pueblo en armas\u201d el que hable y lo elogie. As\u00ed, la Historia verdadera ser\u00eda, en realidad, una larga carta de amor a s\u00ed mismo\u2026 en boca ajena.<\/p>\n\n\n\n<p class=\"wp-block-paragraph\">La idea tiene perfume de novela policial: un conquistador que se convierte en ventr\u00edlocuo de su propio mito.<\/p>\n\n\n\n<p class=\"wp-block-paragraph\">&#8212;\ud83e\udec6<\/p>\n\n\n\n<p class=\"wp-block-paragraph\">III. Bernal, el hacendado de Guatemala<\/p>\n\n\n\n<p class=\"wp-block-paragraph\">Frente a esta historia seductora, la figura de Bernal aparece casi como un campesino sorprendido en medio de un gran teatro. Los documentos lo muestran como encomendero en Santiago de Guatemala, propietario de tierras, envuelto en pleitos locales, escribiendo cartas respetuosas al rey para defender sus mercedes.<\/p>\n\n\n\n<p class=\"wp-block-paragraph\">De su participaci\u00f3n exacta en las campa\u00f1as de Cort\u00e9s, poco se sabe. Hay listas de soldados en las que no aparece con claridad. Hay silencios. Hay huecos. Y, sin embargo, se tiene la certeza de que vivi\u00f3 all\u00ed, viejo y nost\u00e1lgico, sintiendo que su generaci\u00f3n se desvanec\u00eda como el humo de los sacrificios antiguos.<\/p>\n\n\n\n<p class=\"wp-block-paragraph\">La pregunta brutal que formula Duverger es esta:<br>\u00bfpudo un hombre as\u00ed, de formaci\u00f3n limitada, escribir un libro tan vasto y complejo?<\/p>\n\n\n\n<p class=\"wp-block-paragraph\">Aqu\u00ed entran los defensores de Bernal. Recuerdan que la Espa\u00f1a del siglo XVI estaba llena de semi\u2013letrados: personas que no eran eruditos, pero sab\u00edan escribir de manera funcional, escuchaban sermones, le\u00edan pliegos sueltos, conoc\u00edan fragmentos de la Biblia y de los cl\u00e1sicos por boca de otros. Un hombre de ese mundo pod\u00eda, con paciencia y memoria, redactar durante a\u00f1os una cr\u00f3nica extensa, con errores, retomando frases o\u00eddas.<\/p>\n\n\n\n<p class=\"wp-block-paragraph\">Tambi\u00e9n subrayan un detalle esencial: el estilo de la Historia verdadera no es el de un jurista refinado ni el de un humanista, sino el de alguien que escribe como habla, que se interrumpe, regresa, confunde fechas, repite \u201cyo mismo lo vi\u201d, discute con cronistas. Es una lengua viva, con polvo de camino.<\/p>\n\n\n\n<p class=\"wp-block-paragraph\">\u00bfPodr\u00eda Cort\u00e9s, maestro de la ret\u00f3rica oficial, imitar tan bien esa oralidad? Tal vez. Pero la sospecha sigue siendo doble. Cada argumento abre otra puerta.<\/p>\n\n\n\n<p class=\"wp-block-paragraph\">&#8212;\ud83e\udec6<\/p>\n\n\n\n<p class=\"wp-block-paragraph\">IV. \u00bfA qui\u00e9n pertenece una historia?<\/p>\n\n\n\n<p class=\"wp-block-paragraph\">M\u00e1s all\u00e1 de la disputa t\u00e9cnica, la pregunta de fondo es casi filos\u00f3fica:<br>\u00bfqui\u00e9n es el due\u00f1o de una historia?<\/p>\n\n\n\n<p class=\"wp-block-paragraph\">Imaginemos tres escenas:<\/p>\n\n\n\n<ol class=\"wp-block-list\">\n<li>Cort\u00e9s en la noche de Tenochtitlan, mirando desde lo alto de un templo las hogueras y los canales.<\/li>\n\n\n\n<li>Bernal en su hacienda de Guatemala, escribiendo a la luz de una vela, mientras la lluvia tropical golpea las tejas.<\/li>\n\n\n\n<li>Un lector del siglo XXI, quiz\u00e1 con el libro en formato digital, recorriendo esas mismas l\u00edneas en la pantalla de un tel\u00e9fono.<\/li>\n<\/ol>\n\n\n\n<p class=\"wp-block-paragraph\">\u00bfDe qui\u00e9n es, en realidad, la conquista que all\u00ed se narra?<br>\u00bfDel que la vivi\u00f3 como director de escena; del que la escribi\u00f3 a trompicones recordando batallas; o del que la vuelve a leer hoy y la interpreta a la luz de nuevas preguntas?<\/p>\n\n\n\n<p class=\"wp-block-paragraph\">La hip\u00f3tesis de Duverger nos obliga a aceptar que la historia nunca est\u00e1 terminada. Un texto puede cambiar de autor en el tribunal de las ideas siglos despu\u00e9s de haber sido escrito. Un soldado puede volverse m\u00e1scara de un general; un general puede transformarse en fantasma que dicta frases a trav\u00e9s de otros. La memoria no es una estatua, sino un r\u00edo turbio en que se mezclan aguas de distintas fuentes.<\/p>\n\n\n\n<p class=\"wp-block-paragraph\">Y, sin embargo, algo permanece: la experiencia humana de aquellos d\u00edas extremos, cuando dos mundos se miraron a los ojos y se desconocieron mutuamente.<\/p>\n\n\n\n<p class=\"wp-block-paragraph\">&#8212;\ud83e\udec6<\/p>\n\n\n\n<p class=\"wp-block-paragraph\">V. Entre la espada y la pluma<\/p>\n\n\n\n<p class=\"wp-block-paragraph\">La Historia verdadera es un libro lleno de sangre, hambre, pactos y traiciones; pero tambi\u00e9n es un libro de miradas. El narrador \u2014llam\u00e9mosle Bernal, sea quien sea\u2014 se detiene en detalles que ning\u00fan memorial pol\u00edtico registrar\u00eda:<\/p>\n\n\n\n<p class=\"wp-block-paragraph\">la textura de los mercados mexicas, rebosantes de olores;<\/p>\n\n\n\n<p class=\"wp-block-paragraph\">el temblor de los caballos ante el olor del sacrificio;<\/p>\n\n\n\n<p class=\"wp-block-paragraph\">el miedo en los rostros tlaxcaltecas cuando creen que han apostado por el bando perdedor;<\/p>\n\n\n\n<p class=\"wp-block-paragraph\">la paciencia de los ind\u00edgenas que cargan v\u00edveres y armas, casi siempre an\u00f3nimos.<\/p>\n\n\n\n<p class=\"wp-block-paragraph\">Detr\u00e1s de cada l\u00ednea, la pregunta permanece abierta: \u00bfes \u00e9ste el recuerdo de un soldado que caminaba entre la tropa, o el de un jefe que lo ve\u00eda todo desde el centro del comando?<\/p>\n\n\n\n<p class=\"wp-block-paragraph\">Quiz\u00e1 la respuesta m\u00e1s honesta sea aceptar que la Conquista fue escrita entre muchos, aunque el nombre en la portada sea uno solo. Las batallas que all\u00ed se describen no las gan\u00f3 \u00fanicamente Cort\u00e9s ni las perdieron \u00fanicamente los mexicas: las vivieron decenas de miles de hombres y mujeres de pueblos distintos, y cada uno habr\u00eda contado otra versi\u00f3n.<\/p>\n\n\n\n<p class=\"wp-block-paragraph\">La genialidad de la Historia verdadera \u2014sea de Bernal, sea de Cort\u00e9s, sea de ambos fantasmag\u00f3ricamente\u2014 consiste en haber encontrado un tono que parece dar voz a todos: al que manda, al que obedece, al que muere y al que narra.<\/p>\n\n\n\n<p class=\"wp-block-paragraph\">&#8212;\ud83e\udec6<\/p>\n\n\n\n<p class=\"wp-block-paragraph\">VI. Cort\u00e9s, Bernal y el lector: un tri\u00e1ngulo inc\u00f3modo<\/p>\n\n\n\n<p class=\"wp-block-paragraph\">El debate actual ofrece tres figuras que se miran desconfiadas:<\/p>\n\n\n\n<p class=\"wp-block-paragraph\">El Cort\u00e9s de Duverger, renacentista tard\u00edo, estratega del papel, capaz de inventarse un soldado para seguir escribiendo a pesar de la censura.<\/p>\n\n\n\n<p class=\"wp-block-paragraph\">El Bernal de la tradici\u00f3n, viejo conquistador que, desde su hacienda, decide que no quiere morir olvidado y se sienta a escribir su verdad, aunque confunda fechas y nombres.<\/p>\n\n\n\n<p class=\"wp-block-paragraph\">El lector contempor\u00e1neo, heredero de una memoria dolorosa sobre la Conquista, que sospecha de cualquier relato que parezca justificar o embellecer el trauma.<\/p>\n\n\n\n<p class=\"wp-block-paragraph\">Tal vez el verdadero sentido de la pol\u00e9mica sea este: obligar a leer la cr\u00f3nica con desconfianza l\u00facida, sabiendo que no hay testigo inocente. Ni Cort\u00e9s ni Bernal podr\u00edan ser cronistas neutrales. Cada uno lleva dentro su propio juicio, su propio miedo, su propia necesidad de justificarse ante el futuro.<\/p>\n\n\n\n<p class=\"wp-block-paragraph\">Quien toma el libro hoy tiene el deber de escuchar esa voz \u2014esa mezcla de \u201cyo lo vi\u201d, \u201cyo estuve all\u00ed\u201d\u2014 y al mismo tiempo preguntarse:<br>\u00bfqu\u00e9 no se cuenta?<br>\u00bfqui\u00e9n habla aqu\u00ed por los derrotados, por los sacrificados, por los pueblos desaparecidos?<\/p>\n\n\n\n<p class=\"wp-block-paragraph\">En ese sentido, la sospecha de Duverger no s\u00f3lo es un problema filol\u00f3gico: es una invitaci\u00f3n \u00e9tica a recordar que toda historia de la conquista est\u00e1 contada desde un lado de la espada.<\/p>\n\n\n\n<p class=\"wp-block-paragraph\">&#8212;\ud83e\udec6<\/p>\n\n\n\n<p class=\"wp-block-paragraph\">VII. Un juicio sin sentencia<\/p>\n\n\n\n<p class=\"wp-block-paragraph\">\u00bfQui\u00e9n escribi\u00f3, entonces, la Historia verdadera de la conquista de la Nueva Espa\u00f1a?<\/p>\n\n\n\n<p class=\"wp-block-paragraph\">Los especialistas dir\u00e1n que, hasta nuevo aviso, el autor sigue siendo Bernal D\u00edaz del Castillo, porque la balanza de las pruebas, de los manuscritos, del estilo, se inclina hacia \u00e9l. Otros seguir\u00e1n defendiendo a Cort\u00e9s como autor oculto, viendo en el libro una genialidad m\u00e1s del conquistador.<\/p>\n\n\n\n<p class=\"wp-block-paragraph\">Tal vez lo m\u00e1s sensato sea admitir que, en el tribunal de la historia, este caso permanece en deliberaci\u00f3n, y que la verdad absoluta no es necesaria para reconocer la fuerza literaria del texto.<\/p>\n\n\n\n<p class=\"wp-block-paragraph\">Lo cierto es que, firme o no en la firma, la Historia verdadera sigue cumpliendo su funci\u00f3n: nos coloca frente al instante en que un mundo se derrumb\u00f3 y otro comenz\u00f3 a levantarse sobre sus ruinas. Nos obliga a mirar de frente la mezcla de admiraci\u00f3n y horror, de valent\u00eda y crueldad, de fe y ambici\u00f3n desmedida que hay en la Conquista.<\/p>\n\n\n\n<p class=\"wp-block-paragraph\">&#8212;\ud83e\udec6<\/p>\n\n\n\n<p class=\"wp-block-paragraph\">VIII. Palabras finales para el lector<\/p>\n\n\n\n<p class=\"wp-block-paragraph\">Quiz\u00e1 el detalle m\u00e1s hermoso de toda esta disputa sea \u00e9ste:<br>cuatrocientos a\u00f1os despu\u00e9s, un libro que empez\u00f3 siendo memoria de un hombre \u2014sea Bernal, sea Cort\u00e9s\u2014 sigue vivo, sigue provocando discusiones, sigue obligando a pensar qui\u00e9n escribe, qui\u00e9n calla y qui\u00e9n es borrado.<\/p>\n\n\n\n<p class=\"wp-block-paragraph\">Eso significa que la literatura, incluso cuando nace de la espada, tiene una capacidad extra\u00f1a de sobrevivir a sus propios autores.<\/p>\n\n\n\n<p class=\"wp-block-paragraph\">Hoy, al recordar la muerte de Hern\u00e1n Cort\u00e9s y la vida incierta de Bernal D\u00edaz del Castillo, se puede imaginar un di\u00e1logo imposible entre ambos, en alguna regi\u00f3n silenciosa del m\u00e1s all\u00e1:<\/p>\n\n\n\n<p class=\"wp-block-paragraph\">\u2014\u00bfDe qui\u00e9n es el libro? \u2014preguntar\u00eda uno.<br>\u2014Del que lo escribi\u00f3 y del que lo lee \u2014responder\u00eda el otro.<\/p>\n\n\n\n<p class=\"wp-block-paragraph\">Y quiz\u00e1 una voz tercera, la de los pueblos que padecieron la Conquista, a\u00f1adir\u00eda:<\/p>\n\n\n\n<p class=\"wp-block-paragraph\">\u2014Y tambi\u00e9n de quienes a\u00fan no han sido escuchados.<\/p>\n\n\n\n<p class=\"wp-block-paragraph\">La tarea del presente es esa: leer la Historia verdadera con ojos nuevos, sabiendo que el nombre en la portada puede cambiar, pero la obligaci\u00f3n de mirar cr\u00edticamente el pasado permanece. All\u00ed, entre dos firmas posibles y millones de vidas reales, sigue latiendo la pregunta m\u00e1s honda:<\/p>\n\n\n\n<p class=\"wp-block-paragraph\">\u00bfqui\u00e9n cuenta la historia de un pa\u00eds: el vencedor, el cronista, o la conciencia que se atreve a revisarlos a ambos?<\/p>\n\n\n\n<p class=\"wp-block-paragraph\">URDIALES fundaci\u00f3n de letras hipn\u00f3ticas AC quienes le invitamos a compartir esta columna y desarrollar un mundo mejor llenitito de buenos lectores, agradezco mucho su atenci\u00f3n<\/p>\n\n\n\n<figure class=\"wp-block-image size-large is-resized\"><img loading=\"lazy\" decoding=\"async\" width=\"760\" height=\"1024\" src=\"https:\/\/letrashipnoticas.org\/wp-content\/uploads\/2025\/12\/WhatsApp-Image-2025-12-09-at-10.19.47-AM-1-760x1024.jpeg\" alt=\"\" class=\"wp-image-2271\" style=\"width:344px;height:auto\" srcset=\"https:\/\/letrashipnoticas.org\/wp-content\/uploads\/2025\/12\/WhatsApp-Image-2025-12-09-at-10.19.47-AM-1-760x1024.jpeg 760w, https:\/\/letrashipnoticas.org\/wp-content\/uploads\/2025\/12\/WhatsApp-Image-2025-12-09-at-10.19.47-AM-1-223x300.jpeg 223w, https:\/\/letrashipnoticas.org\/wp-content\/uploads\/2025\/12\/WhatsApp-Image-2025-12-09-at-10.19.47-AM-1-768x1035.jpeg 768w, https:\/\/letrashipnoticas.org\/wp-content\/uploads\/2025\/12\/WhatsApp-Image-2025-12-09-at-10.19.47-AM-1-312x420.jpeg 312w, https:\/\/letrashipnoticas.org\/wp-content\/uploads\/2025\/12\/WhatsApp-Image-2025-12-09-at-10.19.47-AM-1-150x202.jpeg 150w, https:\/\/letrashipnoticas.org\/wp-content\/uploads\/2025\/12\/WhatsApp-Image-2025-12-09-at-10.19.47-AM-1-300x404.jpeg 300w, https:\/\/letrashipnoticas.org\/wp-content\/uploads\/2025\/12\/WhatsApp-Image-2025-12-09-at-10.19.47-AM-1-696x938.jpeg 696w, https:\/\/letrashipnoticas.org\/wp-content\/uploads\/2025\/12\/WhatsApp-Image-2025-12-09-at-10.19.47-AM-1-1068x1439.jpeg 1068w, https:\/\/letrashipnoticas.org\/wp-content\/uploads\/2025\/12\/WhatsApp-Image-2025-12-09-at-10.19.47-AM-1.jpeg 1080w\" sizes=\"auto, (max-width: 760px) 100vw, 760px\" \/><\/figure>\n","protected":false},"excerpt":{"rendered":"<p>APUNTE DIARIO SOBRE LETRAS HIPN\u00d3TICAS \u201cBernal D\u00edaz del Castillo o la sombra literaria de Hern\u00e1n Cort\u00e9s\u201d Por Arturo V\u00e1squez Urdiales Un 2 de diciembre de 1547, en Castilleja de la Cuesta, cerca de Sevilla, mor\u00eda Hern\u00e1n Cort\u00e9s. No muri\u00f3 en la c\u00faspide del poder, rodeado de estandartes y trompetas; muri\u00f3 m\u00e1s bien como tantos viejos [&hellip;]<\/p>\n","protected":false},"author":1,"featured_media":2270,"comment_status":"open","ping_status":"open","sticky":false,"template":"","format":"standard","meta":{"om_disable_all_campaigns":false,"_monsterinsights_skip_tracking":false,"footnotes":""},"categories":[1],"tags":[],"class_list":["post-2269","post","type-post","status-publish","format-standard","has-post-thumbnail","category-general"],"aioseo_notices":[],"aioseo_head":"\n\t\t<!-- All in One SEO 5.0.0.1 - aioseo.com -->\n\t<meta name=\"description\" content=\"APUNTE DIARIO SOBRE LETRAS HIPN\u00d3TICAS \u201cBernal D\u00edaz del Castillo o la sombra literaria de Hern\u00e1n Cort\u00e9s\u201d Por Arturo V\u00e1squez Urdiales Un 2 de diciembre de 1547, en Castilleja de la Cuesta, cerca de Sevilla, mor\u00eda Hern\u00e1n Cort\u00e9s. No muri\u00f3 en la c\u00faspide del poder, rodeado de estandartes y trompetas; muri\u00f3 m\u00e1s bien como tantos viejos\" \/>\n\t<meta name=\"robots\" content=\"max-image-preview:large\" \/>\n\t<meta name=\"author\" content=\"Dr. Arturo David V\u00e1squez Urdiales\"\/>\n\t<meta name=\"google-site-verification\" content=\"w1V7bRCSYMeOZjzLwWS_W8_n8jd94Z38sletBUa-LV0\" \/>\n\t<link rel=\"canonical\" href=\"https:\/\/letrashipnoticas.org\/?p=2269\" \/>\n\t<meta name=\"generator\" content=\"All in One SEO (AIOSEO) 5.0.0.1\" \/>\n\t\t<meta property=\"og:locale\" content=\"es_MX\" \/>\n\t\t<meta property=\"og:site_name\" content=\"Letras Hiptn\u00f3ticas - &quot;Descubre Apunte diario sobre letras hipn\u00f3ticas, un viaje literario envolvente que despierta el alma. Reflexiones profundas, historias cautivadoras y un estilo \u00fanico que hipnotiza en cada palabra.&quot; APUNTE DIARIO SOBRE LETRAS HIPN\u00d3TICAS \u201cBernal D\u00edaz del Castillo o la sombra literaria de Hern\u00e1n Cort\u00e9s\u201d Por Arturo V\u00e1squez Urdiales Un 2 de diciembre de 1547, en Castilleja de la Cuesta, cerca de Sevilla, mor\u00eda Hern\u00e1n Cort\u00e9s. No muri\u00f3 en la c\u00faspide del poder, rodeado de estandartes y trompetas; muri\u00f3 m\u00e1s bien como tantos viejos\" \/>\n\t\t<meta property=\"og:type\" content=\"article\" \/>\n\t\t<meta property=\"og:title\" content=\"\u201cBernal D\u00edaz del Castillo o la sombra literaria de Hern\u00e1n Cort\u00e9s\u201d - Letras Hiptn\u00f3ticas\" \/>\n\t\t<meta property=\"og:description\" content=\"APUNTE DIARIO SOBRE LETRAS HIPN\u00d3TICAS \u201cBernal D\u00edaz del Castillo o la sombra literaria de Hern\u00e1n Cort\u00e9s\u201d Por Arturo V\u00e1squez Urdiales Un 2 de diciembre de 1547, en Castilleja de la Cuesta, cerca de Sevilla, mor\u00eda Hern\u00e1n Cort\u00e9s. No muri\u00f3 en la c\u00faspide del poder, rodeado de estandartes y trompetas; muri\u00f3 m\u00e1s bien como tantos viejos\" \/>\n\t\t<meta property=\"og:url\" content=\"https:\/\/letrashipnoticas.org\/?p=2269\" \/>\n\t\t<meta property=\"og:image\" content=\"https:\/\/letrashipnoticas.org\/wp-content\/uploads\/2025\/12\/WhatsApp-Image-2025-12-09-at-10.19.47-AM.jpeg\" \/>\n\t\t<meta property=\"og:image:secure_url\" content=\"https:\/\/letrashipnoticas.org\/wp-content\/uploads\/2025\/12\/WhatsApp-Image-2025-12-09-at-10.19.47-AM.jpeg\" \/>\n\t\t<meta property=\"og:image:width\" content=\"1080\" \/>\n\t\t<meta property=\"og:image:height\" content=\"1082\" \/>\n\t\t<meta property=\"article:published_time\" content=\"2025-12-09T16:22:22+00:00\" \/>\n\t\t<meta property=\"article:modified_time\" content=\"2025-12-09T16:22:28+00:00\" \/>\n\t\t<meta name=\"twitter:card\" content=\"summary_large_image\" \/>\n\t\t<meta name=\"twitter:title\" content=\"\u201cBernal D\u00edaz del Castillo o la sombra literaria de Hern\u00e1n Cort\u00e9s\u201d - Letras Hiptn\u00f3ticas\" \/>\n\t\t<meta name=\"twitter:description\" content=\"APUNTE DIARIO SOBRE LETRAS HIPN\u00d3TICAS \u201cBernal D\u00edaz del Castillo o la sombra literaria de Hern\u00e1n Cort\u00e9s\u201d Por Arturo V\u00e1squez Urdiales Un 2 de diciembre de 1547, en Castilleja de la Cuesta, cerca de Sevilla, mor\u00eda Hern\u00e1n Cort\u00e9s. No muri\u00f3 en la c\u00faspide del poder, rodeado de estandartes y trompetas; muri\u00f3 m\u00e1s bien como tantos viejos\" \/>\n\t\t<meta name=\"twitter:image\" content=\"https:\/\/letrashipnoticas.org\/wp-content\/uploads\/2025\/12\/WhatsApp-Image-2025-12-09-at-10.19.47-AM.jpeg\" \/>\n\t\t<script type=\"application\/ld+json\" class=\"aioseo-schema\">\n\t\t\t{\"@context\":\"https:\\\/\\\/schema.org\",\"@graph\":[{\"@type\":\"BlogPosting\",\"@id\":\"https:\\\/\\\/letrashipnoticas.org\\\/?p=2269#blogposting\",\"name\":\"\\u201cBernal D\\u00edaz del Castillo o la sombra literaria de Hern\\u00e1n Cort\\u00e9s\\u201d - Letras Hiptn\\u00f3ticas\",\"headline\":\"\\u201cBernal D\\u00edaz del Castillo o la sombra literaria de Hern\\u00e1n Cort\\u00e9s\\u201d\",\"author\":{\"@id\":\"https:\\\/\\\/letrashipnoticas.org\\\/?author=1#author\"},\"publisher\":{\"@id\":\"https:\\\/\\\/letrashipnoticas.org\\\/#organization\"},\"image\":{\"@type\":\"ImageObject\",\"url\":\"https:\\\/\\\/letrashipnoticas.org\\\/wp-content\\\/uploads\\\/2025\\\/12\\\/WhatsApp-Image-2025-12-09-at-10.19.47-AM.jpeg\",\"width\":1080,\"height\":1082},\"datePublished\":\"2025-12-09T16:22:22+00:00\",\"dateModified\":\"2025-12-09T16:22:28+00:00\",\"inLanguage\":\"es-MX\",\"mainEntityOfPage\":{\"@id\":\"https:\\\/\\\/letrashipnoticas.org\\\/?p=2269#webpage\"},\"isPartOf\":{\"@id\":\"https:\\\/\\\/letrashipnoticas.org\\\/?p=2269#webpage\"},\"articleSection\":\"Las Letras Hipn\\u00f3ticas de hoy\"},{\"@type\":\"BreadcrumbList\",\"@id\":\"https:\\\/\\\/letrashipnoticas.org\\\/?p=2269#breadcrumblist\",\"itemListElement\":[{\"@type\":\"ListItem\",\"@id\":\"https:\\\/\\\/letrashipnoticas.org#listItem\",\"position\":1,\"name\":\"Inicio\",\"item\":\"https:\\\/\\\/letrashipnoticas.org\",\"nextItem\":{\"@type\":\"ListItem\",\"@id\":\"https:\\\/\\\/letrashipnoticas.org\\\/?cat=1#listItem\",\"name\":\"Las Letras Hipn\\u00f3ticas de hoy\"}},{\"@type\":\"ListItem\",\"@id\":\"https:\\\/\\\/letrashipnoticas.org\\\/?cat=1#listItem\",\"position\":2,\"name\":\"Las Letras Hipn\\u00f3ticas de hoy\",\"item\":\"https:\\\/\\\/letrashipnoticas.org\\\/?cat=1\",\"nextItem\":{\"@type\":\"ListItem\",\"@id\":\"https:\\\/\\\/letrashipnoticas.org\\\/?p=2269#listItem\",\"name\":\"\\u201cBernal D\\u00edaz del Castillo o la sombra literaria de Hern\\u00e1n Cort\\u00e9s\\u201d\"},\"previousItem\":{\"@type\":\"ListItem\",\"@id\":\"https:\\\/\\\/letrashipnoticas.org#listItem\",\"name\":\"Inicio\"}},{\"@type\":\"ListItem\",\"@id\":\"https:\\\/\\\/letrashipnoticas.org\\\/?p=2269#listItem\",\"position\":3,\"name\":\"\\u201cBernal D\\u00edaz del Castillo o la sombra literaria de Hern\\u00e1n Cort\\u00e9s\\u201d\",\"previousItem\":{\"@type\":\"ListItem\",\"@id\":\"https:\\\/\\\/letrashipnoticas.org\\\/?cat=1#listItem\",\"name\":\"Las Letras Hipn\\u00f3ticas de hoy\"}}]},{\"@type\":\"Organization\",\"@id\":\"https:\\\/\\\/letrashipnoticas.org\\\/#organization\",\"name\":\"Letras Hiptn\\u00f3ticas\",\"description\":\"\\\"Descubre Apunte diario sobre letras hipn\\u00f3ticas, un viaje literario envolvente que despierta el alma. Reflexiones profundas, historias cautivadoras y un estilo \\u00fanico que hipnotiza en cada palabra.\\\"\",\"url\":\"https:\\\/\\\/letrashipnoticas.org\\\/\",\"logo\":{\"@type\":\"ImageObject\",\"url\":\"https:\\\/\\\/letrashipnoticas.org\\\/wp-content\\\/uploads\\\/2024\\\/09\\\/LogoRetinaPNG.png\",\"@id\":\"https:\\\/\\\/letrashipnoticas.org\\\/?p=2269\\\/#organizationLogo\",\"width\":544,\"height\":180},\"image\":{\"@id\":\"https:\\\/\\\/letrashipnoticas.org\\\/?p=2269\\\/#organizationLogo\"}},{\"@type\":\"Person\",\"@id\":\"https:\\\/\\\/letrashipnoticas.org\\\/?author=1#author\",\"url\":\"https:\\\/\\\/letrashipnoticas.org\\\/?author=1\",\"name\":\"Dr. Arturo David V\\u00e1squez Urdiales\",\"image\":{\"@type\":\"ImageObject\",\"@id\":\"https:\\\/\\\/letrashipnoticas.org\\\/?p=2269#authorImage\",\"url\":\"https:\\\/\\\/secure.gravatar.com\\\/avatar\\\/1bbc04a2da05a8a25045693b6f4473cec684496aa6385880380b702aa43009f8?s=96&d=mm&r=g\",\"width\":96,\"height\":96,\"caption\":\"Dr. Arturo David V\\u00e1squez Urdiales\"}},{\"@type\":\"WebPage\",\"@id\":\"https:\\\/\\\/letrashipnoticas.org\\\/?p=2269#webpage\",\"url\":\"https:\\\/\\\/letrashipnoticas.org\\\/?p=2269\",\"name\":\"\\u201cBernal D\\u00edaz del Castillo o la sombra literaria de Hern\\u00e1n Cort\\u00e9s\\u201d - Letras Hiptn\\u00f3ticas\",\"description\":\"APUNTE DIARIO SOBRE LETRAS HIPN\\u00d3TICAS \\u201cBernal D\\u00edaz del Castillo o la sombra literaria de Hern\\u00e1n Cort\\u00e9s\\u201d Por Arturo V\\u00e1squez Urdiales Un 2 de diciembre de 1547, en Castilleja de la Cuesta, cerca de Sevilla, mor\\u00eda Hern\\u00e1n Cort\\u00e9s. No muri\\u00f3 en la c\\u00faspide del poder, rodeado de estandartes y trompetas; muri\\u00f3 m\\u00e1s bien como tantos viejos\",\"inLanguage\":\"es-MX\",\"isPartOf\":{\"@id\":\"https:\\\/\\\/letrashipnoticas.org\\\/#website\"},\"breadcrumb\":{\"@id\":\"https:\\\/\\\/letrashipnoticas.org\\\/?p=2269#breadcrumblist\"},\"author\":{\"@id\":\"https:\\\/\\\/letrashipnoticas.org\\\/?author=1#author\"},\"creator\":{\"@id\":\"https:\\\/\\\/letrashipnoticas.org\\\/?author=1#author\"},\"image\":{\"@type\":\"ImageObject\",\"url\":\"https:\\\/\\\/letrashipnoticas.org\\\/wp-content\\\/uploads\\\/2025\\\/12\\\/WhatsApp-Image-2025-12-09-at-10.19.47-AM.jpeg\",\"@id\":\"https:\\\/\\\/letrashipnoticas.org\\\/?p=2269\\\/#mainImage\",\"width\":1080,\"height\":1082},\"primaryImageOfPage\":{\"@id\":\"https:\\\/\\\/letrashipnoticas.org\\\/?p=2269#mainImage\"},\"datePublished\":\"2025-12-09T16:22:22+00:00\",\"dateModified\":\"2025-12-09T16:22:28+00:00\"},{\"@type\":\"WebSite\",\"@id\":\"https:\\\/\\\/letrashipnoticas.org\\\/#website\",\"url\":\"https:\\\/\\\/letrashipnoticas.org\\\/\",\"name\":\"Letras Hiptn\\u00f3ticas\",\"description\":\"\\\"Descubre Apunte diario sobre letras hipn\\u00f3ticas, un viaje literario envolvente que despierta el alma. Reflexiones profundas, historias cautivadoras y un estilo \\u00fanico que hipnotiza en cada palabra.\\\"\",\"inLanguage\":\"es-MX\",\"publisher\":{\"@id\":\"https:\\\/\\\/letrashipnoticas.org\\\/#organization\"}}]}\n\t\t<\/script>\n\t\t<!-- All in One SEO -->\n\n","aioseo_head_json":{"title":"\u201cBernal D\u00edaz del Castillo o la sombra literaria de Hern\u00e1n Cort\u00e9s\u201d - Letras Hiptn\u00f3ticas","description":"APUNTE DIARIO SOBRE LETRAS HIPN\u00d3TICAS \u201cBernal D\u00edaz del Castillo o la sombra literaria de Hern\u00e1n Cort\u00e9s\u201d Por Arturo V\u00e1squez Urdiales Un 2 de diciembre de 1547, en Castilleja de la Cuesta, cerca de Sevilla, mor\u00eda Hern\u00e1n Cort\u00e9s. No muri\u00f3 en la c\u00faspide del poder, rodeado de estandartes y trompetas; muri\u00f3 m\u00e1s bien como tantos viejos","canonical_url":"https:\/\/letrashipnoticas.org\/?p=2269","robots":"max-image-preview:large","keywords":"","webmasterTools":{"google-site-verification":"w1V7bRCSYMeOZjzLwWS_W8_n8jd94Z38sletBUa-LV0","miscellaneous":""},"schema":{"@context":"https:\/\/schema.org","@graph":[{"@type":"BlogPosting","@id":"https:\/\/letrashipnoticas.org\/?p=2269#blogposting","name":"\u201cBernal D\u00edaz del Castillo o la sombra literaria de Hern\u00e1n Cort\u00e9s\u201d - Letras Hiptn\u00f3ticas","headline":"\u201cBernal D\u00edaz del Castillo o la sombra literaria de Hern\u00e1n Cort\u00e9s\u201d","author":{"@id":"https:\/\/letrashipnoticas.org\/?author=1#author"},"publisher":{"@id":"https:\/\/letrashipnoticas.org\/#organization"},"image":{"@type":"ImageObject","url":"https:\/\/letrashipnoticas.org\/wp-content\/uploads\/2025\/12\/WhatsApp-Image-2025-12-09-at-10.19.47-AM.jpeg","width":1080,"height":1082},"datePublished":"2025-12-09T16:22:22+00:00","dateModified":"2025-12-09T16:22:28+00:00","inLanguage":"es-MX","mainEntityOfPage":{"@id":"https:\/\/letrashipnoticas.org\/?p=2269#webpage"},"isPartOf":{"@id":"https:\/\/letrashipnoticas.org\/?p=2269#webpage"},"articleSection":"Las Letras Hipn\u00f3ticas de hoy"},{"@type":"BreadcrumbList","@id":"https:\/\/letrashipnoticas.org\/?p=2269#breadcrumblist","itemListElement":[{"@type":"ListItem","@id":"https:\/\/letrashipnoticas.org#listItem","position":1,"name":"Inicio","item":"https:\/\/letrashipnoticas.org","nextItem":{"@type":"ListItem","@id":"https:\/\/letrashipnoticas.org\/?cat=1#listItem","name":"Las Letras Hipn\u00f3ticas de hoy"}},{"@type":"ListItem","@id":"https:\/\/letrashipnoticas.org\/?cat=1#listItem","position":2,"name":"Las Letras Hipn\u00f3ticas de hoy","item":"https:\/\/letrashipnoticas.org\/?cat=1","nextItem":{"@type":"ListItem","@id":"https:\/\/letrashipnoticas.org\/?p=2269#listItem","name":"\u201cBernal D\u00edaz del Castillo o la sombra literaria de Hern\u00e1n Cort\u00e9s\u201d"},"previousItem":{"@type":"ListItem","@id":"https:\/\/letrashipnoticas.org#listItem","name":"Inicio"}},{"@type":"ListItem","@id":"https:\/\/letrashipnoticas.org\/?p=2269#listItem","position":3,"name":"\u201cBernal D\u00edaz del Castillo o la sombra literaria de Hern\u00e1n Cort\u00e9s\u201d","previousItem":{"@type":"ListItem","@id":"https:\/\/letrashipnoticas.org\/?cat=1#listItem","name":"Las Letras Hipn\u00f3ticas de hoy"}}]},{"@type":"Organization","@id":"https:\/\/letrashipnoticas.org\/#organization","name":"Letras Hiptn\u00f3ticas","description":"\"Descubre Apunte diario sobre letras hipn\u00f3ticas, un viaje literario envolvente que despierta el alma. Reflexiones profundas, historias cautivadoras y un estilo \u00fanico que hipnotiza en cada palabra.\"","url":"https:\/\/letrashipnoticas.org\/","logo":{"@type":"ImageObject","url":"https:\/\/letrashipnoticas.org\/wp-content\/uploads\/2024\/09\/LogoRetinaPNG.png","@id":"https:\/\/letrashipnoticas.org\/?p=2269\/#organizationLogo","width":544,"height":180},"image":{"@id":"https:\/\/letrashipnoticas.org\/?p=2269\/#organizationLogo"}},{"@type":"Person","@id":"https:\/\/letrashipnoticas.org\/?author=1#author","url":"https:\/\/letrashipnoticas.org\/?author=1","name":"Dr. Arturo David V\u00e1squez Urdiales","image":{"@type":"ImageObject","@id":"https:\/\/letrashipnoticas.org\/?p=2269#authorImage","url":"https:\/\/secure.gravatar.com\/avatar\/1bbc04a2da05a8a25045693b6f4473cec684496aa6385880380b702aa43009f8?s=96&d=mm&r=g","width":96,"height":96,"caption":"Dr. Arturo David V\u00e1squez Urdiales"}},{"@type":"WebPage","@id":"https:\/\/letrashipnoticas.org\/?p=2269#webpage","url":"https:\/\/letrashipnoticas.org\/?p=2269","name":"\u201cBernal D\u00edaz del Castillo o la sombra literaria de Hern\u00e1n Cort\u00e9s\u201d - Letras Hiptn\u00f3ticas","description":"APUNTE DIARIO SOBRE LETRAS HIPN\u00d3TICAS \u201cBernal D\u00edaz del Castillo o la sombra literaria de Hern\u00e1n Cort\u00e9s\u201d Por Arturo V\u00e1squez Urdiales Un 2 de diciembre de 1547, en Castilleja de la Cuesta, cerca de Sevilla, mor\u00eda Hern\u00e1n Cort\u00e9s. No muri\u00f3 en la c\u00faspide del poder, rodeado de estandartes y trompetas; muri\u00f3 m\u00e1s bien como tantos viejos","inLanguage":"es-MX","isPartOf":{"@id":"https:\/\/letrashipnoticas.org\/#website"},"breadcrumb":{"@id":"https:\/\/letrashipnoticas.org\/?p=2269#breadcrumblist"},"author":{"@id":"https:\/\/letrashipnoticas.org\/?author=1#author"},"creator":{"@id":"https:\/\/letrashipnoticas.org\/?author=1#author"},"image":{"@type":"ImageObject","url":"https:\/\/letrashipnoticas.org\/wp-content\/uploads\/2025\/12\/WhatsApp-Image-2025-12-09-at-10.19.47-AM.jpeg","@id":"https:\/\/letrashipnoticas.org\/?p=2269\/#mainImage","width":1080,"height":1082},"primaryImageOfPage":{"@id":"https:\/\/letrashipnoticas.org\/?p=2269#mainImage"},"datePublished":"2025-12-09T16:22:22+00:00","dateModified":"2025-12-09T16:22:28+00:00"},{"@type":"WebSite","@id":"https:\/\/letrashipnoticas.org\/#website","url":"https:\/\/letrashipnoticas.org\/","name":"Letras Hiptn\u00f3ticas","description":"\"Descubre Apunte diario sobre letras hipn\u00f3ticas, un viaje literario envolvente que despierta el alma. Reflexiones profundas, historias cautivadoras y un estilo \u00fanico que hipnotiza en cada palabra.\"","inLanguage":"es-MX","publisher":{"@id":"https:\/\/letrashipnoticas.org\/#organization"}}]},"og:locale":"es_MX","og:site_name":"Letras Hiptn\u00f3ticas - &quot;Descubre Apunte diario sobre letras hipn\u00f3ticas, un viaje literario envolvente que despierta el alma. Reflexiones profundas, historias cautivadoras y un estilo \u00fanico que hipnotiza en cada palabra.&quot; APUNTE DIARIO SOBRE LETRAS HIPN\u00d3TICAS \u201cBernal D\u00edaz del Castillo o la sombra literaria de Hern\u00e1n Cort\u00e9s\u201d Por Arturo V\u00e1squez Urdiales Un 2 de diciembre de 1547, en Castilleja de la Cuesta, cerca de Sevilla, mor\u00eda Hern\u00e1n Cort\u00e9s. No muri\u00f3 en la c\u00faspide del poder, rodeado de estandartes y trompetas; muri\u00f3 m\u00e1s bien como tantos viejos","og:type":"article","og:title":"\u201cBernal D\u00edaz del Castillo o la sombra literaria de Hern\u00e1n Cort\u00e9s\u201d - Letras Hiptn\u00f3ticas","og:description":"APUNTE DIARIO SOBRE LETRAS HIPN\u00d3TICAS \u201cBernal D\u00edaz del Castillo o la sombra literaria de Hern\u00e1n Cort\u00e9s\u201d Por Arturo V\u00e1squez Urdiales Un 2 de diciembre de 1547, en Castilleja de la Cuesta, cerca de Sevilla, mor\u00eda Hern\u00e1n Cort\u00e9s. No muri\u00f3 en la c\u00faspide del poder, rodeado de estandartes y trompetas; muri\u00f3 m\u00e1s bien como tantos viejos","og:url":"https:\/\/letrashipnoticas.org\/?p=2269","og:image":"https:\/\/letrashipnoticas.org\/wp-content\/uploads\/2025\/12\/WhatsApp-Image-2025-12-09-at-10.19.47-AM.jpeg","og:image:secure_url":"https:\/\/letrashipnoticas.org\/wp-content\/uploads\/2025\/12\/WhatsApp-Image-2025-12-09-at-10.19.47-AM.jpeg","og:image:width":1080,"og:image:height":1082,"article:published_time":"2025-12-09T16:22:22+00:00","article:modified_time":"2025-12-09T16:22:28+00:00","twitter:card":"summary_large_image","twitter:title":"\u201cBernal D\u00edaz del Castillo o la sombra literaria de Hern\u00e1n Cort\u00e9s\u201d - Letras Hiptn\u00f3ticas","twitter:description":"APUNTE DIARIO SOBRE LETRAS HIPN\u00d3TICAS \u201cBernal D\u00edaz del Castillo o la sombra literaria de Hern\u00e1n Cort\u00e9s\u201d Por Arturo V\u00e1squez Urdiales Un 2 de diciembre de 1547, en Castilleja de la Cuesta, cerca de Sevilla, mor\u00eda Hern\u00e1n Cort\u00e9s. No muri\u00f3 en la c\u00faspide del poder, rodeado de estandartes y trompetas; muri\u00f3 m\u00e1s bien como tantos viejos","twitter:image":"https:\/\/letrashipnoticas.org\/wp-content\/uploads\/2025\/12\/WhatsApp-Image-2025-12-09-at-10.19.47-AM.jpeg"},"aioseo_meta_data":{"post_id":"2269","title":null,"description":null,"keywords":null,"keyphrases":{"focus":{"keyphrase":"","score":0,"analysis":{"keyphraseInTitle":{"score":0,"maxScore":9,"error":1}}},"additional":[]},"primary_term":null,"canonical_url":null,"og_title":null,"og_description":null,"og_object_type":"default","og_image_type":"default","og_image_url":null,"og_image_width":null,"og_image_height":null,"og_image_custom_url":null,"og_image_custom_fields":null,"og_video":"","og_custom_url":null,"og_article_section":null,"og_article_tags":null,"twitter_use_og":false,"twitter_card":"default","twitter_image_type":"default","twitter_image_url":null,"twitter_image_custom_url":null,"twitter_image_custom_fields":null,"twitter_title":null,"twitter_description":null,"schema":{"blockGraphs":[],"customGraphs":[],"default":{"data":{"Article":[],"Course":[],"Dataset":[],"FAQPage":[],"Movie":[],"Person":[],"Product":[],"ProductReview":[],"Car":[],"Recipe":[],"Service":[],"SoftwareApplication":[],"WebPage":[]},"graphName":"BlogPosting","isEnabled":true},"graphs":[]},"schema_type":"default","schema_type_options":null,"pillar_content":false,"robots_default":true,"robots_noindex":false,"robots_noarchive":false,"robots_nosnippet":false,"robots_nofollow":false,"robots_noimageindex":false,"robots_noodp":false,"robots_notranslate":false,"robots_max_snippet":"-1","robots_max_videopreview":"-1","robots_max_imagepreview":"large","priority":null,"frequency":"default","local_seo":null,"breadcrumb_settings":null,"limit_modified_date":false,"ai":{"faqs":[],"keyPoints":[],"titles":[],"descriptions":[],"socialPosts":{"email":[],"linkedin":[],"twitter":[],"facebook":[],"instagram":[]}},"created":"2025-12-09 16:22:31","updated":"2026-05-10 21:22:42","focus_keyword":null,"additional_keywords":null,"truseo_locale":null,"seo_analyzer_scan_date":null},"aioseo_breadcrumb":"<div class=\"aioseo-breadcrumbs\"><span class=\"aioseo-breadcrumb\">\n\t\t\t<a href=\"https:\/\/letrashipnoticas.org\" title=\"Inicio\">Inicio<\/a>\n\t\t<\/span><span class=\"aioseo-breadcrumb-separator\">&raquo;<\/span><span class=\"aioseo-breadcrumb\">\n\t\t\t<a href=\"https:\/\/letrashipnoticas.org\/?cat=1\" title=\"Las Letras Hipn\u00f3ticas de hoy\">Las Letras Hipn\u00f3ticas de hoy<\/a>\n\t\t<\/span><span class=\"aioseo-breadcrumb-separator\">&raquo;<\/span><span class=\"aioseo-breadcrumb\">\n\t\t\t\u201cBernal D\u00edaz del Castillo o la sombra literaria de Hern\u00e1n Cort\u00e9s\u201d\n\t\t<\/span><\/div>","aioseo_breadcrumb_json":[{"label":"Inicio","link":"https:\/\/letrashipnoticas.org"},{"label":"Las Letras Hipn\u00f3ticas de hoy","link":"https:\/\/letrashipnoticas.org\/?cat=1"},{"label":"\u201cBernal D\u00edaz del Castillo o la sombra literaria de Hern\u00e1n Cort\u00e9s\u201d","link":"https:\/\/letrashipnoticas.org\/?p=2269"}],"_links":{"self":[{"href":"https:\/\/letrashipnoticas.org\/index.php?rest_route=\/wp\/v2\/posts\/2269","targetHints":{"allow":["GET"]}}],"collection":[{"href":"https:\/\/letrashipnoticas.org\/index.php?rest_route=\/wp\/v2\/posts"}],"about":[{"href":"https:\/\/letrashipnoticas.org\/index.php?rest_route=\/wp\/v2\/types\/post"}],"author":[{"embeddable":true,"href":"https:\/\/letrashipnoticas.org\/index.php?rest_route=\/wp\/v2\/users\/1"}],"replies":[{"embeddable":true,"href":"https:\/\/letrashipnoticas.org\/index.php?rest_route=%2Fwp%2Fv2%2Fcomments&post=2269"}],"version-history":[{"count":1,"href":"https:\/\/letrashipnoticas.org\/index.php?rest_route=\/wp\/v2\/posts\/2269\/revisions"}],"predecessor-version":[{"id":2272,"href":"https:\/\/letrashipnoticas.org\/index.php?rest_route=\/wp\/v2\/posts\/2269\/revisions\/2272"}],"wp:featuredmedia":[{"embeddable":true,"href":"https:\/\/letrashipnoticas.org\/index.php?rest_route=\/wp\/v2\/media\/2270"}],"wp:attachment":[{"href":"https:\/\/letrashipnoticas.org\/index.php?rest_route=%2Fwp%2Fv2%2Fmedia&parent=2269"}],"wp:term":[{"taxonomy":"category","embeddable":true,"href":"https:\/\/letrashipnoticas.org\/index.php?rest_route=%2Fwp%2Fv2%2Fcategories&post=2269"},{"taxonomy":"post_tag","embeddable":true,"href":"https:\/\/letrashipnoticas.org\/index.php?rest_route=%2Fwp%2Fv2%2Ftags&post=2269"}],"curies":[{"name":"wp","href":"https:\/\/api.w.org\/{rel}","templated":true}]}}