{"id":2243,"date":"2025-11-24T15:22:51","date_gmt":"2025-11-24T15:22:51","guid":{"rendered":"https:\/\/letrashipnoticas.org\/?p=2243"},"modified":"2025-11-24T15:23:01","modified_gmt":"2025-11-24T15:23:01","slug":"san-junipero-serra-el-fundador-del-camino-el-que-encendio-la-luz-del-norte","status":"publish","type":"post","link":"https:\/\/letrashipnoticas.org\/?p=2243","title":{"rendered":"SAN JUN\u00cdPERO SERRA: EL FUNDADOR DEL CAMINO, EL QUE ENCENDI\u00d3 LA LUZ DEL NORTE."},"content":{"rendered":"\n<p class=\"wp-block-paragraph\">Apunte diario sobre Letras Hipn\u00f3ticas<\/p>\n\n\n\n<p class=\"wp-block-paragraph\">Por Arturo V\u00e1squez Urdiales<\/p>\n\n\n\n<p class=\"wp-block-paragraph\">24 de noviembre<\/p>\n\n\n\n<p class=\"wp-block-paragraph\">SAN JUN\u00cdPERO SERRA: EL FUNDADOR DEL CAMINO, EL QUE ENCENDI\u00d3 LA LUZ DEL NORTE.<\/p>\n\n\n\n<p class=\"wp-block-paragraph\">PADRE ESPIRITUAL Y MATERIAL DE LA ALTA CALIFORNIA.<\/p>\n\n\n\n<p class=\"wp-block-paragraph\">A Jos\u00e9 Ignacio, hoy en su 24 aniversario.<\/p>\n\n\n\n<p class=\"wp-block-paragraph\">I. Mallorca: el primer latido del peregrino.<\/p>\n\n\n\n<p class=\"wp-block-paragraph\">Naci\u00f3 un d\u00eda como hoy, un 24 de noviembre de 1713, en Petra, Mallorca.<\/p>\n\n\n\n<p class=\"wp-block-paragraph\">Un Mallorquino Universal o de Mallorca (Baleares) a Hollywood.<\/p>\n\n\n\n<p class=\"wp-block-paragraph\">La isla lo envolv\u00eda entre piedras rosadas, campos de cebada, olivos que parec\u00edan rezar bajo el viento y un Mediterr\u00e1neo que a veces cantaba y a veces rug\u00eda. Ah\u00ed, donde la luz parece m\u00e1s antigua que el sol, Miguel Josep Serra creci\u00f3 entre la fe campesina de sus padres: Antonio Nadal Serra y Margarita Rosa Ferrer, dos agricultores de manos \u00e1speras y coraz\u00f3n hondo.<\/p>\n\n\n\n<p class=\"wp-block-paragraph\">Ser\u00eda fraile franciscano a los diecis\u00e9is a\u00f1os, dejar\u00eda atr\u00e1s su nombre y tomar\u00eda otro: Jun\u00edpero, como aquel compa\u00f1ero alegre de San Francisco cuya vida era un acto puro de entrega.<\/p>\n\n\n\n<p class=\"wp-block-paragraph\">Y sin embargo, en la historia profunda \u2014esa que no escriben solo las plumas, sino los hilos invisibles del destino\u2014 ya ard\u00eda una llamarada: este joven mallorqu\u00edn no estaba hecho para quedarse entre muros.<br>Ten\u00eda dentro el llamado de las distancias, el deseo de cruzar oc\u00e9anos, el impulso de sembrar en tierras que a\u00fan no lo so\u00f1aban.<\/p>\n\n\n\n<p class=\"wp-block-paragraph\">As\u00ed comenz\u00f3 la vida de un hombre que, dos siglos despu\u00e9s, tendr\u00eda su estatua en Washington, erguida como un puente pol\u00e9mico entre Espa\u00f1a, M\u00e9xico y los Estados Unidos.<\/p>\n\n\n\n<hr class=\"wp-block-separator has-alpha-channel-opacity\"\/>\n\n\n\n<p class=\"wp-block-paragraph\">II. El viaje hacia la Nueva Espa\u00f1a: un salto al vac\u00edo iluminado.<\/p>\n\n\n\n<ol start=\"1749\" class=\"wp-block-list\">\n<li>Jun\u00edpero, ardiente de celo misionero, se embarca rumbo a Veracruz con otros veinte franciscanos.<br>Fue un viaje largo, crudo, plagado de mareas y de ma\u00f1anas donde el horizonte se doblaba como una plegaria. Al pisar el puerto mexicano, no sab\u00eda que acababa de entrar a la historia como quien entra a una catedral sin darse cuenta.<\/li>\n<\/ol>\n\n\n\n<p class=\"wp-block-paragraph\">La Ciudad de M\u00e9xico lo recibe con sus mil olores: humo, ma\u00edz, incienso, herraduras, campanas. Y en ese torbellino encuentra el Colegio de San Fernando, verdadera fragua de misioneros. Ah\u00ed estudia, ah\u00ed madura su misi\u00f3n: evangelizar, ense\u00f1ar, abrir caminos.<\/p>\n\n\n\n<p class=\"wp-block-paragraph\">En 1750, sus pasos lo llevan a las monta\u00f1as abruptas de la Sierra Gorda (Quer\u00e9taro), donde otros franciscanos hab\u00edan sido vencidos por el clima, la soledad y la resistencia de los pueblos originarios. Jun\u00edpero se queda nueve a\u00f1os. Aprende dialectos, cultiva ma\u00edz, cosecha almas, construye templos de piedra y adobe.<\/p>\n\n\n\n<p class=\"wp-block-paragraph\">Y algo m\u00e1s: se endurece.<br>Porque para llegar a donde \u00e9l quer\u00eda llegar \u2014la frontera norte del mundo\u2014 hac\u00eda falta una fe que no supiera de cansancio.<\/p>\n\n\n\n<p class=\"wp-block-paragraph\">III. La expulsi\u00f3n de los jesuitas y el nuevo destino<\/p>\n\n\n\n<p class=\"wp-block-paragraph\">En 1767, Carlos III expulsa a los jesuitas.<br>Las Californias quedan vac\u00edas de misioneros.<br>Un territorio inmenso \u2014poblado por ind\u00edgenas, desierto en apariencia, lleno de caminos secretos y mares peligrosos\u2014 queda sin gu\u00eda espiritual.<\/p>\n\n\n\n<p class=\"wp-block-paragraph\">La corona mira a los franciscanos.<br>Los franciscanos miran a Jun\u00edpero.<br>Y Jun\u00edpero mira al norte, donde la bruma se abre como un libro no le\u00eddo.<\/p>\n\n\n\n<p class=\"wp-block-paragraph\">Con diecis\u00e9is frailes parte desde la Ciudad de M\u00e9xico. Cruzan serran\u00edas, atraviesan tepuzcales, bajan a San Blas, embarcan.<br>Llegan a Loreto, la capital espiritual de la Baja California.<br>Desde ah\u00ed trazan el nuevo mapa del mundo.<\/p>\n\n\n\n<p class=\"wp-block-paragraph\">Hab\u00eda comenzado la obra que lo convertir\u00eda en el padre del sistema misional de Alta California.<\/p>\n\n\n\n<p class=\"wp-block-paragraph\">IV. Los pueblos que se volver\u00edan ciudades<\/p>\n\n\n\n<p class=\"wp-block-paragraph\">Entre 1769 y 1782 fund\u00f3 nueve misiones que m\u00e1s tarde se convertir\u00edan en el coraz\u00f3n de ciudades actuales.<br>Esos nombres \u2014hoy atravesados por avenidas, autopistas, edificios y millones de habitantes\u2014 nacieron primero del sonido de una campana, de un adobe, de un fraile y de un pedazo de tierra labrado por manos ind\u00edgenas:<\/p>\n\n\n\n<p class=\"wp-block-paragraph\">San Diego de Alcal\u00e1 (1769), semilla de la ciudad de San Diego.<\/p>\n\n\n\n<p class=\"wp-block-paragraph\">San Carlos Borromeo de Carmelo (1770), en el hoy Carmel.<\/p>\n\n\n\n<p class=\"wp-block-paragraph\">San Antonio de Padua (1771).<\/p>\n\n\n\n<p class=\"wp-block-paragraph\">San Gabriel Arc\u00e1ngel (1771), n\u00facleo primigenio del actual Los \u00c1ngeles.<\/p>\n\n\n\n<p class=\"wp-block-paragraph\">San Luis Obispo de Tolosa (1772).<\/p>\n\n\n\n<p class=\"wp-block-paragraph\">San Francisco de As\u00eds (1776). Hoy ciudad de San Francisco y su gran bah\u00eda.<\/p>\n\n\n\n<p class=\"wp-block-paragraph\">San Juan Capistrano (1776).<\/p>\n\n\n\n<p class=\"wp-block-paragraph\">Santa Clara de As\u00eds (1777).<\/p>\n\n\n\n<p class=\"wp-block-paragraph\">San Buenaventura (1782).<\/p>\n\n\n\n<p class=\"wp-block-paragraph\">\u00bfFund\u00f3 Los \u00c1ngeles?<br>No como ciudad moderna. Pero fund\u00f3 la misi\u00f3n que fue el germen del asentamiento que, con el tiempo, se transformar\u00eda en la megal\u00f3polis angelina.<br>Serra es, pues, \u201cfundador espiritual y estructural\u201d del tejido urbano californiano.<\/p>\n\n\n\n<p class=\"wp-block-paragraph\">V. Washington: la estatua y la grieta<\/p>\n\n\n\n<p class=\"wp-block-paragraph\">\u00bfPor qu\u00e9 su estatua est\u00e1 en Washington, en el Capitolio de los Estados Unidos?<\/p>\n\n\n\n<p class=\"wp-block-paragraph\">Porque California lo eligi\u00f3 en 1931 para ser uno de sus dos representantes en el National Statuary Hall.<br>Porque la narrativa estadounidense del siglo XX lo ve\u00eda como s\u00edmbolo del \u201corigen europeo de California\u201d.<br>Porque su imagen encarnaba \u2014en la mirada norteamericana\u2014 la fe, la expansi\u00f3n, el sacrificio.<\/p>\n\n\n\n<p class=\"wp-block-paragraph\">Pero con el siglo XXI llegaron nuevas voces.<br>Donde unos ven un santo y fundador, otros ven al representante de un sistema que quebr\u00f3 culturas ind\u00edgenas, someti\u00f3 lenguas y extingui\u00f3 pueblos enteros.<br>La estatua se volvi\u00f3 un espejo roto donde cada fragmento muestra una verdad distinta.<\/p>\n\n\n\n<h2 class=\"wp-block-heading\">Como todo personaje hist\u00f3rico profundo, Jun\u00edpero Serra habita entre la luz y la herida.<\/h2>\n\n\n\n<p class=\"wp-block-paragraph\">VI. El fraile que caminaba descalzo<\/p>\n\n\n\n<p class=\"wp-block-paragraph\">Lo que nadie discute es su determinaci\u00f3n.<br>Caminaba descalzo hasta sangrar. Se negaba a viajar a caballo cuando pod\u00eda caminar.<br>Le\u00eda filosof\u00eda.<br>Ense\u00f1aba gram\u00e1tica.<br>Sab\u00eda cultivar y sab\u00eda rezar.<br>Sab\u00eda convencer, sab\u00eda mandar, sab\u00eda resistir.<\/p>\n\n\n\n<p class=\"wp-block-paragraph\">En la Alta California fue fraile, gobernador espiritual, agr\u00f3nomo, juez moral, constructor, catequista y, a veces, hombre de bruma que intentaba equilibrar un mundo que nac\u00eda entre espinas.<\/p>\n\n\n\n<p class=\"wp-block-paragraph\">VII. El ocaso: una tumba frente al mar<\/p>\n\n\n\n<p class=\"wp-block-paragraph\">Muri\u00f3 el 28 de agosto de 1784, de tuberculosis, en la Misi\u00f3n de San Carlos Borromeo.<br>Ah\u00ed descansa.<br>Ah\u00ed donde la neblina abraza los cipreses y el Pac\u00edfico ruge con la fuerza de un dios antiguo.<\/p>\n\n\n\n<h2 class=\"wp-block-heading\">Su tumba es sencilla: tan sencilla como no lo fue su legado.<\/h2>\n\n\n\n<p class=\"wp-block-paragraph\">VIII. Ep\u00edlogo hipn\u00f3tico: el hombre, el tiempo y la sombra<\/p>\n\n\n\n<p class=\"wp-block-paragraph\">Hoy, al recordarlo el 24 de noviembre, el mundo nos pide algo m\u00e1s que un homenaje:<br>nos exige una mirada completa.<\/p>\n\n\n\n<p class=\"wp-block-paragraph\">Porque la historia no es un \u00f3leo perfecto.<br>La historia es fuego y ceniza.<br>Es creaci\u00f3n y p\u00e9rdida.<br>Es un fraile mallorqu\u00edn ense\u00f1ando a cultivar trigo<br>y un ni\u00f1o ind\u00edgena que pierde su lengua para siempre.<br>Es la misi\u00f3n que florece<br>y la cultura que se desvanece.<br>Es la estatua que se levanta<br>y la estatua que cae.<\/p>\n\n\n\n<p class=\"wp-block-paragraph\">Y aun as\u00ed, en lo alto de la noche, como estrella que no se apaga, resuena su frase:<\/p>\n\n\n\n<p class=\"wp-block-paragraph\">\u201cSiempre adelante, nunca atr\u00e1s.\u201d<\/p>\n\n\n\n<p class=\"wp-block-paragraph\">Que sea esa frase la br\u00fajula de este Apunte diario sobre Letras Hipn\u00f3ticas:<br>avanzar, s\u00ed, pero sin olvidar.<br>Caminar, s\u00ed, pero mirando las huellas.<br>Seguir, s\u00ed, pero sin cerrar los ojos ante el polvo que levantan nuestros pasos.<\/p>\n\n\n\n<p class=\"wp-block-paragraph\">URDIALES Zuazubiskar fundaci\u00f3n de letras hipn\u00f3ticas AC quienes le invitamos a compartir esta columna y desarrollar un mundo mejor llenitito de buenos lectores, agradezco mucho su atenci\u00f3n.\u00a9\ufe0f\u00ae\ufe0f<\/p>\n\n\n\n<figure class=\"wp-block-gallery has-nested-images columns-default is-cropped wp-block-gallery-1 is-layout-flex wp-block-gallery-is-layout-flex\">\n<figure class=\"wp-block-image size-large\"><img loading=\"lazy\" decoding=\"async\" width=\"676\" height=\"1024\" data-id=\"2245\" src=\"https:\/\/letrashipnoticas.org\/wp-content\/uploads\/2025\/11\/WhatsApp-Image-2025-11-24-at-9.09.19-AM-676x1024.jpeg\" alt=\"\" class=\"wp-image-2245\" srcset=\"https:\/\/letrashipnoticas.org\/wp-content\/uploads\/2025\/11\/WhatsApp-Image-2025-11-24-at-9.09.19-AM-676x1024.jpeg 676w, https:\/\/letrashipnoticas.org\/wp-content\/uploads\/2025\/11\/WhatsApp-Image-2025-11-24-at-9.09.19-AM-198x300.jpeg 198w, https:\/\/letrashipnoticas.org\/wp-content\/uploads\/2025\/11\/WhatsApp-Image-2025-11-24-at-9.09.19-AM-768x1164.jpeg 768w, https:\/\/letrashipnoticas.org\/wp-content\/uploads\/2025\/11\/WhatsApp-Image-2025-11-24-at-9.09.19-AM-1013x1536.jpeg 1013w, https:\/\/letrashipnoticas.org\/wp-content\/uploads\/2025\/11\/WhatsApp-Image-2025-11-24-at-9.09.19-AM-277x420.jpeg 277w, https:\/\/letrashipnoticas.org\/wp-content\/uploads\/2025\/11\/WhatsApp-Image-2025-11-24-at-9.09.19-AM-150x227.jpeg 150w, https:\/\/letrashipnoticas.org\/wp-content\/uploads\/2025\/11\/WhatsApp-Image-2025-11-24-at-9.09.19-AM-300x455.jpeg 300w, https:\/\/letrashipnoticas.org\/wp-content\/uploads\/2025\/11\/WhatsApp-Image-2025-11-24-at-9.09.19-AM-696x1055.jpeg 696w, https:\/\/letrashipnoticas.org\/wp-content\/uploads\/2025\/11\/WhatsApp-Image-2025-11-24-at-9.09.19-AM.jpeg 1055w\" sizes=\"auto, (max-width: 676px) 100vw, 676px\" \/><\/figure>\n<\/figure>\n","protected":false},"excerpt":{"rendered":"<p>Apunte diario sobre Letras Hipn\u00f3ticas Por Arturo V\u00e1squez Urdiales 24 de noviembre SAN JUN\u00cdPERO SERRA: EL FUNDADOR DEL CAMINO, EL QUE ENCENDI\u00d3 LA LUZ DEL NORTE. PADRE ESPIRITUAL Y MATERIAL DE LA ALTA CALIFORNIA. A Jos\u00e9 Ignacio, hoy en su 24 aniversario. I. Mallorca: el primer latido del peregrino. Naci\u00f3 un d\u00eda como hoy, un [&hellip;]<\/p>\n","protected":false},"author":1,"featured_media":2244,"comment_status":"open","ping_status":"open","sticky":false,"template":"","format":"standard","meta":{"om_disable_all_campaigns":false,"_monsterinsights_skip_tracking":false,"footnotes":""},"categories":[1],"tags":[],"class_list":["post-2243","post","type-post","status-publish","format-standard","has-post-thumbnail","category-general"],"aioseo_notices":[],"aioseo_head":"\n\t\t<!-- All in One SEO 5.0.0.1 - aioseo.com -->\n\t<meta name=\"description\" content=\"Apunte diario sobre Letras Hipn\u00f3ticas Por Arturo V\u00e1squez Urdiales 24 de noviembre SAN JUN\u00cdPERO SERRA: EL FUNDADOR DEL CAMINO, EL QUE ENCENDI\u00d3 LA LUZ DEL NORTE. PADRE ESPIRITUAL Y MATERIAL DE LA ALTA CALIFORNIA. A Jos\u00e9 Ignacio, hoy en su 24 aniversario. I. Mallorca: el primer latido del peregrino. Naci\u00f3 un d\u00eda como hoy, un\" \/>\n\t<meta name=\"robots\" content=\"max-image-preview:large\" \/>\n\t<meta name=\"author\" content=\"Dr. Arturo David V\u00e1squez Urdiales\"\/>\n\t<meta name=\"google-site-verification\" content=\"w1V7bRCSYMeOZjzLwWS_W8_n8jd94Z38sletBUa-LV0\" \/>\n\t<link rel=\"canonical\" href=\"https:\/\/letrashipnoticas.org\/?p=2243\" \/>\n\t<meta name=\"generator\" content=\"All in One SEO (AIOSEO) 5.0.0.1\" \/>\n\t\t<meta property=\"og:locale\" content=\"es_MX\" \/>\n\t\t<meta property=\"og:site_name\" content=\"Letras Hiptn\u00f3ticas - &quot;Descubre Apunte diario sobre letras hipn\u00f3ticas, un viaje literario envolvente que despierta el alma. Reflexiones profundas, historias cautivadoras y un estilo \u00fanico que hipnotiza en cada palabra.&quot; Apunte diario sobre Letras Hipn\u00f3ticas Por Arturo V\u00e1squez Urdiales 24 de noviembre SAN JUN\u00cdPERO SERRA: EL FUNDADOR DEL CAMINO, EL QUE ENCENDI\u00d3 LA LUZ DEL NORTE. PADRE ESPIRITUAL Y MATERIAL DE LA ALTA CALIFORNIA. A Jos\u00e9 Ignacio, hoy en su 24 aniversario. I. Mallorca: el primer latido del peregrino. Naci\u00f3 un d\u00eda como hoy, un\" \/>\n\t\t<meta property=\"og:type\" content=\"article\" \/>\n\t\t<meta property=\"og:title\" content=\"SAN JUN\u00cdPERO SERRA: EL FUNDADOR DEL CAMINO, EL QUE ENCENDI\u00d3 LA LUZ DEL NORTE. - Letras Hiptn\u00f3ticas\" \/>\n\t\t<meta property=\"og:description\" content=\"Apunte diario sobre Letras Hipn\u00f3ticas Por Arturo V\u00e1squez Urdiales 24 de noviembre SAN JUN\u00cdPERO SERRA: EL FUNDADOR DEL CAMINO, EL QUE ENCENDI\u00d3 LA LUZ DEL NORTE. PADRE ESPIRITUAL Y MATERIAL DE LA ALTA CALIFORNIA. A Jos\u00e9 Ignacio, hoy en su 24 aniversario. I. Mallorca: el primer latido del peregrino. Naci\u00f3 un d\u00eda como hoy, un\" \/>\n\t\t<meta property=\"og:url\" content=\"https:\/\/letrashipnoticas.org\/?p=2243\" \/>\n\t\t<meta property=\"og:image\" content=\"https:\/\/letrashipnoticas.org\/wp-content\/uploads\/2025\/11\/WhatsApp-Image-2025-11-24-at-9.09.18-AM.jpeg\" \/>\n\t\t<meta property=\"og:image:secure_url\" content=\"https:\/\/letrashipnoticas.org\/wp-content\/uploads\/2025\/11\/WhatsApp-Image-2025-11-24-at-9.09.18-AM.jpeg\" \/>\n\t\t<meta property=\"og:image:width\" content=\"1080\" \/>\n\t\t<meta property=\"og:image:height\" content=\"960\" \/>\n\t\t<meta property=\"article:published_time\" content=\"2025-11-24T15:22:51+00:00\" \/>\n\t\t<meta property=\"article:modified_time\" content=\"2025-11-24T15:23:01+00:00\" \/>\n\t\t<meta name=\"twitter:card\" content=\"summary_large_image\" \/>\n\t\t<meta name=\"twitter:title\" content=\"SAN JUN\u00cdPERO SERRA: EL FUNDADOR DEL CAMINO, EL QUE ENCENDI\u00d3 LA LUZ DEL NORTE. - Letras Hiptn\u00f3ticas\" \/>\n\t\t<meta name=\"twitter:description\" content=\"Apunte diario sobre Letras Hipn\u00f3ticas Por Arturo V\u00e1squez Urdiales 24 de noviembre SAN JUN\u00cdPERO SERRA: EL FUNDADOR DEL CAMINO, EL QUE ENCENDI\u00d3 LA LUZ DEL NORTE. PADRE ESPIRITUAL Y MATERIAL DE LA ALTA CALIFORNIA. A Jos\u00e9 Ignacio, hoy en su 24 aniversario. I. Mallorca: el primer latido del peregrino. Naci\u00f3 un d\u00eda como hoy, un\" \/>\n\t\t<meta name=\"twitter:image\" content=\"https:\/\/letrashipnoticas.org\/wp-content\/uploads\/2025\/11\/WhatsApp-Image-2025-11-24-at-9.09.18-AM.jpeg\" \/>\n\t\t<script type=\"application\/ld+json\" class=\"aioseo-schema\">\n\t\t\t{\"@context\":\"https:\\\/\\\/schema.org\",\"@graph\":[{\"@type\":\"BlogPosting\",\"@id\":\"https:\\\/\\\/letrashipnoticas.org\\\/?p=2243#blogposting\",\"name\":\"SAN JUN\\u00cdPERO SERRA: EL FUNDADOR DEL CAMINO, EL QUE ENCENDI\\u00d3 LA LUZ DEL NORTE. - Letras Hiptn\\u00f3ticas\",\"headline\":\"SAN JUN\\u00cdPERO SERRA: EL FUNDADOR DEL CAMINO, EL QUE ENCENDI\\u00d3 LA LUZ DEL NORTE.\",\"author\":{\"@id\":\"https:\\\/\\\/letrashipnoticas.org\\\/?author=1#author\"},\"publisher\":{\"@id\":\"https:\\\/\\\/letrashipnoticas.org\\\/#organization\"},\"image\":{\"@type\":\"ImageObject\",\"url\":\"https:\\\/\\\/letrashipnoticas.org\\\/wp-content\\\/uploads\\\/2025\\\/11\\\/WhatsApp-Image-2025-11-24-at-9.09.18-AM.jpeg\",\"width\":1080,\"height\":960},\"datePublished\":\"2025-11-24T15:22:51+00:00\",\"dateModified\":\"2025-11-24T15:23:01+00:00\",\"inLanguage\":\"es-MX\",\"mainEntityOfPage\":{\"@id\":\"https:\\\/\\\/letrashipnoticas.org\\\/?p=2243#webpage\"},\"isPartOf\":{\"@id\":\"https:\\\/\\\/letrashipnoticas.org\\\/?p=2243#webpage\"},\"articleSection\":\"Las Letras Hipn\\u00f3ticas de hoy\"},{\"@type\":\"BreadcrumbList\",\"@id\":\"https:\\\/\\\/letrashipnoticas.org\\\/?p=2243#breadcrumblist\",\"itemListElement\":[{\"@type\":\"ListItem\",\"@id\":\"https:\\\/\\\/letrashipnoticas.org#listItem\",\"position\":1,\"name\":\"Inicio\",\"item\":\"https:\\\/\\\/letrashipnoticas.org\",\"nextItem\":{\"@type\":\"ListItem\",\"@id\":\"https:\\\/\\\/letrashipnoticas.org\\\/?cat=1#listItem\",\"name\":\"Las Letras Hipn\\u00f3ticas de hoy\"}},{\"@type\":\"ListItem\",\"@id\":\"https:\\\/\\\/letrashipnoticas.org\\\/?cat=1#listItem\",\"position\":2,\"name\":\"Las Letras Hipn\\u00f3ticas de hoy\",\"item\":\"https:\\\/\\\/letrashipnoticas.org\\\/?cat=1\",\"nextItem\":{\"@type\":\"ListItem\",\"@id\":\"https:\\\/\\\/letrashipnoticas.org\\\/?p=2243#listItem\",\"name\":\"SAN JUN\\u00cdPERO SERRA: EL FUNDADOR DEL CAMINO, EL QUE ENCENDI\\u00d3 LA LUZ DEL NORTE.\"},\"previousItem\":{\"@type\":\"ListItem\",\"@id\":\"https:\\\/\\\/letrashipnoticas.org#listItem\",\"name\":\"Inicio\"}},{\"@type\":\"ListItem\",\"@id\":\"https:\\\/\\\/letrashipnoticas.org\\\/?p=2243#listItem\",\"position\":3,\"name\":\"SAN JUN\\u00cdPERO SERRA: EL FUNDADOR DEL CAMINO, EL QUE ENCENDI\\u00d3 LA LUZ DEL NORTE.\",\"previousItem\":{\"@type\":\"ListItem\",\"@id\":\"https:\\\/\\\/letrashipnoticas.org\\\/?cat=1#listItem\",\"name\":\"Las Letras Hipn\\u00f3ticas de hoy\"}}]},{\"@type\":\"Organization\",\"@id\":\"https:\\\/\\\/letrashipnoticas.org\\\/#organization\",\"name\":\"Letras Hiptn\\u00f3ticas\",\"description\":\"\\\"Descubre Apunte diario sobre letras hipn\\u00f3ticas, un viaje literario envolvente que despierta el alma. Reflexiones profundas, historias cautivadoras y un estilo \\u00fanico que hipnotiza en cada palabra.\\\"\",\"url\":\"https:\\\/\\\/letrashipnoticas.org\\\/\",\"logo\":{\"@type\":\"ImageObject\",\"url\":\"https:\\\/\\\/letrashipnoticas.org\\\/wp-content\\\/uploads\\\/2024\\\/09\\\/LogoRetinaPNG.png\",\"@id\":\"https:\\\/\\\/letrashipnoticas.org\\\/?p=2243\\\/#organizationLogo\",\"width\":544,\"height\":180},\"image\":{\"@id\":\"https:\\\/\\\/letrashipnoticas.org\\\/?p=2243\\\/#organizationLogo\"}},{\"@type\":\"Person\",\"@id\":\"https:\\\/\\\/letrashipnoticas.org\\\/?author=1#author\",\"url\":\"https:\\\/\\\/letrashipnoticas.org\\\/?author=1\",\"name\":\"Dr. Arturo David V\\u00e1squez Urdiales\",\"image\":{\"@type\":\"ImageObject\",\"@id\":\"https:\\\/\\\/letrashipnoticas.org\\\/?p=2243#authorImage\",\"url\":\"https:\\\/\\\/secure.gravatar.com\\\/avatar\\\/1bbc04a2da05a8a25045693b6f4473cec684496aa6385880380b702aa43009f8?s=96&d=mm&r=g\",\"width\":96,\"height\":96,\"caption\":\"Dr. Arturo David V\\u00e1squez Urdiales\"}},{\"@type\":\"WebPage\",\"@id\":\"https:\\\/\\\/letrashipnoticas.org\\\/?p=2243#webpage\",\"url\":\"https:\\\/\\\/letrashipnoticas.org\\\/?p=2243\",\"name\":\"SAN JUN\\u00cdPERO SERRA: EL FUNDADOR DEL CAMINO, EL QUE ENCENDI\\u00d3 LA LUZ DEL NORTE. - Letras Hiptn\\u00f3ticas\",\"description\":\"Apunte diario sobre Letras Hipn\\u00f3ticas Por Arturo V\\u00e1squez Urdiales 24 de noviembre SAN JUN\\u00cdPERO SERRA: EL FUNDADOR DEL CAMINO, EL QUE ENCENDI\\u00d3 LA LUZ DEL NORTE. PADRE ESPIRITUAL Y MATERIAL DE LA ALTA CALIFORNIA. A Jos\\u00e9 Ignacio, hoy en su 24 aniversario. I. Mallorca: el primer latido del peregrino. Naci\\u00f3 un d\\u00eda como hoy, un\",\"inLanguage\":\"es-MX\",\"isPartOf\":{\"@id\":\"https:\\\/\\\/letrashipnoticas.org\\\/#website\"},\"breadcrumb\":{\"@id\":\"https:\\\/\\\/letrashipnoticas.org\\\/?p=2243#breadcrumblist\"},\"author\":{\"@id\":\"https:\\\/\\\/letrashipnoticas.org\\\/?author=1#author\"},\"creator\":{\"@id\":\"https:\\\/\\\/letrashipnoticas.org\\\/?author=1#author\"},\"image\":{\"@type\":\"ImageObject\",\"url\":\"https:\\\/\\\/letrashipnoticas.org\\\/wp-content\\\/uploads\\\/2025\\\/11\\\/WhatsApp-Image-2025-11-24-at-9.09.18-AM.jpeg\",\"@id\":\"https:\\\/\\\/letrashipnoticas.org\\\/?p=2243\\\/#mainImage\",\"width\":1080,\"height\":960},\"primaryImageOfPage\":{\"@id\":\"https:\\\/\\\/letrashipnoticas.org\\\/?p=2243#mainImage\"},\"datePublished\":\"2025-11-24T15:22:51+00:00\",\"dateModified\":\"2025-11-24T15:23:01+00:00\"},{\"@type\":\"WebSite\",\"@id\":\"https:\\\/\\\/letrashipnoticas.org\\\/#website\",\"url\":\"https:\\\/\\\/letrashipnoticas.org\\\/\",\"name\":\"Letras Hiptn\\u00f3ticas\",\"description\":\"\\\"Descubre Apunte diario sobre letras hipn\\u00f3ticas, un viaje literario envolvente que despierta el alma. Reflexiones profundas, historias cautivadoras y un estilo \\u00fanico que hipnotiza en cada palabra.\\\"\",\"inLanguage\":\"es-MX\",\"publisher\":{\"@id\":\"https:\\\/\\\/letrashipnoticas.org\\\/#organization\"}}]}\n\t\t<\/script>\n\t\t<!-- All in One SEO -->\n\n","aioseo_head_json":{"title":"SAN JUN\u00cdPERO SERRA: EL FUNDADOR DEL CAMINO, EL QUE ENCENDI\u00d3 LA LUZ DEL NORTE. - Letras Hiptn\u00f3ticas","description":"Apunte diario sobre Letras Hipn\u00f3ticas Por Arturo V\u00e1squez Urdiales 24 de noviembre SAN JUN\u00cdPERO SERRA: EL FUNDADOR DEL CAMINO, EL QUE ENCENDI\u00d3 LA LUZ DEL NORTE. PADRE ESPIRITUAL Y MATERIAL DE LA ALTA CALIFORNIA. A Jos\u00e9 Ignacio, hoy en su 24 aniversario. I. Mallorca: el primer latido del peregrino. Naci\u00f3 un d\u00eda como hoy, un","canonical_url":"https:\/\/letrashipnoticas.org\/?p=2243","robots":"max-image-preview:large","keywords":"","webmasterTools":{"google-site-verification":"w1V7bRCSYMeOZjzLwWS_W8_n8jd94Z38sletBUa-LV0","miscellaneous":""},"schema":{"@context":"https:\/\/schema.org","@graph":[{"@type":"BlogPosting","@id":"https:\/\/letrashipnoticas.org\/?p=2243#blogposting","name":"SAN JUN\u00cdPERO SERRA: EL FUNDADOR DEL CAMINO, EL QUE ENCENDI\u00d3 LA LUZ DEL NORTE. - Letras Hiptn\u00f3ticas","headline":"SAN JUN\u00cdPERO SERRA: EL FUNDADOR DEL CAMINO, EL QUE ENCENDI\u00d3 LA LUZ DEL NORTE.","author":{"@id":"https:\/\/letrashipnoticas.org\/?author=1#author"},"publisher":{"@id":"https:\/\/letrashipnoticas.org\/#organization"},"image":{"@type":"ImageObject","url":"https:\/\/letrashipnoticas.org\/wp-content\/uploads\/2025\/11\/WhatsApp-Image-2025-11-24-at-9.09.18-AM.jpeg","width":1080,"height":960},"datePublished":"2025-11-24T15:22:51+00:00","dateModified":"2025-11-24T15:23:01+00:00","inLanguage":"es-MX","mainEntityOfPage":{"@id":"https:\/\/letrashipnoticas.org\/?p=2243#webpage"},"isPartOf":{"@id":"https:\/\/letrashipnoticas.org\/?p=2243#webpage"},"articleSection":"Las Letras Hipn\u00f3ticas de hoy"},{"@type":"BreadcrumbList","@id":"https:\/\/letrashipnoticas.org\/?p=2243#breadcrumblist","itemListElement":[{"@type":"ListItem","@id":"https:\/\/letrashipnoticas.org#listItem","position":1,"name":"Inicio","item":"https:\/\/letrashipnoticas.org","nextItem":{"@type":"ListItem","@id":"https:\/\/letrashipnoticas.org\/?cat=1#listItem","name":"Las Letras Hipn\u00f3ticas de hoy"}},{"@type":"ListItem","@id":"https:\/\/letrashipnoticas.org\/?cat=1#listItem","position":2,"name":"Las Letras Hipn\u00f3ticas de hoy","item":"https:\/\/letrashipnoticas.org\/?cat=1","nextItem":{"@type":"ListItem","@id":"https:\/\/letrashipnoticas.org\/?p=2243#listItem","name":"SAN JUN\u00cdPERO SERRA: EL FUNDADOR DEL CAMINO, EL QUE ENCENDI\u00d3 LA LUZ DEL NORTE."},"previousItem":{"@type":"ListItem","@id":"https:\/\/letrashipnoticas.org#listItem","name":"Inicio"}},{"@type":"ListItem","@id":"https:\/\/letrashipnoticas.org\/?p=2243#listItem","position":3,"name":"SAN JUN\u00cdPERO SERRA: EL FUNDADOR DEL CAMINO, EL QUE ENCENDI\u00d3 LA LUZ DEL NORTE.","previousItem":{"@type":"ListItem","@id":"https:\/\/letrashipnoticas.org\/?cat=1#listItem","name":"Las Letras Hipn\u00f3ticas de hoy"}}]},{"@type":"Organization","@id":"https:\/\/letrashipnoticas.org\/#organization","name":"Letras Hiptn\u00f3ticas","description":"\"Descubre Apunte diario sobre letras hipn\u00f3ticas, un viaje literario envolvente que despierta el alma. Reflexiones profundas, historias cautivadoras y un estilo \u00fanico que hipnotiza en cada palabra.\"","url":"https:\/\/letrashipnoticas.org\/","logo":{"@type":"ImageObject","url":"https:\/\/letrashipnoticas.org\/wp-content\/uploads\/2024\/09\/LogoRetinaPNG.png","@id":"https:\/\/letrashipnoticas.org\/?p=2243\/#organizationLogo","width":544,"height":180},"image":{"@id":"https:\/\/letrashipnoticas.org\/?p=2243\/#organizationLogo"}},{"@type":"Person","@id":"https:\/\/letrashipnoticas.org\/?author=1#author","url":"https:\/\/letrashipnoticas.org\/?author=1","name":"Dr. Arturo David V\u00e1squez Urdiales","image":{"@type":"ImageObject","@id":"https:\/\/letrashipnoticas.org\/?p=2243#authorImage","url":"https:\/\/secure.gravatar.com\/avatar\/1bbc04a2da05a8a25045693b6f4473cec684496aa6385880380b702aa43009f8?s=96&d=mm&r=g","width":96,"height":96,"caption":"Dr. Arturo David V\u00e1squez Urdiales"}},{"@type":"WebPage","@id":"https:\/\/letrashipnoticas.org\/?p=2243#webpage","url":"https:\/\/letrashipnoticas.org\/?p=2243","name":"SAN JUN\u00cdPERO SERRA: EL FUNDADOR DEL CAMINO, EL QUE ENCENDI\u00d3 LA LUZ DEL NORTE. - Letras Hiptn\u00f3ticas","description":"Apunte diario sobre Letras Hipn\u00f3ticas Por Arturo V\u00e1squez Urdiales 24 de noviembre SAN JUN\u00cdPERO SERRA: EL FUNDADOR DEL CAMINO, EL QUE ENCENDI\u00d3 LA LUZ DEL NORTE. PADRE ESPIRITUAL Y MATERIAL DE LA ALTA CALIFORNIA. A Jos\u00e9 Ignacio, hoy en su 24 aniversario. I. Mallorca: el primer latido del peregrino. Naci\u00f3 un d\u00eda como hoy, un","inLanguage":"es-MX","isPartOf":{"@id":"https:\/\/letrashipnoticas.org\/#website"},"breadcrumb":{"@id":"https:\/\/letrashipnoticas.org\/?p=2243#breadcrumblist"},"author":{"@id":"https:\/\/letrashipnoticas.org\/?author=1#author"},"creator":{"@id":"https:\/\/letrashipnoticas.org\/?author=1#author"},"image":{"@type":"ImageObject","url":"https:\/\/letrashipnoticas.org\/wp-content\/uploads\/2025\/11\/WhatsApp-Image-2025-11-24-at-9.09.18-AM.jpeg","@id":"https:\/\/letrashipnoticas.org\/?p=2243\/#mainImage","width":1080,"height":960},"primaryImageOfPage":{"@id":"https:\/\/letrashipnoticas.org\/?p=2243#mainImage"},"datePublished":"2025-11-24T15:22:51+00:00","dateModified":"2025-11-24T15:23:01+00:00"},{"@type":"WebSite","@id":"https:\/\/letrashipnoticas.org\/#website","url":"https:\/\/letrashipnoticas.org\/","name":"Letras Hiptn\u00f3ticas","description":"\"Descubre Apunte diario sobre letras hipn\u00f3ticas, un viaje literario envolvente que despierta el alma. Reflexiones profundas, historias cautivadoras y un estilo \u00fanico que hipnotiza en cada palabra.\"","inLanguage":"es-MX","publisher":{"@id":"https:\/\/letrashipnoticas.org\/#organization"}}]},"og:locale":"es_MX","og:site_name":"Letras Hiptn\u00f3ticas - &quot;Descubre Apunte diario sobre letras hipn\u00f3ticas, un viaje literario envolvente que despierta el alma. Reflexiones profundas, historias cautivadoras y un estilo \u00fanico que hipnotiza en cada palabra.&quot; Apunte diario sobre Letras Hipn\u00f3ticas Por Arturo V\u00e1squez Urdiales 24 de noviembre SAN JUN\u00cdPERO SERRA: EL FUNDADOR DEL CAMINO, EL QUE ENCENDI\u00d3 LA LUZ DEL NORTE. PADRE ESPIRITUAL Y MATERIAL DE LA ALTA CALIFORNIA. A Jos\u00e9 Ignacio, hoy en su 24 aniversario. I. Mallorca: el primer latido del peregrino. Naci\u00f3 un d\u00eda como hoy, un","og:type":"article","og:title":"SAN JUN\u00cdPERO SERRA: EL FUNDADOR DEL CAMINO, EL QUE ENCENDI\u00d3 LA LUZ DEL NORTE. - Letras Hiptn\u00f3ticas","og:description":"Apunte diario sobre Letras Hipn\u00f3ticas Por Arturo V\u00e1squez Urdiales 24 de noviembre SAN JUN\u00cdPERO SERRA: EL FUNDADOR DEL CAMINO, EL QUE ENCENDI\u00d3 LA LUZ DEL NORTE. PADRE ESPIRITUAL Y MATERIAL DE LA ALTA CALIFORNIA. A Jos\u00e9 Ignacio, hoy en su 24 aniversario. I. Mallorca: el primer latido del peregrino. Naci\u00f3 un d\u00eda como hoy, un","og:url":"https:\/\/letrashipnoticas.org\/?p=2243","og:image":"https:\/\/letrashipnoticas.org\/wp-content\/uploads\/2025\/11\/WhatsApp-Image-2025-11-24-at-9.09.18-AM.jpeg","og:image:secure_url":"https:\/\/letrashipnoticas.org\/wp-content\/uploads\/2025\/11\/WhatsApp-Image-2025-11-24-at-9.09.18-AM.jpeg","og:image:width":1080,"og:image:height":960,"article:published_time":"2025-11-24T15:22:51+00:00","article:modified_time":"2025-11-24T15:23:01+00:00","twitter:card":"summary_large_image","twitter:title":"SAN JUN\u00cdPERO SERRA: EL FUNDADOR DEL CAMINO, EL QUE ENCENDI\u00d3 LA LUZ DEL NORTE. - Letras Hiptn\u00f3ticas","twitter:description":"Apunte diario sobre Letras Hipn\u00f3ticas Por Arturo V\u00e1squez Urdiales 24 de noviembre SAN JUN\u00cdPERO SERRA: EL FUNDADOR DEL CAMINO, EL QUE ENCENDI\u00d3 LA LUZ DEL NORTE. PADRE ESPIRITUAL Y MATERIAL DE LA ALTA CALIFORNIA. A Jos\u00e9 Ignacio, hoy en su 24 aniversario. I. Mallorca: el primer latido del peregrino. Naci\u00f3 un d\u00eda como hoy, un","twitter:image":"https:\/\/letrashipnoticas.org\/wp-content\/uploads\/2025\/11\/WhatsApp-Image-2025-11-24-at-9.09.18-AM.jpeg"},"aioseo_meta_data":{"post_id":"2243","title":null,"description":null,"keywords":null,"keyphrases":{"focus":{"keyphrase":"","score":0,"analysis":{"keyphraseInTitle":{"score":0,"maxScore":9,"error":1}}},"additional":[]},"primary_term":null,"canonical_url":null,"og_title":null,"og_description":null,"og_object_type":"default","og_image_type":"default","og_image_url":null,"og_image_width":null,"og_image_height":null,"og_image_custom_url":null,"og_image_custom_fields":null,"og_video":"","og_custom_url":null,"og_article_section":null,"og_article_tags":null,"twitter_use_og":false,"twitter_card":"default","twitter_image_type":"default","twitter_image_url":null,"twitter_image_custom_url":null,"twitter_image_custom_fields":null,"twitter_title":null,"twitter_description":null,"schema":{"blockGraphs":[],"customGraphs":[],"default":{"data":{"Article":[],"Course":[],"Dataset":[],"FAQPage":[],"Movie":[],"Person":[],"Product":[],"ProductReview":[],"Car":[],"Recipe":[],"Service":[],"SoftwareApplication":[],"WebPage":[]},"graphName":"BlogPosting","isEnabled":true},"graphs":[]},"schema_type":"default","schema_type_options":null,"pillar_content":false,"robots_default":true,"robots_noindex":false,"robots_noarchive":false,"robots_nosnippet":false,"robots_nofollow":false,"robots_noimageindex":false,"robots_noodp":false,"robots_notranslate":false,"robots_max_snippet":"-1","robots_max_videopreview":"-1","robots_max_imagepreview":"large","priority":null,"frequency":"default","local_seo":null,"breadcrumb_settings":null,"limit_modified_date":false,"ai":{"faqs":[],"keyPoints":[],"titles":[],"descriptions":[],"socialPosts":{"email":[],"linkedin":[],"twitter":[],"facebook":[],"instagram":[]}},"created":"2025-11-24 15:23:02","updated":"2026-05-10 21:20:20","focus_keyword":null,"additional_keywords":null,"truseo_locale":null,"seo_analyzer_scan_date":null},"aioseo_breadcrumb":"<div class=\"aioseo-breadcrumbs\"><span class=\"aioseo-breadcrumb\">\n\t\t\t<a href=\"https:\/\/letrashipnoticas.org\" title=\"Inicio\">Inicio<\/a>\n\t\t<\/span><span class=\"aioseo-breadcrumb-separator\">&raquo;<\/span><span class=\"aioseo-breadcrumb\">\n\t\t\t<a href=\"https:\/\/letrashipnoticas.org\/?cat=1\" title=\"Las Letras Hipn\u00f3ticas de hoy\">Las Letras Hipn\u00f3ticas de hoy<\/a>\n\t\t<\/span><span class=\"aioseo-breadcrumb-separator\">&raquo;<\/span><span class=\"aioseo-breadcrumb\">\n\t\t\tSAN JUN\u00cdPERO SERRA: EL FUNDADOR DEL CAMINO, EL QUE ENCENDI\u00d3 LA LUZ DEL NORTE.\n\t\t<\/span><\/div>","aioseo_breadcrumb_json":[{"label":"Inicio","link":"https:\/\/letrashipnoticas.org"},{"label":"Las Letras Hipn\u00f3ticas de hoy","link":"https:\/\/letrashipnoticas.org\/?cat=1"},{"label":"SAN JUN\u00cdPERO SERRA: EL FUNDADOR DEL CAMINO, EL QUE ENCENDI\u00d3 LA LUZ DEL NORTE.","link":"https:\/\/letrashipnoticas.org\/?p=2243"}],"_links":{"self":[{"href":"https:\/\/letrashipnoticas.org\/index.php?rest_route=\/wp\/v2\/posts\/2243","targetHints":{"allow":["GET"]}}],"collection":[{"href":"https:\/\/letrashipnoticas.org\/index.php?rest_route=\/wp\/v2\/posts"}],"about":[{"href":"https:\/\/letrashipnoticas.org\/index.php?rest_route=\/wp\/v2\/types\/post"}],"author":[{"embeddable":true,"href":"https:\/\/letrashipnoticas.org\/index.php?rest_route=\/wp\/v2\/users\/1"}],"replies":[{"embeddable":true,"href":"https:\/\/letrashipnoticas.org\/index.php?rest_route=%2Fwp%2Fv2%2Fcomments&post=2243"}],"version-history":[{"count":1,"href":"https:\/\/letrashipnoticas.org\/index.php?rest_route=\/wp\/v2\/posts\/2243\/revisions"}],"predecessor-version":[{"id":2246,"href":"https:\/\/letrashipnoticas.org\/index.php?rest_route=\/wp\/v2\/posts\/2243\/revisions\/2246"}],"wp:featuredmedia":[{"embeddable":true,"href":"https:\/\/letrashipnoticas.org\/index.php?rest_route=\/wp\/v2\/media\/2244"}],"wp:attachment":[{"href":"https:\/\/letrashipnoticas.org\/index.php?rest_route=%2Fwp%2Fv2%2Fmedia&parent=2243"}],"wp:term":[{"taxonomy":"category","embeddable":true,"href":"https:\/\/letrashipnoticas.org\/index.php?rest_route=%2Fwp%2Fv2%2Fcategories&post=2243"},{"taxonomy":"post_tag","embeddable":true,"href":"https:\/\/letrashipnoticas.org\/index.php?rest_route=%2Fwp%2Fv2%2Ftags&post=2243"}],"curies":[{"name":"wp","href":"https:\/\/api.w.org\/{rel}","templated":true}]}}