{"id":2130,"date":"2025-09-15T14:49:04","date_gmt":"2025-09-15T14:49:04","guid":{"rendered":"https:\/\/letrashipnoticas.org\/?p=2130"},"modified":"2025-09-15T14:49:11","modified_gmt":"2025-09-15T14:49:11","slug":"15-de-septiembre-el-dia-que-arde-en-las-raices-del-tiempo","status":"publish","type":"post","link":"https:\/\/letrashipnoticas.org\/?p=2130","title":{"rendered":"15 de septiembre: El d\u00eda que arde en las ra\u00edces del tiempo."},"content":{"rendered":"\n<p class=\"wp-block-paragraph\"><strong>15 de septiembre: El d\u00eda que arde en las ra\u00edces del tiempo.<\/strong><\/p>\n\n\n\n<p class=\"wp-block-paragraph\">Por \ud83e\udec6 Arturo David V\u00e1squez Urdiales<\/p>\n\n\n\n<hr class=\"wp-block-separator has-alpha-channel-opacity\"\/>\n\n\n\n<p class=\"wp-block-paragraph\">\ud83d\udcff Santoral de los Dolores:<\/p>\n\n\n\n<p class=\"wp-block-paragraph\">Nuestra Se\u00f1ora de los Dolores \u2013 San Nicomedes \u2013 San Porfirio<\/p>\n\n\n\n<p class=\"wp-block-paragraph\">Hoy no se puede caminar por la historia sin tropezar con el dolor. El calendario cat\u00f3lico recuerda a Nuestra Se\u00f1ora de los Dolores, Mar\u00eda, la madre doliente, cuya alma fue atravesada por siete espadas simb\u00f3licas. No es casualidad que el Grito de Independencia se d\u00e9 en v\u00edsperas de este d\u00eda: el dolor y la libertad nacen juntos.<\/p>\n\n\n\n<p class=\"wp-block-paragraph\">Tambi\u00e9n se recuerda a San Nicomedes, m\u00e1rtir de la antigua Roma, y a San Porfirio, cuyo nombre \u2014como veremos m\u00e1s adelante\u2014 coincide con el de un hombre que transform\u00f3 la historia de M\u00e9xico.<br>&#8212; \ud83e\udec6<\/p>\n\n\n\n<ol class=\"wp-block-list\">\n<li>\ud83c\udf04 1810 \u2013 La v\u00edspera del Grito: conspiradores descubiertos<\/li>\n<\/ol>\n\n\n\n<p class=\"wp-block-paragraph\">La historia de M\u00e9xico toma un giro irreversible el 15 de septiembre de 1810, cuando se descubren los planes de los insurgentes en Quer\u00e9taro. Aquella noche, la conjura fue denunciada; los hermanos Emeterio y Epigmenio Gonz\u00e1lez, artesanos y patriotas, fueron detenidos. Do\u00f1a Josefa Ortiz de Dom\u00ednguez, en un acto de valent\u00eda que desbordaba las convenciones de su tiempo, avisa al cura Miguel Hidalgo.<\/p>\n\n\n\n<p class=\"wp-block-paragraph\">Lo que sigue es conocido, pero no suficientemente valorado: al amanecer del d\u00eda siguiente, el cura de Dolores lanza el grito que incendiar\u00eda los campos y las conciencias. El Grito de Dolores, Grito de Independencia, Grito de Despertar: no fue un mero arenga, fue un acto de guerra espiritual contra el yugo, un conjuro colectivo que alz\u00f3 al pueblo.<\/p>\n\n\n\n<p class=\"wp-block-paragraph\">El Grito no se lanza un 16 por gusto, sino porque en esta fecha exacta, el 15, la traici\u00f3n toc\u00f3 a la puerta y los conspiradores supieron que no hab\u00eda retorno.<\/p>\n\n\n\n<p class=\"wp-block-paragraph\">&#8212; \ud83e\udec6<\/p>\n\n\n\n<ol start=\"2\" class=\"wp-block-list\">\n<li>\ud83d\udee1\ufe0f 1813 \u2013 Morelos, el Congreso de An\u00e1huac y la independencia absoluta<\/li>\n<\/ol>\n\n\n\n<p class=\"wp-block-paragraph\">Tres a\u00f1os despu\u00e9s, el Congreso de An\u00e1huac, instalado en Chilpancingo, nombra a Jos\u00e9 Mar\u00eda Morelos y Pav\u00f3n como General\u00edsimo del Ej\u00e9rcito Insurgente y Jefe del Gobierno. Este nombramiento no es simb\u00f3lico: es la institucionalizaci\u00f3n del movimiento revolucionario. Ya no eran solo levantamientos locales, sino la organizaci\u00f3n de una naci\u00f3n libre en formaci\u00f3n.<\/p>\n\n\n\n<p class=\"wp-block-paragraph\">Ese mismo d\u00eda, se proclama la independencia absoluta de la naci\u00f3n mexicana. Morelos, disc\u00edpulo de Hidalgo pero mucho m\u00e1s organizado y con visi\u00f3n de Estado, traza las bases del M\u00e9xico moderno en sus \u201cSentimientos de la Naci\u00f3n\u201d.<\/p>\n\n\n\n<p class=\"wp-block-paragraph\">El 15 de septiembre de 1813 es un d\u00eda de lucidez pol\u00edtica en plena guerra: una declaraci\u00f3n de que M\u00e9xico no ser\u00eda colonia jam\u00e1s.<\/p>\n\n\n\n<p class=\"wp-block-paragraph\">&#8212; \ud83e\udec6<\/p>\n\n\n\n<ol start=\"3\" class=\"wp-block-list\">\n<li>\ud83c\udfdb\ufe0f 1821 \u2013 La independencia en Yucat\u00e1n<\/li>\n<\/ol>\n\n\n\n<p class=\"wp-block-paragraph\">En el oriente de la patria, Yucat\u00e1n tambi\u00e9n escribi\u00f3 su cap\u00edtulo. El 15 de septiembre de 1821, el gobernador Juan Mar\u00eda Echeverri convoca una magna asamblea. En ella, junto al Ayuntamiento y la Diputaci\u00f3n Provincial, se proclama la independencia de la pen\u00ednsula frente a la corona espa\u00f1ola.<\/p>\n\n\n\n<p class=\"wp-block-paragraph\">Pero el caso yucateco es complejo: los sanjuanistas (liberales) y los rutineros (conservadores pro Espa\u00f1a) se enfrentaban en una guerra ideol\u00f3gica. Y, pese a la resistencia de estos \u00faltimos, el anhelo emancipador se impuso.<\/p>\n\n\n\n<p class=\"wp-block-paragraph\">Ese d\u00eda se decide enviar comisionados a la capital para negociar la incorporaci\u00f3n de Yucat\u00e1n al Imperio Mexicano. El resultado cristaliza el 2 de noviembre, cuando en M\u00e9rida se jura la nacionalidad mexicana y se enarbola la bandera de Iguala.<\/p>\n\n\n\n<p class=\"wp-block-paragraph\">Este evento confirma que la independencia no fue solo un acto del centro del pa\u00eds. Fue un proceso plural, extendido y profundamente negociado, con voces m\u00faltiples.<\/p>\n\n\n\n<p class=\"wp-block-paragraph\">&#8212; \ud83e\udec6<\/p>\n\n\n\n<ol start=\"4\" class=\"wp-block-list\">\n<li>\u270a 1829 \u2013 La abolici\u00f3n absoluta de la esclavitud por Vicente Guerrero<\/li>\n<\/ol>\n\n\n\n<p class=\"wp-block-paragraph\">Ese mismo d\u00eda, Vicente Guerrero, ya como presidente de la Rep\u00fablica, firma el decreto que aboli\u00f3 de forma absoluta la esclavitud en M\u00e9xico. En la tradici\u00f3n de Hidalgo y Morelos \u2014quienes ya hab\u00edan atacado esta instituci\u00f3n\u2014, Guerrero le da forma legal a la justicia.<\/p>\n\n\n\n<p class=\"wp-block-paragraph\">Lo hace con una frase inolvidable:<\/p>\n\n\n\n<blockquote class=\"wp-block-quote is-layout-flow wp-block-quote-is-layout-flow\">\n<p class=\"wp-block-paragraph\">&#8220;Queda abolida la esclavitud en la Rep\u00fablica. Quedan, por tanto, libres todos los que hasta hoy se hayan considerado como esclavos.\u201d<\/p>\n<\/blockquote>\n\n\n\n<p class=\"wp-block-paragraph\">Guerrero, de sangre ind\u00edgena y africana, entend\u00eda en su carne el significado de la palabra libertad. Y ese 15 de septiembre, el pa\u00eds se hizo moralmente m\u00e1s grande.<br>Este acto anticipa \u2014en 36 a\u00f1os\u2014 la abolici\u00f3n de la esclavitud en Estados Unidos.<\/p>\n\n\n\n<p class=\"wp-block-paragraph\">&#8212; \ud83e\udec6<\/p>\n\n\n\n<ol start=\"5\" class=\"wp-block-list\">\n<li>\ud83e\ude96 1830 \u2013 Nace Porfirio D\u00edaz Mori<\/li>\n<\/ol>\n\n\n\n<p class=\"wp-block-paragraph\">En Oaxaca, nace ese mismo d\u00eda Porfirio D\u00edaz, cuyo nombre ser\u00eda sin\u00f3nimo de orden, progreso\u2026 y dictadura. Su vida es una paradoja: luch\u00f3 contra los franceses, contra el imperio de Maximiliano, fue h\u00e9roe de la Reforma\u2026 y, sin embargo, se perpetu\u00f3 en el poder durante m\u00e1s de tres d\u00e9cadas.<\/p>\n\n\n\n<p class=\"wp-block-paragraph\">Fue un modernizador feroz: construy\u00f3 v\u00edas f\u00e9rreas, permiti\u00f3 la inversi\u00f3n extranjera, consolid\u00f3 el ej\u00e9rcito y expandi\u00f3 la educaci\u00f3n t\u00e9cnica. Pero a costa de la democracia.<\/p>\n\n\n\n<p class=\"wp-block-paragraph\">Su lema t\u00e1cito fue \u201cpoca pol\u00edtica, mucha administraci\u00f3n\u201d.<br>Gobern\u00f3 con mano f\u00e9rrea. Exili\u00f3, censur\u00f3, reprimi\u00f3.<\/p>\n\n\n\n<p class=\"wp-block-paragraph\">Hoy, los oaxaque\u00f1os lo recuerdan con reverencia o con ira, pero no con indiferencia.<br>Naci\u00f3 el 15 de septiembre\u2026 como si el destino le hubiera prometido una entrada gloriosa a la historia.<\/p>\n\n\n\n<p class=\"wp-block-paragraph\">&#8212; \ud83e\udec6<\/p>\n\n\n\n<ol start=\"6\" class=\"wp-block-list\">\n<li>\ud83c\udfb6 1854 \u2013 Se canta por primera vez el Himno Nacional Mexicano<\/li>\n<\/ol>\n\n\n\n<p class=\"wp-block-paragraph\">La noche del 15 de septiembre de 1854, el Teatro Santa Anna fue escenario de un acto profundamente patri\u00f3tico. El Himno Nacional Mexicano, con letra de Francisco Gonz\u00e1lez Bocanegra y m\u00fasica de Jaime Nun\u00f3, se canta por vez primera ante un p\u00fablico oficial.<\/p>\n\n\n\n<p class=\"wp-block-paragraph\">Es uno de los himnos m\u00e1s bellos, marciales y po\u00e9ticos del mundo.<br>Sus primeras estrofas son grito de guerra y promesa de victoria:<\/p>\n\n\n\n<blockquote class=\"wp-block-quote is-layout-flow wp-block-quote-is-layout-flow\">\n<p class=\"wp-block-paragraph\">Mexicanos, al grito de guerra<br>el acero aprestad y el brid\u00f3n\u2026<\/p>\n<\/blockquote>\n\n\n\n<p class=\"wp-block-paragraph\">Esa noche, la patria tuvo m\u00fasica. Y desde entonces, nunca ha estado del todo callada.<\/p>\n\n\n\n<p class=\"wp-block-paragraph\">&#8212; \ud83e\udec6<\/p>\n\n\n\n<ol start=\"7\" class=\"wp-block-list\">\n<li>\ud83d\udcda 1879 \u2013 Academias para maestros<\/li>\n<\/ol>\n\n\n\n<p class=\"wp-block-paragraph\">Durante el Porfiriato, se funda en este d\u00eda la pol\u00edtica de \u201cuniformar la ense\u00f1anza\u201d. La Secretar\u00eda de Justicia, bajo el gobierno de D\u00edaz, crea las Academias de profesores de instrucci\u00f3n primaria.<\/p>\n\n\n\n<p class=\"wp-block-paragraph\">El objetivo: profesionalizar a los maestros, que no fueran improvisados sino formadores de conciencias nacionales. Se buscaba una ense\u00f1anza basada en \u201clos adelantos modernos\u201d.<\/p>\n\n\n\n<p class=\"wp-block-paragraph\">Pero tambi\u00e9n fue una forma de control ideol\u00f3gico. Los libros, los planes de estudio, la pedagog\u00eda\u2026 todo deb\u00eda coincidir con el modelo positivista de orden, progreso y obediencia.<\/p>\n\n\n\n<p class=\"wp-block-paragraph\">&#8212; \ud83e\udec6<\/p>\n\n\n\n<ol start=\"8\" class=\"wp-block-list\">\n<li>\ud83d\udcd6 1882 \u2013 La ense\u00f1anza primaria se vuelve gratuita y obligatoria<\/li>\n<\/ol>\n\n\n\n<p class=\"wp-block-paragraph\">Bajo el gobierno del general Manuel Gonz\u00e1lez, y con el ministro Joaqu\u00edn Baranda, se decreta que la ense\u00f1anza primaria ser\u00e1 gratuita y obligatoria.<\/p>\n\n\n\n<p class=\"wp-block-paragraph\">Este hito es fundamental: nadie pod\u00eda ser privado de aprender a leer y escribir por no tener recursos. Se sembraba as\u00ed la semilla de un pa\u00eds alfabetizado, m\u00e1s cr\u00edtico, m\u00e1s libre.<\/p>\n\n\n\n<p class=\"wp-block-paragraph\">Este acto fue una de las conquistas civiles m\u00e1s importantes del siglo XIX, una declaraci\u00f3n de que la educaci\u00f3n es un derecho, no un privilegio.<\/p>\n\n\n\n<p class=\"wp-block-paragraph\">&#8212; \ud83e\udec6<\/p>\n\n\n\n<p class=\"wp-block-paragraph\">\ud83c\udf0e Efem\u00e9rides adicionales del 15 de septiembre<\/p>\n\n\n\n<p class=\"wp-block-paragraph\">1928 \u2013 Fallece Wilhelm Wien, f\u00edsico alem\u00e1n ganador del Premio Nobel por sus trabajos en radiaci\u00f3n t\u00e9rmica.<\/p>\n\n\n\n<p class=\"wp-block-paragraph\">1944 \u2013 Las fuerzas aliadas liberan Nancy, Francia, durante la Segunda Guerra Mundial.<\/p>\n\n\n\n<p class=\"wp-block-paragraph\">1949 \u2013 Se funda la Rep\u00fablica Popular Democr\u00e1tica de Corea (Corea del Norte), otro s\u00edmbolo de tensiones y tragedias del siglo XX.<\/p>\n\n\n\n<p class=\"wp-block-paragraph\">1981 \u2013 Vanuatu se une a las Naciones Unidas.<\/p>\n\n\n\n<p class=\"wp-block-paragraph\">2008 \u2013 Atentado en Morelia durante El Grito: al menos 7 muertos, decenas de heridos. Un grito truncado, una noche de terror.<\/p>\n\n\n\n<p class=\"wp-block-paragraph\">&#8212; \ud83e\udec6<\/p>\n\n\n\n<p class=\"wp-block-paragraph\">\ud83c\udf3e M\u00e9xico l\u00edrico<\/p>\n\n\n\n<p class=\"wp-block-paragraph\">Este d\u00eda, 15 de septiembre, no es solo v\u00edspera de fiesta:<br>es un altar del tiempo donde arden ofrendas m\u00faltiples.<br>Es la espada de Hidalgo y la pluma de Bocanegra.<br>Es el decreto de Guerrero y la silla de D\u00edaz.<br>Es la l\u00e1grima de Mar\u00eda y el canto de los pueblos.<\/p>\n\n\n\n<p class=\"wp-block-paragraph\">Hoy es d\u00eda de gritar, s\u00ed.<br>Pero tambi\u00e9n de pensar, agradecer, corregir y sembrar.<br>Que el grito no se vuelva ruido, ni la historia ceniza.<\/p>\n\n\n\n<p class=\"wp-block-paragraph\">&#8212; \ud83e\udec6 Mexicanos<br>A pegar de gritos:<\/p>\n\n\n\n<p class=\"wp-block-paragraph\">Aqu\u00ed va la segunda parte de la columna: versiones regionales del Grito, el atentado de Morelia, poes\u00eda e im\u00e1genes que dialogan con hoy, que se\u00f1alan heridas y esperanzas, para que el futuro sea m\u00e1s claro.<\/p>\n\n\n\n<p class=\"wp-block-paragraph\">&#8212; \ud83e\udec6<\/p>\n\n\n\n<p class=\"wp-block-paragraph\">\ud83c\udf0d 1. El atentado de Morelia, 2008: cuando la fiesta fue golpeada<\/p>\n\n\n\n<p class=\"wp-block-paragraph\">La noche del 15 de septiembre de 2008 se transform\u00f3 en grito tronado para la ciudad de Morelia, Michoac\u00e1n. Aunque era la celebraci\u00f3n del Grito de Independencia, la alegr\u00eda se vio interrumpida por la violencia. Dos granadas de fragmentaci\u00f3n estallaron entre la multitud.<\/p>\n\n\n\n<p class=\"wp-block-paragraph\">Datos duros<\/p>\n\n\n\n<p class=\"wp-block-paragraph\">Aproximadamente 30,000 personas hab\u00edan llenado la Plaza Melchor Ocampo, frente a la catedral, para la ceremonia del 198 aniversario del Grito.<\/p>\n\n\n\n<p class=\"wp-block-paragraph\">Las explosiones ocurrieron justo despu\u00e9s del grito retumbante del gobernador, alrededor de las 23:00.<\/p>\n\n\n\n<p class=\"wp-block-paragraph\">Dos detonaciones principales: una en la plaza Melchor Ocampo, otra en una calle muy cercana, junto a edificios hist\u00f3ricos. Luego se reportaron otras explosiones en zonas aleda\u00f1as.<\/p>\n\n\n\n<p class=\"wp-block-paragraph\">Consecuencias<\/p>\n\n\n\n<p class=\"wp-block-paragraph\">Al menos 8 personas murieron, muchas m\u00e1s resultaron heridas \u2014 algunas gravemente, con p\u00e9rdida de extremidades.<\/p>\n\n\n\n<p class=\"wp-block-paragraph\">Turistas huyeron, el desfile del d\u00eda siguiente fue cancelado, el ambiente de luto se apoder\u00f3 de Morelia.<\/p>\n\n\n\n<p class=\"wp-block-paragraph\">Investigaciones apuntaron al crimen organizado. \u201cLa Familia Michoacana\u201d fue se\u00f1alada pero deslindada; hechos posteriores mostraron irregularidades en detenciones, denuncias de tortura, amparos.<\/p>\n\n\n\n<p class=\"wp-block-paragraph\">Reflexi\u00f3n<\/p>\n\n\n\n<p class=\"wp-block-paragraph\">Ese d\u00eda el grito de independencia fue herido, pero no acallado. La memoria del ataque sirve para recordarnos que la celebraci\u00f3n m\u00e1s grande puede estar acompa\u00f1ada de sombras tangibles: pobreza, violencia, impunidad. Es tambi\u00e9n un llamado para reconstruir espacios p\u00fablicos de seguridad, justicia, verdad.<\/p>\n\n\n\n<p class=\"wp-block-paragraph\">El Grito debe resonar, s\u00ed, pero sin miedo. Debe sembrar solidaridad, reconocimiento de v\u00edctimas, exigencia de reparaci\u00f3n y compromiso \u00e9tico con la paz.<\/p>\n\n\n\n<p class=\"wp-block-paragraph\">&#8212; \ud83e\udec6<\/p>\n\n\n\n<ol start=\"2\" class=\"wp-block-list\">\n<li>Versiones del Grito en regiones, variantes, sabores locales<\/li>\n<\/ol>\n\n\n\n<p class=\"wp-block-paragraph\">El Grito de Independencia no es un solo grito: es multitud, variedad, pulso diverso en cada plaza, en cada pueblo. Aqu\u00ed algunas formas en que se vive regionalmente:<\/p>\n\n\n\n<p class=\"wp-block-paragraph\">En casi todas las ciudades y pueblos de M\u00e9xico, el gobernador o alcalde sube al balc\u00f3n del edificio oficial correspondiente, porta la bandera, hace el Grito alrededor de las 23:00 hrs o un poco antes, seguido por m\u00fasica, fuegos artificiales, comida t\u00edpica.<\/p>\n\n\n\n<p class=\"wp-block-paragraph\">En zonas rurales, se mezcla con usos locales: danzas tradicionales, danzantes ind\u00edgenas, bandas de viento, a veces poemas locales o versos propios que homenajean h\u00e9roes de la regi\u00f3n.<\/p>\n\n\n\n<p class=\"wp-block-paragraph\">En Yucat\u00e1n, por ejemplo, se canta tambi\u00e9n el himno estatal, se hacen actos culturales particulares, mezclando la identidad maya y criolla. El Himno de Yucat\u00e1n fue adoptado el 15 de septiembre de 1867.<\/p>\n\n\n\n<p class=\"wp-block-paragraph\">All\u00e1 donde hay migrantes mexicanos, comunidades en Estados Unidos, Europa, se replica el Grito desde consulados, plazas comunitarias, incluso en escuelas. Hay quienes se re\u00fanen con banda, mariachis, comida, sombreros, tricolor.<\/p>\n\n\n\n<p class=\"wp-block-paragraph\">&#8212; \ud83e\udec6<\/p>\n\n\n\n<ol start=\"3\" class=\"wp-block-list\">\n<li>Im\u00e1genes po\u00e9ticas, voces que han dado forma al Grito<\/li>\n<\/ol>\n\n\n\n<p class=\"wp-block-paragraph\">Algunas l\u00edneas que moldean la forma simb\u00f3lica del Grito, para que no se pierdan en el humo de los fuegos artificiales:<\/p>\n\n\n\n<blockquote class=\"wp-block-quote is-layout-flow wp-block-quote-is-layout-flow\">\n<p class=\"wp-block-paragraph\">\u201cMexicanos, al grito de guerra<br>el acero aprestad\u2026<br>\u2013 Himno Nacional Mexicano.<\/p>\n\n\n\n<p class=\"wp-block-paragraph\">Versos que no eran solo canto, sino espada de voz, protesta que enaltece, rememora, exige.<\/p>\n<\/blockquote>\n\n\n\n<p class=\"wp-block-paragraph\">Los poetas han recogido ese fuego:<\/p>\n\n\n\n<p class=\"wp-block-paragraph\">En los escritos populares se evoca al Hidalgo que no vio la patria hecha, pero so\u00f1\u00f3 la patria entera.<\/p>\n\n\n\n<p class=\"wp-block-paragraph\">Se dice que cada a\u00f1o, cuando resuena el Grito del Presidente, alguien en el p\u00fablico piensa en quienes no est\u00e1n: migrantes, desaparecidos, muertos por la injusticia.<\/p>\n\n\n\n<p class=\"wp-block-paragraph\">&#8212;\ud83e\udec6<\/p>\n\n\n\n<ol start=\"4\" class=\"wp-block-list\">\n<li>Hacia el futuro: lo que el Grito deber\u00eda significar para las nuevas generaciones<\/li>\n<\/ol>\n\n\n\n<p class=\"wp-block-paragraph\">Aqu\u00ed unos paradigmas que este d\u00eda nos invita a revisar:<\/p>\n\n\n\n<p class=\"wp-block-paragraph\">Memoria consciente: No solo rememorar h\u00e9roes, fechas, monumentos, sino tambi\u00e9n vidas olvidadas, injusticias, promesas rotas.<\/p>\n\n\n\n<p class=\"wp-block-paragraph\">Participaci\u00f3n comunitaria real: Que cada comunidad (rural, ind\u00edgena, urbana) sienta que su voz importa en la ceremonia del Grito, que tenga espacio para sus h\u00e9roes locales, sus historias.<\/p>\n\n\n\n<p class=\"wp-block-paragraph\">Justicia para las heridas: Que los atentados, violencias, desigualdades no queden impunes. Morelia nos recuerda que no basta con festejar: hay que cuidar a la gente, proteger el derecho al j\u00fabilo sin peligro.<\/p>\n\n\n\n<p class=\"wp-block-paragraph\">Educaci\u00f3n y poes\u00eda como curas: El Grito podr\u00eda reforzarse con lecturas, poes\u00eda, testimonios, arte participativo, para que no sea solo estruendo, sino tambi\u00e9n reflexi\u00f3n.<\/p>\n\n\n\n<p class=\"wp-block-paragraph\">Celebraci\u00f3n ecol\u00f3gica: Pensar en fiestas con menor contaminaci\u00f3n lum\u00ednica y sonora, en uso simb\u00f3lico de fuegos artificiales, para que la noche no consuma otros recursos.<\/p>\n\n\n\n<p class=\"wp-block-paragraph\">\ud83e\udec6 <em>Antolog\u00eda.<\/em>\ud83e\udec6<\/p>\n\n\n\n<p class=\"wp-block-paragraph\">Con todo el coraz\u00f3n y en honor a esta fecha sagrada, Arturo presenta para ti una Antolog\u00eda po\u00e9tica del 15 de septiembre, una ofrenda l\u00edrica para el altar de la patria.<\/p>\n\n\n\n<p class=\"wp-block-paragraph\">Aqu\u00ed se entrelazan voces cl\u00e1sicas, modernas, ind\u00edgenas, juveniles, insurgentes, m\u00edsticas. Cada poema es una chispa del Grito eterno que a\u00fan vibra en el coraz\u00f3n de M\u00e9xico.<\/p>\n\n\n\n<p class=\"wp-block-paragraph\">En est\u00e1s fechas estoy sensible. \u00bfQuien me ense\u00f1\u00f3 a leer y a escribir, Ortograf\u00eda y gram\u00e1tica y el hermoso mundo de la literatura y la poes\u00eda? En letras Hipn\u00f3ticas agradezco profundamente a quien dedic\u00f3 mucha paciencia y dedicaci\u00f3n a ese proceso de aprendizaje, el que no fue f\u00e1cil porque no soy un buen alumno. Ya despu\u00e9s mi vida tom\u00f3 rutas tan distantes de esos atardeceres de ensue\u00f1o, de arte y poema. Y as\u00ed, el poema salta y nutre. Aqu\u00ed una peque\u00f1a antolog\u00eda simb\u00f3lica para el gran :<\/p>\n\n\n<div class=\"wp-block-image\">\n<figure class=\"alignright size-large is-resized\"><img loading=\"lazy\" decoding=\"async\" width=\"1004\" height=\"1024\" src=\"https:\/\/letrashipnoticas.org\/wp-content\/uploads\/2025\/09\/WhatsApp-Image-2025-09-15-at-8.21.28-AM-1-1004x1024.jpeg\" alt=\"\" class=\"wp-image-2132\" style=\"width:379px;height:auto\" srcset=\"https:\/\/letrashipnoticas.org\/wp-content\/uploads\/2025\/09\/WhatsApp-Image-2025-09-15-at-8.21.28-AM-1-1004x1024.jpeg 1004w, https:\/\/letrashipnoticas.org\/wp-content\/uploads\/2025\/09\/WhatsApp-Image-2025-09-15-at-8.21.28-AM-1-294x300.jpeg 294w, https:\/\/letrashipnoticas.org\/wp-content\/uploads\/2025\/09\/WhatsApp-Image-2025-09-15-at-8.21.28-AM-1-768x784.jpeg 768w, https:\/\/letrashipnoticas.org\/wp-content\/uploads\/2025\/09\/WhatsApp-Image-2025-09-15-at-8.21.28-AM-1-412x420.jpeg 412w, https:\/\/letrashipnoticas.org\/wp-content\/uploads\/2025\/09\/WhatsApp-Image-2025-09-15-at-8.21.28-AM-1-150x153.jpeg 150w, https:\/\/letrashipnoticas.org\/wp-content\/uploads\/2025\/09\/WhatsApp-Image-2025-09-15-at-8.21.28-AM-1-300x306.jpeg 300w, https:\/\/letrashipnoticas.org\/wp-content\/uploads\/2025\/09\/WhatsApp-Image-2025-09-15-at-8.21.28-AM-1-696x710.jpeg 696w, https:\/\/letrashipnoticas.org\/wp-content\/uploads\/2025\/09\/WhatsApp-Image-2025-09-15-at-8.21.28-AM-1-1068x1090.jpeg 1068w, https:\/\/letrashipnoticas.org\/wp-content\/uploads\/2025\/09\/WhatsApp-Image-2025-09-15-at-8.21.28-AM-1-356x364.jpeg 356w, https:\/\/letrashipnoticas.org\/wp-content\/uploads\/2025\/09\/WhatsApp-Image-2025-09-15-at-8.21.28-AM-1.jpeg 1080w\" sizes=\"auto, (max-width: 1004px) 100vw, 1004px\" \/><\/figure>\n<\/div>\n\n\n<p class=\"wp-block-paragraph\">&#8212; 15 de Septiembre.<\/p>\n\n\n\n<p class=\"wp-block-paragraph\">\ud83c\udf3a Antolog\u00eda Po\u00e9tica del 15 de Septiembre.<\/p>\n\n\n\n<p class=\"wp-block-paragraph\">Del Grito, la Tierra y la Llama<\/p>\n\n\n\n<p class=\"wp-block-paragraph\">Para el Apunte Diario sobre Letras Hipn\u00f3ticas.<\/p>\n\n\n\n<p class=\"wp-block-paragraph\">&#8212; \ud83e\udec6<\/p>\n\n\n\n<ol class=\"wp-block-list\">\n<li>&#8220;Dolores, madre del grito&#8221;<\/li>\n<\/ol>\n\n\n\n<p class=\"wp-block-paragraph\">De una abuela oaxaque\u00f1a desconocida<\/p>\n\n\n\n<blockquote class=\"wp-block-quote is-layout-flow wp-block-quote-is-layout-flow\">\n<p class=\"wp-block-paragraph\">Al alba de Dolores son\u00f3 la campana,<br>no por misa, ni por muerte,<br>sino por hambre de patria.<\/p>\n<\/blockquote>\n\n\n\n<p class=\"wp-block-paragraph\">El cura no ofrec\u00eda pan,<br>ofrec\u00eda fuego<br>y un pedazo de aire sin cadenas.<\/p>\n\n\n\n<p class=\"wp-block-paragraph\">All\u00e1 mis abuelos, con pies descalzos,<br>alzaron machetes y oraciones,<br>y en cada s\u00edlaba de Hidalgo<br>cab\u00eda un siglo de indignaci\u00f3n.<\/p>\n\n\n\n<p class=\"wp-block-paragraph\">&#8212; \ud83e\udec6<\/p>\n\n\n\n<ol start=\"2\" class=\"wp-block-list\">\n<li>&#8220;Grito solar&#8221;<\/li>\n<\/ol>\n\n\n\n<p class=\"wp-block-paragraph\">De Netzahualc\u00f3yotl, invocado hoy<\/p>\n\n\n\n<blockquote class=\"wp-block-quote is-layout-flow wp-block-quote-is-layout-flow\">\n<p class=\"wp-block-paragraph\">\u00bfD\u00f3nde est\u00e1 mi casa?<br>\u00bfD\u00f3nde est\u00e1 el rostro de mi gente?<\/p>\n<\/blockquote>\n\n\n\n<p class=\"wp-block-paragraph\">Grito al Sol,<br>y me responde el \u00e1guila<br>con alas de fuego.<\/p>\n\n\n\n<p class=\"wp-block-paragraph\">La tierra se ha hecho ma\u00edz<br>y el ma\u00edz se ha hecho lanza.<\/p>\n\n\n\n<p class=\"wp-block-paragraph\">El coraz\u00f3n del hombre canta:<br>\u00a1Que no muera el canto!<\/p>\n\n\n\n<p class=\"wp-block-paragraph\">&#8212; \ud83e\udec6<\/p>\n\n\n\n<ol start=\"3\" class=\"wp-block-list\">\n<li>&#8220;Morelia, 2008&#8221;<\/li>\n<\/ol>\n\n\n\n<p class=\"wp-block-paragraph\">De un joven michoacano sobreviviente<\/p>\n\n\n\n<blockquote class=\"wp-block-quote is-layout-flow wp-block-quote-is-layout-flow\">\n<p class=\"wp-block-paragraph\">No hubo fusil, ni clar\u00edn.<br>Hubo ni\u00f1os con banderitas<br>y madres cantando el himno.<\/p>\n<\/blockquote>\n\n\n\n<p class=\"wp-block-paragraph\">Y de pronto, el suelo sangr\u00f3.<br>El aire se hizo astilla.<\/p>\n\n\n\n<p class=\"wp-block-paragraph\">Alguien grit\u00f3 sin patria,<br>y su voz no era por libertad,<br>sino por miedo.<\/p>\n\n\n\n<p class=\"wp-block-paragraph\">Pero aqu\u00ed sigo.<\/p>\n\n\n\n<p class=\"wp-block-paragraph\">Y canto.<br>Porque el grito no es s\u00f3lo festejo,<br>tambi\u00e9n es duelo, tambi\u00e9n es nunca m\u00e1s.<\/p>\n\n\n\n<p class=\"wp-block-paragraph\">&#8212; \ud83e\udec6<\/p>\n\n\n\n<ol start=\"4\" class=\"wp-block-list\">\n<li>&#8220;Porfirio: rostro en el espejo&#8221;<\/li>\n<\/ol>\n\n\n\n<p class=\"wp-block-paragraph\">De una voz mestiza del siglo XXI<\/p>\n\n\n\n<blockquote class=\"wp-block-quote is-layout-flow wp-block-quote-is-layout-flow\">\n<p class=\"wp-block-paragraph\">Fuiste h\u00e9roe de mil batallas,<br>sombra en el poder<br>y estatua que sangra.<\/p>\n<\/blockquote>\n\n\n\n<p class=\"wp-block-paragraph\">Porfirio, \u00bfd\u00f3nde dejaste al ni\u00f1o<br>que so\u00f1aba con sotanas<br>y termin\u00f3 fundando trenes con p\u00f3lvora?<\/p>\n\n\n\n<p class=\"wp-block-paragraph\">M\u00e9xico no te olvida,<br>ni te absuelve.<\/p>\n\n\n\n<p class=\"wp-block-paragraph\">Te lleva como arruga en la frente,<br>como bisagra del destino.<\/p>\n\n\n\n<p class=\"wp-block-paragraph\">T\u00fa tambi\u00e9n gritaste,<br>pero tus ecos se ahogaron<br>en los pasillos del silencio.<\/p>\n\n\n\n<p class=\"wp-block-paragraph\">&#8212; \ud83e\udec6<\/p>\n\n\n\n<ol start=\"5\" class=\"wp-block-list\">\n<li>&#8220;Yucat\u00e1n jura la patria&#8221;<\/li>\n<\/ol>\n\n\n\n<p class=\"wp-block-paragraph\">Poema de ra\u00edz maya y peninsular<\/p>\n\n\n\n<blockquote class=\"wp-block-quote is-layout-flow wp-block-quote-is-layout-flow\">\n<p class=\"wp-block-paragraph\">Yo soy del sur,<br>donde la ceiba habla,<br>donde el ma\u00edz no es adorno<br>sino Dios.<\/p>\n<\/blockquote>\n\n\n\n<p class=\"wp-block-paragraph\">En M\u00e9rida onde\u00f3 la bandera<br>y la serpiente del escudo<br>danz\u00f3 entre nuestras lenguas.<\/p>\n\n\n\n<p class=\"wp-block-paragraph\">No nos rindieron los rutineros,<br>ni los fantasmas de Espa\u00f1a.<\/p>\n\n\n\n<p class=\"wp-block-paragraph\">Nos rendimos<br>al amor por la tierra.<\/p>\n\n\n\n<p class=\"wp-block-paragraph\">Y en nuestra j\u00edcara<br>bebimos la independencia.<\/p>\n\n\n\n<p class=\"wp-block-paragraph\">&#8212; \ud83e\udec6<\/p>\n\n\n\n<ol start=\"6\" class=\"wp-block-list\">\n<li>&#8220;Guerrero rompe cadenas&#8221;<\/li>\n<\/ol>\n\n\n\n<p class=\"wp-block-paragraph\">Poema afromexicano, desde la Costa Chica<\/p>\n\n\n\n<blockquote class=\"wp-block-quote is-layout-flow wp-block-quote-is-layout-flow\">\n<p class=\"wp-block-paragraph\">Guerrero,<br>hijo de humo y obsidiana,<br>\u00bfc\u00f3mo decirte gracias?<\/p>\n<\/blockquote>\n\n\n\n<p class=\"wp-block-paragraph\">T\u00fa rompiste<br>las cadenas de mi tatarabuelo.<\/p>\n\n\n\n<p class=\"wp-block-paragraph\">\u00a1Qu\u00e9 no grit\u00f3 el cura!<br>\u00a1Qu\u00e9 no prometi\u00f3 Morelos!<br>T\u00fa lo hiciste decreto.<\/p>\n\n\n\n<p class=\"wp-block-paragraph\">Y por eso, Vicente,<br>yo canto.<\/p>\n\n\n\n<p class=\"wp-block-paragraph\">No por fiesta,<br>sino por herencia.<\/p>\n\n\n\n<p class=\"wp-block-paragraph\">&#8212; \ud83e\udec6<\/p>\n\n\n\n<ol start=\"7\" class=\"wp-block-list\">\n<li>&#8220;Canto para una bandera&#8221;<\/li>\n<\/ol>\n\n\n\n<p class=\"wp-block-paragraph\">Poema de escuela rural, an\u00f3nimo<\/p>\n\n\n\n<blockquote class=\"wp-block-quote is-layout-flow wp-block-quote-is-layout-flow\">\n<p class=\"wp-block-paragraph\">Verde es el campo,<br>blanco es mi cuaderno,<br>rojo el rebozo de mi madre.<\/p>\n<\/blockquote>\n\n\n\n<p class=\"wp-block-paragraph\">La bandera me cuida<br>cuando nadie lo hace.<\/p>\n\n\n\n<p class=\"wp-block-paragraph\">Ella no me grita.<br>Ella me cubre.<\/p>\n\n\n\n<p class=\"wp-block-paragraph\">Cuando la veo,<br>me siento valiente,<br>aunque tenga miedo.<\/p>\n\n\n\n<p class=\"wp-block-paragraph\">\u00a1Viva M\u00e9xico!<br>aunque no tenga zapatos nuevos,<br>aunque la comida falte,<br>aunque el cielo se ponga gris.<\/p>\n\n\n\n<p class=\"wp-block-paragraph\">&#8212; \ud83e\udec6<\/p>\n\n\n\n<ol start=\"8\" class=\"wp-block-list\">\n<li>&#8220;Septiembre no es un mes&#8221;<\/li>\n<\/ol>\n\n\n\n<p class=\"wp-block-paragraph\">De un joven migrante en Nueva York o Los Angeles \u2713<\/p>\n\n\n\n<blockquote class=\"wp-block-quote is-layout-flow wp-block-quote-is-layout-flow\">\n<p class=\"wp-block-paragraph\">Septiembre no es un mes,<br>es un nudo en la garganta.<\/p>\n<\/blockquote>\n\n\n\n<p class=\"wp-block-paragraph\">Aqu\u00ed, en esta ciudad de vidrios y d\u00f3lares,<br>tambi\u00e9n gritamos:<\/p>\n\n\n\n<p class=\"wp-block-paragraph\">\u00a1Viva!<\/p>\n\n\n\n<p class=\"wp-block-paragraph\">Aunque no haya plaza,<br>aunque el mariachi sea de Spotify,<br>aunque la madre est\u00e9 lejos.<\/p>\n\n\n\n<p class=\"wp-block-paragraph\">El Grito tambi\u00e9n es WhatsApp,<br>es tamal rehecho en microondas,<br>es l\u00e1grima digital.<\/p>\n\n\n\n<p class=\"wp-block-paragraph\">Pero sigue siendo M\u00e9xico.<\/p>\n\n\n\n<p class=\"wp-block-paragraph\">Aqu\u00ed, en m\u00ed.<\/p>\n\n\n\n<p class=\"wp-block-paragraph\">&#8212; \ud83e\udec6<\/p>\n\n\n\n<ol start=\"9\" class=\"wp-block-list\">\n<li>&#8220;Himno en sordina&#8221;<\/li>\n<\/ol>\n\n\n\n<p class=\"wp-block-paragraph\">De una joven con discapacidad auditiva<\/p>\n\n\n\n<blockquote class=\"wp-block-quote is-layout-flow wp-block-quote-is-layout-flow\">\n<p class=\"wp-block-paragraph\">No oigo tu grito, patria,<br>pero lo siento en los dedos.<\/p>\n<\/blockquote>\n\n\n\n<p class=\"wp-block-paragraph\">Mis manos bailan tu nombre<br>como banderas invisibles.<\/p>\n\n\n\n<p class=\"wp-block-paragraph\">Yo no oigo el himno,<br>pero veo c\u00f3mo todos se enderezan<br>cuando lo tocan.<\/p>\n\n\n\n<p class=\"wp-block-paragraph\">Yo tambi\u00e9n me pongo de pie.<\/p>\n\n\n\n<p class=\"wp-block-paragraph\">Porque tambi\u00e9n soy M\u00e9xico.<\/p>\n\n\n\n<p class=\"wp-block-paragraph\">Aunque grite en silencio.<\/p>\n\n\n\n<p class=\"wp-block-paragraph\">&#8212; \ud83e\udec6<\/p>\n\n\n\n<ol start=\"10\" class=\"wp-block-list\">\n<li>&#8220;\u00daltimo grito&#8221;<\/li>\n<\/ol>\n\n\n\n<p class=\"wp-block-paragraph\">De una poeta del futuro, 2250 d.C.<\/p>\n\n\n\n<blockquote class=\"wp-block-quote is-layout-flow wp-block-quote-is-layout-flow\">\n<p class=\"wp-block-paragraph\">Este ser\u00e1 el \u00faltimo grito,<br>no de guerra,<br>sino de esperanza.<\/p>\n<\/blockquote>\n\n\n\n<p class=\"wp-block-paragraph\">Porque aprendimos a sembrar<br>en vez de fusilar.<\/p>\n\n\n\n<p class=\"wp-block-paragraph\">Porque el cielo ya no se quema<br>con p\u00f3lvora,<br>sino se pinta con versos.<\/p>\n\n\n\n<p class=\"wp-block-paragraph\">Porque la tierra nos reclam\u00f3<br>y la escuchamos.<\/p>\n\n\n\n<p class=\"wp-block-paragraph\">Y ahora M\u00e9xico no es un pa\u00eds,<br>es un verbo:<\/p>\n\n\n\n<p class=\"wp-block-paragraph\">Resistir. Crear. Sanar.<\/p>\n\n\n\n<p class=\"wp-block-paragraph\">&#8212;\ud83e\udec6<\/p>\n\n\n\n<p class=\"wp-block-paragraph\">\ud83c\udf04 Cierre del c\u00f3dice po\u00e9tico<\/p>\n\n\n\n<p class=\"wp-block-paragraph\">Que esta antolog\u00eda quede como un c\u00f3dice.<br>Una flor de piedra tallada por m\u00faltiples manos.<br>Una bandera que no ondea sola:<br>sino acompa\u00f1ada de cantos nuevos,<br>gritos antiguos,<br>y la promesa que a\u00fan nos debemos.<\/p>\n\n\n\n<p class=\"wp-block-paragraph\">Muchas gracias paciente lector.<\/p>\n\n\n\n<p class=\"wp-block-paragraph\">A nuestros amados lectores de todas partes del planeta dedico esta breve nota: Hoy en la noche se conmemora El Grito de la Independencia en conmemoraci\u00f3n al similar dado por el Sacerdote Miguel Hidalgo y Costilla en el Pueblo de Dolores y dando as\u00ed comienzo al largo camino de la Independencia de M\u00e9xico.<\/p>\n\n\n\n<p class=\"wp-block-paragraph\">Hoy es la noche Mexicana.<\/p>\n\n\n\n<p class=\"wp-block-paragraph\">En todas las \u00c9pocas de este gigante pa\u00eds hemos conmemorado este d\u00eda con singular alegr\u00eda y en los a\u00f1os se han otorgado diversos actos oficiales para que coincidan con la fecha. Es por ello que tenemos grabada la fecha, muy simb\u00f3lica, como parte del ADN mexicano.<\/p>\n\n\n\n<p class=\"wp-block-paragraph\">Muchas gracias por su lectura, hablamos y pensamos en castellano que es la lengua del \u00e1cido desoxirribonucleico del Espa\u00f1ol con \u00d1, y por esto somos tan festivos, mitad lo qu\u00e9 seamos, mitad hablantes de castellano, y as\u00ed, sumamente fiesteros, por decir lo menos, de tal manera:<\/p>\n\n\n\n<p class=\"wp-block-paragraph\">\u00a1Viva M\u00e9xico cabrones!<\/p>\n\n\n\n<p class=\"wp-block-paragraph\">Hasta las pr\u00f3ximas letras hipn\u00f3ticas.<\/p>\n\n\n\n<p class=\"wp-block-paragraph\">Arturo.<\/p>\n\n\n\n<figure class=\"wp-block-image size-large\"><img loading=\"lazy\" decoding=\"async\" width=\"1004\" height=\"1024\" src=\"https:\/\/letrashipnoticas.org\/wp-content\/uploads\/2025\/09\/WhatsApp-Image-2025-09-15-at-8.21.28-AM-1-1004x1024.jpeg\" alt=\"\" class=\"wp-image-2132\" srcset=\"https:\/\/letrashipnoticas.org\/wp-content\/uploads\/2025\/09\/WhatsApp-Image-2025-09-15-at-8.21.28-AM-1-1004x1024.jpeg 1004w, https:\/\/letrashipnoticas.org\/wp-content\/uploads\/2025\/09\/WhatsApp-Image-2025-09-15-at-8.21.28-AM-1-294x300.jpeg 294w, https:\/\/letrashipnoticas.org\/wp-content\/uploads\/2025\/09\/WhatsApp-Image-2025-09-15-at-8.21.28-AM-1-768x784.jpeg 768w, https:\/\/letrashipnoticas.org\/wp-content\/uploads\/2025\/09\/WhatsApp-Image-2025-09-15-at-8.21.28-AM-1-412x420.jpeg 412w, https:\/\/letrashipnoticas.org\/wp-content\/uploads\/2025\/09\/WhatsApp-Image-2025-09-15-at-8.21.28-AM-1-150x153.jpeg 150w, https:\/\/letrashipnoticas.org\/wp-content\/uploads\/2025\/09\/WhatsApp-Image-2025-09-15-at-8.21.28-AM-1-300x306.jpeg 300w, https:\/\/letrashipnoticas.org\/wp-content\/uploads\/2025\/09\/WhatsApp-Image-2025-09-15-at-8.21.28-AM-1-696x710.jpeg 696w, https:\/\/letrashipnoticas.org\/wp-content\/uploads\/2025\/09\/WhatsApp-Image-2025-09-15-at-8.21.28-AM-1-1068x1090.jpeg 1068w, https:\/\/letrashipnoticas.org\/wp-content\/uploads\/2025\/09\/WhatsApp-Image-2025-09-15-at-8.21.28-AM-1-356x364.jpeg 356w, https:\/\/letrashipnoticas.org\/wp-content\/uploads\/2025\/09\/WhatsApp-Image-2025-09-15-at-8.21.28-AM-1.jpeg 1080w\" sizes=\"auto, (max-width: 1004px) 100vw, 1004px\" \/><\/figure>\n","protected":false},"excerpt":{"rendered":"<p>15 de septiembre: El d\u00eda que arde en las ra\u00edces del tiempo. Por \ud83e\udec6 Arturo David V\u00e1squez Urdiales \ud83d\udcff Santoral de los Dolores: Nuestra Se\u00f1ora de los Dolores \u2013 San Nicomedes \u2013 San Porfirio Hoy no se puede caminar por la historia sin tropezar con el dolor. El calendario cat\u00f3lico recuerda a Nuestra Se\u00f1ora de [&hellip;]<\/p>\n","protected":false},"author":1,"featured_media":2131,"comment_status":"open","ping_status":"open","sticky":false,"template":"","format":"standard","meta":{"om_disable_all_campaigns":false,"_monsterinsights_skip_tracking":false,"footnotes":""},"categories":[1],"tags":[],"class_list":["post-2130","post","type-post","status-publish","format-standard","has-post-thumbnail","category-general"],"aioseo_notices":[],"aioseo_head":"\n\t\t<!-- All in One SEO 5.0.0.1 - aioseo.com -->\n\t<meta name=\"description\" content=\"15 de septiembre: El d\u00eda que arde en las ra\u00edces del tiempo. Por \ud83e\udec6 Arturo David V\u00e1squez Urdiales \ud83d\udcff Santoral de los Dolores: Nuestra Se\u00f1ora de los Dolores \u2013 San Nicomedes \u2013 San Porfirio Hoy no se puede caminar por la historia sin tropezar con el dolor. El calendario cat\u00f3lico recuerda a Nuestra Se\u00f1ora de\" \/>\n\t<meta name=\"robots\" content=\"max-image-preview:large\" \/>\n\t<meta name=\"author\" content=\"Dr. Arturo David V\u00e1squez Urdiales\"\/>\n\t<meta name=\"google-site-verification\" content=\"w1V7bRCSYMeOZjzLwWS_W8_n8jd94Z38sletBUa-LV0\" \/>\n\t<link rel=\"canonical\" href=\"https:\/\/letrashipnoticas.org\/?p=2130\" \/>\n\t<meta name=\"generator\" content=\"All in One SEO (AIOSEO) 5.0.0.1\" \/>\n\t\t<meta property=\"og:locale\" content=\"es_MX\" \/>\n\t\t<meta property=\"og:site_name\" content=\"Letras Hiptn\u00f3ticas - &quot;Descubre Apunte diario sobre letras hipn\u00f3ticas, un viaje literario envolvente que despierta el alma. Reflexiones profundas, historias cautivadoras y un estilo \u00fanico que hipnotiza en cada palabra.&quot; 15 de septiembre: El d\u00eda que arde en las ra\u00edces del tiempo. Por \ud83e\udec6 Arturo David V\u00e1squez Urdiales \ud83d\udcff Santoral de los Dolores: Nuestra Se\u00f1ora de los Dolores \u2013 San Nicomedes \u2013 San Porfirio Hoy no se puede caminar por la historia sin tropezar con el dolor. El calendario cat\u00f3lico recuerda a Nuestra Se\u00f1ora de\" \/>\n\t\t<meta property=\"og:type\" content=\"article\" \/>\n\t\t<meta property=\"og:title\" content=\"15 de septiembre: El d\u00eda que arde en las ra\u00edces del tiempo. - Letras Hiptn\u00f3ticas\" \/>\n\t\t<meta property=\"og:description\" content=\"15 de septiembre: El d\u00eda que arde en las ra\u00edces del tiempo. Por \ud83e\udec6 Arturo David V\u00e1squez Urdiales \ud83d\udcff Santoral de los Dolores: Nuestra Se\u00f1ora de los Dolores \u2013 San Nicomedes \u2013 San Porfirio Hoy no se puede caminar por la historia sin tropezar con el dolor. El calendario cat\u00f3lico recuerda a Nuestra Se\u00f1ora de\" \/>\n\t\t<meta property=\"og:url\" content=\"https:\/\/letrashipnoticas.org\/?p=2130\" \/>\n\t\t<meta property=\"og:image\" content=\"https:\/\/letrashipnoticas.org\/wp-content\/uploads\/2025\/09\/WhatsApp-Image-2025-09-15-at-8.21.28-AM.jpeg\" \/>\n\t\t<meta property=\"og:image:secure_url\" content=\"https:\/\/letrashipnoticas.org\/wp-content\/uploads\/2025\/09\/WhatsApp-Image-2025-09-15-at-8.21.28-AM.jpeg\" \/>\n\t\t<meta property=\"og:image:width\" content=\"1080\" \/>\n\t\t<meta property=\"og:image:height\" content=\"725\" \/>\n\t\t<meta property=\"article:published_time\" content=\"2025-09-15T14:49:04+00:00\" \/>\n\t\t<meta property=\"article:modified_time\" content=\"2025-09-15T14:49:11+00:00\" \/>\n\t\t<meta name=\"twitter:card\" content=\"summary_large_image\" \/>\n\t\t<meta name=\"twitter:title\" content=\"15 de septiembre: El d\u00eda que arde en las ra\u00edces del tiempo. - Letras Hiptn\u00f3ticas\" \/>\n\t\t<meta name=\"twitter:description\" content=\"15 de septiembre: El d\u00eda que arde en las ra\u00edces del tiempo. Por \ud83e\udec6 Arturo David V\u00e1squez Urdiales \ud83d\udcff Santoral de los Dolores: Nuestra Se\u00f1ora de los Dolores \u2013 San Nicomedes \u2013 San Porfirio Hoy no se puede caminar por la historia sin tropezar con el dolor. El calendario cat\u00f3lico recuerda a Nuestra Se\u00f1ora de\" \/>\n\t\t<meta name=\"twitter:image\" content=\"https:\/\/letrashipnoticas.org\/wp-content\/uploads\/2025\/09\/WhatsApp-Image-2025-09-15-at-8.21.28-AM.jpeg\" \/>\n\t\t<script type=\"application\/ld+json\" class=\"aioseo-schema\">\n\t\t\t{\"@context\":\"https:\\\/\\\/schema.org\",\"@graph\":[{\"@type\":\"BlogPosting\",\"@id\":\"https:\\\/\\\/letrashipnoticas.org\\\/?p=2130#blogposting\",\"name\":\"15 de septiembre: El d\\u00eda que arde en las ra\\u00edces del tiempo. - Letras Hiptn\\u00f3ticas\",\"headline\":\"15 de septiembre: El d\\u00eda que arde en las ra\\u00edces del tiempo.\",\"author\":{\"@id\":\"https:\\\/\\\/letrashipnoticas.org\\\/?author=1#author\"},\"publisher\":{\"@id\":\"https:\\\/\\\/letrashipnoticas.org\\\/#organization\"},\"image\":{\"@type\":\"ImageObject\",\"url\":\"https:\\\/\\\/letrashipnoticas.org\\\/wp-content\\\/uploads\\\/2025\\\/09\\\/WhatsApp-Image-2025-09-15-at-8.21.28-AM.jpeg\",\"width\":1080,\"height\":725},\"datePublished\":\"2025-09-15T14:49:04+00:00\",\"dateModified\":\"2025-09-15T14:49:11+00:00\",\"inLanguage\":\"es-MX\",\"mainEntityOfPage\":{\"@id\":\"https:\\\/\\\/letrashipnoticas.org\\\/?p=2130#webpage\"},\"isPartOf\":{\"@id\":\"https:\\\/\\\/letrashipnoticas.org\\\/?p=2130#webpage\"},\"articleSection\":\"Las Letras Hipn\\u00f3ticas de hoy\"},{\"@type\":\"BreadcrumbList\",\"@id\":\"https:\\\/\\\/letrashipnoticas.org\\\/?p=2130#breadcrumblist\",\"itemListElement\":[{\"@type\":\"ListItem\",\"@id\":\"https:\\\/\\\/letrashipnoticas.org#listItem\",\"position\":1,\"name\":\"Inicio\",\"item\":\"https:\\\/\\\/letrashipnoticas.org\",\"nextItem\":{\"@type\":\"ListItem\",\"@id\":\"https:\\\/\\\/letrashipnoticas.org\\\/?cat=1#listItem\",\"name\":\"Las Letras Hipn\\u00f3ticas de hoy\"}},{\"@type\":\"ListItem\",\"@id\":\"https:\\\/\\\/letrashipnoticas.org\\\/?cat=1#listItem\",\"position\":2,\"name\":\"Las Letras Hipn\\u00f3ticas de hoy\",\"item\":\"https:\\\/\\\/letrashipnoticas.org\\\/?cat=1\",\"nextItem\":{\"@type\":\"ListItem\",\"@id\":\"https:\\\/\\\/letrashipnoticas.org\\\/?p=2130#listItem\",\"name\":\"15 de septiembre: El d\\u00eda que arde en las ra\\u00edces del tiempo.\"},\"previousItem\":{\"@type\":\"ListItem\",\"@id\":\"https:\\\/\\\/letrashipnoticas.org#listItem\",\"name\":\"Inicio\"}},{\"@type\":\"ListItem\",\"@id\":\"https:\\\/\\\/letrashipnoticas.org\\\/?p=2130#listItem\",\"position\":3,\"name\":\"15 de septiembre: El d\\u00eda que arde en las ra\\u00edces del tiempo.\",\"previousItem\":{\"@type\":\"ListItem\",\"@id\":\"https:\\\/\\\/letrashipnoticas.org\\\/?cat=1#listItem\",\"name\":\"Las Letras Hipn\\u00f3ticas de hoy\"}}]},{\"@type\":\"Organization\",\"@id\":\"https:\\\/\\\/letrashipnoticas.org\\\/#organization\",\"name\":\"Letras Hiptn\\u00f3ticas\",\"description\":\"\\\"Descubre Apunte diario sobre letras hipn\\u00f3ticas, un viaje literario envolvente que despierta el alma. Reflexiones profundas, historias cautivadoras y un estilo \\u00fanico que hipnotiza en cada palabra.\\\"\",\"url\":\"https:\\\/\\\/letrashipnoticas.org\\\/\",\"logo\":{\"@type\":\"ImageObject\",\"url\":\"https:\\\/\\\/letrashipnoticas.org\\\/wp-content\\\/uploads\\\/2024\\\/09\\\/LogoRetinaPNG.png\",\"@id\":\"https:\\\/\\\/letrashipnoticas.org\\\/?p=2130\\\/#organizationLogo\",\"width\":544,\"height\":180},\"image\":{\"@id\":\"https:\\\/\\\/letrashipnoticas.org\\\/?p=2130\\\/#organizationLogo\"}},{\"@type\":\"Person\",\"@id\":\"https:\\\/\\\/letrashipnoticas.org\\\/?author=1#author\",\"url\":\"https:\\\/\\\/letrashipnoticas.org\\\/?author=1\",\"name\":\"Dr. Arturo David V\\u00e1squez Urdiales\",\"image\":{\"@type\":\"ImageObject\",\"@id\":\"https:\\\/\\\/letrashipnoticas.org\\\/?p=2130#authorImage\",\"url\":\"https:\\\/\\\/secure.gravatar.com\\\/avatar\\\/1bbc04a2da05a8a25045693b6f4473cec684496aa6385880380b702aa43009f8?s=96&d=mm&r=g\",\"width\":96,\"height\":96,\"caption\":\"Dr. Arturo David V\\u00e1squez Urdiales\"}},{\"@type\":\"WebPage\",\"@id\":\"https:\\\/\\\/letrashipnoticas.org\\\/?p=2130#webpage\",\"url\":\"https:\\\/\\\/letrashipnoticas.org\\\/?p=2130\",\"name\":\"15 de septiembre: El d\\u00eda que arde en las ra\\u00edces del tiempo. - Letras Hiptn\\u00f3ticas\",\"description\":\"15 de septiembre: El d\\u00eda que arde en las ra\\u00edces del tiempo. Por \\ud83e\\udec6 Arturo David V\\u00e1squez Urdiales \\ud83d\\udcff Santoral de los Dolores: Nuestra Se\\u00f1ora de los Dolores \\u2013 San Nicomedes \\u2013 San Porfirio Hoy no se puede caminar por la historia sin tropezar con el dolor. El calendario cat\\u00f3lico recuerda a Nuestra Se\\u00f1ora de\",\"inLanguage\":\"es-MX\",\"isPartOf\":{\"@id\":\"https:\\\/\\\/letrashipnoticas.org\\\/#website\"},\"breadcrumb\":{\"@id\":\"https:\\\/\\\/letrashipnoticas.org\\\/?p=2130#breadcrumblist\"},\"author\":{\"@id\":\"https:\\\/\\\/letrashipnoticas.org\\\/?author=1#author\"},\"creator\":{\"@id\":\"https:\\\/\\\/letrashipnoticas.org\\\/?author=1#author\"},\"image\":{\"@type\":\"ImageObject\",\"url\":\"https:\\\/\\\/letrashipnoticas.org\\\/wp-content\\\/uploads\\\/2025\\\/09\\\/WhatsApp-Image-2025-09-15-at-8.21.28-AM.jpeg\",\"@id\":\"https:\\\/\\\/letrashipnoticas.org\\\/?p=2130\\\/#mainImage\",\"width\":1080,\"height\":725},\"primaryImageOfPage\":{\"@id\":\"https:\\\/\\\/letrashipnoticas.org\\\/?p=2130#mainImage\"},\"datePublished\":\"2025-09-15T14:49:04+00:00\",\"dateModified\":\"2025-09-15T14:49:11+00:00\"},{\"@type\":\"WebSite\",\"@id\":\"https:\\\/\\\/letrashipnoticas.org\\\/#website\",\"url\":\"https:\\\/\\\/letrashipnoticas.org\\\/\",\"name\":\"Letras Hiptn\\u00f3ticas\",\"description\":\"\\\"Descubre Apunte diario sobre letras hipn\\u00f3ticas, un viaje literario envolvente que despierta el alma. Reflexiones profundas, historias cautivadoras y un estilo \\u00fanico que hipnotiza en cada palabra.\\\"\",\"inLanguage\":\"es-MX\",\"publisher\":{\"@id\":\"https:\\\/\\\/letrashipnoticas.org\\\/#organization\"}}]}\n\t\t<\/script>\n\t\t<!-- All in One SEO -->\n\n","aioseo_head_json":{"title":"15 de septiembre: El d\u00eda que arde en las ra\u00edces del tiempo. - Letras Hiptn\u00f3ticas","description":"15 de septiembre: El d\u00eda que arde en las ra\u00edces del tiempo. Por \ud83e\udec6 Arturo David V\u00e1squez Urdiales \ud83d\udcff Santoral de los Dolores: Nuestra Se\u00f1ora de los Dolores \u2013 San Nicomedes \u2013 San Porfirio Hoy no se puede caminar por la historia sin tropezar con el dolor. El calendario cat\u00f3lico recuerda a Nuestra Se\u00f1ora de","canonical_url":"https:\/\/letrashipnoticas.org\/?p=2130","robots":"max-image-preview:large","keywords":"","webmasterTools":{"google-site-verification":"w1V7bRCSYMeOZjzLwWS_W8_n8jd94Z38sletBUa-LV0","miscellaneous":""},"schema":{"@context":"https:\/\/schema.org","@graph":[{"@type":"BlogPosting","@id":"https:\/\/letrashipnoticas.org\/?p=2130#blogposting","name":"15 de septiembre: El d\u00eda que arde en las ra\u00edces del tiempo. - Letras Hiptn\u00f3ticas","headline":"15 de septiembre: El d\u00eda que arde en las ra\u00edces del tiempo.","author":{"@id":"https:\/\/letrashipnoticas.org\/?author=1#author"},"publisher":{"@id":"https:\/\/letrashipnoticas.org\/#organization"},"image":{"@type":"ImageObject","url":"https:\/\/letrashipnoticas.org\/wp-content\/uploads\/2025\/09\/WhatsApp-Image-2025-09-15-at-8.21.28-AM.jpeg","width":1080,"height":725},"datePublished":"2025-09-15T14:49:04+00:00","dateModified":"2025-09-15T14:49:11+00:00","inLanguage":"es-MX","mainEntityOfPage":{"@id":"https:\/\/letrashipnoticas.org\/?p=2130#webpage"},"isPartOf":{"@id":"https:\/\/letrashipnoticas.org\/?p=2130#webpage"},"articleSection":"Las Letras Hipn\u00f3ticas de hoy"},{"@type":"BreadcrumbList","@id":"https:\/\/letrashipnoticas.org\/?p=2130#breadcrumblist","itemListElement":[{"@type":"ListItem","@id":"https:\/\/letrashipnoticas.org#listItem","position":1,"name":"Inicio","item":"https:\/\/letrashipnoticas.org","nextItem":{"@type":"ListItem","@id":"https:\/\/letrashipnoticas.org\/?cat=1#listItem","name":"Las Letras Hipn\u00f3ticas de hoy"}},{"@type":"ListItem","@id":"https:\/\/letrashipnoticas.org\/?cat=1#listItem","position":2,"name":"Las Letras Hipn\u00f3ticas de hoy","item":"https:\/\/letrashipnoticas.org\/?cat=1","nextItem":{"@type":"ListItem","@id":"https:\/\/letrashipnoticas.org\/?p=2130#listItem","name":"15 de septiembre: El d\u00eda que arde en las ra\u00edces del tiempo."},"previousItem":{"@type":"ListItem","@id":"https:\/\/letrashipnoticas.org#listItem","name":"Inicio"}},{"@type":"ListItem","@id":"https:\/\/letrashipnoticas.org\/?p=2130#listItem","position":3,"name":"15 de septiembre: El d\u00eda que arde en las ra\u00edces del tiempo.","previousItem":{"@type":"ListItem","@id":"https:\/\/letrashipnoticas.org\/?cat=1#listItem","name":"Las Letras Hipn\u00f3ticas de hoy"}}]},{"@type":"Organization","@id":"https:\/\/letrashipnoticas.org\/#organization","name":"Letras Hiptn\u00f3ticas","description":"\"Descubre Apunte diario sobre letras hipn\u00f3ticas, un viaje literario envolvente que despierta el alma. Reflexiones profundas, historias cautivadoras y un estilo \u00fanico que hipnotiza en cada palabra.\"","url":"https:\/\/letrashipnoticas.org\/","logo":{"@type":"ImageObject","url":"https:\/\/letrashipnoticas.org\/wp-content\/uploads\/2024\/09\/LogoRetinaPNG.png","@id":"https:\/\/letrashipnoticas.org\/?p=2130\/#organizationLogo","width":544,"height":180},"image":{"@id":"https:\/\/letrashipnoticas.org\/?p=2130\/#organizationLogo"}},{"@type":"Person","@id":"https:\/\/letrashipnoticas.org\/?author=1#author","url":"https:\/\/letrashipnoticas.org\/?author=1","name":"Dr. Arturo David V\u00e1squez Urdiales","image":{"@type":"ImageObject","@id":"https:\/\/letrashipnoticas.org\/?p=2130#authorImage","url":"https:\/\/secure.gravatar.com\/avatar\/1bbc04a2da05a8a25045693b6f4473cec684496aa6385880380b702aa43009f8?s=96&d=mm&r=g","width":96,"height":96,"caption":"Dr. Arturo David V\u00e1squez Urdiales"}},{"@type":"WebPage","@id":"https:\/\/letrashipnoticas.org\/?p=2130#webpage","url":"https:\/\/letrashipnoticas.org\/?p=2130","name":"15 de septiembre: El d\u00eda que arde en las ra\u00edces del tiempo. - Letras Hiptn\u00f3ticas","description":"15 de septiembre: El d\u00eda que arde en las ra\u00edces del tiempo. Por \ud83e\udec6 Arturo David V\u00e1squez Urdiales \ud83d\udcff Santoral de los Dolores: Nuestra Se\u00f1ora de los Dolores \u2013 San Nicomedes \u2013 San Porfirio Hoy no se puede caminar por la historia sin tropezar con el dolor. El calendario cat\u00f3lico recuerda a Nuestra Se\u00f1ora de","inLanguage":"es-MX","isPartOf":{"@id":"https:\/\/letrashipnoticas.org\/#website"},"breadcrumb":{"@id":"https:\/\/letrashipnoticas.org\/?p=2130#breadcrumblist"},"author":{"@id":"https:\/\/letrashipnoticas.org\/?author=1#author"},"creator":{"@id":"https:\/\/letrashipnoticas.org\/?author=1#author"},"image":{"@type":"ImageObject","url":"https:\/\/letrashipnoticas.org\/wp-content\/uploads\/2025\/09\/WhatsApp-Image-2025-09-15-at-8.21.28-AM.jpeg","@id":"https:\/\/letrashipnoticas.org\/?p=2130\/#mainImage","width":1080,"height":725},"primaryImageOfPage":{"@id":"https:\/\/letrashipnoticas.org\/?p=2130#mainImage"},"datePublished":"2025-09-15T14:49:04+00:00","dateModified":"2025-09-15T14:49:11+00:00"},{"@type":"WebSite","@id":"https:\/\/letrashipnoticas.org\/#website","url":"https:\/\/letrashipnoticas.org\/","name":"Letras Hiptn\u00f3ticas","description":"\"Descubre Apunte diario sobre letras hipn\u00f3ticas, un viaje literario envolvente que despierta el alma. Reflexiones profundas, historias cautivadoras y un estilo \u00fanico que hipnotiza en cada palabra.\"","inLanguage":"es-MX","publisher":{"@id":"https:\/\/letrashipnoticas.org\/#organization"}}]},"og:locale":"es_MX","og:site_name":"Letras Hiptn\u00f3ticas - &quot;Descubre Apunte diario sobre letras hipn\u00f3ticas, un viaje literario envolvente que despierta el alma. Reflexiones profundas, historias cautivadoras y un estilo \u00fanico que hipnotiza en cada palabra.&quot; 15 de septiembre: El d\u00eda que arde en las ra\u00edces del tiempo. Por \ud83e\udec6 Arturo David V\u00e1squez Urdiales \ud83d\udcff Santoral de los Dolores: Nuestra Se\u00f1ora de los Dolores \u2013 San Nicomedes \u2013 San Porfirio Hoy no se puede caminar por la historia sin tropezar con el dolor. El calendario cat\u00f3lico recuerda a Nuestra Se\u00f1ora de","og:type":"article","og:title":"15 de septiembre: El d\u00eda que arde en las ra\u00edces del tiempo. - Letras Hiptn\u00f3ticas","og:description":"15 de septiembre: El d\u00eda que arde en las ra\u00edces del tiempo. Por \ud83e\udec6 Arturo David V\u00e1squez Urdiales \ud83d\udcff Santoral de los Dolores: Nuestra Se\u00f1ora de los Dolores \u2013 San Nicomedes \u2013 San Porfirio Hoy no se puede caminar por la historia sin tropezar con el dolor. El calendario cat\u00f3lico recuerda a Nuestra Se\u00f1ora de","og:url":"https:\/\/letrashipnoticas.org\/?p=2130","og:image":"https:\/\/letrashipnoticas.org\/wp-content\/uploads\/2025\/09\/WhatsApp-Image-2025-09-15-at-8.21.28-AM.jpeg","og:image:secure_url":"https:\/\/letrashipnoticas.org\/wp-content\/uploads\/2025\/09\/WhatsApp-Image-2025-09-15-at-8.21.28-AM.jpeg","og:image:width":1080,"og:image:height":725,"article:published_time":"2025-09-15T14:49:04+00:00","article:modified_time":"2025-09-15T14:49:11+00:00","twitter:card":"summary_large_image","twitter:title":"15 de septiembre: El d\u00eda que arde en las ra\u00edces del tiempo. - Letras Hiptn\u00f3ticas","twitter:description":"15 de septiembre: El d\u00eda que arde en las ra\u00edces del tiempo. Por \ud83e\udec6 Arturo David V\u00e1squez Urdiales \ud83d\udcff Santoral de los Dolores: Nuestra Se\u00f1ora de los Dolores \u2013 San Nicomedes \u2013 San Porfirio Hoy no se puede caminar por la historia sin tropezar con el dolor. El calendario cat\u00f3lico recuerda a Nuestra Se\u00f1ora de","twitter:image":"https:\/\/letrashipnoticas.org\/wp-content\/uploads\/2025\/09\/WhatsApp-Image-2025-09-15-at-8.21.28-AM.jpeg"},"aioseo_meta_data":{"post_id":"2130","title":null,"description":null,"keywords":null,"keyphrases":{"focus":{"keyphrase":"","score":0,"analysis":{"keyphraseInTitle":{"score":0,"maxScore":9,"error":1}}},"additional":[]},"primary_term":null,"canonical_url":null,"og_title":null,"og_description":null,"og_object_type":"default","og_image_type":"default","og_image_url":null,"og_image_width":null,"og_image_height":null,"og_image_custom_url":null,"og_image_custom_fields":null,"og_video":"","og_custom_url":null,"og_article_section":null,"og_article_tags":null,"twitter_use_og":false,"twitter_card":"default","twitter_image_type":"default","twitter_image_url":null,"twitter_image_custom_url":null,"twitter_image_custom_fields":null,"twitter_title":null,"twitter_description":null,"schema":{"blockGraphs":[],"customGraphs":[],"default":{"data":{"Article":[],"Course":[],"Dataset":[],"FAQPage":[],"Movie":[],"Person":[],"Product":[],"ProductReview":[],"Car":[],"Recipe":[],"Service":[],"SoftwareApplication":[],"WebPage":[]},"graphName":"BlogPosting","isEnabled":true},"graphs":[]},"schema_type":"default","schema_type_options":null,"pillar_content":false,"robots_default":true,"robots_noindex":false,"robots_noarchive":false,"robots_nosnippet":false,"robots_nofollow":false,"robots_noimageindex":false,"robots_noodp":false,"robots_notranslate":false,"robots_max_snippet":"-1","robots_max_videopreview":"-1","robots_max_imagepreview":"large","priority":null,"frequency":"default","local_seo":null,"breadcrumb_settings":null,"limit_modified_date":false,"ai":{"faqs":[],"keyPoints":[],"titles":[],"descriptions":[],"socialPosts":{"email":[],"linkedin":[],"twitter":[],"facebook":[],"instagram":[]}},"created":"2025-09-15 14:49:19","updated":"2025-09-16 17:32:05","focus_keyword":null,"additional_keywords":null,"truseo_locale":null,"seo_analyzer_scan_date":null},"aioseo_breadcrumb":"<div class=\"aioseo-breadcrumbs\"><span class=\"aioseo-breadcrumb\">\n\t\t\t<a href=\"https:\/\/letrashipnoticas.org\" title=\"Inicio\">Inicio<\/a>\n\t\t<\/span><span class=\"aioseo-breadcrumb-separator\">&raquo;<\/span><span class=\"aioseo-breadcrumb\">\n\t\t\t<a href=\"https:\/\/letrashipnoticas.org\/?cat=1\" title=\"Las Letras Hipn\u00f3ticas de hoy\">Las Letras Hipn\u00f3ticas de hoy<\/a>\n\t\t<\/span><span class=\"aioseo-breadcrumb-separator\">&raquo;<\/span><span class=\"aioseo-breadcrumb\">\n\t\t\t15 de septiembre: El d\u00eda que arde en las ra\u00edces del tiempo.\n\t\t<\/span><\/div>","aioseo_breadcrumb_json":[{"label":"Inicio","link":"https:\/\/letrashipnoticas.org"},{"label":"Las Letras Hipn\u00f3ticas de hoy","link":"https:\/\/letrashipnoticas.org\/?cat=1"},{"label":"15 de septiembre: El d\u00eda que arde en las ra\u00edces del tiempo.","link":"https:\/\/letrashipnoticas.org\/?p=2130"}],"_links":{"self":[{"href":"https:\/\/letrashipnoticas.org\/index.php?rest_route=\/wp\/v2\/posts\/2130","targetHints":{"allow":["GET"]}}],"collection":[{"href":"https:\/\/letrashipnoticas.org\/index.php?rest_route=\/wp\/v2\/posts"}],"about":[{"href":"https:\/\/letrashipnoticas.org\/index.php?rest_route=\/wp\/v2\/types\/post"}],"author":[{"embeddable":true,"href":"https:\/\/letrashipnoticas.org\/index.php?rest_route=\/wp\/v2\/users\/1"}],"replies":[{"embeddable":true,"href":"https:\/\/letrashipnoticas.org\/index.php?rest_route=%2Fwp%2Fv2%2Fcomments&post=2130"}],"version-history":[{"count":1,"href":"https:\/\/letrashipnoticas.org\/index.php?rest_route=\/wp\/v2\/posts\/2130\/revisions"}],"predecessor-version":[{"id":2133,"href":"https:\/\/letrashipnoticas.org\/index.php?rest_route=\/wp\/v2\/posts\/2130\/revisions\/2133"}],"wp:featuredmedia":[{"embeddable":true,"href":"https:\/\/letrashipnoticas.org\/index.php?rest_route=\/wp\/v2\/media\/2131"}],"wp:attachment":[{"href":"https:\/\/letrashipnoticas.org\/index.php?rest_route=%2Fwp%2Fv2%2Fmedia&parent=2130"}],"wp:term":[{"taxonomy":"category","embeddable":true,"href":"https:\/\/letrashipnoticas.org\/index.php?rest_route=%2Fwp%2Fv2%2Fcategories&post=2130"},{"taxonomy":"post_tag","embeddable":true,"href":"https:\/\/letrashipnoticas.org\/index.php?rest_route=%2Fwp%2Fv2%2Ftags&post=2130"}],"curies":[{"name":"wp","href":"https:\/\/api.w.org\/{rel}","templated":true}]}}