{"id":1884,"date":"2025-08-03T18:05:24","date_gmt":"2025-08-03T18:05:24","guid":{"rendered":"https:\/\/letrashipnoticas.org\/?p=1884"},"modified":"2025-08-03T18:05:33","modified_gmt":"2025-08-03T18:05:33","slug":"carranza-y-cardenas-dos-caminos-una-traicion-y-la-historia-que-aun-duele","status":"publish","type":"post","link":"https:\/\/letrashipnoticas.org\/?p=1884","title":{"rendered":"Carranza y C\u00e1rdenas: dos caminos, una traici\u00f3n y la historia que a\u00fan duele"},"content":{"rendered":"\n<p class=\"wp-block-paragraph\">Apunte diario sobre letras Hipn\u00f3ticas<\/p>\n\n\n\n<h2 class=\"wp-block-heading\"><strong><em>Carranza y C\u00e1rdenas: dos caminos, una traici\u00f3n y la historia que a\u00fan duele<\/em><\/strong><\/h2>\n\n\n\n<p class=\"wp-block-paragraph\">Por Arturo David V\u00e1squez Urdiales<\/p>\n\n\n\n<hr class=\"wp-block-separator has-alpha-channel-opacity\"\/>\n\n\n\n<p class=\"wp-block-paragraph\">I. La memoria de los hombres altos: Carranza<\/p>\n\n\n\n<p class=\"wp-block-paragraph\">Venustiano Carranza Garza naci\u00f3 el 29 de diciembre de 1859 en Cuatro Ci\u00e9negas, Coahuila, en una familia de hacendados con sentido de orden y justicia. Era un hombre f\u00edsicamente imponente: 1.98 metros de estatura, de barba y bigote blancos Carranza y C\u00e1rdenas: dos caminos, una traici\u00f3n y la historia que a\u00fan dueleque parec\u00edan enmarcar una determinaci\u00f3n f\u00e9rrea. Su mirada no era la del caudillo impulsivo, sino la del estadista que cree en el poder de la ley.<\/p>\n\n\n\n<p class=\"wp-block-paragraph\">Desde joven se inclin\u00f3 por la pol\u00edtica, ocupando cargos locales hasta convertirse en gobernador de Coahuila. Fue este puesto el que lo catapult\u00f3 al escenario nacional cuando se levant\u00f3 contra el golpe militar de Victoriano Huerta en 1913, tras el asesinato de Francisco I. Madero.<\/p>\n\n\n\n<p class=\"wp-block-paragraph\">Carranza no se present\u00f3 como un libertador rom\u00e1ntico, sino como el Primer Jefe del Ej\u00e9rcito Constitucionalista, un hombre que cre\u00eda que el Estado deb\u00eda renacer sobre cimientos legales, no sobre la mera fuerza. Con \u00c1lvaro Obreg\u00f3n como brazo militar, logr\u00f3 derrotar a Huerta en 1914.<\/p>\n\n\n\n<hr class=\"wp-block-separator has-alpha-channel-opacity\"\/>\n\n\n\n<p class=\"wp-block-paragraph\">La Constituci\u00f3n de 1917: un sue\u00f1o adelantado<\/p>\n\n\n\n<p class=\"wp-block-paragraph\">El mayor legado de Carranza fue la Constituci\u00f3n de 1917, elaborada en Quer\u00e9taro, una carta magna que por primera vez en el mundo reconoc\u00eda:<\/p>\n\n\n\n<p class=\"wp-block-paragraph\">Derechos laborales (jornadas de 8 horas, derecho a huelga, salario m\u00ednimo).<\/p>\n\n\n\n<p class=\"wp-block-paragraph\">Derechos agrarios (reparto de tierras, fin de latifundios).<\/p>\n\n\n\n<p class=\"wp-block-paragraph\">Derechos sociales (educaci\u00f3n laica y gratuita).<\/p>\n\n\n\n<p class=\"wp-block-paragraph\">Fue un documento tan avanzado que inspir\u00f3 a constituciones europeas y latinoamericanas posteriores. Sin embargo, Carranza era un hombre del siglo XIX con un sue\u00f1o del siglo XX: la transici\u00f3n del caudillismo a un Estado de derecho.<\/p>\n\n\n\n<hr class=\"wp-block-separator has-alpha-channel-opacity\"\/>\n\n\n\n<p class=\"wp-block-paragraph\">II. Tlaxcalaltongo: el hombre y la traici\u00f3n<\/p>\n\n\n\n<p class=\"wp-block-paragraph\">En 1920, Carranza intent\u00f3 entregar la presidencia a Ignacio Bonillas, un civil sin base militar, con el prop\u00f3sito de acabar con la pol\u00edtica de generales armados controlando el pa\u00eds. Esto provoc\u00f3 la ira de Plutarco El\u00edas Calles y \u00c1lvaro Obreg\u00f3n, quienes ten\u00edan sus propios planes de poder.<\/p>\n\n\n\n<p class=\"wp-block-paragraph\">Cuando Carranza sali\u00f3 de la Ciudad de M\u00e9xico, huyendo hacia Veracruz con un peque\u00f1o grupo de fieles, abandon\u00f3 el tren presidencial al ver que las v\u00edas hab\u00edan sido tomadas. Internarse por la sierra era su \u00fanica opci\u00f3n. El viaje fue un descenso hacia la historia negra: caminatas agotadoras, traiciones en cada pueblo, la sensaci\u00f3n de que la muerte lo segu\u00eda.<\/p>\n\n\n\n<p class=\"wp-block-paragraph\">La noche del 21 de mayo de 1920, en una choza de Tlaxcalaltongo, mientras dorm\u00eda con la tranquilidad que da el cansancio extremo, un jefe pol\u00edtico y militar del norte de Veracruz entr\u00f3 con una pistola Luger alemana y dispar\u00f3 cinco veces: tres balas en la nuca, dos en los pulmones.<\/p>\n\n\n\n<p class=\"wp-block-paragraph\">Carranza, el hombre de la Constituci\u00f3n, muri\u00f3 traicionado, asesinado como un bandido, no como un presidente en funciones. Todo M\u00e9xico lo supo, todo M\u00e9xico lo coment\u00f3 en voz baja, pero la historia oficial lo redujo a una l\u00ednea seca en los libros de texto: \u201cMuri\u00f3 en Tlaxcalaltongo\u201d.<\/p>\n\n\n\n<p class=\"wp-block-paragraph\">La orden ven\u00eda de arriba, de los arquitectos del poder de entonces: Calles y Obreg\u00f3n. El magnicidio fue el precio que pag\u00f3 por intentar sustituir el caudillismo por el constitucionalismo.<\/p>\n\n\n\n<hr class=\"wp-block-separator has-alpha-channel-opacity\"\/>\n\n\n\n<p class=\"wp-block-paragraph\">III. L\u00e1zaro C\u00e1rdenas: el hombre del silencio y el exilio de Calles<\/p>\n\n\n\n<p class=\"wp-block-paragraph\">L\u00e1zaro C\u00e1rdenas del R\u00edo naci\u00f3 en 1895, en Jiquilpan, Michoac\u00e1n. De origen humilde, se uni\u00f3 temprano a la Revoluci\u00f3n, siendo parte de las fuerzas constitucionalistas. Subi\u00f3 pelda\u00f1o por pelda\u00f1o hasta llegar a la presidencia en 1934, convirti\u00e9ndose en el \u00faltimo militar revolucionario que ejercer\u00eda el cargo con legitimidad amplia.<\/p>\n\n\n\n<p class=\"wp-block-paragraph\">Su gobierno se recuerda por la expropiaci\u00f3n petrolera de 1938, la reforma agraria, el reparto de tierras y el asilo a miles de refugiados republicanos espa\u00f1oles. Pero tambi\u00e9n se recuerda por un gesto pol\u00edtico singular:<\/p>\n\n\n\n<p class=\"wp-block-paragraph\">El 10 de abril de 1936, C\u00e1rdenas orden\u00f3 el exilio de Plutarco El\u00edas Calles, quien hab\u00eda controlado la pol\u00edtica mexicana a trav\u00e9s del Maximato. Calles, el mismo que hab\u00eda avalado la muerte de Carranza, sali\u00f3 humillado, en un avi\u00f3n Douglas rumbo a San Antonio, Texas.<\/p>\n\n\n\n<p class=\"wp-block-paragraph\">C\u00e1rdenas justific\u00f3 el acto diciendo que no habr\u00eda m\u00e1s \u201cjefes m\u00e1ximos\u201d en M\u00e9xico. Fue su forma de romper con la vieja pol\u00edtica de caudillos, pero tambi\u00e9n una muestra de que la ambici\u00f3n de poder siempre encuentra nuevos due\u00f1os.<\/p>\n\n\n\n<hr class=\"wp-block-separator has-alpha-channel-opacity\"\/>\n\n\n\n<p class=\"wp-block-paragraph\">IV. Dos historias entrelazadas<\/p>\n\n\n\n<p class=\"wp-block-paragraph\">Carranza muri\u00f3 por querer limitar el poder de los generales. C\u00e1rdenas se consolid\u00f3 porque aprendi\u00f3 la lecci\u00f3n: el poder se ejerce sin rivales.<\/p>\n\n\n\n<p class=\"wp-block-paragraph\">Carranza muri\u00f3 en una choza humilde, traicionado por sus propios soldados.<\/p>\n\n\n\n<p class=\"wp-block-paragraph\">C\u00e1rdenas muri\u00f3 en su cama, con honores de Estado, pero su carrera comenz\u00f3 con el silencio c\u00f3mplice de aquel crimen pol\u00edtico.<\/p>\n\n\n\n<p class=\"wp-block-paragraph\">La historia de estos dos hombres no es paralela, sino cruzada: uno sembr\u00f3 el constitucionalismo, el otro cosech\u00f3 poder con reformas sociales. Ambos dejaron huella, pero con destinos diametralmente opuestos.<\/p>\n\n\n\n<hr class=\"wp-block-separator has-alpha-channel-opacity\"\/>\n\n\n\n<p class=\"wp-block-paragraph\">V. El eco en el M\u00e9xico actual<\/p>\n\n\n\n<p class=\"wp-block-paragraph\">Hoy, mientras una nueva presidenta gobierna un pa\u00eds que sigue buscando equilibrio entre poder pol\u00edtico y legalidad, esta historia deber\u00eda ser le\u00edda y rele\u00edda. No como un ataque ni como un paralelismo forzado, sino como un espejo de la conducta humana:<\/p>\n\n\n\n<p class=\"wp-block-paragraph\">La traici\u00f3n como herramienta pol\u00edtica.<\/p>\n\n\n\n<p class=\"wp-block-paragraph\">La ambici\u00f3n disfrazada de ideal.<\/p>\n\n\n\n<p class=\"wp-block-paragraph\">La memoria manipulada seg\u00fan la conveniencia del momento.<\/p>\n\n\n\n<p class=\"wp-block-paragraph\">Como escrib\u00ed en mi obra Las Leyes del poder para gobernar en un M\u00e9xico sin Ley (disponible en Amazon), los patrones de poder se repiten cuando la historia no se asume en toda su crudeza.<\/p>\n\n\n\n<hr class=\"wp-block-separator has-alpha-channel-opacity\"\/>\n\n\n\n<p class=\"wp-block-paragraph\">VI. La leyenda de Tlaxcalaltongo (versi\u00f3n popular)<\/p>\n\n\n\n<p class=\"wp-block-paragraph\">Dicen los pobladores que aquella noche de mayo el viento soplaba con un quejido extra\u00f1o, como si la monta\u00f1a supiera el crimen que estaba por ocurrir. Carranza hab\u00eda dejado el tren presidencial varado, un monstruo de acero in\u00fatil ante las v\u00edas tomadas, y camin\u00f3 entre barrancas y lodo hasta llegar a la choza de madera donde pasar\u00eda su \u00faltima noche.<\/p>\n\n\n\n<p class=\"wp-block-paragraph\">Los soldados, fatigados y con hambre, dorm\u00edan dispersos. Afuera, el jefe militar asignado para \u201ccustodiarlo\u201d afinaba su pistola Luger, un arma que no era mexicana, sino alemana, adquirida en el mercado negro de la posguerra europea. La orden era clara: eliminarlo.<\/p>\n\n\n\n<p class=\"wp-block-paragraph\">Carranza se recost\u00f3 sobre un catre de madera, a\u00fan vestido, porque la tensi\u00f3n no lo dejaba despojarse del todo. En su bolsillo, un ejemplar gastado de la Constituci\u00f3n de 1917. Cuando el sue\u00f1o lo venci\u00f3, lleg\u00f3 la traici\u00f3n.<\/p>\n\n\n\n<p class=\"wp-block-paragraph\">Cinco disparos. Tres en la nuca, dos en los pulmones. El eco de los balazos rebot\u00f3 en las monta\u00f1as. Algunos soldados despertaron, pero ninguno se movi\u00f3. La orden ven\u00eda de muy arriba: de Calles y Obreg\u00f3n, que ya se repart\u00edan el poder del M\u00e9xico posrevolucionario.<\/p>\n\n\n\n<figure class=\"wp-block-image alignwide size-large\"><img loading=\"lazy\" decoding=\"async\" width=\"1024\" height=\"704\" src=\"https:\/\/letrashipnoticas.org\/wp-content\/uploads\/2025\/08\/1000040414-1024x704.jpg\" alt=\"\" class=\"wp-image-1885\" srcset=\"https:\/\/letrashipnoticas.org\/wp-content\/uploads\/2025\/08\/1000040414-1024x704.jpg 1024w, https:\/\/letrashipnoticas.org\/wp-content\/uploads\/2025\/08\/1000040414-300x206.jpg 300w, https:\/\/letrashipnoticas.org\/wp-content\/uploads\/2025\/08\/1000040414-768x528.jpg 768w, https:\/\/letrashipnoticas.org\/wp-content\/uploads\/2025\/08\/1000040414-611x420.jpg 611w, https:\/\/letrashipnoticas.org\/wp-content\/uploads\/2025\/08\/1000040414-150x103.jpg 150w, https:\/\/letrashipnoticas.org\/wp-content\/uploads\/2025\/08\/1000040414-218x150.jpg 218w, https:\/\/letrashipnoticas.org\/wp-content\/uploads\/2025\/08\/1000040414-696x478.jpg 696w, https:\/\/letrashipnoticas.org\/wp-content\/uploads\/2025\/08\/1000040414-1068x734.jpg 1068w, https:\/\/letrashipnoticas.org\/wp-content\/uploads\/2025\/08\/1000040414-100x70.jpg 100w, https:\/\/letrashipnoticas.org\/wp-content\/uploads\/2025\/08\/1000040414.jpg 1080w\" sizes=\"auto, (max-width: 1024px) 100vw, 1024px\" \/><\/figure>\n\n\n\n<p class=\"wp-block-paragraph\">Al amanecer, el cuerpo de Carranza fue bajado de la sierra, envuelto en un petate, como si fuera un desconocido. Solo algunos pobladores, al verlo pasar, murmuraron: \u201cMataron al Presidente\u201d. Y esa frase, con el tiempo, se volvi\u00f3 leyenda: \u201cLo mataron dormido, lo mataron por la espalda, lo mataron por la ley\u201d.<\/p>\n\n\n\n<hr class=\"wp-block-separator has-alpha-channel-opacity\"\/>\n\n\n\n<p class=\"wp-block-paragraph\">VII. Un llamado a la memoria viva<\/p>\n\n\n\n<p class=\"wp-block-paragraph\">Esta columna no busca reescribir la historia con resentimiento, sino con dignidad. Lo que pas\u00f3 en Tlaxcalaltongo no debe ser ocultado detr\u00e1s de placas oficiales o billetes retirados de circulaci\u00f3n. La historia oficial call\u00f3, pero el pueblo no: \u201ctodo el mundo lo sabe, menos la historia oficial\u201d.<\/p>\n\n\n\n<p class=\"wp-block-paragraph\">Propuesta:<\/p>\n\n\n\n<ol class=\"wp-block-list\">\n<li>Convertir la choza de Tlaxcalaltongo en un monumento nacional, al estilo de c\u00f3mo Estados Unidos preserva cada sitio de sus presidentes ca\u00eddos.<\/li>\n\n\n\n<li>Erigir una estatua de bronce en la capital que recuerde a Carranza como el padre del constitucionalismo moderno.<\/li>\n\n\n\n<li>Incluir en la ense\u00f1anza p\u00fablica esta historia sin censura, como ejemplo de lo que ocurre cuando el poder se ejerce sin respeto a la ley.<\/li>\n<\/ol>\n\n\n\n<hr class=\"wp-block-separator has-alpha-channel-opacity\"\/>\n\n\n\n<p class=\"wp-block-paragraph\">Conclusi\u00f3n<\/p>\n\n\n\n<p class=\"wp-block-paragraph\">M\u00e9xico tiene una deuda con Venustiano Carranza: la deuda de la memoria. Y tiene un espejo en L\u00e1zaro C\u00e1rdenas: el hombre que, aprendiendo del destino de Carranza, supo usar el poder sin rivales y hasta desterrar a su propio mentor, Calles, en un avi\u00f3n Douglas rumbo a San Antonio, Texas, un 10 de abril de 1936.<\/p>\n\n\n\n<p class=\"wp-block-paragraph\">Esta no es solo una lecci\u00f3n pol\u00edtica; es una advertencia: los proyectos de naci\u00f3n dependen tanto de la visi\u00f3n como de la integridad de quienes los llevan a cabo. El poder sin contrapesos suele terminar, tarde o temprano, en traici\u00f3n.<\/p>\n\n\n\n<p class=\"wp-block-paragraph\">Por eso, a la actual presidenta, este humilde columnista le recomienda:<br>lea y relea esta historia. No como un espejo de su tiempo, sino como una herramienta para comprender la conducta humana y preservar la historia, por dolorosa que sea.<\/p>\n\n\n\n<hr class=\"wp-block-separator has-alpha-channel-opacity\"\/>\n\n\n\n<p class=\"wp-block-paragraph\"><em>Fundaci\u00f3n de letras hipn\u00f3ticas AC<\/em><\/p>\n","protected":false},"excerpt":{"rendered":"<p>Apunte diario sobre letras Hipn\u00f3ticas Carranza y C\u00e1rdenas: dos caminos, una traici\u00f3n y la historia que a\u00fan duele Por Arturo David V\u00e1squez Urdiales I. La memoria de los hombres altos: Carranza Venustiano Carranza Garza naci\u00f3 el 29 de diciembre de 1859 en Cuatro Ci\u00e9negas, Coahuila, en una familia de hacendados con sentido de orden y [&hellip;]<\/p>\n","protected":false},"author":1,"featured_media":1885,"comment_status":"open","ping_status":"open","sticky":false,"template":"","format":"standard","meta":{"om_disable_all_campaigns":false,"_monsterinsights_skip_tracking":false,"footnotes":""},"categories":[1],"tags":[],"class_list":["post-1884","post","type-post","status-publish","format-standard","has-post-thumbnail","category-general"],"aioseo_notices":[],"aioseo_head":"\n\t\t<!-- All in One SEO 5.0.0.1 - aioseo.com -->\n\t<meta name=\"description\" content=\"Apunte diario sobre letras Hipn\u00f3ticas Carranza y C\u00e1rdenas: dos caminos, una traici\u00f3n y la historia que a\u00fan duele Por Arturo David V\u00e1squez Urdiales I. La memoria de los hombres altos: Carranza Venustiano Carranza Garza naci\u00f3 el 29 de diciembre de 1859 en Cuatro Ci\u00e9negas, Coahuila, en una familia de hacendados con sentido de orden y\" \/>\n\t<meta name=\"robots\" content=\"max-image-preview:large\" \/>\n\t<meta name=\"author\" content=\"Dr. Arturo David V\u00e1squez Urdiales\"\/>\n\t<meta name=\"google-site-verification\" content=\"w1V7bRCSYMeOZjzLwWS_W8_n8jd94Z38sletBUa-LV0\" \/>\n\t<link rel=\"canonical\" href=\"https:\/\/letrashipnoticas.org\/?p=1884\" \/>\n\t<meta name=\"generator\" content=\"All in One SEO (AIOSEO) 5.0.0.1\" \/>\n\t\t<meta property=\"og:locale\" content=\"es_MX\" \/>\n\t\t<meta property=\"og:site_name\" content=\"Letras Hiptn\u00f3ticas - &quot;Descubre Apunte diario sobre letras hipn\u00f3ticas, un viaje literario envolvente que despierta el alma. Reflexiones profundas, historias cautivadoras y un estilo \u00fanico que hipnotiza en cada palabra.&quot; Apunte diario sobre letras Hipn\u00f3ticas Carranza y C\u00e1rdenas: dos caminos, una traici\u00f3n y la historia que a\u00fan duele Por Arturo David V\u00e1squez Urdiales I. La memoria de los hombres altos: Carranza Venustiano Carranza Garza naci\u00f3 el 29 de diciembre de 1859 en Cuatro Ci\u00e9negas, Coahuila, en una familia de hacendados con sentido de orden y\" \/>\n\t\t<meta property=\"og:type\" content=\"article\" \/>\n\t\t<meta property=\"og:title\" content=\"Carranza y C\u00e1rdenas: dos caminos, una traici\u00f3n y la historia que a\u00fan duele - Letras Hiptn\u00f3ticas\" \/>\n\t\t<meta property=\"og:description\" content=\"Apunte diario sobre letras Hipn\u00f3ticas Carranza y C\u00e1rdenas: dos caminos, una traici\u00f3n y la historia que a\u00fan duele Por Arturo David V\u00e1squez Urdiales I. La memoria de los hombres altos: Carranza Venustiano Carranza Garza naci\u00f3 el 29 de diciembre de 1859 en Cuatro Ci\u00e9negas, Coahuila, en una familia de hacendados con sentido de orden y\" \/>\n\t\t<meta property=\"og:url\" content=\"https:\/\/letrashipnoticas.org\/?p=1884\" \/>\n\t\t<meta property=\"og:image\" content=\"https:\/\/letrashipnoticas.org\/wp-content\/uploads\/2025\/08\/1000040414.jpg\" \/>\n\t\t<meta property=\"og:image:secure_url\" content=\"https:\/\/letrashipnoticas.org\/wp-content\/uploads\/2025\/08\/1000040414.jpg\" \/>\n\t\t<meta property=\"og:image:width\" content=\"1080\" \/>\n\t\t<meta property=\"og:image:height\" content=\"742\" \/>\n\t\t<meta property=\"article:published_time\" content=\"2025-08-03T18:05:24+00:00\" \/>\n\t\t<meta property=\"article:modified_time\" content=\"2025-08-03T18:05:33+00:00\" \/>\n\t\t<meta name=\"twitter:card\" content=\"summary_large_image\" \/>\n\t\t<meta name=\"twitter:title\" content=\"Carranza y C\u00e1rdenas: dos caminos, una traici\u00f3n y la historia que a\u00fan duele - Letras Hiptn\u00f3ticas\" \/>\n\t\t<meta name=\"twitter:description\" content=\"Apunte diario sobre letras Hipn\u00f3ticas Carranza y C\u00e1rdenas: dos caminos, una traici\u00f3n y la historia que a\u00fan duele Por Arturo David V\u00e1squez Urdiales I. La memoria de los hombres altos: Carranza Venustiano Carranza Garza naci\u00f3 el 29 de diciembre de 1859 en Cuatro Ci\u00e9negas, Coahuila, en una familia de hacendados con sentido de orden y\" \/>\n\t\t<meta name=\"twitter:image\" content=\"https:\/\/letrashipnoticas.org\/wp-content\/uploads\/2025\/08\/1000040414.jpg\" \/>\n\t\t<script type=\"application\/ld+json\" class=\"aioseo-schema\">\n\t\t\t{\"@context\":\"https:\\\/\\\/schema.org\",\"@graph\":[{\"@type\":\"BlogPosting\",\"@id\":\"https:\\\/\\\/letrashipnoticas.org\\\/?p=1884#blogposting\",\"name\":\"Carranza y C\\u00e1rdenas: dos caminos, una traici\\u00f3n y la historia que a\\u00fan duele - Letras Hiptn\\u00f3ticas\",\"headline\":\"Carranza y C\\u00e1rdenas: dos caminos, una traici\\u00f3n y la historia que a\\u00fan duele\",\"author\":{\"@id\":\"https:\\\/\\\/letrashipnoticas.org\\\/?author=1#author\"},\"publisher\":{\"@id\":\"https:\\\/\\\/letrashipnoticas.org\\\/#organization\"},\"image\":{\"@type\":\"ImageObject\",\"url\":\"https:\\\/\\\/letrashipnoticas.org\\\/wp-content\\\/uploads\\\/2025\\\/08\\\/1000040414.jpg\",\"width\":1080,\"height\":742},\"datePublished\":\"2025-08-03T18:05:24+00:00\",\"dateModified\":\"2025-08-03T18:05:33+00:00\",\"inLanguage\":\"es-MX\",\"mainEntityOfPage\":{\"@id\":\"https:\\\/\\\/letrashipnoticas.org\\\/?p=1884#webpage\"},\"isPartOf\":{\"@id\":\"https:\\\/\\\/letrashipnoticas.org\\\/?p=1884#webpage\"},\"articleSection\":\"Las Letras Hipn\\u00f3ticas de hoy\"},{\"@type\":\"BreadcrumbList\",\"@id\":\"https:\\\/\\\/letrashipnoticas.org\\\/?p=1884#breadcrumblist\",\"itemListElement\":[{\"@type\":\"ListItem\",\"@id\":\"https:\\\/\\\/letrashipnoticas.org#listItem\",\"position\":1,\"name\":\"Inicio\",\"item\":\"https:\\\/\\\/letrashipnoticas.org\",\"nextItem\":{\"@type\":\"ListItem\",\"@id\":\"https:\\\/\\\/letrashipnoticas.org\\\/?cat=1#listItem\",\"name\":\"Las Letras Hipn\\u00f3ticas de hoy\"}},{\"@type\":\"ListItem\",\"@id\":\"https:\\\/\\\/letrashipnoticas.org\\\/?cat=1#listItem\",\"position\":2,\"name\":\"Las Letras Hipn\\u00f3ticas de hoy\",\"item\":\"https:\\\/\\\/letrashipnoticas.org\\\/?cat=1\",\"nextItem\":{\"@type\":\"ListItem\",\"@id\":\"https:\\\/\\\/letrashipnoticas.org\\\/?p=1884#listItem\",\"name\":\"Carranza y C\\u00e1rdenas: dos caminos, una traici\\u00f3n y la historia que a\\u00fan duele\"},\"previousItem\":{\"@type\":\"ListItem\",\"@id\":\"https:\\\/\\\/letrashipnoticas.org#listItem\",\"name\":\"Inicio\"}},{\"@type\":\"ListItem\",\"@id\":\"https:\\\/\\\/letrashipnoticas.org\\\/?p=1884#listItem\",\"position\":3,\"name\":\"Carranza y C\\u00e1rdenas: dos caminos, una traici\\u00f3n y la historia que a\\u00fan duele\",\"previousItem\":{\"@type\":\"ListItem\",\"@id\":\"https:\\\/\\\/letrashipnoticas.org\\\/?cat=1#listItem\",\"name\":\"Las Letras Hipn\\u00f3ticas de hoy\"}}]},{\"@type\":\"Organization\",\"@id\":\"https:\\\/\\\/letrashipnoticas.org\\\/#organization\",\"name\":\"Letras Hiptn\\u00f3ticas\",\"description\":\"\\\"Descubre Apunte diario sobre letras hipn\\u00f3ticas, un viaje literario envolvente que despierta el alma. Reflexiones profundas, historias cautivadoras y un estilo \\u00fanico que hipnotiza en cada palabra.\\\"\",\"url\":\"https:\\\/\\\/letrashipnoticas.org\\\/\",\"logo\":{\"@type\":\"ImageObject\",\"url\":\"https:\\\/\\\/letrashipnoticas.org\\\/wp-content\\\/uploads\\\/2024\\\/09\\\/LogoRetinaPNG.png\",\"@id\":\"https:\\\/\\\/letrashipnoticas.org\\\/?p=1884\\\/#organizationLogo\",\"width\":544,\"height\":180},\"image\":{\"@id\":\"https:\\\/\\\/letrashipnoticas.org\\\/?p=1884\\\/#organizationLogo\"}},{\"@type\":\"Person\",\"@id\":\"https:\\\/\\\/letrashipnoticas.org\\\/?author=1#author\",\"url\":\"https:\\\/\\\/letrashipnoticas.org\\\/?author=1\",\"name\":\"Dr. Arturo David V\\u00e1squez Urdiales\",\"image\":{\"@type\":\"ImageObject\",\"@id\":\"https:\\\/\\\/letrashipnoticas.org\\\/?p=1884#authorImage\",\"url\":\"https:\\\/\\\/secure.gravatar.com\\\/avatar\\\/1bbc04a2da05a8a25045693b6f4473cec684496aa6385880380b702aa43009f8?s=96&d=mm&r=g\",\"width\":96,\"height\":96,\"caption\":\"Dr. Arturo David V\\u00e1squez Urdiales\"}},{\"@type\":\"WebPage\",\"@id\":\"https:\\\/\\\/letrashipnoticas.org\\\/?p=1884#webpage\",\"url\":\"https:\\\/\\\/letrashipnoticas.org\\\/?p=1884\",\"name\":\"Carranza y C\\u00e1rdenas: dos caminos, una traici\\u00f3n y la historia que a\\u00fan duele - Letras Hiptn\\u00f3ticas\",\"description\":\"Apunte diario sobre letras Hipn\\u00f3ticas Carranza y C\\u00e1rdenas: dos caminos, una traici\\u00f3n y la historia que a\\u00fan duele Por Arturo David V\\u00e1squez Urdiales I. La memoria de los hombres altos: Carranza Venustiano Carranza Garza naci\\u00f3 el 29 de diciembre de 1859 en Cuatro Ci\\u00e9negas, Coahuila, en una familia de hacendados con sentido de orden y\",\"inLanguage\":\"es-MX\",\"isPartOf\":{\"@id\":\"https:\\\/\\\/letrashipnoticas.org\\\/#website\"},\"breadcrumb\":{\"@id\":\"https:\\\/\\\/letrashipnoticas.org\\\/?p=1884#breadcrumblist\"},\"author\":{\"@id\":\"https:\\\/\\\/letrashipnoticas.org\\\/?author=1#author\"},\"creator\":{\"@id\":\"https:\\\/\\\/letrashipnoticas.org\\\/?author=1#author\"},\"image\":{\"@type\":\"ImageObject\",\"url\":\"https:\\\/\\\/letrashipnoticas.org\\\/wp-content\\\/uploads\\\/2025\\\/08\\\/1000040414.jpg\",\"@id\":\"https:\\\/\\\/letrashipnoticas.org\\\/?p=1884\\\/#mainImage\",\"width\":1080,\"height\":742},\"primaryImageOfPage\":{\"@id\":\"https:\\\/\\\/letrashipnoticas.org\\\/?p=1884#mainImage\"},\"datePublished\":\"2025-08-03T18:05:24+00:00\",\"dateModified\":\"2025-08-03T18:05:33+00:00\"},{\"@type\":\"WebSite\",\"@id\":\"https:\\\/\\\/letrashipnoticas.org\\\/#website\",\"url\":\"https:\\\/\\\/letrashipnoticas.org\\\/\",\"name\":\"Letras Hiptn\\u00f3ticas\",\"description\":\"\\\"Descubre Apunte diario sobre letras hipn\\u00f3ticas, un viaje literario envolvente que despierta el alma. Reflexiones profundas, historias cautivadoras y un estilo \\u00fanico que hipnotiza en cada palabra.\\\"\",\"inLanguage\":\"es-MX\",\"publisher\":{\"@id\":\"https:\\\/\\\/letrashipnoticas.org\\\/#organization\"}}]}\n\t\t<\/script>\n\t\t<!-- All in One SEO -->\n\n","aioseo_head_json":{"title":"Carranza y C\u00e1rdenas: dos caminos, una traici\u00f3n y la historia que a\u00fan duele - Letras Hiptn\u00f3ticas","description":"Apunte diario sobre letras Hipn\u00f3ticas Carranza y C\u00e1rdenas: dos caminos, una traici\u00f3n y la historia que a\u00fan duele Por Arturo David V\u00e1squez Urdiales I. La memoria de los hombres altos: Carranza Venustiano Carranza Garza naci\u00f3 el 29 de diciembre de 1859 en Cuatro Ci\u00e9negas, Coahuila, en una familia de hacendados con sentido de orden y","canonical_url":"https:\/\/letrashipnoticas.org\/?p=1884","robots":"max-image-preview:large","keywords":"","webmasterTools":{"google-site-verification":"w1V7bRCSYMeOZjzLwWS_W8_n8jd94Z38sletBUa-LV0","miscellaneous":""},"schema":{"@context":"https:\/\/schema.org","@graph":[{"@type":"BlogPosting","@id":"https:\/\/letrashipnoticas.org\/?p=1884#blogposting","name":"Carranza y C\u00e1rdenas: dos caminos, una traici\u00f3n y la historia que a\u00fan duele - Letras Hiptn\u00f3ticas","headline":"Carranza y C\u00e1rdenas: dos caminos, una traici\u00f3n y la historia que a\u00fan duele","author":{"@id":"https:\/\/letrashipnoticas.org\/?author=1#author"},"publisher":{"@id":"https:\/\/letrashipnoticas.org\/#organization"},"image":{"@type":"ImageObject","url":"https:\/\/letrashipnoticas.org\/wp-content\/uploads\/2025\/08\/1000040414.jpg","width":1080,"height":742},"datePublished":"2025-08-03T18:05:24+00:00","dateModified":"2025-08-03T18:05:33+00:00","inLanguage":"es-MX","mainEntityOfPage":{"@id":"https:\/\/letrashipnoticas.org\/?p=1884#webpage"},"isPartOf":{"@id":"https:\/\/letrashipnoticas.org\/?p=1884#webpage"},"articleSection":"Las Letras Hipn\u00f3ticas de hoy"},{"@type":"BreadcrumbList","@id":"https:\/\/letrashipnoticas.org\/?p=1884#breadcrumblist","itemListElement":[{"@type":"ListItem","@id":"https:\/\/letrashipnoticas.org#listItem","position":1,"name":"Inicio","item":"https:\/\/letrashipnoticas.org","nextItem":{"@type":"ListItem","@id":"https:\/\/letrashipnoticas.org\/?cat=1#listItem","name":"Las Letras Hipn\u00f3ticas de hoy"}},{"@type":"ListItem","@id":"https:\/\/letrashipnoticas.org\/?cat=1#listItem","position":2,"name":"Las Letras Hipn\u00f3ticas de hoy","item":"https:\/\/letrashipnoticas.org\/?cat=1","nextItem":{"@type":"ListItem","@id":"https:\/\/letrashipnoticas.org\/?p=1884#listItem","name":"Carranza y C\u00e1rdenas: dos caminos, una traici\u00f3n y la historia que a\u00fan duele"},"previousItem":{"@type":"ListItem","@id":"https:\/\/letrashipnoticas.org#listItem","name":"Inicio"}},{"@type":"ListItem","@id":"https:\/\/letrashipnoticas.org\/?p=1884#listItem","position":3,"name":"Carranza y C\u00e1rdenas: dos caminos, una traici\u00f3n y la historia que a\u00fan duele","previousItem":{"@type":"ListItem","@id":"https:\/\/letrashipnoticas.org\/?cat=1#listItem","name":"Las Letras Hipn\u00f3ticas de hoy"}}]},{"@type":"Organization","@id":"https:\/\/letrashipnoticas.org\/#organization","name":"Letras Hiptn\u00f3ticas","description":"\"Descubre Apunte diario sobre letras hipn\u00f3ticas, un viaje literario envolvente que despierta el alma. Reflexiones profundas, historias cautivadoras y un estilo \u00fanico que hipnotiza en cada palabra.\"","url":"https:\/\/letrashipnoticas.org\/","logo":{"@type":"ImageObject","url":"https:\/\/letrashipnoticas.org\/wp-content\/uploads\/2024\/09\/LogoRetinaPNG.png","@id":"https:\/\/letrashipnoticas.org\/?p=1884\/#organizationLogo","width":544,"height":180},"image":{"@id":"https:\/\/letrashipnoticas.org\/?p=1884\/#organizationLogo"}},{"@type":"Person","@id":"https:\/\/letrashipnoticas.org\/?author=1#author","url":"https:\/\/letrashipnoticas.org\/?author=1","name":"Dr. Arturo David V\u00e1squez Urdiales","image":{"@type":"ImageObject","@id":"https:\/\/letrashipnoticas.org\/?p=1884#authorImage","url":"https:\/\/secure.gravatar.com\/avatar\/1bbc04a2da05a8a25045693b6f4473cec684496aa6385880380b702aa43009f8?s=96&d=mm&r=g","width":96,"height":96,"caption":"Dr. Arturo David V\u00e1squez Urdiales"}},{"@type":"WebPage","@id":"https:\/\/letrashipnoticas.org\/?p=1884#webpage","url":"https:\/\/letrashipnoticas.org\/?p=1884","name":"Carranza y C\u00e1rdenas: dos caminos, una traici\u00f3n y la historia que a\u00fan duele - Letras Hiptn\u00f3ticas","description":"Apunte diario sobre letras Hipn\u00f3ticas Carranza y C\u00e1rdenas: dos caminos, una traici\u00f3n y la historia que a\u00fan duele Por Arturo David V\u00e1squez Urdiales I. La memoria de los hombres altos: Carranza Venustiano Carranza Garza naci\u00f3 el 29 de diciembre de 1859 en Cuatro Ci\u00e9negas, Coahuila, en una familia de hacendados con sentido de orden y","inLanguage":"es-MX","isPartOf":{"@id":"https:\/\/letrashipnoticas.org\/#website"},"breadcrumb":{"@id":"https:\/\/letrashipnoticas.org\/?p=1884#breadcrumblist"},"author":{"@id":"https:\/\/letrashipnoticas.org\/?author=1#author"},"creator":{"@id":"https:\/\/letrashipnoticas.org\/?author=1#author"},"image":{"@type":"ImageObject","url":"https:\/\/letrashipnoticas.org\/wp-content\/uploads\/2025\/08\/1000040414.jpg","@id":"https:\/\/letrashipnoticas.org\/?p=1884\/#mainImage","width":1080,"height":742},"primaryImageOfPage":{"@id":"https:\/\/letrashipnoticas.org\/?p=1884#mainImage"},"datePublished":"2025-08-03T18:05:24+00:00","dateModified":"2025-08-03T18:05:33+00:00"},{"@type":"WebSite","@id":"https:\/\/letrashipnoticas.org\/#website","url":"https:\/\/letrashipnoticas.org\/","name":"Letras Hiptn\u00f3ticas","description":"\"Descubre Apunte diario sobre letras hipn\u00f3ticas, un viaje literario envolvente que despierta el alma. Reflexiones profundas, historias cautivadoras y un estilo \u00fanico que hipnotiza en cada palabra.\"","inLanguage":"es-MX","publisher":{"@id":"https:\/\/letrashipnoticas.org\/#organization"}}]},"og:locale":"es_MX","og:site_name":"Letras Hiptn\u00f3ticas - &quot;Descubre Apunte diario sobre letras hipn\u00f3ticas, un viaje literario envolvente que despierta el alma. Reflexiones profundas, historias cautivadoras y un estilo \u00fanico que hipnotiza en cada palabra.&quot; Apunte diario sobre letras Hipn\u00f3ticas Carranza y C\u00e1rdenas: dos caminos, una traici\u00f3n y la historia que a\u00fan duele Por Arturo David V\u00e1squez Urdiales I. La memoria de los hombres altos: Carranza Venustiano Carranza Garza naci\u00f3 el 29 de diciembre de 1859 en Cuatro Ci\u00e9negas, Coahuila, en una familia de hacendados con sentido de orden y","og:type":"article","og:title":"Carranza y C\u00e1rdenas: dos caminos, una traici\u00f3n y la historia que a\u00fan duele - Letras Hiptn\u00f3ticas","og:description":"Apunte diario sobre letras Hipn\u00f3ticas Carranza y C\u00e1rdenas: dos caminos, una traici\u00f3n y la historia que a\u00fan duele Por Arturo David V\u00e1squez Urdiales I. La memoria de los hombres altos: Carranza Venustiano Carranza Garza naci\u00f3 el 29 de diciembre de 1859 en Cuatro Ci\u00e9negas, Coahuila, en una familia de hacendados con sentido de orden y","og:url":"https:\/\/letrashipnoticas.org\/?p=1884","og:image":"https:\/\/letrashipnoticas.org\/wp-content\/uploads\/2025\/08\/1000040414.jpg","og:image:secure_url":"https:\/\/letrashipnoticas.org\/wp-content\/uploads\/2025\/08\/1000040414.jpg","og:image:width":1080,"og:image:height":742,"article:published_time":"2025-08-03T18:05:24+00:00","article:modified_time":"2025-08-03T18:05:33+00:00","twitter:card":"summary_large_image","twitter:title":"Carranza y C\u00e1rdenas: dos caminos, una traici\u00f3n y la historia que a\u00fan duele - Letras Hiptn\u00f3ticas","twitter:description":"Apunte diario sobre letras Hipn\u00f3ticas Carranza y C\u00e1rdenas: dos caminos, una traici\u00f3n y la historia que a\u00fan duele Por Arturo David V\u00e1squez Urdiales I. La memoria de los hombres altos: Carranza Venustiano Carranza Garza naci\u00f3 el 29 de diciembre de 1859 en Cuatro Ci\u00e9negas, Coahuila, en una familia de hacendados con sentido de orden y","twitter:image":"https:\/\/letrashipnoticas.org\/wp-content\/uploads\/2025\/08\/1000040414.jpg"},"aioseo_meta_data":{"post_id":"1884","title":null,"description":null,"keywords":null,"keyphrases":{"focus":{"keyphrase":"","score":0,"analysis":{"keyphraseInTitle":{"score":0,"maxScore":9,"error":1}}},"additional":[]},"primary_term":null,"canonical_url":null,"og_title":null,"og_description":null,"og_object_type":"default","og_image_type":"default","og_image_url":null,"og_image_width":null,"og_image_height":null,"og_image_custom_url":null,"og_image_custom_fields":null,"og_video":"","og_custom_url":null,"og_article_section":null,"og_article_tags":null,"twitter_use_og":false,"twitter_card":"default","twitter_image_type":"default","twitter_image_url":null,"twitter_image_custom_url":null,"twitter_image_custom_fields":null,"twitter_title":null,"twitter_description":null,"schema":{"blockGraphs":[],"customGraphs":[],"default":{"data":{"Article":[],"Course":[],"Dataset":[],"FAQPage":[],"Movie":[],"Person":[],"Product":[],"ProductReview":[],"Car":[],"Recipe":[],"Service":[],"SoftwareApplication":[],"WebPage":[]},"graphName":"BlogPosting","isEnabled":true},"graphs":[]},"schema_type":"default","schema_type_options":null,"pillar_content":false,"robots_default":true,"robots_noindex":false,"robots_noarchive":false,"robots_nosnippet":false,"robots_nofollow":false,"robots_noimageindex":false,"robots_noodp":false,"robots_notranslate":false,"robots_max_snippet":"-1","robots_max_videopreview":"-1","robots_max_imagepreview":"large","priority":null,"frequency":"default","local_seo":null,"breadcrumb_settings":null,"limit_modified_date":false,"ai":{"faqs":[],"keyPoints":[],"titles":[],"descriptions":[],"socialPosts":{"email":[],"linkedin":[],"twitter":[],"facebook":[],"instagram":[]}},"created":"2025-08-03 18:05:34","updated":"2025-08-08 18:12:49","focus_keyword":null,"additional_keywords":null,"truseo_locale":null,"seo_analyzer_scan_date":null},"aioseo_breadcrumb":"<div class=\"aioseo-breadcrumbs\"><span class=\"aioseo-breadcrumb\">\n\t\t\t<a href=\"https:\/\/letrashipnoticas.org\" title=\"Inicio\">Inicio<\/a>\n\t\t<\/span><span class=\"aioseo-breadcrumb-separator\">&raquo;<\/span><span class=\"aioseo-breadcrumb\">\n\t\t\t<a href=\"https:\/\/letrashipnoticas.org\/?cat=1\" title=\"Las Letras Hipn\u00f3ticas de hoy\">Las Letras Hipn\u00f3ticas de hoy<\/a>\n\t\t<\/span><span class=\"aioseo-breadcrumb-separator\">&raquo;<\/span><span class=\"aioseo-breadcrumb\">\n\t\t\tCarranza y C\u00e1rdenas: dos caminos, una traici\u00f3n y la historia que a\u00fan duele\n\t\t<\/span><\/div>","aioseo_breadcrumb_json":[{"label":"Inicio","link":"https:\/\/letrashipnoticas.org"},{"label":"Las Letras Hipn\u00f3ticas de hoy","link":"https:\/\/letrashipnoticas.org\/?cat=1"},{"label":"Carranza y C\u00e1rdenas: dos caminos, una traici\u00f3n y la historia que a\u00fan duele","link":"https:\/\/letrashipnoticas.org\/?p=1884"}],"_links":{"self":[{"href":"https:\/\/letrashipnoticas.org\/index.php?rest_route=\/wp\/v2\/posts\/1884","targetHints":{"allow":["GET"]}}],"collection":[{"href":"https:\/\/letrashipnoticas.org\/index.php?rest_route=\/wp\/v2\/posts"}],"about":[{"href":"https:\/\/letrashipnoticas.org\/index.php?rest_route=\/wp\/v2\/types\/post"}],"author":[{"embeddable":true,"href":"https:\/\/letrashipnoticas.org\/index.php?rest_route=\/wp\/v2\/users\/1"}],"replies":[{"embeddable":true,"href":"https:\/\/letrashipnoticas.org\/index.php?rest_route=%2Fwp%2Fv2%2Fcomments&post=1884"}],"version-history":[{"count":1,"href":"https:\/\/letrashipnoticas.org\/index.php?rest_route=\/wp\/v2\/posts\/1884\/revisions"}],"predecessor-version":[{"id":1886,"href":"https:\/\/letrashipnoticas.org\/index.php?rest_route=\/wp\/v2\/posts\/1884\/revisions\/1886"}],"wp:featuredmedia":[{"embeddable":true,"href":"https:\/\/letrashipnoticas.org\/index.php?rest_route=\/wp\/v2\/media\/1885"}],"wp:attachment":[{"href":"https:\/\/letrashipnoticas.org\/index.php?rest_route=%2Fwp%2Fv2%2Fmedia&parent=1884"}],"wp:term":[{"taxonomy":"category","embeddable":true,"href":"https:\/\/letrashipnoticas.org\/index.php?rest_route=%2Fwp%2Fv2%2Fcategories&post=1884"},{"taxonomy":"post_tag","embeddable":true,"href":"https:\/\/letrashipnoticas.org\/index.php?rest_route=%2Fwp%2Fv2%2Ftags&post=1884"}],"curies":[{"name":"wp","href":"https:\/\/api.w.org\/{rel}","templated":true}]}}