{"id":1313,"date":"2025-05-09T18:59:41","date_gmt":"2025-05-09T18:59:41","guid":{"rendered":"https:\/\/letrashipnoticas.org\/?p=1313"},"modified":"2025-05-10T13:51:32","modified_gmt":"2025-05-10T13:51:32","slug":"1313","status":"publish","type":"post","link":"https:\/\/letrashipnoticas.org\/?p=1313","title":{"rendered":"Le\u00f3n XIV: El Papa de las Dos Patrias"},"content":{"rendered":"\n<p class=\"wp-block-paragraph\">Apunte Diario sobre Letras Hipn\u00f3ticas<br>Por Arturo V\u00e1squez Urdiales<\/p>\n\n\n\n<hr class=\"wp-block-separator has-alpha-channel-opacity\"\/>\n\n\n\n<p class=\"wp-block-paragraph\"><\/p>\n\n\n\n<p class=\"wp-block-paragraph\">En la tarde del 8 de mayo de 2025, la Capilla Sixtina exhal\u00f3 su aliento blanco, anunciando al mundo la elecci\u00f3n de un nuevo pont\u00edfice. Robert Francis Prevost, nacido en Chicago y con alma peruana, asumi\u00f3 el nombre de Le\u00f3n XIV, convirti\u00e9ndose en el primer Papa estadounidense y peruano de la historia. Su elecci\u00f3n simboliza un puente entre continentes, culturas y visiones eclesi\u00e1sticas.<\/p>\n\n\n\n<hr class=\"wp-block-separator has-alpha-channel-opacity\"\/>\n\n\n\n<p class=\"wp-block-paragraph\">Un Camino Forjado en Dos Mundos<\/p>\n\n\n\n<p class=\"wp-block-paragraph\">La trayectoria de Le\u00f3n XIV es una danza entre el norte y el sur. Ordenado sacerdote en 1982, su vocaci\u00f3n lo llev\u00f3 a Per\u00fa, donde sirvi\u00f3 como misionero y obispo en Chiclayo desde 2015 hasta 2023. En 2015, obtuvo la nacionalidad peruana, consolidando su v\u00ednculo con el pa\u00eds andino.<\/p>\n\n\n\n<p class=\"wp-block-paragraph\">Su labor en Per\u00fa no solo fortaleci\u00f3 su compromiso pastoral, sino que tambi\u00e9n lo posicion\u00f3 como una figura clave en la Iglesia latinoamericana. En 2023, fue nombrado prefecto del Dicasterio para los Obispos, uno de los cargos m\u00e1s influyentes en el Vaticano.<\/p>\n\n\n\n<hr class=\"wp-block-separator has-alpha-channel-opacity\"\/>\n\n\n\n<p class=\"wp-block-paragraph\">Le\u00f3n XIV y la Pol\u00edtica: Una Voz Cr\u00edtica<\/p>\n\n\n\n<figure class=\"wp-block-image size-full\"><img loading=\"lazy\" decoding=\"async\" width=\"902\" height=\"621\" src=\"https:\/\/letrashipnoticas.org\/wp-content\/uploads\/2025\/05\/ce2ca694-951d-47b5-b34f-57816a9f91c2.jpg\" alt=\"\" class=\"wp-image-1314\" srcset=\"https:\/\/letrashipnoticas.org\/wp-content\/uploads\/2025\/05\/ce2ca694-951d-47b5-b34f-57816a9f91c2.jpg 902w, https:\/\/letrashipnoticas.org\/wp-content\/uploads\/2025\/05\/ce2ca694-951d-47b5-b34f-57816a9f91c2-300x207.jpg 300w, https:\/\/letrashipnoticas.org\/wp-content\/uploads\/2025\/05\/ce2ca694-951d-47b5-b34f-57816a9f91c2-768x529.jpg 768w, https:\/\/letrashipnoticas.org\/wp-content\/uploads\/2025\/05\/ce2ca694-951d-47b5-b34f-57816a9f91c2-610x420.jpg 610w, https:\/\/letrashipnoticas.org\/wp-content\/uploads\/2025\/05\/ce2ca694-951d-47b5-b34f-57816a9f91c2-150x103.jpg 150w, https:\/\/letrashipnoticas.org\/wp-content\/uploads\/2025\/05\/ce2ca694-951d-47b5-b34f-57816a9f91c2-218x150.jpg 218w, https:\/\/letrashipnoticas.org\/wp-content\/uploads\/2025\/05\/ce2ca694-951d-47b5-b34f-57816a9f91c2-696x479.jpg 696w, https:\/\/letrashipnoticas.org\/wp-content\/uploads\/2025\/05\/ce2ca694-951d-47b5-b34f-57816a9f91c2-100x70.jpg 100w\" sizes=\"auto, (max-width: 902px) 100vw, 902px\" \/><\/figure>\n\n\n\n<p class=\"wp-block-paragraph\">Antes de su elecci\u00f3n, Le\u00f3n XIV expres\u00f3 cr\u00edticas hacia las pol\u00edticas migratorias del expresidente Donald Trump y del vicepresidente J.D. Vance. En redes sociales, conden\u00f3 la separaci\u00f3n de familias migrantes y abog\u00f3 por los derechos de los &#8220;Dreamers&#8221;. Estas posturas le valieron el apodo de &#8220;Papa marxista&#8221; por parte de algunos comentaristas conservadores.<\/p>\n\n\n\n<p class=\"wp-block-paragraph\">A pesar de las diferencias, Trump felicit\u00f3 al nuevo Papa, calificando su elecci\u00f3n como &#8220;un gran honor&#8221; para Estados Unidos.<\/p>\n\n\n\n<hr class=\"wp-block-separator has-alpha-channel-opacity\"\/>\n\n\n\n<p class=\"wp-block-paragraph\">El Legado de Le\u00f3n XIII: Inspiraci\u00f3n para el Presente<\/p>\n\n\n\n<p class=\"wp-block-paragraph\">Al adoptar el nombre de Le\u00f3n XIV, el nuevo Papa rinde homenaje a Le\u00f3n XIII, conocido por su enc\u00edclica Rerum Novarum, que abord\u00f3 la cuesti\u00f3n social y los derechos de los trabajadores en el siglo XIX. Este gesto sugiere una continuidad en la preocupaci\u00f3n por la justicia social y la dignidad humana.<\/p>\n\n\n\n<hr class=\"wp-block-separator has-alpha-channel-opacity\"\/>\n\n\n\n<p class=\"wp-block-paragraph\">Desaf\u00edos y Esperanzas para la Iglesia<\/p>\n\n\n\n<p class=\"wp-block-paragraph\">Le\u00f3n XIV asume el liderazgo en un momento de desaf\u00edos globales para la Iglesia: desde la secularizaci\u00f3n creciente hasta la necesidad de reformas internas. Su experiencia como prefecto del Dicasterio para los Obispos y su enfoque pastoral indican una disposici\u00f3n para enfrentar estos retos con apertura y di\u00e1logo.<\/p>\n\n\n\n<p class=\"wp-block-paragraph\">Su elecci\u00f3n tambi\u00e9n ha generado expectativas sobre c\u00f3mo abordar\u00e1 las tensiones entre la tradici\u00f3n y la modernidad, y c\u00f3mo continuar\u00e1 el legado de su predecesor, el Papa Francisco.<\/p>\n\n\n\n<hr class=\"wp-block-separator has-alpha-channel-opacity\"\/>\n\n\n\n<p class=\"wp-block-paragraph\">Conclusi\u00f3n: Un Papa para un Mundo Interconectado ..<\/p>\n\n\n\n<p class=\"wp-block-paragraph\">Le\u00f3n XIV encarna la convergencia de culturas, visiones y desaf\u00edos de la Iglesia contempor\u00e1nea. Su elecci\u00f3n simboliza una apertura hacia l\u00edderes de diversas regiones del mundo y una Iglesia m\u00e1s inclusiva y comprometida con los desaf\u00edos actuales. Su pontificado promete ser un puente entre tradiciones y modernidad, guiando a la Iglesia hacia un futuro esperanzador.<\/p>\n\n\n\n<p class=\"wp-block-paragraph\">Urdiales fundaci\u00f3n de letras hipn\u00f3ticas \u00a9\u00ae<\/p>\n","protected":false},"excerpt":{"rendered":"<p>Apunte Diario sobre Letras Hipn\u00f3ticasPor Arturo V\u00e1squez Urdiales En la tarde del 8 de mayo de 2025, la Capilla Sixtina exhal\u00f3 su aliento blanco, anunciando al mundo la elecci\u00f3n de un nuevo pont\u00edfice. Robert Francis Prevost, nacido en Chicago y con alma peruana, asumi\u00f3 el nombre de Le\u00f3n XIV, convirti\u00e9ndose en el primer Papa estadounidense [&hellip;]<\/p>\n","protected":false},"author":1,"featured_media":1314,"comment_status":"open","ping_status":"open","sticky":false,"template":"","format":"standard","meta":{"om_disable_all_campaigns":false,"_monsterinsights_skip_tracking":false,"footnotes":""},"categories":[1],"tags":[],"class_list":["post-1313","post","type-post","status-publish","format-standard","has-post-thumbnail","category-general"],"aioseo_notices":[],"aioseo_head":"\n\t\t<!-- All in One SEO 5.0.0.1 - aioseo.com -->\n\t<meta name=\"description\" content=\"Apunte Diario sobre Letras Hipn\u00f3ticasPor Arturo V\u00e1squez Urdiales En la tarde del 8 de mayo de 2025, la Capilla Sixtina exhal\u00f3 su aliento blanco, anunciando al mundo la elecci\u00f3n de un nuevo pont\u00edfice. Robert Francis Prevost, nacido en Chicago y con alma peruana, asumi\u00f3 el nombre de Le\u00f3n XIV, convirti\u00e9ndose en el primer Papa estadounidense\" \/>\n\t<meta name=\"robots\" content=\"max-image-preview:large\" \/>\n\t<meta name=\"author\" content=\"Dr. Arturo David V\u00e1squez Urdiales\"\/>\n\t<meta name=\"google-site-verification\" content=\"w1V7bRCSYMeOZjzLwWS_W8_n8jd94Z38sletBUa-LV0\" \/>\n\t<link rel=\"canonical\" href=\"https:\/\/letrashipnoticas.org\/?p=1313\" \/>\n\t<meta name=\"generator\" content=\"All in One SEO (AIOSEO) 5.0.0.1\" \/>\n\t\t<meta property=\"og:locale\" content=\"es_MX\" \/>\n\t\t<meta property=\"og:site_name\" content=\"Letras Hiptn\u00f3ticas - &quot;Descubre Apunte diario sobre letras hipn\u00f3ticas, un viaje literario envolvente que despierta el alma. Reflexiones profundas, historias cautivadoras y un estilo \u00fanico que hipnotiza en cada palabra.&quot; Apunte Diario sobre Letras Hipn\u00f3ticasPor Arturo V\u00e1squez Urdiales En la tarde del 8 de mayo de 2025, la Capilla Sixtina exhal\u00f3 su aliento blanco, anunciando al mundo la elecci\u00f3n de un nuevo pont\u00edfice. Robert Francis Prevost, nacido en Chicago y con alma peruana, asumi\u00f3 el nombre de Le\u00f3n XIV, convirti\u00e9ndose en el primer Papa estadounidense\" \/>\n\t\t<meta property=\"og:type\" content=\"article\" \/>\n\t\t<meta property=\"og:title\" content=\"Le\u00f3n XIV: El Papa de las Dos Patrias - Letras Hiptn\u00f3ticas\" \/>\n\t\t<meta property=\"og:description\" content=\"Apunte Diario sobre Letras Hipn\u00f3ticasPor Arturo V\u00e1squez Urdiales En la tarde del 8 de mayo de 2025, la Capilla Sixtina exhal\u00f3 su aliento blanco, anunciando al mundo la elecci\u00f3n de un nuevo pont\u00edfice. Robert Francis Prevost, nacido en Chicago y con alma peruana, asumi\u00f3 el nombre de Le\u00f3n XIV, convirti\u00e9ndose en el primer Papa estadounidense\" \/>\n\t\t<meta property=\"og:url\" content=\"https:\/\/letrashipnoticas.org\/?p=1313\" \/>\n\t\t<meta property=\"og:image\" content=\"https:\/\/letrashipnoticas.org\/wp-content\/uploads\/2025\/05\/ce2ca694-951d-47b5-b34f-57816a9f91c2.jpg\" \/>\n\t\t<meta property=\"og:image:secure_url\" content=\"https:\/\/letrashipnoticas.org\/wp-content\/uploads\/2025\/05\/ce2ca694-951d-47b5-b34f-57816a9f91c2.jpg\" \/>\n\t\t<meta property=\"og:image:width\" content=\"902\" \/>\n\t\t<meta property=\"og:image:height\" content=\"621\" \/>\n\t\t<meta property=\"article:published_time\" content=\"2025-05-09T18:59:41+00:00\" \/>\n\t\t<meta property=\"article:modified_time\" content=\"2025-05-10T13:51:32+00:00\" \/>\n\t\t<meta name=\"twitter:card\" content=\"summary_large_image\" \/>\n\t\t<meta name=\"twitter:title\" content=\"Le\u00f3n XIV: El Papa de las Dos Patrias - Letras Hiptn\u00f3ticas\" \/>\n\t\t<meta name=\"twitter:description\" content=\"Apunte Diario sobre Letras Hipn\u00f3ticasPor Arturo V\u00e1squez Urdiales En la tarde del 8 de mayo de 2025, la Capilla Sixtina exhal\u00f3 su aliento blanco, anunciando al mundo la elecci\u00f3n de un nuevo pont\u00edfice. Robert Francis Prevost, nacido en Chicago y con alma peruana, asumi\u00f3 el nombre de Le\u00f3n XIV, convirti\u00e9ndose en el primer Papa estadounidense\" \/>\n\t\t<meta name=\"twitter:image\" content=\"https:\/\/letrashipnoticas.org\/wp-content\/uploads\/2025\/05\/ce2ca694-951d-47b5-b34f-57816a9f91c2.jpg\" \/>\n\t\t<script type=\"application\/ld+json\" class=\"aioseo-schema\">\n\t\t\t{\"@context\":\"https:\\\/\\\/schema.org\",\"@graph\":[{\"@type\":\"BlogPosting\",\"@id\":\"https:\\\/\\\/letrashipnoticas.org\\\/?p=1313#blogposting\",\"name\":\"Le\\u00f3n XIV: El Papa de las Dos Patrias - Letras Hiptn\\u00f3ticas\",\"headline\":\"Le\\u00f3n XIV: El Papa de las Dos Patrias\",\"author\":{\"@id\":\"https:\\\/\\\/letrashipnoticas.org\\\/?author=1#author\"},\"publisher\":{\"@id\":\"https:\\\/\\\/letrashipnoticas.org\\\/#organization\"},\"image\":{\"@type\":\"ImageObject\",\"url\":\"https:\\\/\\\/letrashipnoticas.org\\\/wp-content\\\/uploads\\\/2025\\\/05\\\/ce2ca694-951d-47b5-b34f-57816a9f91c2.jpg\",\"width\":902,\"height\":621},\"datePublished\":\"2025-05-09T18:59:41+00:00\",\"dateModified\":\"2025-05-10T13:51:32+00:00\",\"inLanguage\":\"es-MX\",\"mainEntityOfPage\":{\"@id\":\"https:\\\/\\\/letrashipnoticas.org\\\/?p=1313#webpage\"},\"isPartOf\":{\"@id\":\"https:\\\/\\\/letrashipnoticas.org\\\/?p=1313#webpage\"},\"articleSection\":\"Las Letras Hipn\\u00f3ticas de hoy\"},{\"@type\":\"BreadcrumbList\",\"@id\":\"https:\\\/\\\/letrashipnoticas.org\\\/?p=1313#breadcrumblist\",\"itemListElement\":[{\"@type\":\"ListItem\",\"@id\":\"https:\\\/\\\/letrashipnoticas.org#listItem\",\"position\":1,\"name\":\"Inicio\",\"item\":\"https:\\\/\\\/letrashipnoticas.org\",\"nextItem\":{\"@type\":\"ListItem\",\"@id\":\"https:\\\/\\\/letrashipnoticas.org\\\/?cat=1#listItem\",\"name\":\"Las Letras Hipn\\u00f3ticas de hoy\"}},{\"@type\":\"ListItem\",\"@id\":\"https:\\\/\\\/letrashipnoticas.org\\\/?cat=1#listItem\",\"position\":2,\"name\":\"Las Letras Hipn\\u00f3ticas de hoy\",\"item\":\"https:\\\/\\\/letrashipnoticas.org\\\/?cat=1\",\"nextItem\":{\"@type\":\"ListItem\",\"@id\":\"https:\\\/\\\/letrashipnoticas.org\\\/?p=1313#listItem\",\"name\":\"Le\\u00f3n XIV: El Papa de las Dos Patrias\"},\"previousItem\":{\"@type\":\"ListItem\",\"@id\":\"https:\\\/\\\/letrashipnoticas.org#listItem\",\"name\":\"Inicio\"}},{\"@type\":\"ListItem\",\"@id\":\"https:\\\/\\\/letrashipnoticas.org\\\/?p=1313#listItem\",\"position\":3,\"name\":\"Le\\u00f3n XIV: El Papa de las Dos Patrias\",\"previousItem\":{\"@type\":\"ListItem\",\"@id\":\"https:\\\/\\\/letrashipnoticas.org\\\/?cat=1#listItem\",\"name\":\"Las Letras Hipn\\u00f3ticas de hoy\"}}]},{\"@type\":\"Organization\",\"@id\":\"https:\\\/\\\/letrashipnoticas.org\\\/#organization\",\"name\":\"Letras Hiptn\\u00f3ticas\",\"description\":\"\\\"Descubre Apunte diario sobre letras hipn\\u00f3ticas, un viaje literario envolvente que despierta el alma. Reflexiones profundas, historias cautivadoras y un estilo \\u00fanico que hipnotiza en cada palabra.\\\"\",\"url\":\"https:\\\/\\\/letrashipnoticas.org\\\/\",\"logo\":{\"@type\":\"ImageObject\",\"url\":\"https:\\\/\\\/letrashipnoticas.org\\\/wp-content\\\/uploads\\\/2024\\\/09\\\/LogoRetinaPNG.png\",\"@id\":\"https:\\\/\\\/letrashipnoticas.org\\\/?p=1313\\\/#organizationLogo\",\"width\":544,\"height\":180},\"image\":{\"@id\":\"https:\\\/\\\/letrashipnoticas.org\\\/?p=1313\\\/#organizationLogo\"}},{\"@type\":\"Person\",\"@id\":\"https:\\\/\\\/letrashipnoticas.org\\\/?author=1#author\",\"url\":\"https:\\\/\\\/letrashipnoticas.org\\\/?author=1\",\"name\":\"Dr. Arturo David V\\u00e1squez Urdiales\",\"image\":{\"@type\":\"ImageObject\",\"@id\":\"https:\\\/\\\/letrashipnoticas.org\\\/?p=1313#authorImage\",\"url\":\"https:\\\/\\\/secure.gravatar.com\\\/avatar\\\/1bbc04a2da05a8a25045693b6f4473cec684496aa6385880380b702aa43009f8?s=96&d=mm&r=g\",\"width\":96,\"height\":96,\"caption\":\"Dr. Arturo David V\\u00e1squez Urdiales\"}},{\"@type\":\"WebPage\",\"@id\":\"https:\\\/\\\/letrashipnoticas.org\\\/?p=1313#webpage\",\"url\":\"https:\\\/\\\/letrashipnoticas.org\\\/?p=1313\",\"name\":\"Le\\u00f3n XIV: El Papa de las Dos Patrias - Letras Hiptn\\u00f3ticas\",\"description\":\"Apunte Diario sobre Letras Hipn\\u00f3ticasPor Arturo V\\u00e1squez Urdiales En la tarde del 8 de mayo de 2025, la Capilla Sixtina exhal\\u00f3 su aliento blanco, anunciando al mundo la elecci\\u00f3n de un nuevo pont\\u00edfice. Robert Francis Prevost, nacido en Chicago y con alma peruana, asumi\\u00f3 el nombre de Le\\u00f3n XIV, convirti\\u00e9ndose en el primer Papa estadounidense\",\"inLanguage\":\"es-MX\",\"isPartOf\":{\"@id\":\"https:\\\/\\\/letrashipnoticas.org\\\/#website\"},\"breadcrumb\":{\"@id\":\"https:\\\/\\\/letrashipnoticas.org\\\/?p=1313#breadcrumblist\"},\"author\":{\"@id\":\"https:\\\/\\\/letrashipnoticas.org\\\/?author=1#author\"},\"creator\":{\"@id\":\"https:\\\/\\\/letrashipnoticas.org\\\/?author=1#author\"},\"image\":{\"@type\":\"ImageObject\",\"url\":\"https:\\\/\\\/letrashipnoticas.org\\\/wp-content\\\/uploads\\\/2025\\\/05\\\/ce2ca694-951d-47b5-b34f-57816a9f91c2.jpg\",\"@id\":\"https:\\\/\\\/letrashipnoticas.org\\\/?p=1313\\\/#mainImage\",\"width\":902,\"height\":621},\"primaryImageOfPage\":{\"@id\":\"https:\\\/\\\/letrashipnoticas.org\\\/?p=1313#mainImage\"},\"datePublished\":\"2025-05-09T18:59:41+00:00\",\"dateModified\":\"2025-05-10T13:51:32+00:00\"},{\"@type\":\"WebSite\",\"@id\":\"https:\\\/\\\/letrashipnoticas.org\\\/#website\",\"url\":\"https:\\\/\\\/letrashipnoticas.org\\\/\",\"name\":\"Letras Hiptn\\u00f3ticas\",\"description\":\"\\\"Descubre Apunte diario sobre letras hipn\\u00f3ticas, un viaje literario envolvente que despierta el alma. Reflexiones profundas, historias cautivadoras y un estilo \\u00fanico que hipnotiza en cada palabra.\\\"\",\"inLanguage\":\"es-MX\",\"publisher\":{\"@id\":\"https:\\\/\\\/letrashipnoticas.org\\\/#organization\"}}]}\n\t\t<\/script>\n\t\t<!-- All in One SEO -->\n\n","aioseo_head_json":{"title":"Le\u00f3n XIV: El Papa de las Dos Patrias - Letras Hiptn\u00f3ticas","description":"Apunte Diario sobre Letras Hipn\u00f3ticasPor Arturo V\u00e1squez Urdiales En la tarde del 8 de mayo de 2025, la Capilla Sixtina exhal\u00f3 su aliento blanco, anunciando al mundo la elecci\u00f3n de un nuevo pont\u00edfice. Robert Francis Prevost, nacido en Chicago y con alma peruana, asumi\u00f3 el nombre de Le\u00f3n XIV, convirti\u00e9ndose en el primer Papa estadounidense","canonical_url":"https:\/\/letrashipnoticas.org\/?p=1313","robots":"max-image-preview:large","keywords":"","webmasterTools":{"google-site-verification":"w1V7bRCSYMeOZjzLwWS_W8_n8jd94Z38sletBUa-LV0","miscellaneous":""},"schema":{"@context":"https:\/\/schema.org","@graph":[{"@type":"BlogPosting","@id":"https:\/\/letrashipnoticas.org\/?p=1313#blogposting","name":"Le\u00f3n XIV: El Papa de las Dos Patrias - Letras Hiptn\u00f3ticas","headline":"Le\u00f3n XIV: El Papa de las Dos Patrias","author":{"@id":"https:\/\/letrashipnoticas.org\/?author=1#author"},"publisher":{"@id":"https:\/\/letrashipnoticas.org\/#organization"},"image":{"@type":"ImageObject","url":"https:\/\/letrashipnoticas.org\/wp-content\/uploads\/2025\/05\/ce2ca694-951d-47b5-b34f-57816a9f91c2.jpg","width":902,"height":621},"datePublished":"2025-05-09T18:59:41+00:00","dateModified":"2025-05-10T13:51:32+00:00","inLanguage":"es-MX","mainEntityOfPage":{"@id":"https:\/\/letrashipnoticas.org\/?p=1313#webpage"},"isPartOf":{"@id":"https:\/\/letrashipnoticas.org\/?p=1313#webpage"},"articleSection":"Las Letras Hipn\u00f3ticas de hoy"},{"@type":"BreadcrumbList","@id":"https:\/\/letrashipnoticas.org\/?p=1313#breadcrumblist","itemListElement":[{"@type":"ListItem","@id":"https:\/\/letrashipnoticas.org#listItem","position":1,"name":"Inicio","item":"https:\/\/letrashipnoticas.org","nextItem":{"@type":"ListItem","@id":"https:\/\/letrashipnoticas.org\/?cat=1#listItem","name":"Las Letras Hipn\u00f3ticas de hoy"}},{"@type":"ListItem","@id":"https:\/\/letrashipnoticas.org\/?cat=1#listItem","position":2,"name":"Las Letras Hipn\u00f3ticas de hoy","item":"https:\/\/letrashipnoticas.org\/?cat=1","nextItem":{"@type":"ListItem","@id":"https:\/\/letrashipnoticas.org\/?p=1313#listItem","name":"Le\u00f3n XIV: El Papa de las Dos Patrias"},"previousItem":{"@type":"ListItem","@id":"https:\/\/letrashipnoticas.org#listItem","name":"Inicio"}},{"@type":"ListItem","@id":"https:\/\/letrashipnoticas.org\/?p=1313#listItem","position":3,"name":"Le\u00f3n XIV: El Papa de las Dos Patrias","previousItem":{"@type":"ListItem","@id":"https:\/\/letrashipnoticas.org\/?cat=1#listItem","name":"Las Letras Hipn\u00f3ticas de hoy"}}]},{"@type":"Organization","@id":"https:\/\/letrashipnoticas.org\/#organization","name":"Letras Hiptn\u00f3ticas","description":"\"Descubre Apunte diario sobre letras hipn\u00f3ticas, un viaje literario envolvente que despierta el alma. Reflexiones profundas, historias cautivadoras y un estilo \u00fanico que hipnotiza en cada palabra.\"","url":"https:\/\/letrashipnoticas.org\/","logo":{"@type":"ImageObject","url":"https:\/\/letrashipnoticas.org\/wp-content\/uploads\/2024\/09\/LogoRetinaPNG.png","@id":"https:\/\/letrashipnoticas.org\/?p=1313\/#organizationLogo","width":544,"height":180},"image":{"@id":"https:\/\/letrashipnoticas.org\/?p=1313\/#organizationLogo"}},{"@type":"Person","@id":"https:\/\/letrashipnoticas.org\/?author=1#author","url":"https:\/\/letrashipnoticas.org\/?author=1","name":"Dr. Arturo David V\u00e1squez Urdiales","image":{"@type":"ImageObject","@id":"https:\/\/letrashipnoticas.org\/?p=1313#authorImage","url":"https:\/\/secure.gravatar.com\/avatar\/1bbc04a2da05a8a25045693b6f4473cec684496aa6385880380b702aa43009f8?s=96&d=mm&r=g","width":96,"height":96,"caption":"Dr. Arturo David V\u00e1squez Urdiales"}},{"@type":"WebPage","@id":"https:\/\/letrashipnoticas.org\/?p=1313#webpage","url":"https:\/\/letrashipnoticas.org\/?p=1313","name":"Le\u00f3n XIV: El Papa de las Dos Patrias - Letras Hiptn\u00f3ticas","description":"Apunte Diario sobre Letras Hipn\u00f3ticasPor Arturo V\u00e1squez Urdiales En la tarde del 8 de mayo de 2025, la Capilla Sixtina exhal\u00f3 su aliento blanco, anunciando al mundo la elecci\u00f3n de un nuevo pont\u00edfice. Robert Francis Prevost, nacido en Chicago y con alma peruana, asumi\u00f3 el nombre de Le\u00f3n XIV, convirti\u00e9ndose en el primer Papa estadounidense","inLanguage":"es-MX","isPartOf":{"@id":"https:\/\/letrashipnoticas.org\/#website"},"breadcrumb":{"@id":"https:\/\/letrashipnoticas.org\/?p=1313#breadcrumblist"},"author":{"@id":"https:\/\/letrashipnoticas.org\/?author=1#author"},"creator":{"@id":"https:\/\/letrashipnoticas.org\/?author=1#author"},"image":{"@type":"ImageObject","url":"https:\/\/letrashipnoticas.org\/wp-content\/uploads\/2025\/05\/ce2ca694-951d-47b5-b34f-57816a9f91c2.jpg","@id":"https:\/\/letrashipnoticas.org\/?p=1313\/#mainImage","width":902,"height":621},"primaryImageOfPage":{"@id":"https:\/\/letrashipnoticas.org\/?p=1313#mainImage"},"datePublished":"2025-05-09T18:59:41+00:00","dateModified":"2025-05-10T13:51:32+00:00"},{"@type":"WebSite","@id":"https:\/\/letrashipnoticas.org\/#website","url":"https:\/\/letrashipnoticas.org\/","name":"Letras Hiptn\u00f3ticas","description":"\"Descubre Apunte diario sobre letras hipn\u00f3ticas, un viaje literario envolvente que despierta el alma. Reflexiones profundas, historias cautivadoras y un estilo \u00fanico que hipnotiza en cada palabra.\"","inLanguage":"es-MX","publisher":{"@id":"https:\/\/letrashipnoticas.org\/#organization"}}]},"og:locale":"es_MX","og:site_name":"Letras Hiptn\u00f3ticas - &quot;Descubre Apunte diario sobre letras hipn\u00f3ticas, un viaje literario envolvente que despierta el alma. Reflexiones profundas, historias cautivadoras y un estilo \u00fanico que hipnotiza en cada palabra.&quot; Apunte Diario sobre Letras Hipn\u00f3ticasPor Arturo V\u00e1squez Urdiales En la tarde del 8 de mayo de 2025, la Capilla Sixtina exhal\u00f3 su aliento blanco, anunciando al mundo la elecci\u00f3n de un nuevo pont\u00edfice. Robert Francis Prevost, nacido en Chicago y con alma peruana, asumi\u00f3 el nombre de Le\u00f3n XIV, convirti\u00e9ndose en el primer Papa estadounidense","og:type":"article","og:title":"Le\u00f3n XIV: El Papa de las Dos Patrias - Letras Hiptn\u00f3ticas","og:description":"Apunte Diario sobre Letras Hipn\u00f3ticasPor Arturo V\u00e1squez Urdiales En la tarde del 8 de mayo de 2025, la Capilla Sixtina exhal\u00f3 su aliento blanco, anunciando al mundo la elecci\u00f3n de un nuevo pont\u00edfice. Robert Francis Prevost, nacido en Chicago y con alma peruana, asumi\u00f3 el nombre de Le\u00f3n XIV, convirti\u00e9ndose en el primer Papa estadounidense","og:url":"https:\/\/letrashipnoticas.org\/?p=1313","og:image":"https:\/\/letrashipnoticas.org\/wp-content\/uploads\/2025\/05\/ce2ca694-951d-47b5-b34f-57816a9f91c2.jpg","og:image:secure_url":"https:\/\/letrashipnoticas.org\/wp-content\/uploads\/2025\/05\/ce2ca694-951d-47b5-b34f-57816a9f91c2.jpg","og:image:width":902,"og:image:height":621,"article:published_time":"2025-05-09T18:59:41+00:00","article:modified_time":"2025-05-10T13:51:32+00:00","twitter:card":"summary_large_image","twitter:title":"Le\u00f3n XIV: El Papa de las Dos Patrias - Letras Hiptn\u00f3ticas","twitter:description":"Apunte Diario sobre Letras Hipn\u00f3ticasPor Arturo V\u00e1squez Urdiales En la tarde del 8 de mayo de 2025, la Capilla Sixtina exhal\u00f3 su aliento blanco, anunciando al mundo la elecci\u00f3n de un nuevo pont\u00edfice. Robert Francis Prevost, nacido en Chicago y con alma peruana, asumi\u00f3 el nombre de Le\u00f3n XIV, convirti\u00e9ndose en el primer Papa estadounidense","twitter:image":"https:\/\/letrashipnoticas.org\/wp-content\/uploads\/2025\/05\/ce2ca694-951d-47b5-b34f-57816a9f91c2.jpg"},"aioseo_meta_data":{"post_id":"1313","title":null,"description":null,"keywords":null,"keyphrases":{"focus":{"keyphrase":"","score":0,"analysis":{"keyphraseInTitle":{"score":0,"maxScore":9,"error":1}}},"additional":[]},"primary_term":null,"canonical_url":null,"og_title":null,"og_description":null,"og_object_type":"default","og_image_type":"default","og_image_url":null,"og_image_width":null,"og_image_height":null,"og_image_custom_url":null,"og_image_custom_fields":null,"og_video":"","og_custom_url":null,"og_article_section":null,"og_article_tags":null,"twitter_use_og":false,"twitter_card":"default","twitter_image_type":"default","twitter_image_url":null,"twitter_image_custom_url":null,"twitter_image_custom_fields":null,"twitter_title":null,"twitter_description":null,"schema":{"blockGraphs":[],"customGraphs":[],"default":{"data":{"Article":[],"Course":[],"Dataset":[],"FAQPage":[],"Movie":[],"Person":[],"Product":[],"ProductReview":[],"Car":[],"Recipe":[],"Service":[],"SoftwareApplication":[],"WebPage":[]},"graphName":"BlogPosting","isEnabled":true},"graphs":[]},"schema_type":"default","schema_type_options":null,"pillar_content":false,"robots_default":true,"robots_noindex":false,"robots_noarchive":false,"robots_nosnippet":false,"robots_nofollow":false,"robots_noimageindex":false,"robots_noodp":false,"robots_notranslate":false,"robots_max_snippet":"-1","robots_max_videopreview":"-1","robots_max_imagepreview":"large","priority":null,"frequency":"default","local_seo":null,"breadcrumb_settings":null,"limit_modified_date":false,"ai":null,"created":"2025-05-09 18:59:53","updated":"2025-08-08 17:44:11","focus_keyword":null,"additional_keywords":null,"truseo_locale":null,"seo_analyzer_scan_date":null},"aioseo_breadcrumb":"<div class=\"aioseo-breadcrumbs\"><span class=\"aioseo-breadcrumb\">\n\t\t\t<a href=\"https:\/\/letrashipnoticas.org\" title=\"Inicio\">Inicio<\/a>\n\t\t<\/span><span class=\"aioseo-breadcrumb-separator\">&raquo;<\/span><span class=\"aioseo-breadcrumb\">\n\t\t\t<a href=\"https:\/\/letrashipnoticas.org\/?cat=1\" title=\"Las Letras Hipn\u00f3ticas de hoy\">Las Letras Hipn\u00f3ticas de hoy<\/a>\n\t\t<\/span><span class=\"aioseo-breadcrumb-separator\">&raquo;<\/span><span class=\"aioseo-breadcrumb\">\n\t\t\tLe\u00f3n XIV: El Papa de las Dos Patrias\n\t\t<\/span><\/div>","aioseo_breadcrumb_json":[{"label":"Inicio","link":"https:\/\/letrashipnoticas.org"},{"label":"Las Letras Hipn\u00f3ticas de hoy","link":"https:\/\/letrashipnoticas.org\/?cat=1"},{"label":"Le\u00f3n XIV: El Papa de las Dos Patrias","link":"https:\/\/letrashipnoticas.org\/?p=1313"}],"_links":{"self":[{"href":"https:\/\/letrashipnoticas.org\/index.php?rest_route=\/wp\/v2\/posts\/1313","targetHints":{"allow":["GET"]}}],"collection":[{"href":"https:\/\/letrashipnoticas.org\/index.php?rest_route=\/wp\/v2\/posts"}],"about":[{"href":"https:\/\/letrashipnoticas.org\/index.php?rest_route=\/wp\/v2\/types\/post"}],"author":[{"embeddable":true,"href":"https:\/\/letrashipnoticas.org\/index.php?rest_route=\/wp\/v2\/users\/1"}],"replies":[{"embeddable":true,"href":"https:\/\/letrashipnoticas.org\/index.php?rest_route=%2Fwp%2Fv2%2Fcomments&post=1313"}],"version-history":[{"count":3,"href":"https:\/\/letrashipnoticas.org\/index.php?rest_route=\/wp\/v2\/posts\/1313\/revisions"}],"predecessor-version":[{"id":1335,"href":"https:\/\/letrashipnoticas.org\/index.php?rest_route=\/wp\/v2\/posts\/1313\/revisions\/1335"}],"wp:featuredmedia":[{"embeddable":true,"href":"https:\/\/letrashipnoticas.org\/index.php?rest_route=\/wp\/v2\/media\/1314"}],"wp:attachment":[{"href":"https:\/\/letrashipnoticas.org\/index.php?rest_route=%2Fwp%2Fv2%2Fmedia&parent=1313"}],"wp:term":[{"taxonomy":"category","embeddable":true,"href":"https:\/\/letrashipnoticas.org\/index.php?rest_route=%2Fwp%2Fv2%2Fcategories&post=1313"},{"taxonomy":"post_tag","embeddable":true,"href":"https:\/\/letrashipnoticas.org\/index.php?rest_route=%2Fwp%2Fv2%2Ftags&post=1313"}],"curies":[{"name":"wp","href":"https:\/\/api.w.org\/{rel}","templated":true}]}}