{"id":1243,"date":"2025-04-25T16:39:02","date_gmt":"2025-04-25T16:39:02","guid":{"rendered":"https:\/\/letrashipnoticas.org\/?p=1243"},"modified":"2025-04-25T16:39:11","modified_gmt":"2025-04-25T16:39:11","slug":"descanse-en-paz-el-papa-francisco","status":"publish","type":"post","link":"https:\/\/letrashipnoticas.org\/?p=1243","title":{"rendered":"Descanse en paz el Papa Francisco"},"content":{"rendered":"\n<p class=\"wp-block-paragraph\">Apunte diario sobre letras hipn\u00f3ticas<\/p>\n\n\n\n<p class=\"wp-block-paragraph\">Por el Dr. Arturo David V\u00e1squez Urdiales<\/p>\n\n\n\n<h2 class=\"wp-block-heading\">&#8212; <strong><em>Descanse en Paz el Papa Francisco.<\/em><\/strong><\/h2>\n\n\n\n<p class=\"wp-block-paragraph\">\u201cEl pastor de las periferias ha partido: Francisco, el \u00faltimo Papa del Sur\u201d<\/p>\n\n\n\n<p class=\"wp-block-paragraph\">Muri\u00f3 el Papa Francisco.<\/p>\n\n\n\n<p class=\"wp-block-paragraph\">Muri\u00f3 hoy 21 de abril de 2025 a las 7.35 am hora del Vaticano.<\/p>\n\n\n\n<p class=\"wp-block-paragraph\">Muri\u00f3 Jorge Mario Bergoglio, el hombre que caminaba despacio por el Vaticano pero con la prisa de los profetas por salvar el mundo. Muri\u00f3 quien eligi\u00f3 el nombre del santo de As\u00eds para recordarnos que la Iglesia deb\u00eda volver a la pobreza, al cuidado del pr\u00f3jimo, a las ovejas con barro en las patas. Muri\u00f3 quien no quiso vivir en los apartamentos papales, quien prefer\u00eda el silencio del cuarto sencillo a los tapices del Palacio. Muri\u00f3, al cerrar la Semana Santa, como si el cielo hubiese esperado que terminara de escenificar la Pasi\u00f3n de su Maestro para entonces, s\u00ed, acogerlo en su regazo.<\/p>\n\n\n\n<p class=\"wp-block-paragraph\">I. De Buenos Aires al mundo<\/p>\n\n\n<div class=\"wp-block-image\">\n<figure class=\"alignright size-large\"><img loading=\"lazy\" decoding=\"async\" width=\"678\" height=\"1024\" src=\"https:\/\/letrashipnoticas.org\/wp-content\/uploads\/2025\/04\/FB_IMG_1745598927103-1-678x1024.jpg\" alt=\"\" class=\"wp-image-1245\" srcset=\"https:\/\/letrashipnoticas.org\/wp-content\/uploads\/2025\/04\/FB_IMG_1745598927103-1-678x1024.jpg 678w, https:\/\/letrashipnoticas.org\/wp-content\/uploads\/2025\/04\/FB_IMG_1745598927103-1-199x300.jpg 199w, https:\/\/letrashipnoticas.org\/wp-content\/uploads\/2025\/04\/FB_IMG_1745598927103-1-768x1160.jpg 768w, https:\/\/letrashipnoticas.org\/wp-content\/uploads\/2025\/04\/FB_IMG_1745598927103-1-1017x1536.jpg 1017w, https:\/\/letrashipnoticas.org\/wp-content\/uploads\/2025\/04\/FB_IMG_1745598927103-1-278x420.jpg 278w, https:\/\/letrashipnoticas.org\/wp-content\/uploads\/2025\/04\/FB_IMG_1745598927103-1-150x227.jpg 150w, https:\/\/letrashipnoticas.org\/wp-content\/uploads\/2025\/04\/FB_IMG_1745598927103-1-300x453.jpg 300w, https:\/\/letrashipnoticas.org\/wp-content\/uploads\/2025\/04\/FB_IMG_1745598927103-1-696x1051.jpg 696w, https:\/\/letrashipnoticas.org\/wp-content\/uploads\/2025\/04\/FB_IMG_1745598927103-1-1068x1613.jpg 1068w, https:\/\/letrashipnoticas.org\/wp-content\/uploads\/2025\/04\/FB_IMG_1745598927103-1.jpg 1080w\" sizes=\"auto, (max-width: 678px) 100vw, 678px\" \/><\/figure>\n<\/div>\n\n\n<p class=\"wp-block-paragraph\">Jorge Mario Bergoglio naci\u00f3 el 17 de diciembre de 1936 en el barrio de Flores, Buenos Aires, en un hogar de inmigrantes italianos. Desde muy joven conoci\u00f3 el trabajo duro, la soledad espiritual y el peso de las decisiones. Trabaj\u00f3 como t\u00e9cnico qu\u00edmico, fue portero de discoteca, y m\u00e1s tarde ingres\u00f3 a la Compa\u00f1\u00eda de Jes\u00fas. En el noviciado, se forj\u00f3 entre libros de teolog\u00eda, los Ejercicios Espirituales de San Ignacio y un deseo ardiente de justicia.<\/p>\n\n\n\n<p class=\"wp-block-paragraph\">Ya como sacerdote jesuita, fue profesor, rector, gu\u00eda espiritual. En los a\u00f1os de plomo de la dictadura argentina (1976-1983), cuando el miedo respiraba en las paredes, Bergoglio no fue ajeno al horror. Lo acusaron unos, lo defendieron otros. Pero nunca se le vio cobarde: salv\u00f3 vidas, escondi\u00f3 perseguidos, intercedi\u00f3 por detenidos. Aun as\u00ed, carg\u00f3 con la pesada cruz de haber sido un hombre de Iglesia en tiempos de muerte, y eso le doli\u00f3 hasta el final.<\/p>\n\n\n\n<p class=\"wp-block-paragraph\">II. Un cardenal en bicicleta<\/p>\n\n\n\n<p class=\"wp-block-paragraph\">En 2001 fue creado cardenal por Juan Pablo II, y ya entonces se notaba su diferencia: viajaba en metro, se negaba a rodearse de cortesanos, cocinaba para s\u00ed mismo. En Buenos Aires, su voz fue la de los sin techo, la de los cartoneros, la de las abuelas que lloraban a sus nietos desaparecidos. El entonces cardenal Bergoglio jam\u00e1s fue un hombre de vitrinas. Era un p\u00e1rroco universal. A su manera silenciosa, ya era el Papa de las villas, de los hospitales p\u00fablicos, de las c\u00e1rceles, de los sin voz.<\/p>\n\n\n\n<p class=\"wp-block-paragraph\">III. La renuncia de Ratzinger y el milagro del c\u00f3nclave<\/p>\n\n\n\n<p class=\"wp-block-paragraph\">En 2013, Benedicto XVI renunci\u00f3 al papado. El gesto \u2014ins\u00f3lito\u2014 desat\u00f3 una ola de incertidumbre en la Iglesia. El trono de Pedro estaba vac\u00edo y se dec\u00eda que la curia romana estaba podrida, carcomida por esc\u00e1ndalos, lobbies, abusos. Entonces, en medio del humo negro y las plegarias desesperadas, el c\u00f3nclave eligi\u00f3 a Bergoglio. Fue un susurro del Esp\u00edritu: Habemus Papam\u2026 y el nombre fue Francisco.<\/p>\n\n\n\n<p class=\"wp-block-paragraph\">La elecci\u00f3n de un Papa latinoamericano, jesuita, que hablaba de \u201cIglesia pobre para los pobres\u201d, fue una conmoci\u00f3n espiritual y pol\u00edtica. Francisco no solo salud\u00f3 sin mitra ni trono: se inclin\u00f3 para pedir que rezaran por \u00e9l. No era un Papa europeo. No era de la l\u00f3gica de los palacios. Era de otra parte, de otra fragancia, de otra teolog\u00eda: una encarnada, sufriente, profundamente humana.<\/p>\n\n\n\n<p class=\"wp-block-paragraph\">IV. Su papado: el viento del sur<\/p>\n\n\n\n<p class=\"wp-block-paragraph\">Francisco gobern\u00f3 la Iglesia durante 12 a\u00f1os. Doce a\u00f1os de terremotos, sinodios, viajes a los m\u00e1rgenes. Visit\u00f3 c\u00e1rceles, favelas, campos de refugiados, pa\u00edses olvidados. Lav\u00f3 los pies a mujeres musulmanas, escribi\u00f3 enc\u00edclicas sobre el planeta herido (Laudato Si\u2019), sobre la fraternidad humana (Fratelli Tutti), y sobre la esperanza ante una Iglesia cansada.<\/p>\n\n\n\n<p class=\"wp-block-paragraph\">Combati\u00f3 frontalmente los abusos sexuales dentro de la Iglesia, aunque no siempre con \u00e9xito. Choc\u00f3 con la ultraderecha cat\u00f3lica, con cardenales que lo llamaron hereje, con lobbies financieros que quisieron boicotear sus reformas. Aun as\u00ed, nunca dej\u00f3 de hablar claro. Su lenguaje era pastoral, directo, sin latines ni ambages. Llam\u00f3 a las cosas por su nombre: la guerra, pecado; la riqueza sin compasi\u00f3n, esc\u00e1ndalo; la indiferencia, c\u00e1ncer del alma.<\/p>\n\n\n\n<p class=\"wp-block-paragraph\">Su pontificado no fue perfecto. Pero fue valiente. Fue prof\u00e9tico. Fue, a su manera, un retorno al Evangelio desnudo.<\/p>\n\n\n\n<p class=\"wp-block-paragraph\">V. El fin de la Semana Santa y el inicio de su eternidad<\/p>\n\n\n\n<p class=\"wp-block-paragraph\">Hoy, 21 de abril de 2025, al cierre de una Semana Santa intensa, Francisco entreg\u00f3 su alma al Se\u00f1or. Como si esperara que la Pasi\u00f3n concluyera, que la cruz fuese alzada, que las mujeres lloraran al pie del G\u00f3lgota, y solo entonces dejara que la muerte lo alcanzara.<\/p>\n\n\n\n<p class=\"wp-block-paragraph\">No muri\u00f3 como un Papa temido, sino como un abuelo querido. No dej\u00f3 enc\u00edclicas de condena, sino cartas de amor. No dej\u00f3 tratados dogm\u00e1ticos, sino gestos de misericordia.<\/p>\n\n\n\n<p class=\"wp-block-paragraph\">Y ahora, el mundo espera la fumata blanca. Los cardenales se re\u00fanen bajo los frescos de Miguel \u00c1ngel. Pero el alma de Francisco ya no est\u00e1 aqu\u00ed. Est\u00e1 all\u00e1, en la cumbre del monte, recostada en el regazo de ese mismo Cristo pobre, desnudo y crucificado, al que \u00e9l sirvi\u00f3 sin tregua.<\/p>\n\n\n\n<hr class=\"wp-block-separator has-alpha-channel-opacity\"\/>\n\n\n\n<p class=\"wp-block-paragraph\">\u201cRecen por m\u00ed\u201d, sol\u00eda decir en cada viaje, en cada carta, en cada saludo. Hoy, Francisco, nosotros te rezamos a ti. Porque fuiste pastor, pero tambi\u00e9n amigo. Fuiste el Papa de los pobres, pero tambi\u00e9n el poeta del Evangelio.<\/p>\n\n\n\n<p class=\"wp-block-paragraph\">Hoy eres historia, pero tambi\u00e9n semilla.<\/p>\n\n\n\n<p class=\"wp-block-paragraph\">Hoy eres ausencia, pero tambi\u00e9n presencia.<\/p>\n\n\n\n<p class=\"wp-block-paragraph\">Hoy eres silencio, pero tu voz a\u00fan nos arde en el pecho.<\/p>\n\n\n\n<p class=\"wp-block-paragraph\">Gracias, Francisco.<br>Gracias, Jorge.<br>Gracias, hermano.<\/p>\n\n\n\n<p class=\"wp-block-paragraph\">\u2014 Apunte diario sobre letras hipn\u00f3ticas<\/p>\n\n\n\n<p class=\"wp-block-paragraph\">En memoria del Papa del Sur<\/p>\n\n\n\n<p class=\"wp-block-paragraph\">Arturo, con mucho respeto y gratitud a la elevaci\u00f3n del Alma de un Pap\u00e1 Bondadoso.<\/p>\n\n\n\n<p class=\"wp-block-paragraph\">Descanse en Paz.!<\/p>\n","protected":false},"excerpt":{"rendered":"<p>Apunte diario sobre letras hipn\u00f3ticas Por el Dr. Arturo David V\u00e1squez Urdiales &#8212; Descanse en Paz el Papa Francisco. \u201cEl pastor de las periferias ha partido: Francisco, el \u00faltimo Papa del Sur\u201d Muri\u00f3 el Papa Francisco. Muri\u00f3 hoy 21 de abril de 2025 a las 7.35 am hora del Vaticano. Muri\u00f3 Jorge Mario Bergoglio, el [&hellip;]<\/p>\n","protected":false},"author":1,"featured_media":1245,"comment_status":"open","ping_status":"open","sticky":false,"template":"","format":"standard","meta":{"om_disable_all_campaigns":false,"_monsterinsights_skip_tracking":false,"footnotes":""},"categories":[1],"tags":[],"class_list":["post-1243","post","type-post","status-publish","format-standard","has-post-thumbnail","category-general"],"aioseo_notices":[],"aioseo_head":"\n\t\t<!-- All in One SEO 5.0.0.1 - aioseo.com -->\n\t<meta name=\"description\" content=\"Apunte diario sobre letras hipn\u00f3ticas Por el Dr. Arturo David V\u00e1squez Urdiales --- Descanse en Paz el Papa Francisco. \u201cEl pastor de las periferias ha partido: Francisco, el \u00faltimo Papa del Sur\u201d Muri\u00f3 el Papa Francisco. Muri\u00f3 hoy 21 de abril de 2025 a las 7.35 am hora del Vaticano. Muri\u00f3 Jorge Mario Bergoglio, el\" \/>\n\t<meta name=\"robots\" content=\"max-image-preview:large\" \/>\n\t<meta name=\"author\" content=\"Dr. Arturo David V\u00e1squez Urdiales\"\/>\n\t<meta name=\"google-site-verification\" content=\"w1V7bRCSYMeOZjzLwWS_W8_n8jd94Z38sletBUa-LV0\" \/>\n\t<link rel=\"canonical\" href=\"https:\/\/letrashipnoticas.org\/?p=1243\" \/>\n\t<meta name=\"generator\" content=\"All in One SEO (AIOSEO) 5.0.0.1\" \/>\n\t\t<meta property=\"og:locale\" content=\"es_MX\" \/>\n\t\t<meta property=\"og:site_name\" content=\"Letras Hiptn\u00f3ticas - &quot;Descubre Apunte diario sobre letras hipn\u00f3ticas, un viaje literario envolvente que despierta el alma. Reflexiones profundas, historias cautivadoras y un estilo \u00fanico que hipnotiza en cada palabra.&quot; Apunte diario sobre letras hipn\u00f3ticas Por el Dr. Arturo David V\u00e1squez Urdiales --- Descanse en Paz el Papa Francisco. \u201cEl pastor de las periferias ha partido: Francisco, el \u00faltimo Papa del Sur\u201d Muri\u00f3 el Papa Francisco. Muri\u00f3 hoy 21 de abril de 2025 a las 7.35 am hora del Vaticano. Muri\u00f3 Jorge Mario Bergoglio, el\" \/>\n\t\t<meta property=\"og:type\" content=\"article\" \/>\n\t\t<meta property=\"og:title\" content=\"Descanse en paz el Papa Francisco - Letras Hiptn\u00f3ticas\" \/>\n\t\t<meta property=\"og:description\" content=\"Apunte diario sobre letras hipn\u00f3ticas Por el Dr. Arturo David V\u00e1squez Urdiales --- Descanse en Paz el Papa Francisco. \u201cEl pastor de las periferias ha partido: Francisco, el \u00faltimo Papa del Sur\u201d Muri\u00f3 el Papa Francisco. Muri\u00f3 hoy 21 de abril de 2025 a las 7.35 am hora del Vaticano. Muri\u00f3 Jorge Mario Bergoglio, el\" \/>\n\t\t<meta property=\"og:url\" content=\"https:\/\/letrashipnoticas.org\/?p=1243\" \/>\n\t\t<meta property=\"og:image\" content=\"https:\/\/letrashipnoticas.org\/wp-content\/uploads\/2025\/04\/FB_IMG_1745598927103-1.jpg\" \/>\n\t\t<meta property=\"og:image:secure_url\" content=\"https:\/\/letrashipnoticas.org\/wp-content\/uploads\/2025\/04\/FB_IMG_1745598927103-1.jpg\" \/>\n\t\t<meta property=\"og:image:width\" content=\"1080\" \/>\n\t\t<meta property=\"og:image:height\" content=\"1631\" \/>\n\t\t<meta property=\"article:published_time\" content=\"2025-04-25T16:39:02+00:00\" \/>\n\t\t<meta property=\"article:modified_time\" content=\"2025-04-25T16:39:11+00:00\" \/>\n\t\t<meta name=\"twitter:card\" content=\"summary_large_image\" \/>\n\t\t<meta name=\"twitter:title\" content=\"Descanse en paz el Papa Francisco - Letras Hiptn\u00f3ticas\" \/>\n\t\t<meta name=\"twitter:description\" content=\"Apunte diario sobre letras hipn\u00f3ticas Por el Dr. Arturo David V\u00e1squez Urdiales --- Descanse en Paz el Papa Francisco. \u201cEl pastor de las periferias ha partido: Francisco, el \u00faltimo Papa del Sur\u201d Muri\u00f3 el Papa Francisco. Muri\u00f3 hoy 21 de abril de 2025 a las 7.35 am hora del Vaticano. Muri\u00f3 Jorge Mario Bergoglio, el\" \/>\n\t\t<meta name=\"twitter:image\" content=\"https:\/\/letrashipnoticas.org\/wp-content\/uploads\/2025\/04\/FB_IMG_1745598927103-1.jpg\" \/>\n\t\t<script type=\"application\/ld+json\" class=\"aioseo-schema\">\n\t\t\t{\"@context\":\"https:\\\/\\\/schema.org\",\"@graph\":[{\"@type\":\"BlogPosting\",\"@id\":\"https:\\\/\\\/letrashipnoticas.org\\\/?p=1243#blogposting\",\"name\":\"Descanse en paz el Papa Francisco - Letras Hiptn\\u00f3ticas\",\"headline\":\"Descanse en paz el Papa Francisco\",\"author\":{\"@id\":\"https:\\\/\\\/letrashipnoticas.org\\\/?author=1#author\"},\"publisher\":{\"@id\":\"https:\\\/\\\/letrashipnoticas.org\\\/#organization\"},\"image\":{\"@type\":\"ImageObject\",\"url\":\"https:\\\/\\\/letrashipnoticas.org\\\/wp-content\\\/uploads\\\/2025\\\/04\\\/FB_IMG_1745598927103-1.jpg\",\"width\":1080,\"height\":1631},\"datePublished\":\"2025-04-25T16:39:02+00:00\",\"dateModified\":\"2025-04-25T16:39:11+00:00\",\"inLanguage\":\"es-MX\",\"mainEntityOfPage\":{\"@id\":\"https:\\\/\\\/letrashipnoticas.org\\\/?p=1243#webpage\"},\"isPartOf\":{\"@id\":\"https:\\\/\\\/letrashipnoticas.org\\\/?p=1243#webpage\"},\"articleSection\":\"Las Letras Hipn\\u00f3ticas de hoy\"},{\"@type\":\"BreadcrumbList\",\"@id\":\"https:\\\/\\\/letrashipnoticas.org\\\/?p=1243#breadcrumblist\",\"itemListElement\":[{\"@type\":\"ListItem\",\"@id\":\"https:\\\/\\\/letrashipnoticas.org#listItem\",\"position\":1,\"name\":\"Inicio\",\"item\":\"https:\\\/\\\/letrashipnoticas.org\",\"nextItem\":{\"@type\":\"ListItem\",\"@id\":\"https:\\\/\\\/letrashipnoticas.org\\\/?cat=1#listItem\",\"name\":\"Las Letras Hipn\\u00f3ticas de hoy\"}},{\"@type\":\"ListItem\",\"@id\":\"https:\\\/\\\/letrashipnoticas.org\\\/?cat=1#listItem\",\"position\":2,\"name\":\"Las Letras Hipn\\u00f3ticas de hoy\",\"item\":\"https:\\\/\\\/letrashipnoticas.org\\\/?cat=1\",\"nextItem\":{\"@type\":\"ListItem\",\"@id\":\"https:\\\/\\\/letrashipnoticas.org\\\/?p=1243#listItem\",\"name\":\"Descanse en paz el Papa Francisco\"},\"previousItem\":{\"@type\":\"ListItem\",\"@id\":\"https:\\\/\\\/letrashipnoticas.org#listItem\",\"name\":\"Inicio\"}},{\"@type\":\"ListItem\",\"@id\":\"https:\\\/\\\/letrashipnoticas.org\\\/?p=1243#listItem\",\"position\":3,\"name\":\"Descanse en paz el Papa Francisco\",\"previousItem\":{\"@type\":\"ListItem\",\"@id\":\"https:\\\/\\\/letrashipnoticas.org\\\/?cat=1#listItem\",\"name\":\"Las Letras Hipn\\u00f3ticas de hoy\"}}]},{\"@type\":\"Organization\",\"@id\":\"https:\\\/\\\/letrashipnoticas.org\\\/#organization\",\"name\":\"Letras Hiptn\\u00f3ticas\",\"description\":\"\\\"Descubre Apunte diario sobre letras hipn\\u00f3ticas, un viaje literario envolvente que despierta el alma. Reflexiones profundas, historias cautivadoras y un estilo \\u00fanico que hipnotiza en cada palabra.\\\"\",\"url\":\"https:\\\/\\\/letrashipnoticas.org\\\/\",\"logo\":{\"@type\":\"ImageObject\",\"url\":\"https:\\\/\\\/letrashipnoticas.org\\\/wp-content\\\/uploads\\\/2024\\\/09\\\/LogoRetinaPNG.png\",\"@id\":\"https:\\\/\\\/letrashipnoticas.org\\\/?p=1243\\\/#organizationLogo\",\"width\":544,\"height\":180},\"image\":{\"@id\":\"https:\\\/\\\/letrashipnoticas.org\\\/?p=1243\\\/#organizationLogo\"}},{\"@type\":\"Person\",\"@id\":\"https:\\\/\\\/letrashipnoticas.org\\\/?author=1#author\",\"url\":\"https:\\\/\\\/letrashipnoticas.org\\\/?author=1\",\"name\":\"Dr. Arturo David V\\u00e1squez Urdiales\",\"image\":{\"@type\":\"ImageObject\",\"@id\":\"https:\\\/\\\/letrashipnoticas.org\\\/?p=1243#authorImage\",\"url\":\"https:\\\/\\\/secure.gravatar.com\\\/avatar\\\/1bbc04a2da05a8a25045693b6f4473cec684496aa6385880380b702aa43009f8?s=96&d=mm&r=g\",\"width\":96,\"height\":96,\"caption\":\"Dr. Arturo David V\\u00e1squez Urdiales\"}},{\"@type\":\"WebPage\",\"@id\":\"https:\\\/\\\/letrashipnoticas.org\\\/?p=1243#webpage\",\"url\":\"https:\\\/\\\/letrashipnoticas.org\\\/?p=1243\",\"name\":\"Descanse en paz el Papa Francisco - Letras Hiptn\\u00f3ticas\",\"description\":\"Apunte diario sobre letras hipn\\u00f3ticas Por el Dr. Arturo David V\\u00e1squez Urdiales --- Descanse en Paz el Papa Francisco. \\u201cEl pastor de las periferias ha partido: Francisco, el \\u00faltimo Papa del Sur\\u201d Muri\\u00f3 el Papa Francisco. Muri\\u00f3 hoy 21 de abril de 2025 a las 7.35 am hora del Vaticano. Muri\\u00f3 Jorge Mario Bergoglio, el\",\"inLanguage\":\"es-MX\",\"isPartOf\":{\"@id\":\"https:\\\/\\\/letrashipnoticas.org\\\/#website\"},\"breadcrumb\":{\"@id\":\"https:\\\/\\\/letrashipnoticas.org\\\/?p=1243#breadcrumblist\"},\"author\":{\"@id\":\"https:\\\/\\\/letrashipnoticas.org\\\/?author=1#author\"},\"creator\":{\"@id\":\"https:\\\/\\\/letrashipnoticas.org\\\/?author=1#author\"},\"image\":{\"@type\":\"ImageObject\",\"url\":\"https:\\\/\\\/letrashipnoticas.org\\\/wp-content\\\/uploads\\\/2025\\\/04\\\/FB_IMG_1745598927103-1.jpg\",\"@id\":\"https:\\\/\\\/letrashipnoticas.org\\\/?p=1243\\\/#mainImage\",\"width\":1080,\"height\":1631},\"primaryImageOfPage\":{\"@id\":\"https:\\\/\\\/letrashipnoticas.org\\\/?p=1243#mainImage\"},\"datePublished\":\"2025-04-25T16:39:02+00:00\",\"dateModified\":\"2025-04-25T16:39:11+00:00\"},{\"@type\":\"WebSite\",\"@id\":\"https:\\\/\\\/letrashipnoticas.org\\\/#website\",\"url\":\"https:\\\/\\\/letrashipnoticas.org\\\/\",\"name\":\"Letras Hiptn\\u00f3ticas\",\"description\":\"\\\"Descubre Apunte diario sobre letras hipn\\u00f3ticas, un viaje literario envolvente que despierta el alma. Reflexiones profundas, historias cautivadoras y un estilo \\u00fanico que hipnotiza en cada palabra.\\\"\",\"inLanguage\":\"es-MX\",\"publisher\":{\"@id\":\"https:\\\/\\\/letrashipnoticas.org\\\/#organization\"}}]}\n\t\t<\/script>\n\t\t<!-- All in One SEO -->\n\n","aioseo_head_json":{"title":"Descanse en paz el Papa Francisco - Letras Hiptn\u00f3ticas","description":"Apunte diario sobre letras hipn\u00f3ticas Por el Dr. Arturo David V\u00e1squez Urdiales --- Descanse en Paz el Papa Francisco. \u201cEl pastor de las periferias ha partido: Francisco, el \u00faltimo Papa del Sur\u201d Muri\u00f3 el Papa Francisco. Muri\u00f3 hoy 21 de abril de 2025 a las 7.35 am hora del Vaticano. Muri\u00f3 Jorge Mario Bergoglio, el","canonical_url":"https:\/\/letrashipnoticas.org\/?p=1243","robots":"max-image-preview:large","keywords":"","webmasterTools":{"google-site-verification":"w1V7bRCSYMeOZjzLwWS_W8_n8jd94Z38sletBUa-LV0","miscellaneous":""},"schema":{"@context":"https:\/\/schema.org","@graph":[{"@type":"BlogPosting","@id":"https:\/\/letrashipnoticas.org\/?p=1243#blogposting","name":"Descanse en paz el Papa Francisco - Letras Hiptn\u00f3ticas","headline":"Descanse en paz el Papa Francisco","author":{"@id":"https:\/\/letrashipnoticas.org\/?author=1#author"},"publisher":{"@id":"https:\/\/letrashipnoticas.org\/#organization"},"image":{"@type":"ImageObject","url":"https:\/\/letrashipnoticas.org\/wp-content\/uploads\/2025\/04\/FB_IMG_1745598927103-1.jpg","width":1080,"height":1631},"datePublished":"2025-04-25T16:39:02+00:00","dateModified":"2025-04-25T16:39:11+00:00","inLanguage":"es-MX","mainEntityOfPage":{"@id":"https:\/\/letrashipnoticas.org\/?p=1243#webpage"},"isPartOf":{"@id":"https:\/\/letrashipnoticas.org\/?p=1243#webpage"},"articleSection":"Las Letras Hipn\u00f3ticas de hoy"},{"@type":"BreadcrumbList","@id":"https:\/\/letrashipnoticas.org\/?p=1243#breadcrumblist","itemListElement":[{"@type":"ListItem","@id":"https:\/\/letrashipnoticas.org#listItem","position":1,"name":"Inicio","item":"https:\/\/letrashipnoticas.org","nextItem":{"@type":"ListItem","@id":"https:\/\/letrashipnoticas.org\/?cat=1#listItem","name":"Las Letras Hipn\u00f3ticas de hoy"}},{"@type":"ListItem","@id":"https:\/\/letrashipnoticas.org\/?cat=1#listItem","position":2,"name":"Las Letras Hipn\u00f3ticas de hoy","item":"https:\/\/letrashipnoticas.org\/?cat=1","nextItem":{"@type":"ListItem","@id":"https:\/\/letrashipnoticas.org\/?p=1243#listItem","name":"Descanse en paz el Papa Francisco"},"previousItem":{"@type":"ListItem","@id":"https:\/\/letrashipnoticas.org#listItem","name":"Inicio"}},{"@type":"ListItem","@id":"https:\/\/letrashipnoticas.org\/?p=1243#listItem","position":3,"name":"Descanse en paz el Papa Francisco","previousItem":{"@type":"ListItem","@id":"https:\/\/letrashipnoticas.org\/?cat=1#listItem","name":"Las Letras Hipn\u00f3ticas de hoy"}}]},{"@type":"Organization","@id":"https:\/\/letrashipnoticas.org\/#organization","name":"Letras Hiptn\u00f3ticas","description":"\"Descubre Apunte diario sobre letras hipn\u00f3ticas, un viaje literario envolvente que despierta el alma. Reflexiones profundas, historias cautivadoras y un estilo \u00fanico que hipnotiza en cada palabra.\"","url":"https:\/\/letrashipnoticas.org\/","logo":{"@type":"ImageObject","url":"https:\/\/letrashipnoticas.org\/wp-content\/uploads\/2024\/09\/LogoRetinaPNG.png","@id":"https:\/\/letrashipnoticas.org\/?p=1243\/#organizationLogo","width":544,"height":180},"image":{"@id":"https:\/\/letrashipnoticas.org\/?p=1243\/#organizationLogo"}},{"@type":"Person","@id":"https:\/\/letrashipnoticas.org\/?author=1#author","url":"https:\/\/letrashipnoticas.org\/?author=1","name":"Dr. Arturo David V\u00e1squez Urdiales","image":{"@type":"ImageObject","@id":"https:\/\/letrashipnoticas.org\/?p=1243#authorImage","url":"https:\/\/secure.gravatar.com\/avatar\/1bbc04a2da05a8a25045693b6f4473cec684496aa6385880380b702aa43009f8?s=96&d=mm&r=g","width":96,"height":96,"caption":"Dr. Arturo David V\u00e1squez Urdiales"}},{"@type":"WebPage","@id":"https:\/\/letrashipnoticas.org\/?p=1243#webpage","url":"https:\/\/letrashipnoticas.org\/?p=1243","name":"Descanse en paz el Papa Francisco - Letras Hiptn\u00f3ticas","description":"Apunte diario sobre letras hipn\u00f3ticas Por el Dr. Arturo David V\u00e1squez Urdiales --- Descanse en Paz el Papa Francisco. \u201cEl pastor de las periferias ha partido: Francisco, el \u00faltimo Papa del Sur\u201d Muri\u00f3 el Papa Francisco. Muri\u00f3 hoy 21 de abril de 2025 a las 7.35 am hora del Vaticano. Muri\u00f3 Jorge Mario Bergoglio, el","inLanguage":"es-MX","isPartOf":{"@id":"https:\/\/letrashipnoticas.org\/#website"},"breadcrumb":{"@id":"https:\/\/letrashipnoticas.org\/?p=1243#breadcrumblist"},"author":{"@id":"https:\/\/letrashipnoticas.org\/?author=1#author"},"creator":{"@id":"https:\/\/letrashipnoticas.org\/?author=1#author"},"image":{"@type":"ImageObject","url":"https:\/\/letrashipnoticas.org\/wp-content\/uploads\/2025\/04\/FB_IMG_1745598927103-1.jpg","@id":"https:\/\/letrashipnoticas.org\/?p=1243\/#mainImage","width":1080,"height":1631},"primaryImageOfPage":{"@id":"https:\/\/letrashipnoticas.org\/?p=1243#mainImage"},"datePublished":"2025-04-25T16:39:02+00:00","dateModified":"2025-04-25T16:39:11+00:00"},{"@type":"WebSite","@id":"https:\/\/letrashipnoticas.org\/#website","url":"https:\/\/letrashipnoticas.org\/","name":"Letras Hiptn\u00f3ticas","description":"\"Descubre Apunte diario sobre letras hipn\u00f3ticas, un viaje literario envolvente que despierta el alma. Reflexiones profundas, historias cautivadoras y un estilo \u00fanico que hipnotiza en cada palabra.\"","inLanguage":"es-MX","publisher":{"@id":"https:\/\/letrashipnoticas.org\/#organization"}}]},"og:locale":"es_MX","og:site_name":"Letras Hiptn\u00f3ticas - &quot;Descubre Apunte diario sobre letras hipn\u00f3ticas, un viaje literario envolvente que despierta el alma. Reflexiones profundas, historias cautivadoras y un estilo \u00fanico que hipnotiza en cada palabra.&quot; Apunte diario sobre letras hipn\u00f3ticas Por el Dr. Arturo David V\u00e1squez Urdiales --- Descanse en Paz el Papa Francisco. \u201cEl pastor de las periferias ha partido: Francisco, el \u00faltimo Papa del Sur\u201d Muri\u00f3 el Papa Francisco. Muri\u00f3 hoy 21 de abril de 2025 a las 7.35 am hora del Vaticano. Muri\u00f3 Jorge Mario Bergoglio, el","og:type":"article","og:title":"Descanse en paz el Papa Francisco - Letras Hiptn\u00f3ticas","og:description":"Apunte diario sobre letras hipn\u00f3ticas Por el Dr. Arturo David V\u00e1squez Urdiales --- Descanse en Paz el Papa Francisco. \u201cEl pastor de las periferias ha partido: Francisco, el \u00faltimo Papa del Sur\u201d Muri\u00f3 el Papa Francisco. Muri\u00f3 hoy 21 de abril de 2025 a las 7.35 am hora del Vaticano. Muri\u00f3 Jorge Mario Bergoglio, el","og:url":"https:\/\/letrashipnoticas.org\/?p=1243","og:image":"https:\/\/letrashipnoticas.org\/wp-content\/uploads\/2025\/04\/FB_IMG_1745598927103-1.jpg","og:image:secure_url":"https:\/\/letrashipnoticas.org\/wp-content\/uploads\/2025\/04\/FB_IMG_1745598927103-1.jpg","og:image:width":1080,"og:image:height":1631,"article:published_time":"2025-04-25T16:39:02+00:00","article:modified_time":"2025-04-25T16:39:11+00:00","twitter:card":"summary_large_image","twitter:title":"Descanse en paz el Papa Francisco - Letras Hiptn\u00f3ticas","twitter:description":"Apunte diario sobre letras hipn\u00f3ticas Por el Dr. Arturo David V\u00e1squez Urdiales --- Descanse en Paz el Papa Francisco. \u201cEl pastor de las periferias ha partido: Francisco, el \u00faltimo Papa del Sur\u201d Muri\u00f3 el Papa Francisco. Muri\u00f3 hoy 21 de abril de 2025 a las 7.35 am hora del Vaticano. Muri\u00f3 Jorge Mario Bergoglio, el","twitter:image":"https:\/\/letrashipnoticas.org\/wp-content\/uploads\/2025\/04\/FB_IMG_1745598927103-1.jpg"},"aioseo_meta_data":{"post_id":"1243","title":null,"description":null,"keywords":null,"keyphrases":{"focus":{"keyphrase":"","score":0,"analysis":{"keyphraseInTitle":{"score":0,"maxScore":9,"error":1}}},"additional":[]},"primary_term":null,"canonical_url":null,"og_title":null,"og_description":null,"og_object_type":"default","og_image_type":"default","og_image_url":null,"og_image_width":null,"og_image_height":null,"og_image_custom_url":null,"og_image_custom_fields":null,"og_video":"","og_custom_url":null,"og_article_section":null,"og_article_tags":null,"twitter_use_og":false,"twitter_card":"default","twitter_image_type":"default","twitter_image_url":null,"twitter_image_custom_url":null,"twitter_image_custom_fields":null,"twitter_title":null,"twitter_description":null,"schema":{"blockGraphs":[],"customGraphs":[],"default":{"data":{"Article":[],"Course":[],"Dataset":[],"FAQPage":[],"Movie":[],"Person":[],"Product":[],"ProductReview":[],"Car":[],"Recipe":[],"Service":[],"SoftwareApplication":[],"WebPage":[]},"graphName":"BlogPosting","isEnabled":true},"graphs":[]},"schema_type":"default","schema_type_options":null,"pillar_content":false,"robots_default":true,"robots_noindex":false,"robots_noarchive":false,"robots_nosnippet":false,"robots_nofollow":false,"robots_noimageindex":false,"robots_noodp":false,"robots_notranslate":false,"robots_max_snippet":"-1","robots_max_videopreview":"-1","robots_max_imagepreview":"large","priority":null,"frequency":"default","local_seo":null,"breadcrumb_settings":null,"limit_modified_date":false,"ai":null,"created":"2025-04-25 16:39:13","updated":"2025-08-08 17:43:07","focus_keyword":null,"additional_keywords":null,"truseo_locale":null,"seo_analyzer_scan_date":null},"aioseo_breadcrumb":"<div class=\"aioseo-breadcrumbs\"><span class=\"aioseo-breadcrumb\">\n\t\t\t<a href=\"https:\/\/letrashipnoticas.org\" title=\"Inicio\">Inicio<\/a>\n\t\t<\/span><span class=\"aioseo-breadcrumb-separator\">&raquo;<\/span><span class=\"aioseo-breadcrumb\">\n\t\t\t<a href=\"https:\/\/letrashipnoticas.org\/?cat=1\" title=\"Las Letras Hipn\u00f3ticas de hoy\">Las Letras Hipn\u00f3ticas de hoy<\/a>\n\t\t<\/span><span class=\"aioseo-breadcrumb-separator\">&raquo;<\/span><span class=\"aioseo-breadcrumb\">\n\t\t\tDescanse en paz el Papa Francisco\n\t\t<\/span><\/div>","aioseo_breadcrumb_json":[{"label":"Inicio","link":"https:\/\/letrashipnoticas.org"},{"label":"Las Letras Hipn\u00f3ticas de hoy","link":"https:\/\/letrashipnoticas.org\/?cat=1"},{"label":"Descanse en paz el Papa Francisco","link":"https:\/\/letrashipnoticas.org\/?p=1243"}],"_links":{"self":[{"href":"https:\/\/letrashipnoticas.org\/index.php?rest_route=\/wp\/v2\/posts\/1243","targetHints":{"allow":["GET"]}}],"collection":[{"href":"https:\/\/letrashipnoticas.org\/index.php?rest_route=\/wp\/v2\/posts"}],"about":[{"href":"https:\/\/letrashipnoticas.org\/index.php?rest_route=\/wp\/v2\/types\/post"}],"author":[{"embeddable":true,"href":"https:\/\/letrashipnoticas.org\/index.php?rest_route=\/wp\/v2\/users\/1"}],"replies":[{"embeddable":true,"href":"https:\/\/letrashipnoticas.org\/index.php?rest_route=%2Fwp%2Fv2%2Fcomments&post=1243"}],"version-history":[{"count":1,"href":"https:\/\/letrashipnoticas.org\/index.php?rest_route=\/wp\/v2\/posts\/1243\/revisions"}],"predecessor-version":[{"id":1246,"href":"https:\/\/letrashipnoticas.org\/index.php?rest_route=\/wp\/v2\/posts\/1243\/revisions\/1246"}],"wp:featuredmedia":[{"embeddable":true,"href":"https:\/\/letrashipnoticas.org\/index.php?rest_route=\/wp\/v2\/media\/1245"}],"wp:attachment":[{"href":"https:\/\/letrashipnoticas.org\/index.php?rest_route=%2Fwp%2Fv2%2Fmedia&parent=1243"}],"wp:term":[{"taxonomy":"category","embeddable":true,"href":"https:\/\/letrashipnoticas.org\/index.php?rest_route=%2Fwp%2Fv2%2Fcategories&post=1243"},{"taxonomy":"post_tag","embeddable":true,"href":"https:\/\/letrashipnoticas.org\/index.php?rest_route=%2Fwp%2Fv2%2Ftags&post=1243"}],"curies":[{"name":"wp","href":"https:\/\/api.w.org\/{rel}","templated":true}]}}